{"id":105186,"date":"2023-09-27T17:03:03","date_gmt":"2023-09-27T17:03:03","guid":{"rendered":"https:\/\/quehacerpolitico.mx\/?p=105186"},"modified":"2023-09-27T17:03:06","modified_gmt":"2023-09-27T17:03:06","slug":"el-presidente-lopez-obrador-pidio-no-tomar-en-serio-los-disparates-que-algunos-aspirantes-a-la-presidencia-de-estados-unidos-han-realizado-en-contra-de","status":"publish","type":"post","link":"https:\/\/quehacerpolitico.mx\/?p=105186","title":{"rendered":"El presidente L\u00f3pez Obrador, pidi\u00f3\u00a0no tomar en serio\u00a0los \u201cdisparates\u201d que algunos\u00a0aspirantes\u00a0a la\u00a0Presidencia de Estados Unidos\u00a0han realizado en contra de nuestro pa\u00eds"},"content":{"rendered":"\n<p>Por Redacci\u00f3n QP<\/p>\n\n\n\n<p>El presidente L\u00f3pez Obrador detall\u00f3 que aquellos aspirantes a la Presidencia de EE.UU. que atacan a M\u00e9xico \u201cno les va bien\u201d<\/p>\n\n\n\n<p>El presidente de M\u00e9xico,\u00a0<strong>Andres Manuel L\u00f3pez Obrador<\/strong>, pidi\u00f3\u00a0<strong>no tomar en serio<\/strong>\u00a0los \u201c<strong>disparates<\/strong>\u201d que algunos\u00a0<strong>aspirantes<\/strong>\u00a0a la\u00a0<strong>Presidencia de Estados Unidos<\/strong>\u00a0han realizado en contra de nuestro pa\u00eds.<\/p>\n\n\n\n<p>En la conferencia matutina de Palacio Nacional, el mandatario mexicano detall\u00f3 que por la temporada electoral en\u00a0<strong>Estados Unidos<\/strong>\u00a0existe una especie de competencia para ver qui\u00e9n dice m\u00e1s barbaridades por parte de los aspirantes a obtener la candidatura presidencial en dicho pa\u00eds, sobre todo del lado republicano.<\/p>\n\n\n\n<p>\u201cComo vienen las elecciones en Estados Unidos pues hay una especie de competencia a ver qui\u00e9n dice m\u00e1s barbaridades, qui\u00e9n es m\u00e1s atrevido para amenazar a M\u00e9xico, culpar a M\u00e9xico con juicios temerarios, eso es lo que est\u00e1 pasando en Estados Unidos\u201d, argument\u00f3.<\/p>\n\n\n\n<figure class=\"wp-block-embed is-type-video is-provider-youtube wp-block-embed-youtube wp-embed-aspect-16-9 wp-has-aspect-ratio\"><div class=\"wp-block-embed__wrapper\">\n<iframe loading=\"lazy\" title=\"AMLO pidi\u00f3\u00a0no tomar en serio\u00a0declaraciones de algunos\u00a0aspirantes\u00a0a la\u00a0presidencia de EU\" width=\"640\" height=\"360\" src=\"https:\/\/www.youtube.com\/embed\/ZgPcaiSDkNY?feature=oembed\" frameborder=\"0\" allow=\"accelerometer; autoplay; clipboard-write; encrypted-media; gyroscope; picture-in-picture; web-share\" referrerpolicy=\"strict-origin-when-cross-origin\" allowfullscreen><\/iframe>\n<\/div><\/figure>\n\n\n\n<p>Entonces, qu\u00e9 debemos de hacer, pues no tomar en serio esas declaraciones, son disparates, as\u00ed, no tomarlos en serio, es politiquer\u00eda, ni siquiera es pol\u00edtica\u201d, expuso.<\/p>\n\n\n\n<p>\u201cY ante la ofensa, estar orientando a los ciudadanos de Estados Unidos, lo que no hacen los medios de Estados Unidos, con honrosas excepciones. Orientar a los ciudadanos de Estados Unidos para que tengan m\u00e1s informaci\u00f3n, que no los manipulen ya se ha avanzado bastante\u201d, puntualiz\u00f3.<\/p>\n\n\n\n<p><strong>L\u00f3pez Obrador<\/strong>&nbsp;expuso que quienes hablan mal de M\u00e9xico en EE.UU., no les ha ido bien en su carrera pol\u00edtica en la Uni\u00f3n Americana.<\/p>\n\n\n\n<p>\u201cHay que informar a los ciudadanos de Estados Unidos sobre lo que realmente est\u00e1 sucediendo, para que esas campa\u00f1as politiqueras, de mentiras, de calumnias, de los aspirantes a obtener votos o cargos, pues no progresen. La verdad no preocuparnos mucho, porque son disparates. Adem\u00e1s, por lo general, a los que hablan mal de M\u00e9xico no les va bien\u201d, recalc\u00f3 en el Sal\u00f3n Tesorer\u00eda.<\/p>\n\n\n\n<p>\u201cA los que hablan mal de M\u00e9xico no les va bien y tambi\u00e9n seguir difundiendo que los que est\u00e1n en contra de M\u00e9xico, ese precandidato del Partido Republicano que dice que va a invadir a M\u00e9xico, que ning\u00fan estadounidense de origen mexicano vote por \u00e9l, porque el que no quiere a su patria, no quiere a su madre\u201d, declar\u00f3.<\/p>\n","protected":false},"excerpt":{"rendered":"<p>Por Redacci\u00f3n QP El presidente L\u00f3pez Obrador detall\u00f3 que aquellos aspirantes a la Presidencia de&#8230;<\/p>\n","protected":false},"author":2,"featured_media":105187,"comment_status":"open","ping_status":"open","sticky":false,"template":"","format":"standard","meta":{"_monsterinsights_skip_tracking":false,"_monsterinsights_sitenote_active":false,"_monsterinsights_sitenote_note":"","_monsterinsights_sitenote_category":0,"footnotes":""},"categories":[2],"tags":[],"class_list":["post-105186","post","type-post","status-publish","format-standard","has-post-thumbnail","hentry","category-noticias"],"yoast_head":"<!-- This site is optimized with the Yoast SEO plugin v27.3 - https:\/\/yoast.com\/product\/yoast-seo-wordpress\/ -->\n<title>El presidente L\u00f3pez Obrador, pidi\u00f3\u00a0no tomar en serio\u00a0los \u201cdisparates\u201d que algunos\u00a0aspirantes\u00a0a la\u00a0Presidencia de Estados Unidos\u00a0han realizado en contra de nuestro pa\u00eds -<\/title>\n<meta name=\"robots\" content=\"index, follow, max-snippet:-1, max-image-preview:large, max-video-preview:-1\" \/>\n<link rel=\"canonical\" href=\"https:\/\/quehacerpolitico.mx\/?p=105186\" \/>\n<meta property=\"og:locale\" content=\"es_MX\" \/>\n<meta property=\"og:type\" content=\"article\" \/>\n<meta property=\"og:title\" content=\"El presidente L\u00f3pez Obrador, pidi\u00f3\u00a0no tomar en serio\u00a0los \u201cdisparates\u201d que algunos\u00a0aspirantes\u00a0a la\u00a0Presidencia de Estados Unidos\u00a0han realizado en contra de nuestro pa\u00eds -\" \/>\n<meta property=\"og:description\" content=\"Por Redacci\u00f3n QP El presidente L\u00f3pez Obrador detall\u00f3 que aquellos aspirantes a la Presidencia de...\" \/>\n<meta property=\"og:url\" content=\"https:\/\/quehacerpolitico.mx\/?p=105186\" \/>\n<meta property=\"article:published_time\" content=\"2023-09-27T17:03:03+00:00\" \/>\n<meta property=\"article:modified_time\" content=\"2023-09-27T17:03:06+00:00\" \/>\n<meta property=\"og:image\" content=\"https:\/\/quehacerpolitico.mx\/wp-content\/uploads\/2023\/09\/IMG_0991.jpeg\" \/>\n\t<meta property=\"og:image:width\" content=\"1284\" \/>\n\t<meta property=\"og:image:height\" content=\"694\" \/>\n\t<meta property=\"og:image:type\" content=\"image\/jpeg\" \/>\n<meta name=\"author\" content=\"Redacci\u00f3n QP\" \/>\n<meta name=\"twitter:card\" content=\"summary_large_image\" \/>\n<meta name=\"twitter:label1\" content=\"Escrito por\" \/>\n\t<meta name=\"twitter:data1\" content=\"Redacci\u00f3n QP\" \/>\n\t<meta name=\"twitter:label2\" content=\"Tiempo de lectura\" \/>\n\t<meta name=\"twitter:data2\" content=\"2 minutos\" \/>\n<script type=\"application\/ld+json\" class=\"yoast-schema-graph\">{\"@context\":\"https:\\\/\\\/schema.org\",\"@graph\":[{\"@type\":\"Article\",\"@id\":\"https:\\\/\\\/quehacerpolitico.mx\\\/?p=105186#article\",\"isPartOf\":{\"@id\":\"https:\\\/\\\/quehacerpolitico.mx\\\/?p=105186\"},\"author\":{\"name\":\"Redacci\u00f3n QP\",\"@id\":\"https:\\\/\\\/quehacerpolitico.mx\\\/#\\\/schema\\\/person\\\/496d8ad2d1d3f8036101dca7ee39e585\"},\"headline\":\"El presidente L\u00f3pez Obrador, pidi\u00f3\u00a0no tomar en serio\u00a0los \u201cdisparates\u201d que algunos\u00a0aspirantes\u00a0a la\u00a0Presidencia de Estados Unidos\u00a0han realizado en contra de nuestro pa\u00eds\",\"datePublished\":\"2023-09-27T17:03:03+00:00\",\"dateModified\":\"2023-09-27T17:03:06+00:00\",\"mainEntityOfPage\":{\"@id\":\"https:\\\/\\\/quehacerpolitico.mx\\\/?p=105186\"},\"wordCount\":437,\"commentCount\":0,\"image\":{\"@id\":\"https:\\\/\\\/quehacerpolitico.mx\\\/?p=105186#primaryimage\"},\"thumbnailUrl\":\"https:\\\/\\\/quehacerpolitico.mx\\\/wp-content\\\/uploads\\\/2023\\\/09\\\/IMG_0991.jpeg\",\"articleSection\":[\"Noticias\"],\"inLanguage\":\"es\",\"potentialAction\":[{\"@type\":\"CommentAction\",\"name\":\"Comment\",\"target\":[\"https:\\\/\\\/quehacerpolitico.mx\\\/?p=105186#respond\"]}]},{\"@type\":\"WebPage\",\"@id\":\"https:\\\/\\\/quehacerpolitico.mx\\\/?p=105186\",\"url\":\"https:\\\/\\\/quehacerpolitico.mx\\\/?p=105186\",\"name\":\"El presidente L\u00f3pez Obrador, pidi\u00f3\u00a0no tomar en serio\u00a0los \u201cdisparates\u201d que algunos\u00a0aspirantes\u00a0a la\u00a0Presidencia de Estados Unidos\u00a0han realizado en contra de nuestro pa\u00eds -\",\"isPartOf\":{\"@id\":\"https:\\\/\\\/quehacerpolitico.mx\\\/#website\"},\"primaryImageOfPage\":{\"@id\":\"https:\\\/\\\/quehacerpolitico.mx\\\/?p=105186#primaryimage\"},\"image\":{\"@id\":\"https:\\\/\\\/quehacerpolitico.mx\\\/?p=105186#primaryimage\"},\"thumbnailUrl\":\"https:\\\/\\\/quehacerpolitico.mx\\\/wp-content\\\/uploads\\\/2023\\\/09\\\/IMG_0991.jpeg\",\"datePublished\":\"2023-09-27T17:03:03+00:00\",\"dateModified\":\"2023-09-27T17:03:06+00:00\",\"author\":{\"@id\":\"https:\\\/\\\/quehacerpolitico.mx\\\/#\\\/schema\\\/person\\\/496d8ad2d1d3f8036101dca7ee39e585\"},\"breadcrumb\":{\"@id\":\"https:\\\/\\\/quehacerpolitico.mx\\\/?p=105186#breadcrumb\"},\"inLanguage\":\"es\",\"potentialAction\":[{\"@type\":\"ReadAction\",\"target\":[\"https:\\\/\\\/quehacerpolitico.mx\\\/?p=105186\"]}]},{\"@type\":\"ImageObject\",\"inLanguage\":\"es\",\"@id\":\"https:\\\/\\\/quehacerpolitico.mx\\\/?p=105186#primaryimage\",\"url\":\"https:\\\/\\\/quehacerpolitico.mx\\\/wp-content\\\/uploads\\\/2023\\\/09\\\/IMG_0991.jpeg\",\"contentUrl\":\"https:\\\/\\\/quehacerpolitico.mx\\\/wp-content\\\/uploads\\\/2023\\\/09\\\/IMG_0991.jpeg\",\"width\":1284,\"height\":694},{\"@type\":\"BreadcrumbList\",\"@id\":\"https:\\\/\\\/quehacerpolitico.mx\\\/?p=105186#breadcrumb\",\"itemListElement\":[{\"@type\":\"ListItem\",\"position\":1,\"name\":\"Inicio\",\"item\":\"https:\\\/\\\/quehacerpolitico.mx\\\/\"},{\"@type\":\"ListItem\",\"position\":2,\"name\":\"El presidente L\u00f3pez Obrador, pidi\u00f3\u00a0no tomar en serio\u00a0los \u201cdisparates\u201d que algunos\u00a0aspirantes\u00a0a la\u00a0Presidencia de Estados Unidos\u00a0han realizado en contra de nuestro pa\u00eds\"}]},{\"@type\":\"WebSite\",\"@id\":\"https:\\\/\\\/quehacerpolitico.mx\\\/#website\",\"url\":\"https:\\\/\\\/quehacerpolitico.mx\\\/\",\"name\":\"\",\"description\":\"\",\"potentialAction\":[{\"@type\":\"SearchAction\",\"target\":{\"@type\":\"EntryPoint\",\"urlTemplate\":\"https:\\\/\\\/quehacerpolitico.mx\\\/?s={search_term_string}\"},\"query-input\":{\"@type\":\"PropertyValueSpecification\",\"valueRequired\":true,\"valueName\":\"search_term_string\"}}],\"inLanguage\":\"es\"},{\"@type\":\"Person\",\"@id\":\"https:\\\/\\\/quehacerpolitico.mx\\\/#\\\/schema\\\/person\\\/496d8ad2d1d3f8036101dca7ee39e585\",\"name\":\"Redacci\u00f3n QP\",\"image\":{\"@type\":\"ImageObject\",\"inLanguage\":\"es\",\"@id\":\"https:\\\/\\\/secure.gravatar.com\\\/avatar\\\/c7164ed6fdec453195284ad24a5ae5b6e1eed2b848477fa2a4787ba9adf39a41?s=96&d=mm&r=g\",\"url\":\"https:\\\/\\\/secure.gravatar.com\\\/avatar\\\/c7164ed6fdec453195284ad24a5ae5b6e1eed2b848477fa2a4787ba9adf39a41?s=96&d=mm&r=g\",\"contentUrl\":\"https:\\\/\\\/secure.gravatar.com\\\/avatar\\\/c7164ed6fdec453195284ad24a5ae5b6e1eed2b848477fa2a4787ba9adf39a41?s=96&d=mm&r=g\",\"caption\":\"Redacci\u00f3n QP\"},\"url\":\"https:\\\/\\\/quehacerpolitico.mx\\\/?author=2\"}]}<\/script>\n<!-- \/ Yoast SEO plugin. -->","yoast_head_json":{"title":"El presidente L\u00f3pez Obrador, pidi\u00f3\u00a0no tomar en serio\u00a0los \u201cdisparates\u201d que algunos\u00a0aspirantes\u00a0a la\u00a0Presidencia de Estados Unidos\u00a0han realizado en contra de nuestro pa\u00eds -","robots":{"index":"index","follow":"follow","max-snippet":"max-snippet:-1","max-image-preview":"max-image-preview:large","max-video-preview":"max-video-preview:-1"},"canonical":"https:\/\/quehacerpolitico.mx\/?p=105186","og_locale":"es_MX","og_type":"article","og_title":"El presidente L\u00f3pez Obrador, pidi\u00f3\u00a0no tomar en serio\u00a0los \u201cdisparates\u201d que algunos\u00a0aspirantes\u00a0a la\u00a0Presidencia de Estados Unidos\u00a0han realizado en contra de nuestro pa\u00eds -","og_description":"Por Redacci\u00f3n QP El presidente L\u00f3pez Obrador detall\u00f3 que aquellos aspirantes a la Presidencia de...","og_url":"https:\/\/quehacerpolitico.mx\/?p=105186","article_published_time":"2023-09-27T17:03:03+00:00","article_modified_time":"2023-09-27T17:03:06+00:00","og_image":[{"width":1284,"height":694,"url":"https:\/\/quehacerpolitico.mx\/wp-content\/uploads\/2023\/09\/IMG_0991.jpeg","type":"image\/jpeg"}],"author":"Redacci\u00f3n QP","twitter_card":"summary_large_image","twitter_misc":{"Escrito por":"Redacci\u00f3n QP","Tiempo de lectura":"2 minutos"},"schema":{"@context":"https:\/\/schema.org","@graph":[{"@type":"Article","@id":"https:\/\/quehacerpolitico.mx\/?p=105186#article","isPartOf":{"@id":"https:\/\/quehacerpolitico.mx\/?p=105186"},"author":{"name":"Redacci\u00f3n QP","@id":"https:\/\/quehacerpolitico.mx\/#\/schema\/person\/496d8ad2d1d3f8036101dca7ee39e585"},"headline":"El presidente L\u00f3pez Obrador, pidi\u00f3\u00a0no tomar en serio\u00a0los \u201cdisparates\u201d que algunos\u00a0aspirantes\u00a0a la\u00a0Presidencia de Estados Unidos\u00a0han realizado en contra de nuestro pa\u00eds","datePublished":"2023-09-27T17:03:03+00:00","dateModified":"2023-09-27T17:03:06+00:00","mainEntityOfPage":{"@id":"https:\/\/quehacerpolitico.mx\/?p=105186"},"wordCount":437,"commentCount":0,"image":{"@id":"https:\/\/quehacerpolitico.mx\/?p=105186#primaryimage"},"thumbnailUrl":"https:\/\/quehacerpolitico.mx\/wp-content\/uploads\/2023\/09\/IMG_0991.jpeg","articleSection":["Noticias"],"inLanguage":"es","potentialAction":[{"@type":"CommentAction","name":"Comment","target":["https:\/\/quehacerpolitico.mx\/?p=105186#respond"]}]},{"@type":"WebPage","@id":"https:\/\/quehacerpolitico.mx\/?p=105186","url":"https:\/\/quehacerpolitico.mx\/?p=105186","name":"El presidente L\u00f3pez Obrador, pidi\u00f3\u00a0no tomar en serio\u00a0los \u201cdisparates\u201d que algunos\u00a0aspirantes\u00a0a la\u00a0Presidencia de Estados Unidos\u00a0han realizado en contra de nuestro pa\u00eds -","isPartOf":{"@id":"https:\/\/quehacerpolitico.mx\/#website"},"primaryImageOfPage":{"@id":"https:\/\/quehacerpolitico.mx\/?p=105186#primaryimage"},"image":{"@id":"https:\/\/quehacerpolitico.mx\/?p=105186#primaryimage"},"thumbnailUrl":"https:\/\/quehacerpolitico.mx\/wp-content\/uploads\/2023\/09\/IMG_0991.jpeg","datePublished":"2023-09-27T17:03:03+00:00","dateModified":"2023-09-27T17:03:06+00:00","author":{"@id":"https:\/\/quehacerpolitico.mx\/#\/schema\/person\/496d8ad2d1d3f8036101dca7ee39e585"},"breadcrumb":{"@id":"https:\/\/quehacerpolitico.mx\/?p=105186#breadcrumb"},"inLanguage":"es","potentialAction":[{"@type":"ReadAction","target":["https:\/\/quehacerpolitico.mx\/?p=105186"]}]},{"@type":"ImageObject","inLanguage":"es","@id":"https:\/\/quehacerpolitico.mx\/?p=105186#primaryimage","url":"https:\/\/quehacerpolitico.mx\/wp-content\/uploads\/2023\/09\/IMG_0991.jpeg","contentUrl":"https:\/\/quehacerpolitico.mx\/wp-content\/uploads\/2023\/09\/IMG_0991.jpeg","width":1284,"height":694},{"@type":"BreadcrumbList","@id":"https:\/\/quehacerpolitico.mx\/?p=105186#breadcrumb","itemListElement":[{"@type":"ListItem","position":1,"name":"Inicio","item":"https:\/\/quehacerpolitico.mx\/"},{"@type":"ListItem","position":2,"name":"El presidente L\u00f3pez Obrador, pidi\u00f3\u00a0no tomar en serio\u00a0los \u201cdisparates\u201d que algunos\u00a0aspirantes\u00a0a la\u00a0Presidencia de Estados Unidos\u00a0han realizado en contra de nuestro pa\u00eds"}]},{"@type":"WebSite","@id":"https:\/\/quehacerpolitico.mx\/#website","url":"https:\/\/quehacerpolitico.mx\/","name":"","description":"","potentialAction":[{"@type":"SearchAction","target":{"@type":"EntryPoint","urlTemplate":"https:\/\/quehacerpolitico.mx\/?s={search_term_string}"},"query-input":{"@type":"PropertyValueSpecification","valueRequired":true,"valueName":"search_term_string"}}],"inLanguage":"es"},{"@type":"Person","@id":"https:\/\/quehacerpolitico.mx\/#\/schema\/person\/496d8ad2d1d3f8036101dca7ee39e585","name":"Redacci\u00f3n QP","image":{"@type":"ImageObject","inLanguage":"es","@id":"https:\/\/secure.gravatar.com\/avatar\/c7164ed6fdec453195284ad24a5ae5b6e1eed2b848477fa2a4787ba9adf39a41?s=96&d=mm&r=g","url":"https:\/\/secure.gravatar.com\/avatar\/c7164ed6fdec453195284ad24a5ae5b6e1eed2b848477fa2a4787ba9adf39a41?s=96&d=mm&r=g","contentUrl":"https:\/\/secure.gravatar.com\/avatar\/c7164ed6fdec453195284ad24a5ae5b6e1eed2b848477fa2a4787ba9adf39a41?s=96&d=mm&r=g","caption":"Redacci\u00f3n QP"},"url":"https:\/\/quehacerpolitico.mx\/?author=2"}]}},"featured_image_urls":{"full":["https:\/\/quehacerpolitico.mx\/wp-content\/uploads\/2023\/09\/IMG_0991.jpeg",1284,694,false],"thumbnail":["https:\/\/quehacerpolitico.mx\/wp-content\/uploads\/2023\/09\/IMG_0991-150x150.jpeg",150,150,true],"medium":["https:\/\/quehacerpolitico.mx\/wp-content\/uploads\/2023\/09\/IMG_0991-300x162.jpeg",300,162,true],"medium_large":["https:\/\/quehacerpolitico.mx\/wp-content\/uploads\/2023\/09\/IMG_0991-768x415.jpeg",640,346,true],"large":["https:\/\/quehacerpolitico.mx\/wp-content\/uploads\/2023\/09\/IMG_0991-1024x553.jpeg",640,346,true],"1536x1536":["https:\/\/quehacerpolitico.mx\/wp-content\/uploads\/2023\/09\/IMG_0991.jpeg",1284,694,false],"2048x2048":["https:\/\/quehacerpolitico.mx\/wp-content\/uploads\/2023\/09\/IMG_0991.jpeg",1284,694,false],"covernews-featured":["https:\/\/quehacerpolitico.mx\/wp-content\/uploads\/2023\/09\/IMG_0991.jpeg",1024,553,false],"covernews-medium":["https:\/\/quehacerpolitico.mx\/wp-content\/uploads\/2023\/09\/IMG_0991.jpeg",540,292,false]},"author_info":{"display_name":"Redacci\u00f3n QP","author_link":"https:\/\/quehacerpolitico.mx\/?author=2"},"category_info":"<a href=\"https:\/\/quehacerpolitico.mx\/?cat=2\" rel=\"category\">Noticias<\/a>","tag_info":"Noticias","comment_count":"0","_links":{"self":[{"href":"https:\/\/quehacerpolitico.mx\/index.php?rest_route=\/wp\/v2\/posts\/105186","targetHints":{"allow":["GET"]}}],"collection":[{"href":"https:\/\/quehacerpolitico.mx\/index.php?rest_route=\/wp\/v2\/posts"}],"about":[{"href":"https:\/\/quehacerpolitico.mx\/index.php?rest_route=\/wp\/v2\/types\/post"}],"author":[{"embeddable":true,"href":"https:\/\/quehacerpolitico.mx\/index.php?rest_route=\/wp\/v2\/users\/2"}],"replies":[{"embeddable":true,"href":"https:\/\/quehacerpolitico.mx\/index.php?rest_route=%2Fwp%2Fv2%2Fcomments&post=105186"}],"version-history":[{"count":1,"href":"https:\/\/quehacerpolitico.mx\/index.php?rest_route=\/wp\/v2\/posts\/105186\/revisions"}],"predecessor-version":[{"id":105188,"href":"https:\/\/quehacerpolitico.mx\/index.php?rest_route=\/wp\/v2\/posts\/105186\/revisions\/105188"}],"wp:featuredmedia":[{"embeddable":true,"href":"https:\/\/quehacerpolitico.mx\/index.php?rest_route=\/wp\/v2\/media\/105187"}],"wp:attachment":[{"href":"https:\/\/quehacerpolitico.mx\/index.php?rest_route=%2Fwp%2Fv2%2Fmedia&parent=105186"}],"wp:term":[{"taxonomy":"category","embeddable":true,"href":"https:\/\/quehacerpolitico.mx\/index.php?rest_route=%2Fwp%2Fv2%2Fcategories&post=105186"},{"taxonomy":"post_tag","embeddable":true,"href":"https:\/\/quehacerpolitico.mx\/index.php?rest_route=%2Fwp%2Fv2%2Ftags&post=105186"}],"curies":[{"name":"wp","href":"https:\/\/api.w.org\/{rel}","templated":true}]}}