{"id":105061,"date":"2023-09-21T16:58:06","date_gmt":"2023-09-21T16:58:06","guid":{"rendered":"https:\/\/quehacerpolitico.mx\/?p=105061"},"modified":"2023-09-21T16:58:10","modified_gmt":"2023-09-21T16:58:10","slug":"amlo-celebro-el-acuerdo-en-tamaulipas-que-permite-levantar-el-paromagisterial-en-dicha-entidad","status":"publish","type":"post","link":"https:\/\/quehacerpolitico.mx\/?p=105061","title":{"rendered":"AMLO celebr\u00f3 el acuerdo en\u00a0Tamaulipas\u00a0que permite levantar el\u00a0paromagisterial\u00a0en dicha entidad"},"content":{"rendered":"\n<p>Por Redacci\u00f3n QP<\/p>\n\n\n\n<p>El mandatario mexicano detall\u00f3 que el hecho de que no hubiera clases en escuelas de Tamaulipas afectaba la din\u00e1mica de la entidad<\/p>\n\n\n\n<p>El presidente de M\u00e9xico,\u00a0<strong>Andres Manuel\u00a0L\u00f3pez Obrador<\/strong>, celebr\u00f3 el acuerdo en\u00a0<strong>Tamaulipas<\/strong>\u00a0que permite levantar el\u00a0<strong>paro<\/strong><strong>magisterial<\/strong>\u00a0en dicha entidad.<\/p>\n\n\n\n<p>En la conferencia matutina de Palacio Nacional, L\u00f3pez Obrador agradeci\u00f3 al l\u00edder nacional del Sindicato Nacional de Trabajadores de la Educaci\u00f3n (<strong>SNTE<\/strong>),\u00a0<strong>Alfonso Cepeda Salas<\/strong>, adem\u00e1s de otras autoridades estatales y maestros por levantar el paro magisterial tras reuni\u00f3n autoridades federales.<\/p>\n\n\n\n<p>Yo celebro de que se haya llegado a un acuerdo y que se hayan reanudado las clases en Tamaulipas\u201d, indic\u00f3.<\/p>\n\n\n\n<p>\u201cAgradecerles a los maestros, maestreas, a los dirigentes del SNTE en Tamaulipas, y al dirigente del SNTE nacional, maestro Cepeda. Estuvieron en efecto con la secretaria de Gobernaci\u00f3n los dirigentes del sindicato y con la secretaria de Educaci\u00f3n P\u00fablica, Leticia Ram\u00edrez y estuvo el gobernador Am\u00e9rico Villarreal que es una persona sensata, conciliador y por eso se lleg\u00f3 a un acuerdo\u201d, puntualiz\u00f3.<\/p>\n\n\n\n<p>El mandatario mexicano detall\u00f3 que el hecho de que no hubiera clases en las escuelas de Tamaulipas afectaba la din\u00e1mica de la entidad.<\/p>\n\n\n\n<p>\u201cFelicidades a todos, porque \u00bfqu\u00e9 hacen los padres de familia cuando no hay clases? S\u00ed se altera toda la din\u00e1mica todo el ritmo de trabajo, las rutinas que se tienen porque hay que llevar a los hijos a la escuela y luego r\u00e1pido al trabajo, ya sea en centros de trabajo en donde se labora o las clases que tambi\u00e9n se trabaja mucho. Entonces que bien que ya se resolvi\u00f3 este asunto\u201d, expuso.<\/p>\n","protected":false},"excerpt":{"rendered":"<p>Por Redacci\u00f3n QP El mandatario mexicano detall\u00f3 que el hecho de que no hubiera clases&#8230;<\/p>\n","protected":false},"author":2,"featured_media":105062,"comment_status":"open","ping_status":"open","sticky":false,"template":"","format":"standard","meta":{"_monsterinsights_skip_tracking":false,"_monsterinsights_sitenote_active":false,"_monsterinsights_sitenote_note":"","_monsterinsights_sitenote_category":0,"footnotes":""},"categories":[2],"tags":[],"class_list":["post-105061","post","type-post","status-publish","format-standard","has-post-thumbnail","hentry","category-noticias"],"yoast_head":"<!-- This site is optimized with the Yoast SEO plugin v27.3 - https:\/\/yoast.com\/product\/yoast-seo-wordpress\/ -->\n<title>AMLO celebr\u00f3 el acuerdo en\u00a0Tamaulipas\u00a0que permite levantar el\u00a0paromagisterial\u00a0en dicha entidad -<\/title>\n<meta name=\"robots\" content=\"index, follow, max-snippet:-1, max-image-preview:large, max-video-preview:-1\" \/>\n<link rel=\"canonical\" href=\"https:\/\/quehacerpolitico.mx\/?p=105061\" \/>\n<meta property=\"og:locale\" content=\"es_MX\" \/>\n<meta property=\"og:type\" content=\"article\" \/>\n<meta property=\"og:title\" content=\"AMLO celebr\u00f3 el acuerdo en\u00a0Tamaulipas\u00a0que permite levantar el\u00a0paromagisterial\u00a0en dicha entidad -\" \/>\n<meta property=\"og:description\" content=\"Por Redacci\u00f3n QP El mandatario mexicano detall\u00f3 que el hecho de que no hubiera clases...\" \/>\n<meta property=\"og:url\" content=\"https:\/\/quehacerpolitico.mx\/?p=105061\" \/>\n<meta property=\"article:published_time\" content=\"2023-09-21T16:58:06+00:00\" \/>\n<meta property=\"article:modified_time\" content=\"2023-09-21T16:58:10+00:00\" \/>\n<meta property=\"og:image\" content=\"https:\/\/quehacerpolitico.mx\/wp-content\/uploads\/2023\/09\/IMG_0872.jpeg\" \/>\n\t<meta property=\"og:image:width\" content=\"1284\" \/>\n\t<meta property=\"og:image:height\" content=\"690\" \/>\n\t<meta property=\"og:image:type\" content=\"image\/jpeg\" \/>\n<meta name=\"author\" content=\"Redacci\u00f3n QP\" \/>\n<meta name=\"twitter:card\" content=\"summary_large_image\" \/>\n<meta name=\"twitter:label1\" content=\"Escrito por\" \/>\n\t<meta name=\"twitter:data1\" content=\"Redacci\u00f3n QP\" \/>\n\t<meta name=\"twitter:label2\" content=\"Tiempo de lectura\" \/>\n\t<meta name=\"twitter:data2\" content=\"1 minuto\" \/>\n<script type=\"application\/ld+json\" class=\"yoast-schema-graph\">{\"@context\":\"https:\\\/\\\/schema.org\",\"@graph\":[{\"@type\":\"Article\",\"@id\":\"https:\\\/\\\/quehacerpolitico.mx\\\/?p=105061#article\",\"isPartOf\":{\"@id\":\"https:\\\/\\\/quehacerpolitico.mx\\\/?p=105061\"},\"author\":{\"name\":\"Redacci\u00f3n QP\",\"@id\":\"https:\\\/\\\/quehacerpolitico.mx\\\/#\\\/schema\\\/person\\\/496d8ad2d1d3f8036101dca7ee39e585\"},\"headline\":\"AMLO celebr\u00f3 el acuerdo en\u00a0Tamaulipas\u00a0que permite levantar el\u00a0paromagisterial\u00a0en dicha entidad\",\"datePublished\":\"2023-09-21T16:58:06+00:00\",\"dateModified\":\"2023-09-21T16:58:10+00:00\",\"mainEntityOfPage\":{\"@id\":\"https:\\\/\\\/quehacerpolitico.mx\\\/?p=105061\"},\"wordCount\":298,\"commentCount\":0,\"image\":{\"@id\":\"https:\\\/\\\/quehacerpolitico.mx\\\/?p=105061#primaryimage\"},\"thumbnailUrl\":\"https:\\\/\\\/quehacerpolitico.mx\\\/wp-content\\\/uploads\\\/2023\\\/09\\\/IMG_0872.jpeg\",\"articleSection\":[\"Noticias\"],\"inLanguage\":\"es\",\"potentialAction\":[{\"@type\":\"CommentAction\",\"name\":\"Comment\",\"target\":[\"https:\\\/\\\/quehacerpolitico.mx\\\/?p=105061#respond\"]}]},{\"@type\":\"WebPage\",\"@id\":\"https:\\\/\\\/quehacerpolitico.mx\\\/?p=105061\",\"url\":\"https:\\\/\\\/quehacerpolitico.mx\\\/?p=105061\",\"name\":\"AMLO celebr\u00f3 el acuerdo en\u00a0Tamaulipas\u00a0que permite levantar el\u00a0paromagisterial\u00a0en dicha entidad -\",\"isPartOf\":{\"@id\":\"https:\\\/\\\/quehacerpolitico.mx\\\/#website\"},\"primaryImageOfPage\":{\"@id\":\"https:\\\/\\\/quehacerpolitico.mx\\\/?p=105061#primaryimage\"},\"image\":{\"@id\":\"https:\\\/\\\/quehacerpolitico.mx\\\/?p=105061#primaryimage\"},\"thumbnailUrl\":\"https:\\\/\\\/quehacerpolitico.mx\\\/wp-content\\\/uploads\\\/2023\\\/09\\\/IMG_0872.jpeg\",\"datePublished\":\"2023-09-21T16:58:06+00:00\",\"dateModified\":\"2023-09-21T16:58:10+00:00\",\"author\":{\"@id\":\"https:\\\/\\\/quehacerpolitico.mx\\\/#\\\/schema\\\/person\\\/496d8ad2d1d3f8036101dca7ee39e585\"},\"breadcrumb\":{\"@id\":\"https:\\\/\\\/quehacerpolitico.mx\\\/?p=105061#breadcrumb\"},\"inLanguage\":\"es\",\"potentialAction\":[{\"@type\":\"ReadAction\",\"target\":[\"https:\\\/\\\/quehacerpolitico.mx\\\/?p=105061\"]}]},{\"@type\":\"ImageObject\",\"inLanguage\":\"es\",\"@id\":\"https:\\\/\\\/quehacerpolitico.mx\\\/?p=105061#primaryimage\",\"url\":\"https:\\\/\\\/quehacerpolitico.mx\\\/wp-content\\\/uploads\\\/2023\\\/09\\\/IMG_0872.jpeg\",\"contentUrl\":\"https:\\\/\\\/quehacerpolitico.mx\\\/wp-content\\\/uploads\\\/2023\\\/09\\\/IMG_0872.jpeg\",\"width\":1284,\"height\":690},{\"@type\":\"BreadcrumbList\",\"@id\":\"https:\\\/\\\/quehacerpolitico.mx\\\/?p=105061#breadcrumb\",\"itemListElement\":[{\"@type\":\"ListItem\",\"position\":1,\"name\":\"Inicio\",\"item\":\"https:\\\/\\\/quehacerpolitico.mx\\\/\"},{\"@type\":\"ListItem\",\"position\":2,\"name\":\"AMLO celebr\u00f3 el acuerdo en\u00a0Tamaulipas\u00a0que permite levantar el\u00a0paromagisterial\u00a0en dicha entidad\"}]},{\"@type\":\"WebSite\",\"@id\":\"https:\\\/\\\/quehacerpolitico.mx\\\/#website\",\"url\":\"https:\\\/\\\/quehacerpolitico.mx\\\/\",\"name\":\"\",\"description\":\"\",\"potentialAction\":[{\"@type\":\"SearchAction\",\"target\":{\"@type\":\"EntryPoint\",\"urlTemplate\":\"https:\\\/\\\/quehacerpolitico.mx\\\/?s={search_term_string}\"},\"query-input\":{\"@type\":\"PropertyValueSpecification\",\"valueRequired\":true,\"valueName\":\"search_term_string\"}}],\"inLanguage\":\"es\"},{\"@type\":\"Person\",\"@id\":\"https:\\\/\\\/quehacerpolitico.mx\\\/#\\\/schema\\\/person\\\/496d8ad2d1d3f8036101dca7ee39e585\",\"name\":\"Redacci\u00f3n QP\",\"image\":{\"@type\":\"ImageObject\",\"inLanguage\":\"es\",\"@id\":\"https:\\\/\\\/secure.gravatar.com\\\/avatar\\\/c7164ed6fdec453195284ad24a5ae5b6e1eed2b848477fa2a4787ba9adf39a41?s=96&d=mm&r=g\",\"url\":\"https:\\\/\\\/secure.gravatar.com\\\/avatar\\\/c7164ed6fdec453195284ad24a5ae5b6e1eed2b848477fa2a4787ba9adf39a41?s=96&d=mm&r=g\",\"contentUrl\":\"https:\\\/\\\/secure.gravatar.com\\\/avatar\\\/c7164ed6fdec453195284ad24a5ae5b6e1eed2b848477fa2a4787ba9adf39a41?s=96&d=mm&r=g\",\"caption\":\"Redacci\u00f3n QP\"},\"url\":\"https:\\\/\\\/quehacerpolitico.mx\\\/?author=2\"}]}<\/script>\n<!-- \/ Yoast SEO plugin. -->","yoast_head_json":{"title":"AMLO celebr\u00f3 el acuerdo en\u00a0Tamaulipas\u00a0que permite levantar el\u00a0paromagisterial\u00a0en dicha entidad -","robots":{"index":"index","follow":"follow","max-snippet":"max-snippet:-1","max-image-preview":"max-image-preview:large","max-video-preview":"max-video-preview:-1"},"canonical":"https:\/\/quehacerpolitico.mx\/?p=105061","og_locale":"es_MX","og_type":"article","og_title":"AMLO celebr\u00f3 el acuerdo en\u00a0Tamaulipas\u00a0que permite levantar el\u00a0paromagisterial\u00a0en dicha entidad -","og_description":"Por Redacci\u00f3n QP El mandatario mexicano detall\u00f3 que el hecho de que no hubiera clases...","og_url":"https:\/\/quehacerpolitico.mx\/?p=105061","article_published_time":"2023-09-21T16:58:06+00:00","article_modified_time":"2023-09-21T16:58:10+00:00","og_image":[{"width":1284,"height":690,"url":"https:\/\/quehacerpolitico.mx\/wp-content\/uploads\/2023\/09\/IMG_0872.jpeg","type":"image\/jpeg"}],"author":"Redacci\u00f3n QP","twitter_card":"summary_large_image","twitter_misc":{"Escrito por":"Redacci\u00f3n QP","Tiempo de lectura":"1 minuto"},"schema":{"@context":"https:\/\/schema.org","@graph":[{"@type":"Article","@id":"https:\/\/quehacerpolitico.mx\/?p=105061#article","isPartOf":{"@id":"https:\/\/quehacerpolitico.mx\/?p=105061"},"author":{"name":"Redacci\u00f3n QP","@id":"https:\/\/quehacerpolitico.mx\/#\/schema\/person\/496d8ad2d1d3f8036101dca7ee39e585"},"headline":"AMLO celebr\u00f3 el acuerdo en\u00a0Tamaulipas\u00a0que permite levantar el\u00a0paromagisterial\u00a0en dicha entidad","datePublished":"2023-09-21T16:58:06+00:00","dateModified":"2023-09-21T16:58:10+00:00","mainEntityOfPage":{"@id":"https:\/\/quehacerpolitico.mx\/?p=105061"},"wordCount":298,"commentCount":0,"image":{"@id":"https:\/\/quehacerpolitico.mx\/?p=105061#primaryimage"},"thumbnailUrl":"https:\/\/quehacerpolitico.mx\/wp-content\/uploads\/2023\/09\/IMG_0872.jpeg","articleSection":["Noticias"],"inLanguage":"es","potentialAction":[{"@type":"CommentAction","name":"Comment","target":["https:\/\/quehacerpolitico.mx\/?p=105061#respond"]}]},{"@type":"WebPage","@id":"https:\/\/quehacerpolitico.mx\/?p=105061","url":"https:\/\/quehacerpolitico.mx\/?p=105061","name":"AMLO celebr\u00f3 el acuerdo en\u00a0Tamaulipas\u00a0que permite levantar el\u00a0paromagisterial\u00a0en dicha entidad -","isPartOf":{"@id":"https:\/\/quehacerpolitico.mx\/#website"},"primaryImageOfPage":{"@id":"https:\/\/quehacerpolitico.mx\/?p=105061#primaryimage"},"image":{"@id":"https:\/\/quehacerpolitico.mx\/?p=105061#primaryimage"},"thumbnailUrl":"https:\/\/quehacerpolitico.mx\/wp-content\/uploads\/2023\/09\/IMG_0872.jpeg","datePublished":"2023-09-21T16:58:06+00:00","dateModified":"2023-09-21T16:58:10+00:00","author":{"@id":"https:\/\/quehacerpolitico.mx\/#\/schema\/person\/496d8ad2d1d3f8036101dca7ee39e585"},"breadcrumb":{"@id":"https:\/\/quehacerpolitico.mx\/?p=105061#breadcrumb"},"inLanguage":"es","potentialAction":[{"@type":"ReadAction","target":["https:\/\/quehacerpolitico.mx\/?p=105061"]}]},{"@type":"ImageObject","inLanguage":"es","@id":"https:\/\/quehacerpolitico.mx\/?p=105061#primaryimage","url":"https:\/\/quehacerpolitico.mx\/wp-content\/uploads\/2023\/09\/IMG_0872.jpeg","contentUrl":"https:\/\/quehacerpolitico.mx\/wp-content\/uploads\/2023\/09\/IMG_0872.jpeg","width":1284,"height":690},{"@type":"BreadcrumbList","@id":"https:\/\/quehacerpolitico.mx\/?p=105061#breadcrumb","itemListElement":[{"@type":"ListItem","position":1,"name":"Inicio","item":"https:\/\/quehacerpolitico.mx\/"},{"@type":"ListItem","position":2,"name":"AMLO celebr\u00f3 el acuerdo en\u00a0Tamaulipas\u00a0que permite levantar el\u00a0paromagisterial\u00a0en dicha entidad"}]},{"@type":"WebSite","@id":"https:\/\/quehacerpolitico.mx\/#website","url":"https:\/\/quehacerpolitico.mx\/","name":"","description":"","potentialAction":[{"@type":"SearchAction","target":{"@type":"EntryPoint","urlTemplate":"https:\/\/quehacerpolitico.mx\/?s={search_term_string}"},"query-input":{"@type":"PropertyValueSpecification","valueRequired":true,"valueName":"search_term_string"}}],"inLanguage":"es"},{"@type":"Person","@id":"https:\/\/quehacerpolitico.mx\/#\/schema\/person\/496d8ad2d1d3f8036101dca7ee39e585","name":"Redacci\u00f3n QP","image":{"@type":"ImageObject","inLanguage":"es","@id":"https:\/\/secure.gravatar.com\/avatar\/c7164ed6fdec453195284ad24a5ae5b6e1eed2b848477fa2a4787ba9adf39a41?s=96&d=mm&r=g","url":"https:\/\/secure.gravatar.com\/avatar\/c7164ed6fdec453195284ad24a5ae5b6e1eed2b848477fa2a4787ba9adf39a41?s=96&d=mm&r=g","contentUrl":"https:\/\/secure.gravatar.com\/avatar\/c7164ed6fdec453195284ad24a5ae5b6e1eed2b848477fa2a4787ba9adf39a41?s=96&d=mm&r=g","caption":"Redacci\u00f3n QP"},"url":"https:\/\/quehacerpolitico.mx\/?author=2"}]}},"featured_image_urls":{"full":["https:\/\/quehacerpolitico.mx\/wp-content\/uploads\/2023\/09\/IMG_0872.jpeg",1284,690,false],"thumbnail":["https:\/\/quehacerpolitico.mx\/wp-content\/uploads\/2023\/09\/IMG_0872-150x150.jpeg",150,150,true],"medium":["https:\/\/quehacerpolitico.mx\/wp-content\/uploads\/2023\/09\/IMG_0872-300x161.jpeg",300,161,true],"medium_large":["https:\/\/quehacerpolitico.mx\/wp-content\/uploads\/2023\/09\/IMG_0872-768x413.jpeg",640,344,true],"large":["https:\/\/quehacerpolitico.mx\/wp-content\/uploads\/2023\/09\/IMG_0872-1024x550.jpeg",640,344,true],"1536x1536":["https:\/\/quehacerpolitico.mx\/wp-content\/uploads\/2023\/09\/IMG_0872.jpeg",1284,690,false],"2048x2048":["https:\/\/quehacerpolitico.mx\/wp-content\/uploads\/2023\/09\/IMG_0872.jpeg",1284,690,false],"covernews-featured":["https:\/\/quehacerpolitico.mx\/wp-content\/uploads\/2023\/09\/IMG_0872.jpeg",1024,550,false],"covernews-medium":["https:\/\/quehacerpolitico.mx\/wp-content\/uploads\/2023\/09\/IMG_0872.jpeg",540,290,false]},"author_info":{"display_name":"Redacci\u00f3n QP","author_link":"https:\/\/quehacerpolitico.mx\/?author=2"},"category_info":"<a href=\"https:\/\/quehacerpolitico.mx\/?cat=2\" rel=\"category\">Noticias<\/a>","tag_info":"Noticias","comment_count":"0","_links":{"self":[{"href":"https:\/\/quehacerpolitico.mx\/index.php?rest_route=\/wp\/v2\/posts\/105061","targetHints":{"allow":["GET"]}}],"collection":[{"href":"https:\/\/quehacerpolitico.mx\/index.php?rest_route=\/wp\/v2\/posts"}],"about":[{"href":"https:\/\/quehacerpolitico.mx\/index.php?rest_route=\/wp\/v2\/types\/post"}],"author":[{"embeddable":true,"href":"https:\/\/quehacerpolitico.mx\/index.php?rest_route=\/wp\/v2\/users\/2"}],"replies":[{"embeddable":true,"href":"https:\/\/quehacerpolitico.mx\/index.php?rest_route=%2Fwp%2Fv2%2Fcomments&post=105061"}],"version-history":[{"count":1,"href":"https:\/\/quehacerpolitico.mx\/index.php?rest_route=\/wp\/v2\/posts\/105061\/revisions"}],"predecessor-version":[{"id":105063,"href":"https:\/\/quehacerpolitico.mx\/index.php?rest_route=\/wp\/v2\/posts\/105061\/revisions\/105063"}],"wp:featuredmedia":[{"embeddable":true,"href":"https:\/\/quehacerpolitico.mx\/index.php?rest_route=\/wp\/v2\/media\/105062"}],"wp:attachment":[{"href":"https:\/\/quehacerpolitico.mx\/index.php?rest_route=%2Fwp%2Fv2%2Fmedia&parent=105061"}],"wp:term":[{"taxonomy":"category","embeddable":true,"href":"https:\/\/quehacerpolitico.mx\/index.php?rest_route=%2Fwp%2Fv2%2Fcategories&post=105061"},{"taxonomy":"post_tag","embeddable":true,"href":"https:\/\/quehacerpolitico.mx\/index.php?rest_route=%2Fwp%2Fv2%2Ftags&post=105061"}],"curies":[{"name":"wp","href":"https:\/\/api.w.org\/{rel}","templated":true}]}}