{"id":105058,"date":"2023-09-21T16:42:02","date_gmt":"2023-09-21T16:42:02","guid":{"rendered":"https:\/\/quehacerpolitico.mx\/?p=105058"},"modified":"2023-09-21T16:42:06","modified_gmt":"2023-09-21T16:42:06","slug":"afectaciones-por-cerca-de-500-millones-de-dolares-en-la-frontera-norte-de-mexico-por-la-suspension-de-trenes-de-carga","status":"publish","type":"post","link":"https:\/\/quehacerpolitico.mx\/?p=105058","title":{"rendered":"Afectaciones\u00a0por cerca de\u00a0500 millones de d\u00f3lares\u00a0en la frontera norte de M\u00e9xico por la\u00a0suspensi\u00f3n de trenes de carga"},"content":{"rendered":"\n<p>Por Redacci\u00f3n QP<\/p>\n\n\n\n<p>La suspensi\u00f3n de trenes tiene \u201cvarados\u201d 500 mdd en exportaciones en la frontera de Ciudad Ju\u00e1rez con El Paso, Texas<\/p>\n\n\n\n<p>La\u00a0<strong>C\u00e1mara Nacional de la Industria de la Transformaci\u00f3n<\/strong> (Canacintra) denunci\u00f3\u00a0<strong>afectaciones<\/strong>\u00a0por cerca de\u00a0<strong>500 millones de d\u00f3lares<\/strong>\u00a0en la frontera norte de M\u00e9xico por la\u00a0suspensi\u00f3n de trenes de carga ante el incremento de\u00a0<strong>migrantes<\/strong>\u00a0y fallas en la Aduana Mexicana.<\/p>\n\n\n\n<p>Thor Salayand\u00eda Lara, vicepresidente nacional de Maquiladora y Franjas Fronterizas de la Canacintra, dijo a los medios que est\u00e1n \u201cvarados\u201d 500 millones de d\u00f3lares en exportaciones en la frontera de Ciudad Ju\u00e1rez con la urbe estadounidense El Paso, Texas.<\/p>\n\n\n\n<p>El representante del sector privado explic\u00f3 que Estados Unidos cerr\u00f3 el\u00a0lunes pasado uno de los tres cruces de\u00a0<strong>carga comercial<\/strong> para destinar su personal a\u00a0<strong>procesar<\/strong>\u00a0<strong>migrantes<\/strong>, cuya llegada se ha multiplicado en el \u00faltimo mes.<\/p>\n\n\n\n<p>A\u00f1adi\u00f3 que el sistema de la&nbsp;<strong>Aduana Mexicana<\/strong>&nbsp;tiene&nbsp;<strong>fallas<\/strong>, por lo que las exportaciones se procesan manualmente, y eso ha ralentizado el proceso.<\/p>\n\n\n\n<p>Adem\u00e1s, abund\u00f3, la empresa ferroviaria&nbsp;<strong>Ferromex<\/strong>&nbsp;anunci\u00f3 que frenar\u00eda sus<strong>&nbsp;trenes de carga<\/strong>&nbsp;a&nbsp;<strong>Ciudad Ju\u00e1rez<\/strong>&nbsp;tras detectar m\u00e1s de 4 mil&nbsp;<strong>migrantes<\/strong>&nbsp;en carros o v\u00edas f\u00e9rreas a nivel nacional.<\/p>\n\n\n\n<p>Mientras que, del otro lado de la frontera, denunci\u00f3 que el Gobierno de&nbsp;<strong>Texas<\/strong>&nbsp;implement\u00f3&nbsp;<strong>revisiones<\/strong>&nbsp;a cada&nbsp;<strong>veh\u00edculo de carga<\/strong>&nbsp;que entra en territorio texano para buscar&nbsp;<strong>migrantes<\/strong>.<\/p>\n\n\n\n<p>\u201cNosotros hacemos un conteo de todo lo que se deja de cruzar por carretera, de todo lo que viene del sur con estos trenes y estamos hablando de 500 millones de d\u00f3lares diarios. Es una afectaci\u00f3n econ\u00f3mica muy fuerte\u201d, dijo el l\u00edder industrial.<\/p>\n\n\n\n<p>Un an\u00e1lisis realizado por la Canacintra con datos del Departamento de Transporte de Estados Unidos y del Instituto Nacional de Estad\u00edstica y Geograf\u00eda (Inegi) se\u00f1ala que cada carga que pasa por Ju\u00e1rez lleva una media de 135 mil d\u00f3lares en mercanc\u00eda.<\/p>\n\n\n\n<p>En esta temporada, a\u00f1adi\u00f3, en promedio cruzan 3 mil 429 cargas por d\u00eda.<\/p>\n\n\n\n<p>Salayand\u00eda Lara explic\u00f3 que entre las fallas de la Aduana Mexicana, las revisiones de los texanos y el cierre del cruce en el puente C\u00f3rdova-Am\u00e9ricas, la&nbsp;<strong>crisis<\/strong>&nbsp;derivada de la gesti\u00f3n&nbsp;<strong>migratoria<\/strong>&nbsp;se est\u00e1 convirtiendo tambi\u00e9n en una crisis de&nbsp;<strong>comercio<\/strong>&nbsp;<strong>exterior<\/strong>.<\/p>\n\n\n\n<p>Manuel Sotelo Su\u00e1rez, presidente de la Asociaci\u00f3n de Transportistas de Carga de Ciudad Ju\u00e1rez, dijo que el lunes y el martes toda esta situaci\u00f3n detuvo la mitad de las cargas, una situaci\u00f3n que no se ha normalizado por completo.<\/p>\n\n\n\n<p>\u201cSe me hace muy tardada la experiencia y el calor\u00f3n que no se aguanta, aqu\u00ed estamos parados. Llegu\u00e9 a las 7 de la ma\u00f1ana y ahorita ya llevo casi 6 horas\u201d, dijo V\u00edctor S\u00e1nchez, un chofer.<\/p>\n\n\n\n<p>\u201cNos dicen que por los indocumentados est\u00e1n haciendo todo esto y nos afecta a nosotros. La maquila est\u00e1 perdiendo mucho dinero y nosotros tambi\u00e9n\u201d, agreg\u00f3 mientras esperaba fluir en una fila de al menos 20 kil\u00f3metros de cargas varadas.<\/p>\n\n\n\n<p>Con informaci\u00f3n de EFE<\/p>\n","protected":false},"excerpt":{"rendered":"<p>Por Redacci\u00f3n QP La suspensi\u00f3n de trenes tiene \u201cvarados\u201d 500 mdd en exportaciones en la&#8230;<\/p>\n","protected":false},"author":2,"featured_media":105059,"comment_status":"open","ping_status":"open","sticky":false,"template":"","format":"standard","meta":{"_monsterinsights_skip_tracking":false,"_monsterinsights_sitenote_active":false,"_monsterinsights_sitenote_note":"","_monsterinsights_sitenote_category":0,"footnotes":""},"categories":[56],"tags":[],"class_list":["post-105058","post","type-post","status-publish","format-standard","has-post-thumbnail","hentry","category-economia"],"yoast_head":"<!-- This site is optimized with the Yoast SEO plugin v27.3 - https:\/\/yoast.com\/product\/yoast-seo-wordpress\/ -->\n<title>Afectaciones\u00a0por cerca de\u00a0500 millones de d\u00f3lares\u00a0en la frontera norte de M\u00e9xico por la\u00a0suspensi\u00f3n de trenes de carga -<\/title>\n<meta name=\"robots\" content=\"index, follow, max-snippet:-1, max-image-preview:large, max-video-preview:-1\" \/>\n<link rel=\"canonical\" href=\"https:\/\/quehacerpolitico.mx\/?p=105058\" \/>\n<meta property=\"og:locale\" content=\"es_MX\" \/>\n<meta property=\"og:type\" content=\"article\" \/>\n<meta property=\"og:title\" content=\"Afectaciones\u00a0por cerca de\u00a0500 millones de d\u00f3lares\u00a0en la frontera norte de M\u00e9xico por la\u00a0suspensi\u00f3n de trenes de carga -\" \/>\n<meta property=\"og:description\" content=\"Por Redacci\u00f3n QP La suspensi\u00f3n de trenes tiene \u201cvarados\u201d 500 mdd en exportaciones en la...\" \/>\n<meta property=\"og:url\" content=\"https:\/\/quehacerpolitico.mx\/?p=105058\" \/>\n<meta property=\"article:published_time\" content=\"2023-09-21T16:42:02+00:00\" \/>\n<meta property=\"article:modified_time\" content=\"2023-09-21T16:42:06+00:00\" \/>\n<meta property=\"og:image\" content=\"https:\/\/quehacerpolitico.mx\/wp-content\/uploads\/2023\/09\/IMG_0871.jpeg\" \/>\n\t<meta property=\"og:image:width\" content=\"678\" \/>\n\t<meta property=\"og:image:height\" content=\"452\" \/>\n\t<meta property=\"og:image:type\" content=\"image\/jpeg\" \/>\n<meta name=\"author\" content=\"Redacci\u00f3n QP\" \/>\n<meta name=\"twitter:card\" content=\"summary_large_image\" \/>\n<meta name=\"twitter:label1\" content=\"Escrito por\" \/>\n\t<meta name=\"twitter:data1\" content=\"Redacci\u00f3n QP\" \/>\n\t<meta name=\"twitter:label2\" content=\"Tiempo de lectura\" \/>\n\t<meta name=\"twitter:data2\" content=\"3 minutos\" \/>\n<script type=\"application\/ld+json\" class=\"yoast-schema-graph\">{\"@context\":\"https:\\\/\\\/schema.org\",\"@graph\":[{\"@type\":\"Article\",\"@id\":\"https:\\\/\\\/quehacerpolitico.mx\\\/?p=105058#article\",\"isPartOf\":{\"@id\":\"https:\\\/\\\/quehacerpolitico.mx\\\/?p=105058\"},\"author\":{\"name\":\"Redacci\u00f3n QP\",\"@id\":\"https:\\\/\\\/quehacerpolitico.mx\\\/#\\\/schema\\\/person\\\/496d8ad2d1d3f8036101dca7ee39e585\"},\"headline\":\"Afectaciones\u00a0por cerca de\u00a0500 millones de d\u00f3lares\u00a0en la frontera norte de M\u00e9xico por la\u00a0suspensi\u00f3n de trenes de carga\",\"datePublished\":\"2023-09-21T16:42:02+00:00\",\"dateModified\":\"2023-09-21T16:42:06+00:00\",\"mainEntityOfPage\":{\"@id\":\"https:\\\/\\\/quehacerpolitico.mx\\\/?p=105058\"},\"wordCount\":570,\"commentCount\":0,\"image\":{\"@id\":\"https:\\\/\\\/quehacerpolitico.mx\\\/?p=105058#primaryimage\"},\"thumbnailUrl\":\"https:\\\/\\\/quehacerpolitico.mx\\\/wp-content\\\/uploads\\\/2023\\\/09\\\/IMG_0871.jpeg\",\"articleSection\":[\"Econom\u00eda\"],\"inLanguage\":\"es\",\"potentialAction\":[{\"@type\":\"CommentAction\",\"name\":\"Comment\",\"target\":[\"https:\\\/\\\/quehacerpolitico.mx\\\/?p=105058#respond\"]}]},{\"@type\":\"WebPage\",\"@id\":\"https:\\\/\\\/quehacerpolitico.mx\\\/?p=105058\",\"url\":\"https:\\\/\\\/quehacerpolitico.mx\\\/?p=105058\",\"name\":\"Afectaciones\u00a0por cerca de\u00a0500 millones de d\u00f3lares\u00a0en la frontera norte de M\u00e9xico por la\u00a0suspensi\u00f3n de trenes de carga -\",\"isPartOf\":{\"@id\":\"https:\\\/\\\/quehacerpolitico.mx\\\/#website\"},\"primaryImageOfPage\":{\"@id\":\"https:\\\/\\\/quehacerpolitico.mx\\\/?p=105058#primaryimage\"},\"image\":{\"@id\":\"https:\\\/\\\/quehacerpolitico.mx\\\/?p=105058#primaryimage\"},\"thumbnailUrl\":\"https:\\\/\\\/quehacerpolitico.mx\\\/wp-content\\\/uploads\\\/2023\\\/09\\\/IMG_0871.jpeg\",\"datePublished\":\"2023-09-21T16:42:02+00:00\",\"dateModified\":\"2023-09-21T16:42:06+00:00\",\"author\":{\"@id\":\"https:\\\/\\\/quehacerpolitico.mx\\\/#\\\/schema\\\/person\\\/496d8ad2d1d3f8036101dca7ee39e585\"},\"breadcrumb\":{\"@id\":\"https:\\\/\\\/quehacerpolitico.mx\\\/?p=105058#breadcrumb\"},\"inLanguage\":\"es\",\"potentialAction\":[{\"@type\":\"ReadAction\",\"target\":[\"https:\\\/\\\/quehacerpolitico.mx\\\/?p=105058\"]}]},{\"@type\":\"ImageObject\",\"inLanguage\":\"es\",\"@id\":\"https:\\\/\\\/quehacerpolitico.mx\\\/?p=105058#primaryimage\",\"url\":\"https:\\\/\\\/quehacerpolitico.mx\\\/wp-content\\\/uploads\\\/2023\\\/09\\\/IMG_0871.jpeg\",\"contentUrl\":\"https:\\\/\\\/quehacerpolitico.mx\\\/wp-content\\\/uploads\\\/2023\\\/09\\\/IMG_0871.jpeg\",\"width\":678,\"height\":452},{\"@type\":\"BreadcrumbList\",\"@id\":\"https:\\\/\\\/quehacerpolitico.mx\\\/?p=105058#breadcrumb\",\"itemListElement\":[{\"@type\":\"ListItem\",\"position\":1,\"name\":\"Inicio\",\"item\":\"https:\\\/\\\/quehacerpolitico.mx\\\/\"},{\"@type\":\"ListItem\",\"position\":2,\"name\":\"Afectaciones\u00a0por cerca de\u00a0500 millones de d\u00f3lares\u00a0en la frontera norte de M\u00e9xico por la\u00a0suspensi\u00f3n de trenes de carga\"}]},{\"@type\":\"WebSite\",\"@id\":\"https:\\\/\\\/quehacerpolitico.mx\\\/#website\",\"url\":\"https:\\\/\\\/quehacerpolitico.mx\\\/\",\"name\":\"\",\"description\":\"\",\"potentialAction\":[{\"@type\":\"SearchAction\",\"target\":{\"@type\":\"EntryPoint\",\"urlTemplate\":\"https:\\\/\\\/quehacerpolitico.mx\\\/?s={search_term_string}\"},\"query-input\":{\"@type\":\"PropertyValueSpecification\",\"valueRequired\":true,\"valueName\":\"search_term_string\"}}],\"inLanguage\":\"es\"},{\"@type\":\"Person\",\"@id\":\"https:\\\/\\\/quehacerpolitico.mx\\\/#\\\/schema\\\/person\\\/496d8ad2d1d3f8036101dca7ee39e585\",\"name\":\"Redacci\u00f3n QP\",\"image\":{\"@type\":\"ImageObject\",\"inLanguage\":\"es\",\"@id\":\"https:\\\/\\\/secure.gravatar.com\\\/avatar\\\/c7164ed6fdec453195284ad24a5ae5b6e1eed2b848477fa2a4787ba9adf39a41?s=96&d=mm&r=g\",\"url\":\"https:\\\/\\\/secure.gravatar.com\\\/avatar\\\/c7164ed6fdec453195284ad24a5ae5b6e1eed2b848477fa2a4787ba9adf39a41?s=96&d=mm&r=g\",\"contentUrl\":\"https:\\\/\\\/secure.gravatar.com\\\/avatar\\\/c7164ed6fdec453195284ad24a5ae5b6e1eed2b848477fa2a4787ba9adf39a41?s=96&d=mm&r=g\",\"caption\":\"Redacci\u00f3n QP\"},\"url\":\"https:\\\/\\\/quehacerpolitico.mx\\\/?author=2\"}]}<\/script>\n<!-- \/ Yoast SEO plugin. -->","yoast_head_json":{"title":"Afectaciones\u00a0por cerca de\u00a0500 millones de d\u00f3lares\u00a0en la frontera norte de M\u00e9xico por la\u00a0suspensi\u00f3n de trenes de carga -","robots":{"index":"index","follow":"follow","max-snippet":"max-snippet:-1","max-image-preview":"max-image-preview:large","max-video-preview":"max-video-preview:-1"},"canonical":"https:\/\/quehacerpolitico.mx\/?p=105058","og_locale":"es_MX","og_type":"article","og_title":"Afectaciones\u00a0por cerca de\u00a0500 millones de d\u00f3lares\u00a0en la frontera norte de M\u00e9xico por la\u00a0suspensi\u00f3n de trenes de carga -","og_description":"Por Redacci\u00f3n QP La suspensi\u00f3n de trenes tiene \u201cvarados\u201d 500 mdd en exportaciones en la...","og_url":"https:\/\/quehacerpolitico.mx\/?p=105058","article_published_time":"2023-09-21T16:42:02+00:00","article_modified_time":"2023-09-21T16:42:06+00:00","og_image":[{"width":678,"height":452,"url":"https:\/\/quehacerpolitico.mx\/wp-content\/uploads\/2023\/09\/IMG_0871.jpeg","type":"image\/jpeg"}],"author":"Redacci\u00f3n QP","twitter_card":"summary_large_image","twitter_misc":{"Escrito por":"Redacci\u00f3n QP","Tiempo de lectura":"3 minutos"},"schema":{"@context":"https:\/\/schema.org","@graph":[{"@type":"Article","@id":"https:\/\/quehacerpolitico.mx\/?p=105058#article","isPartOf":{"@id":"https:\/\/quehacerpolitico.mx\/?p=105058"},"author":{"name":"Redacci\u00f3n QP","@id":"https:\/\/quehacerpolitico.mx\/#\/schema\/person\/496d8ad2d1d3f8036101dca7ee39e585"},"headline":"Afectaciones\u00a0por cerca de\u00a0500 millones de d\u00f3lares\u00a0en la frontera norte de M\u00e9xico por la\u00a0suspensi\u00f3n de trenes de carga","datePublished":"2023-09-21T16:42:02+00:00","dateModified":"2023-09-21T16:42:06+00:00","mainEntityOfPage":{"@id":"https:\/\/quehacerpolitico.mx\/?p=105058"},"wordCount":570,"commentCount":0,"image":{"@id":"https:\/\/quehacerpolitico.mx\/?p=105058#primaryimage"},"thumbnailUrl":"https:\/\/quehacerpolitico.mx\/wp-content\/uploads\/2023\/09\/IMG_0871.jpeg","articleSection":["Econom\u00eda"],"inLanguage":"es","potentialAction":[{"@type":"CommentAction","name":"Comment","target":["https:\/\/quehacerpolitico.mx\/?p=105058#respond"]}]},{"@type":"WebPage","@id":"https:\/\/quehacerpolitico.mx\/?p=105058","url":"https:\/\/quehacerpolitico.mx\/?p=105058","name":"Afectaciones\u00a0por cerca de\u00a0500 millones de d\u00f3lares\u00a0en la frontera norte de M\u00e9xico por la\u00a0suspensi\u00f3n de trenes de carga -","isPartOf":{"@id":"https:\/\/quehacerpolitico.mx\/#website"},"primaryImageOfPage":{"@id":"https:\/\/quehacerpolitico.mx\/?p=105058#primaryimage"},"image":{"@id":"https:\/\/quehacerpolitico.mx\/?p=105058#primaryimage"},"thumbnailUrl":"https:\/\/quehacerpolitico.mx\/wp-content\/uploads\/2023\/09\/IMG_0871.jpeg","datePublished":"2023-09-21T16:42:02+00:00","dateModified":"2023-09-21T16:42:06+00:00","author":{"@id":"https:\/\/quehacerpolitico.mx\/#\/schema\/person\/496d8ad2d1d3f8036101dca7ee39e585"},"breadcrumb":{"@id":"https:\/\/quehacerpolitico.mx\/?p=105058#breadcrumb"},"inLanguage":"es","potentialAction":[{"@type":"ReadAction","target":["https:\/\/quehacerpolitico.mx\/?p=105058"]}]},{"@type":"ImageObject","inLanguage":"es","@id":"https:\/\/quehacerpolitico.mx\/?p=105058#primaryimage","url":"https:\/\/quehacerpolitico.mx\/wp-content\/uploads\/2023\/09\/IMG_0871.jpeg","contentUrl":"https:\/\/quehacerpolitico.mx\/wp-content\/uploads\/2023\/09\/IMG_0871.jpeg","width":678,"height":452},{"@type":"BreadcrumbList","@id":"https:\/\/quehacerpolitico.mx\/?p=105058#breadcrumb","itemListElement":[{"@type":"ListItem","position":1,"name":"Inicio","item":"https:\/\/quehacerpolitico.mx\/"},{"@type":"ListItem","position":2,"name":"Afectaciones\u00a0por cerca de\u00a0500 millones de d\u00f3lares\u00a0en la frontera norte de M\u00e9xico por la\u00a0suspensi\u00f3n de trenes de carga"}]},{"@type":"WebSite","@id":"https:\/\/quehacerpolitico.mx\/#website","url":"https:\/\/quehacerpolitico.mx\/","name":"","description":"","potentialAction":[{"@type":"SearchAction","target":{"@type":"EntryPoint","urlTemplate":"https:\/\/quehacerpolitico.mx\/?s={search_term_string}"},"query-input":{"@type":"PropertyValueSpecification","valueRequired":true,"valueName":"search_term_string"}}],"inLanguage":"es"},{"@type":"Person","@id":"https:\/\/quehacerpolitico.mx\/#\/schema\/person\/496d8ad2d1d3f8036101dca7ee39e585","name":"Redacci\u00f3n QP","image":{"@type":"ImageObject","inLanguage":"es","@id":"https:\/\/secure.gravatar.com\/avatar\/c7164ed6fdec453195284ad24a5ae5b6e1eed2b848477fa2a4787ba9adf39a41?s=96&d=mm&r=g","url":"https:\/\/secure.gravatar.com\/avatar\/c7164ed6fdec453195284ad24a5ae5b6e1eed2b848477fa2a4787ba9adf39a41?s=96&d=mm&r=g","contentUrl":"https:\/\/secure.gravatar.com\/avatar\/c7164ed6fdec453195284ad24a5ae5b6e1eed2b848477fa2a4787ba9adf39a41?s=96&d=mm&r=g","caption":"Redacci\u00f3n QP"},"url":"https:\/\/quehacerpolitico.mx\/?author=2"}]}},"featured_image_urls":{"full":["https:\/\/quehacerpolitico.mx\/wp-content\/uploads\/2023\/09\/IMG_0871.jpeg",678,452,false],"thumbnail":["https:\/\/quehacerpolitico.mx\/wp-content\/uploads\/2023\/09\/IMG_0871-150x150.jpeg",150,150,true],"medium":["https:\/\/quehacerpolitico.mx\/wp-content\/uploads\/2023\/09\/IMG_0871-300x200.jpeg",300,200,true],"medium_large":["https:\/\/quehacerpolitico.mx\/wp-content\/uploads\/2023\/09\/IMG_0871.jpeg",640,427,false],"large":["https:\/\/quehacerpolitico.mx\/wp-content\/uploads\/2023\/09\/IMG_0871.jpeg",640,427,false],"1536x1536":["https:\/\/quehacerpolitico.mx\/wp-content\/uploads\/2023\/09\/IMG_0871.jpeg",678,452,false],"2048x2048":["https:\/\/quehacerpolitico.mx\/wp-content\/uploads\/2023\/09\/IMG_0871.jpeg",678,452,false],"covernews-featured":["https:\/\/quehacerpolitico.mx\/wp-content\/uploads\/2023\/09\/IMG_0871.jpeg",678,452,false],"covernews-medium":["https:\/\/quehacerpolitico.mx\/wp-content\/uploads\/2023\/09\/IMG_0871.jpeg",510,340,false]},"author_info":{"display_name":"Redacci\u00f3n QP","author_link":"https:\/\/quehacerpolitico.mx\/?author=2"},"category_info":"<a href=\"https:\/\/quehacerpolitico.mx\/?cat=56\" rel=\"category\">Econom\u00eda<\/a>","tag_info":"Econom\u00eda","comment_count":"0","_links":{"self":[{"href":"https:\/\/quehacerpolitico.mx\/index.php?rest_route=\/wp\/v2\/posts\/105058","targetHints":{"allow":["GET"]}}],"collection":[{"href":"https:\/\/quehacerpolitico.mx\/index.php?rest_route=\/wp\/v2\/posts"}],"about":[{"href":"https:\/\/quehacerpolitico.mx\/index.php?rest_route=\/wp\/v2\/types\/post"}],"author":[{"embeddable":true,"href":"https:\/\/quehacerpolitico.mx\/index.php?rest_route=\/wp\/v2\/users\/2"}],"replies":[{"embeddable":true,"href":"https:\/\/quehacerpolitico.mx\/index.php?rest_route=%2Fwp%2Fv2%2Fcomments&post=105058"}],"version-history":[{"count":1,"href":"https:\/\/quehacerpolitico.mx\/index.php?rest_route=\/wp\/v2\/posts\/105058\/revisions"}],"predecessor-version":[{"id":105060,"href":"https:\/\/quehacerpolitico.mx\/index.php?rest_route=\/wp\/v2\/posts\/105058\/revisions\/105060"}],"wp:featuredmedia":[{"embeddable":true,"href":"https:\/\/quehacerpolitico.mx\/index.php?rest_route=\/wp\/v2\/media\/105059"}],"wp:attachment":[{"href":"https:\/\/quehacerpolitico.mx\/index.php?rest_route=%2Fwp%2Fv2%2Fmedia&parent=105058"}],"wp:term":[{"taxonomy":"category","embeddable":true,"href":"https:\/\/quehacerpolitico.mx\/index.php?rest_route=%2Fwp%2Fv2%2Fcategories&post=105058"},{"taxonomy":"post_tag","embeddable":true,"href":"https:\/\/quehacerpolitico.mx\/index.php?rest_route=%2Fwp%2Fv2%2Ftags&post=105058"}],"curies":[{"name":"wp","href":"https:\/\/api.w.org\/{rel}","templated":true}]}}