{"id":104946,"date":"2023-09-19T15:44:54","date_gmt":"2023-09-19T15:44:54","guid":{"rendered":"https:\/\/quehacerpolitico.mx\/?p=104946"},"modified":"2023-09-19T15:44:58","modified_gmt":"2023-09-19T15:44:58","slug":"el-presidente-lopez-obrador-encabezo-este-martes-19-de-septiembre-la-ceremonia-de-izamiento-de-bandera-en-memoria-de-victimas-de-los-sismos-de-los-anos-1985y-20","status":"publish","type":"post","link":"https:\/\/quehacerpolitico.mx\/?p=104946","title":{"rendered":"El presidente L\u00f3pez Obrador encabez\u00f3 este martes\u00a019 de septiembre\u00a0la ceremonia de\u00a0izamiento de bandera\u00a0en memoria de v\u00edctimas de los\u00a0sismos\u00a0de los a\u00f1os\u00a01985y\u00a02017"},"content":{"rendered":"\n<p>Por Redacci\u00f3n QP<\/p>\n\n\n\n<p>El presidente L\u00f3pez Obrador guard\u00f3 un minuto de silencio en memoria de las personas que murieron a causa de los sismos de 1985 y 2017<\/p>\n\n\n\n<p><strong>Andres Manuel L\u00f3pez Obrador<\/strong>, presidente de M\u00e9xico, encabez\u00f3 este martes\u00a0<strong>19 de septiembre<\/strong>\u00a0la ceremonia de\u00a0<strong>izamiento de bandera<\/strong>\u00a0en memoria de v\u00edctimas de los\u00a0<strong>sismos<\/strong>\u00a0de los a\u00f1os\u00a0<strong>1985<\/strong>y\u00a0<strong>2017<\/strong>.<\/p>\n\n\n\n<p>En el Z\u00f3calo de la Ciudad de M\u00e9xico, el mandatario mexicano guard\u00f3 un minuto de silencio en memoria de las personas que murieron a causa de los sismos, al tiempo que integrantes de las Fuerzas Armadas entonaron el\u00a0<strong>Toque de Silencio y el Himno Nacional<\/strong>.<\/p>\n\n\n\n<p>La bandera nacional fue izada a media asta, la cual permanecer\u00e1 de esta forma durante todo este d\u00eda.<\/p>\n\n\n\n<p>Aproximadamente a las 7:15 h tiempo del centro de M\u00e9xico, L\u00f3pez Obrador sali\u00f3 del Palacio Nacional hacia el Z\u00f3calo acompa\u00f1ado de los secretarios de la Defensa Nacional,\u00a0<strong>Luis Cresencio Sandoval Gonz\u00e1lez<\/strong>\u00a0y de Marina,\u00a0<strong>Jos\u00e9 Rafael Ojeda Dur\u00e1n<\/strong>; las secretarias de Gobernaci\u00f3n,\u00a0<strong>Luisa Mar\u00eda Alcalde<\/strong>, y de Seguridad y Protecci\u00f3n Ciudadana,\u00a0<strong>Rosa Icela Rodr\u00edguez<\/strong>; el jefe de Gobierno de la Ciudad de M\u00e9xico,\u00a0<strong>Mart\u00ed Batres<\/strong>; la coordinadora nacional de Protecci\u00f3n Civil,\u00a0<strong>Laura Vel\u00e1zquez Alz\u00faa<\/strong>; el comandante de Guardia Nacional,\u00a0<strong>David C\u00f3rdova<\/strong>\u00a0y el presidente nacional de la Cruz Roja Mexicana,\u00a0<strong>Carlos Freaner<\/strong>.<\/p>\n\n\n\n<figure class=\"wp-block-embed is-type-video is-provider-youtube wp-block-embed-youtube wp-embed-aspect-16-9 wp-has-aspect-ratio\"><div class=\"wp-block-embed__wrapper\">\n<iframe loading=\"lazy\" title=\"Izamiento de bandera en memoria de las v\u00edctimas de los sismos de 1985 y 2017.\" width=\"640\" height=\"360\" src=\"https:\/\/www.youtube.com\/embed\/_eM5U6DTM18?feature=oembed\" frameborder=\"0\" allow=\"accelerometer; autoplay; clipboard-write; encrypted-media; gyroscope; picture-in-picture; web-share\" referrerpolicy=\"strict-origin-when-cross-origin\" allowfullscreen><\/iframe>\n<\/div><\/figure>\n\n\n\n<p>Despu\u00e9s del homenaje a las v\u00edctimas, el tabasque\u00f1o regres\u00f3 a Palacio Nacional para llevar a cabo la conferencia matutina en el Sal\u00f3n Tesorer\u00eda.<\/p>\n\n\n\n<p>El 19 de septiembre de 1985 el sismo ocurri\u00f3 a las 7:19 h local con una magnitud de 8.1 y con epicentro en el estado de Guerrero, en el sur del pa\u00eds, y dej\u00f3 m\u00e1s de 20 mil muertos, la mayor parte en la capital mexicana.<\/p>\n\n\n\n<p>En la misma fecha, 32 a\u00f1os despu\u00e9s, el 19 de septiembre de 2017 un terremoto de magnitud 7.1 y con epicentro entre Puebla y Morelos (centro del pa\u00eds) dej\u00f3 cerca de 370 muertos, 228 de ellos en Ciudad de M\u00e9xico.<\/p>\n","protected":false},"excerpt":{"rendered":"<p>Por Redacci\u00f3n QP El presidente L\u00f3pez Obrador guard\u00f3 un minuto de silencio en memoria de&#8230;<\/p>\n","protected":false},"author":2,"featured_media":104947,"comment_status":"open","ping_status":"open","sticky":false,"template":"","format":"standard","meta":{"_monsterinsights_skip_tracking":false,"_monsterinsights_sitenote_active":false,"_monsterinsights_sitenote_note":"","_monsterinsights_sitenote_category":0,"footnotes":""},"categories":[2],"tags":[],"class_list":["post-104946","post","type-post","status-publish","format-standard","has-post-thumbnail","hentry","category-noticias"],"yoast_head":"<!-- This site is optimized with the Yoast SEO plugin v27.3 - https:\/\/yoast.com\/product\/yoast-seo-wordpress\/ -->\n<title>El presidente L\u00f3pez Obrador encabez\u00f3 este martes\u00a019 de septiembre\u00a0la ceremonia de\u00a0izamiento de bandera\u00a0en memoria de v\u00edctimas de los\u00a0sismos\u00a0de los a\u00f1os\u00a01985y\u00a02017 -<\/title>\n<meta name=\"robots\" content=\"index, follow, max-snippet:-1, max-image-preview:large, max-video-preview:-1\" \/>\n<link rel=\"canonical\" href=\"https:\/\/quehacerpolitico.mx\/?p=104946\" \/>\n<meta property=\"og:locale\" content=\"es_MX\" \/>\n<meta property=\"og:type\" content=\"article\" \/>\n<meta property=\"og:title\" content=\"El presidente L\u00f3pez Obrador encabez\u00f3 este martes\u00a019 de septiembre\u00a0la ceremonia de\u00a0izamiento de bandera\u00a0en memoria de v\u00edctimas de los\u00a0sismos\u00a0de los a\u00f1os\u00a01985y\u00a02017 -\" \/>\n<meta property=\"og:description\" content=\"Por Redacci\u00f3n QP El presidente L\u00f3pez Obrador guard\u00f3 un minuto de silencio en memoria de...\" \/>\n<meta property=\"og:url\" content=\"https:\/\/quehacerpolitico.mx\/?p=104946\" \/>\n<meta property=\"article:published_time\" content=\"2023-09-19T15:44:54+00:00\" \/>\n<meta property=\"article:modified_time\" content=\"2023-09-19T15:44:58+00:00\" \/>\n<meta property=\"og:image\" content=\"https:\/\/quehacerpolitico.mx\/wp-content\/uploads\/2023\/09\/IMG_0803.jpeg\" \/>\n\t<meta property=\"og:image:width\" content=\"1278\" \/>\n\t<meta property=\"og:image:height\" content=\"699\" \/>\n\t<meta property=\"og:image:type\" content=\"image\/jpeg\" \/>\n<meta name=\"author\" content=\"Redacci\u00f3n QP\" \/>\n<meta name=\"twitter:card\" content=\"summary_large_image\" \/>\n<meta name=\"twitter:label1\" content=\"Escrito por\" \/>\n\t<meta name=\"twitter:data1\" content=\"Redacci\u00f3n QP\" \/>\n\t<meta name=\"twitter:label2\" content=\"Tiempo de lectura\" \/>\n\t<meta name=\"twitter:data2\" content=\"2 minutos\" \/>\n<script type=\"application\/ld+json\" class=\"yoast-schema-graph\">{\"@context\":\"https:\\\/\\\/schema.org\",\"@graph\":[{\"@type\":\"Article\",\"@id\":\"https:\\\/\\\/quehacerpolitico.mx\\\/?p=104946#article\",\"isPartOf\":{\"@id\":\"https:\\\/\\\/quehacerpolitico.mx\\\/?p=104946\"},\"author\":{\"name\":\"Redacci\u00f3n QP\",\"@id\":\"https:\\\/\\\/quehacerpolitico.mx\\\/#\\\/schema\\\/person\\\/496d8ad2d1d3f8036101dca7ee39e585\"},\"headline\":\"El presidente L\u00f3pez Obrador encabez\u00f3 este martes\u00a019 de septiembre\u00a0la ceremonia de\u00a0izamiento de bandera\u00a0en memoria de v\u00edctimas de los\u00a0sismos\u00a0de los a\u00f1os\u00a01985y\u00a02017\",\"datePublished\":\"2023-09-19T15:44:54+00:00\",\"dateModified\":\"2023-09-19T15:44:58+00:00\",\"mainEntityOfPage\":{\"@id\":\"https:\\\/\\\/quehacerpolitico.mx\\\/?p=104946\"},\"wordCount\":384,\"commentCount\":0,\"image\":{\"@id\":\"https:\\\/\\\/quehacerpolitico.mx\\\/?p=104946#primaryimage\"},\"thumbnailUrl\":\"https:\\\/\\\/quehacerpolitico.mx\\\/wp-content\\\/uploads\\\/2023\\\/09\\\/IMG_0803.jpeg\",\"articleSection\":[\"Noticias\"],\"inLanguage\":\"es\",\"potentialAction\":[{\"@type\":\"CommentAction\",\"name\":\"Comment\",\"target\":[\"https:\\\/\\\/quehacerpolitico.mx\\\/?p=104946#respond\"]}]},{\"@type\":\"WebPage\",\"@id\":\"https:\\\/\\\/quehacerpolitico.mx\\\/?p=104946\",\"url\":\"https:\\\/\\\/quehacerpolitico.mx\\\/?p=104946\",\"name\":\"El presidente L\u00f3pez Obrador encabez\u00f3 este martes\u00a019 de septiembre\u00a0la ceremonia de\u00a0izamiento de bandera\u00a0en memoria de v\u00edctimas de los\u00a0sismos\u00a0de los a\u00f1os\u00a01985y\u00a02017 -\",\"isPartOf\":{\"@id\":\"https:\\\/\\\/quehacerpolitico.mx\\\/#website\"},\"primaryImageOfPage\":{\"@id\":\"https:\\\/\\\/quehacerpolitico.mx\\\/?p=104946#primaryimage\"},\"image\":{\"@id\":\"https:\\\/\\\/quehacerpolitico.mx\\\/?p=104946#primaryimage\"},\"thumbnailUrl\":\"https:\\\/\\\/quehacerpolitico.mx\\\/wp-content\\\/uploads\\\/2023\\\/09\\\/IMG_0803.jpeg\",\"datePublished\":\"2023-09-19T15:44:54+00:00\",\"dateModified\":\"2023-09-19T15:44:58+00:00\",\"author\":{\"@id\":\"https:\\\/\\\/quehacerpolitico.mx\\\/#\\\/schema\\\/person\\\/496d8ad2d1d3f8036101dca7ee39e585\"},\"breadcrumb\":{\"@id\":\"https:\\\/\\\/quehacerpolitico.mx\\\/?p=104946#breadcrumb\"},\"inLanguage\":\"es\",\"potentialAction\":[{\"@type\":\"ReadAction\",\"target\":[\"https:\\\/\\\/quehacerpolitico.mx\\\/?p=104946\"]}]},{\"@type\":\"ImageObject\",\"inLanguage\":\"es\",\"@id\":\"https:\\\/\\\/quehacerpolitico.mx\\\/?p=104946#primaryimage\",\"url\":\"https:\\\/\\\/quehacerpolitico.mx\\\/wp-content\\\/uploads\\\/2023\\\/09\\\/IMG_0803.jpeg\",\"contentUrl\":\"https:\\\/\\\/quehacerpolitico.mx\\\/wp-content\\\/uploads\\\/2023\\\/09\\\/IMG_0803.jpeg\",\"width\":1278,\"height\":699},{\"@type\":\"BreadcrumbList\",\"@id\":\"https:\\\/\\\/quehacerpolitico.mx\\\/?p=104946#breadcrumb\",\"itemListElement\":[{\"@type\":\"ListItem\",\"position\":1,\"name\":\"Inicio\",\"item\":\"https:\\\/\\\/quehacerpolitico.mx\\\/\"},{\"@type\":\"ListItem\",\"position\":2,\"name\":\"El presidente L\u00f3pez Obrador encabez\u00f3 este martes\u00a019 de septiembre\u00a0la ceremonia de\u00a0izamiento de bandera\u00a0en memoria de v\u00edctimas de los\u00a0sismos\u00a0de los a\u00f1os\u00a01985y\u00a02017\"}]},{\"@type\":\"WebSite\",\"@id\":\"https:\\\/\\\/quehacerpolitico.mx\\\/#website\",\"url\":\"https:\\\/\\\/quehacerpolitico.mx\\\/\",\"name\":\"\",\"description\":\"\",\"potentialAction\":[{\"@type\":\"SearchAction\",\"target\":{\"@type\":\"EntryPoint\",\"urlTemplate\":\"https:\\\/\\\/quehacerpolitico.mx\\\/?s={search_term_string}\"},\"query-input\":{\"@type\":\"PropertyValueSpecification\",\"valueRequired\":true,\"valueName\":\"search_term_string\"}}],\"inLanguage\":\"es\"},{\"@type\":\"Person\",\"@id\":\"https:\\\/\\\/quehacerpolitico.mx\\\/#\\\/schema\\\/person\\\/496d8ad2d1d3f8036101dca7ee39e585\",\"name\":\"Redacci\u00f3n QP\",\"image\":{\"@type\":\"ImageObject\",\"inLanguage\":\"es\",\"@id\":\"https:\\\/\\\/secure.gravatar.com\\\/avatar\\\/c7164ed6fdec453195284ad24a5ae5b6e1eed2b848477fa2a4787ba9adf39a41?s=96&d=mm&r=g\",\"url\":\"https:\\\/\\\/secure.gravatar.com\\\/avatar\\\/c7164ed6fdec453195284ad24a5ae5b6e1eed2b848477fa2a4787ba9adf39a41?s=96&d=mm&r=g\",\"contentUrl\":\"https:\\\/\\\/secure.gravatar.com\\\/avatar\\\/c7164ed6fdec453195284ad24a5ae5b6e1eed2b848477fa2a4787ba9adf39a41?s=96&d=mm&r=g\",\"caption\":\"Redacci\u00f3n QP\"},\"url\":\"https:\\\/\\\/quehacerpolitico.mx\\\/?author=2\"}]}<\/script>\n<!-- \/ Yoast SEO plugin. -->","yoast_head_json":{"title":"El presidente L\u00f3pez Obrador encabez\u00f3 este martes\u00a019 de septiembre\u00a0la ceremonia de\u00a0izamiento de bandera\u00a0en memoria de v\u00edctimas de los\u00a0sismos\u00a0de los a\u00f1os\u00a01985y\u00a02017 -","robots":{"index":"index","follow":"follow","max-snippet":"max-snippet:-1","max-image-preview":"max-image-preview:large","max-video-preview":"max-video-preview:-1"},"canonical":"https:\/\/quehacerpolitico.mx\/?p=104946","og_locale":"es_MX","og_type":"article","og_title":"El presidente L\u00f3pez Obrador encabez\u00f3 este martes\u00a019 de septiembre\u00a0la ceremonia de\u00a0izamiento de bandera\u00a0en memoria de v\u00edctimas de los\u00a0sismos\u00a0de los a\u00f1os\u00a01985y\u00a02017 -","og_description":"Por Redacci\u00f3n QP El presidente L\u00f3pez Obrador guard\u00f3 un minuto de silencio en memoria de...","og_url":"https:\/\/quehacerpolitico.mx\/?p=104946","article_published_time":"2023-09-19T15:44:54+00:00","article_modified_time":"2023-09-19T15:44:58+00:00","og_image":[{"width":1278,"height":699,"url":"https:\/\/quehacerpolitico.mx\/wp-content\/uploads\/2023\/09\/IMG_0803.jpeg","type":"image\/jpeg"}],"author":"Redacci\u00f3n QP","twitter_card":"summary_large_image","twitter_misc":{"Escrito por":"Redacci\u00f3n QP","Tiempo de lectura":"2 minutos"},"schema":{"@context":"https:\/\/schema.org","@graph":[{"@type":"Article","@id":"https:\/\/quehacerpolitico.mx\/?p=104946#article","isPartOf":{"@id":"https:\/\/quehacerpolitico.mx\/?p=104946"},"author":{"name":"Redacci\u00f3n QP","@id":"https:\/\/quehacerpolitico.mx\/#\/schema\/person\/496d8ad2d1d3f8036101dca7ee39e585"},"headline":"El presidente L\u00f3pez Obrador encabez\u00f3 este martes\u00a019 de septiembre\u00a0la ceremonia de\u00a0izamiento de bandera\u00a0en memoria de v\u00edctimas de los\u00a0sismos\u00a0de los a\u00f1os\u00a01985y\u00a02017","datePublished":"2023-09-19T15:44:54+00:00","dateModified":"2023-09-19T15:44:58+00:00","mainEntityOfPage":{"@id":"https:\/\/quehacerpolitico.mx\/?p=104946"},"wordCount":384,"commentCount":0,"image":{"@id":"https:\/\/quehacerpolitico.mx\/?p=104946#primaryimage"},"thumbnailUrl":"https:\/\/quehacerpolitico.mx\/wp-content\/uploads\/2023\/09\/IMG_0803.jpeg","articleSection":["Noticias"],"inLanguage":"es","potentialAction":[{"@type":"CommentAction","name":"Comment","target":["https:\/\/quehacerpolitico.mx\/?p=104946#respond"]}]},{"@type":"WebPage","@id":"https:\/\/quehacerpolitico.mx\/?p=104946","url":"https:\/\/quehacerpolitico.mx\/?p=104946","name":"El presidente L\u00f3pez Obrador encabez\u00f3 este martes\u00a019 de septiembre\u00a0la ceremonia de\u00a0izamiento de bandera\u00a0en memoria de v\u00edctimas de los\u00a0sismos\u00a0de los a\u00f1os\u00a01985y\u00a02017 -","isPartOf":{"@id":"https:\/\/quehacerpolitico.mx\/#website"},"primaryImageOfPage":{"@id":"https:\/\/quehacerpolitico.mx\/?p=104946#primaryimage"},"image":{"@id":"https:\/\/quehacerpolitico.mx\/?p=104946#primaryimage"},"thumbnailUrl":"https:\/\/quehacerpolitico.mx\/wp-content\/uploads\/2023\/09\/IMG_0803.jpeg","datePublished":"2023-09-19T15:44:54+00:00","dateModified":"2023-09-19T15:44:58+00:00","author":{"@id":"https:\/\/quehacerpolitico.mx\/#\/schema\/person\/496d8ad2d1d3f8036101dca7ee39e585"},"breadcrumb":{"@id":"https:\/\/quehacerpolitico.mx\/?p=104946#breadcrumb"},"inLanguage":"es","potentialAction":[{"@type":"ReadAction","target":["https:\/\/quehacerpolitico.mx\/?p=104946"]}]},{"@type":"ImageObject","inLanguage":"es","@id":"https:\/\/quehacerpolitico.mx\/?p=104946#primaryimage","url":"https:\/\/quehacerpolitico.mx\/wp-content\/uploads\/2023\/09\/IMG_0803.jpeg","contentUrl":"https:\/\/quehacerpolitico.mx\/wp-content\/uploads\/2023\/09\/IMG_0803.jpeg","width":1278,"height":699},{"@type":"BreadcrumbList","@id":"https:\/\/quehacerpolitico.mx\/?p=104946#breadcrumb","itemListElement":[{"@type":"ListItem","position":1,"name":"Inicio","item":"https:\/\/quehacerpolitico.mx\/"},{"@type":"ListItem","position":2,"name":"El presidente L\u00f3pez Obrador encabez\u00f3 este martes\u00a019 de septiembre\u00a0la ceremonia de\u00a0izamiento de bandera\u00a0en memoria de v\u00edctimas de los\u00a0sismos\u00a0de los a\u00f1os\u00a01985y\u00a02017"}]},{"@type":"WebSite","@id":"https:\/\/quehacerpolitico.mx\/#website","url":"https:\/\/quehacerpolitico.mx\/","name":"","description":"","potentialAction":[{"@type":"SearchAction","target":{"@type":"EntryPoint","urlTemplate":"https:\/\/quehacerpolitico.mx\/?s={search_term_string}"},"query-input":{"@type":"PropertyValueSpecification","valueRequired":true,"valueName":"search_term_string"}}],"inLanguage":"es"},{"@type":"Person","@id":"https:\/\/quehacerpolitico.mx\/#\/schema\/person\/496d8ad2d1d3f8036101dca7ee39e585","name":"Redacci\u00f3n QP","image":{"@type":"ImageObject","inLanguage":"es","@id":"https:\/\/secure.gravatar.com\/avatar\/c7164ed6fdec453195284ad24a5ae5b6e1eed2b848477fa2a4787ba9adf39a41?s=96&d=mm&r=g","url":"https:\/\/secure.gravatar.com\/avatar\/c7164ed6fdec453195284ad24a5ae5b6e1eed2b848477fa2a4787ba9adf39a41?s=96&d=mm&r=g","contentUrl":"https:\/\/secure.gravatar.com\/avatar\/c7164ed6fdec453195284ad24a5ae5b6e1eed2b848477fa2a4787ba9adf39a41?s=96&d=mm&r=g","caption":"Redacci\u00f3n QP"},"url":"https:\/\/quehacerpolitico.mx\/?author=2"}]}},"featured_image_urls":{"full":["https:\/\/quehacerpolitico.mx\/wp-content\/uploads\/2023\/09\/IMG_0803.jpeg",1278,699,false],"thumbnail":["https:\/\/quehacerpolitico.mx\/wp-content\/uploads\/2023\/09\/IMG_0803-150x150.jpeg",150,150,true],"medium":["https:\/\/quehacerpolitico.mx\/wp-content\/uploads\/2023\/09\/IMG_0803-300x164.jpeg",300,164,true],"medium_large":["https:\/\/quehacerpolitico.mx\/wp-content\/uploads\/2023\/09\/IMG_0803-768x420.jpeg",640,350,true],"large":["https:\/\/quehacerpolitico.mx\/wp-content\/uploads\/2023\/09\/IMG_0803-1024x560.jpeg",640,350,true],"1536x1536":["https:\/\/quehacerpolitico.mx\/wp-content\/uploads\/2023\/09\/IMG_0803.jpeg",1278,699,false],"2048x2048":["https:\/\/quehacerpolitico.mx\/wp-content\/uploads\/2023\/09\/IMG_0803.jpeg",1278,699,false],"covernews-featured":["https:\/\/quehacerpolitico.mx\/wp-content\/uploads\/2023\/09\/IMG_0803.jpeg",1024,560,false],"covernews-medium":["https:\/\/quehacerpolitico.mx\/wp-content\/uploads\/2023\/09\/IMG_0803.jpeg",540,295,false]},"author_info":{"display_name":"Redacci\u00f3n QP","author_link":"https:\/\/quehacerpolitico.mx\/?author=2"},"category_info":"<a href=\"https:\/\/quehacerpolitico.mx\/?cat=2\" rel=\"category\">Noticias<\/a>","tag_info":"Noticias","comment_count":"0","_links":{"self":[{"href":"https:\/\/quehacerpolitico.mx\/index.php?rest_route=\/wp\/v2\/posts\/104946","targetHints":{"allow":["GET"]}}],"collection":[{"href":"https:\/\/quehacerpolitico.mx\/index.php?rest_route=\/wp\/v2\/posts"}],"about":[{"href":"https:\/\/quehacerpolitico.mx\/index.php?rest_route=\/wp\/v2\/types\/post"}],"author":[{"embeddable":true,"href":"https:\/\/quehacerpolitico.mx\/index.php?rest_route=\/wp\/v2\/users\/2"}],"replies":[{"embeddable":true,"href":"https:\/\/quehacerpolitico.mx\/index.php?rest_route=%2Fwp%2Fv2%2Fcomments&post=104946"}],"version-history":[{"count":1,"href":"https:\/\/quehacerpolitico.mx\/index.php?rest_route=\/wp\/v2\/posts\/104946\/revisions"}],"predecessor-version":[{"id":104948,"href":"https:\/\/quehacerpolitico.mx\/index.php?rest_route=\/wp\/v2\/posts\/104946\/revisions\/104948"}],"wp:featuredmedia":[{"embeddable":true,"href":"https:\/\/quehacerpolitico.mx\/index.php?rest_route=\/wp\/v2\/media\/104947"}],"wp:attachment":[{"href":"https:\/\/quehacerpolitico.mx\/index.php?rest_route=%2Fwp%2Fv2%2Fmedia&parent=104946"}],"wp:term":[{"taxonomy":"category","embeddable":true,"href":"https:\/\/quehacerpolitico.mx\/index.php?rest_route=%2Fwp%2Fv2%2Fcategories&post=104946"},{"taxonomy":"post_tag","embeddable":true,"href":"https:\/\/quehacerpolitico.mx\/index.php?rest_route=%2Fwp%2Fv2%2Ftags&post=104946"}],"curies":[{"name":"wp","href":"https:\/\/api.w.org\/{rel}","templated":true}]}}