{"id":104927,"date":"2023-09-18T17:45:13","date_gmt":"2023-09-18T17:45:13","guid":{"rendered":"https:\/\/quehacerpolitico.mx\/?p=104927"},"modified":"2023-09-18T17:45:17","modified_gmt":"2023-09-18T17:45:17","slug":"amlo-abre-la-puerta-para-la-importacion-de-vacunas-contra-el-covid-19","status":"publish","type":"post","link":"https:\/\/quehacerpolitico.mx\/?p=104927","title":{"rendered":"AMLO abre la puerta para la\u00a0importaci\u00f3n\u00a0de\u00a0vacunas\u00a0contra el\u00a0COVID-19"},"content":{"rendered":"\n<p>Por Redacci\u00f3n QP<\/p>\n\n\n\n<p>El presidente L\u00f3pez Obrador dej\u00f3 en claro que su Gobierno debe garantizar el derecho a la salud, lo que implica medicinas y vacunas<\/p>\n\n\n\n<p>El presidente de M\u00e9xico,\u00a0<strong>Andres Manuel\u00a0L\u00f3pez Obrador<\/strong>, abri\u00f3 la puerta para la\u00a0<strong>importaci\u00f3n<\/strong>\u00a0de\u00a0<strong>vacunas<\/strong>\u00a0contra el\u00a0<strong>COVID-19<\/strong>.<\/p>\n\n\n\n<p>\u201cLa vacuna se puede aplicar de manera universal a todos, es un derecho el que se tengan todos los medicamentos, vacunas, es un derecho constitucional el derecho a la salud, y nosotros hemos hecho el compromiso de que medicinas para los que no tienen seguridad social son entregados de manera gratuita y se incluyen vacunas, eso no es ning\u00fan problema\u201d, indic\u00f3.<\/p>\n\n\n\n<p>\u201cS\u00ed, s\u00ed, s\u00ed, y tambi\u00e9n hemos sostenido que el que quiera comprar vacuna y se quiera aplicar cualquier vacuna lo puede hacer, no vamos a impedir que se use una medicina, una vacuna, de ninguna manera, pero s\u00ed es una responsabilidad del Estado garantizar el derecho a la salud\u201d, dijo.<\/p>\n\n\n\n<figure class=\"wp-block-embed is-type-video is-provider-youtube wp-block-embed-youtube wp-embed-aspect-16-9 wp-has-aspect-ratio\"><div class=\"wp-block-embed__wrapper\">\n<iframe loading=\"lazy\" title=\"Abre AMLO puerta a importaci\u00f3n de vacunas contra Covid-19\" width=\"640\" height=\"360\" src=\"https:\/\/www.youtube.com\/embed\/Zg-WOL6MoXE?feature=oembed\" frameborder=\"0\" allow=\"accelerometer; autoplay; clipboard-write; encrypted-media; gyroscope; picture-in-picture; web-share\" referrerpolicy=\"strict-origin-when-cross-origin\" allowfullscreen><\/iframe>\n<\/div><\/figure>\n\n\n\n<p>S\u00ed se podr\u00eda importar, no le veo problema para nada. Imag\u00ednense la concepci\u00f3n neoliberal con la pandemia, no saben cu\u00e1ntos quer\u00edan importar para hacer negocio y, \u00bfqu\u00e9 iba a pasar con la gente humilde? Muchos se quedaron con ganas de hacer negocio, es que andan\u00a0<em>zopiloteando<\/em>, est\u00e1n enojados por eso\u201d, declar\u00f3.<\/p>\n\n\n\n<p>El\u00a0Gobierno mexicano anunci\u00f3 la semana pasada que usar\u00e1 m\u00e1s de 9 millones de dosis de las vacunas de Rusia,\u00a0<strong>Sputnik<\/strong>, y de Cuba,\u00a0<strong>Abdala<\/strong>, en su estrategia de refuerzo contra el COVID-19, cuyos casos han aumentado en Estados Unidos de forma reciente.<\/p>\n\n\n\n<p>El secretario de&nbsp;<strong>Salud, Jorge Alcocer,<\/strong>&nbsp;expuso que M\u00e9xico cuenta con m\u00e1s de 5.38 millones de dosis comprometidas de Abdala, adem\u00e1s de la pr\u00f3xima llegada de 4 millones de unidades de Sputnik.<\/p>\n\n\n\n<p>\u201cEst\u00e1n aseguradas las llegadas de ambas, tanto la de Sputnik como las restantes de Abdala. La ruta cr\u00edtica de entrega ser\u00e1 para la segunda quincena de octubre\u201d, revel\u00f3 el funcionario en la conferencia diaria del Gobierno.<\/p>\n\n\n\n<p>El anuncio de M\u00e9xico ocurre un d\u00eda despu\u00e9s de que la&nbsp;<strong>Administraci\u00f3n de Alimentos y F\u00e1rmacos de EE.UU.<\/strong>&nbsp;(<strong>FDA<\/strong>, en ingl\u00e9s) aprob\u00f3 las vacunas actualizadas de Moderna y Pfizer\/BioNTech contra la covid-19 en medio de un aumento de casos y hospitalizaciones y el surgimiento de nuevas variantes.<\/p>\n\n\n\n<p>M\u00e9xico, donde el 76 por ciento de la poblaci\u00f3n ha recibido al menos una dosis, fue uno de los pa\u00edses con uno de los portafolios m\u00e1s amplios, al incluir las estadounidenses Pfizer, Moderna y Johnson &amp; Johnson, y la brit\u00e1nica AstraZeneca, pero tambi\u00e9n f\u00e1rmacos de Cuba, Rusia y China.<\/p>\n\n\n\n<p>El Gobierno mexicano ha recibido cr\u00edticas por apostar a los f\u00e1rmacos de Rusia y Cuba contra el COVID-19 porque no est\u00e1n avalados por la&nbsp;<strong>Organizaci\u00f3n Mundial de la Salud<\/strong>&nbsp;(<strong>OMS<\/strong>).<\/p>\n","protected":false},"excerpt":{"rendered":"<p>Por Redacci\u00f3n QP El presidente L\u00f3pez Obrador dej\u00f3 en claro que su Gobierno debe garantizar&#8230;<\/p>\n","protected":false},"author":2,"featured_media":104928,"comment_status":"open","ping_status":"open","sticky":false,"template":"","format":"standard","meta":{"_monsterinsights_skip_tracking":false,"_monsterinsights_sitenote_active":false,"_monsterinsights_sitenote_note":"","_monsterinsights_sitenote_category":0,"footnotes":""},"categories":[2],"tags":[],"class_list":["post-104927","post","type-post","status-publish","format-standard","has-post-thumbnail","hentry","category-noticias"],"yoast_head":"<!-- This site is optimized with the Yoast SEO plugin v27.3 - https:\/\/yoast.com\/product\/yoast-seo-wordpress\/ -->\n<title>AMLO abre la puerta para la\u00a0importaci\u00f3n\u00a0de\u00a0vacunas\u00a0contra el\u00a0COVID-19 -<\/title>\n<meta name=\"robots\" content=\"index, follow, max-snippet:-1, max-image-preview:large, max-video-preview:-1\" \/>\n<link rel=\"canonical\" href=\"https:\/\/quehacerpolitico.mx\/?p=104927\" \/>\n<meta property=\"og:locale\" content=\"es_MX\" \/>\n<meta property=\"og:type\" content=\"article\" \/>\n<meta property=\"og:title\" content=\"AMLO abre la puerta para la\u00a0importaci\u00f3n\u00a0de\u00a0vacunas\u00a0contra el\u00a0COVID-19 -\" \/>\n<meta property=\"og:description\" content=\"Por Redacci\u00f3n QP El presidente L\u00f3pez Obrador dej\u00f3 en claro que su Gobierno debe garantizar...\" \/>\n<meta property=\"og:url\" content=\"https:\/\/quehacerpolitico.mx\/?p=104927\" \/>\n<meta property=\"article:published_time\" content=\"2023-09-18T17:45:13+00:00\" \/>\n<meta property=\"article:modified_time\" content=\"2023-09-18T17:45:17+00:00\" \/>\n<meta property=\"og:image\" content=\"https:\/\/quehacerpolitico.mx\/wp-content\/uploads\/2023\/09\/IMG_0781.jpeg\" \/>\n\t<meta property=\"og:image:width\" content=\"1252\" \/>\n\t<meta property=\"og:image:height\" content=\"687\" \/>\n\t<meta property=\"og:image:type\" content=\"image\/jpeg\" \/>\n<meta name=\"author\" content=\"Redacci\u00f3n QP\" \/>\n<meta name=\"twitter:card\" content=\"summary_large_image\" \/>\n<meta name=\"twitter:label1\" content=\"Escrito por\" \/>\n\t<meta name=\"twitter:data1\" content=\"Redacci\u00f3n QP\" \/>\n\t<meta name=\"twitter:label2\" content=\"Tiempo de lectura\" \/>\n\t<meta name=\"twitter:data2\" content=\"2 minutos\" \/>\n<script type=\"application\/ld+json\" class=\"yoast-schema-graph\">{\"@context\":\"https:\\\/\\\/schema.org\",\"@graph\":[{\"@type\":\"Article\",\"@id\":\"https:\\\/\\\/quehacerpolitico.mx\\\/?p=104927#article\",\"isPartOf\":{\"@id\":\"https:\\\/\\\/quehacerpolitico.mx\\\/?p=104927\"},\"author\":{\"name\":\"Redacci\u00f3n QP\",\"@id\":\"https:\\\/\\\/quehacerpolitico.mx\\\/#\\\/schema\\\/person\\\/496d8ad2d1d3f8036101dca7ee39e585\"},\"headline\":\"AMLO abre la puerta para la\u00a0importaci\u00f3n\u00a0de\u00a0vacunas\u00a0contra el\u00a0COVID-19\",\"datePublished\":\"2023-09-18T17:45:13+00:00\",\"dateModified\":\"2023-09-18T17:45:17+00:00\",\"mainEntityOfPage\":{\"@id\":\"https:\\\/\\\/quehacerpolitico.mx\\\/?p=104927\"},\"wordCount\":508,\"commentCount\":0,\"image\":{\"@id\":\"https:\\\/\\\/quehacerpolitico.mx\\\/?p=104927#primaryimage\"},\"thumbnailUrl\":\"https:\\\/\\\/quehacerpolitico.mx\\\/wp-content\\\/uploads\\\/2023\\\/09\\\/IMG_0781.jpeg\",\"articleSection\":[\"Noticias\"],\"inLanguage\":\"es\",\"potentialAction\":[{\"@type\":\"CommentAction\",\"name\":\"Comment\",\"target\":[\"https:\\\/\\\/quehacerpolitico.mx\\\/?p=104927#respond\"]}]},{\"@type\":\"WebPage\",\"@id\":\"https:\\\/\\\/quehacerpolitico.mx\\\/?p=104927\",\"url\":\"https:\\\/\\\/quehacerpolitico.mx\\\/?p=104927\",\"name\":\"AMLO abre la puerta para la\u00a0importaci\u00f3n\u00a0de\u00a0vacunas\u00a0contra el\u00a0COVID-19 -\",\"isPartOf\":{\"@id\":\"https:\\\/\\\/quehacerpolitico.mx\\\/#website\"},\"primaryImageOfPage\":{\"@id\":\"https:\\\/\\\/quehacerpolitico.mx\\\/?p=104927#primaryimage\"},\"image\":{\"@id\":\"https:\\\/\\\/quehacerpolitico.mx\\\/?p=104927#primaryimage\"},\"thumbnailUrl\":\"https:\\\/\\\/quehacerpolitico.mx\\\/wp-content\\\/uploads\\\/2023\\\/09\\\/IMG_0781.jpeg\",\"datePublished\":\"2023-09-18T17:45:13+00:00\",\"dateModified\":\"2023-09-18T17:45:17+00:00\",\"author\":{\"@id\":\"https:\\\/\\\/quehacerpolitico.mx\\\/#\\\/schema\\\/person\\\/496d8ad2d1d3f8036101dca7ee39e585\"},\"breadcrumb\":{\"@id\":\"https:\\\/\\\/quehacerpolitico.mx\\\/?p=104927#breadcrumb\"},\"inLanguage\":\"es\",\"potentialAction\":[{\"@type\":\"ReadAction\",\"target\":[\"https:\\\/\\\/quehacerpolitico.mx\\\/?p=104927\"]}]},{\"@type\":\"ImageObject\",\"inLanguage\":\"es\",\"@id\":\"https:\\\/\\\/quehacerpolitico.mx\\\/?p=104927#primaryimage\",\"url\":\"https:\\\/\\\/quehacerpolitico.mx\\\/wp-content\\\/uploads\\\/2023\\\/09\\\/IMG_0781.jpeg\",\"contentUrl\":\"https:\\\/\\\/quehacerpolitico.mx\\\/wp-content\\\/uploads\\\/2023\\\/09\\\/IMG_0781.jpeg\",\"width\":1252,\"height\":687},{\"@type\":\"BreadcrumbList\",\"@id\":\"https:\\\/\\\/quehacerpolitico.mx\\\/?p=104927#breadcrumb\",\"itemListElement\":[{\"@type\":\"ListItem\",\"position\":1,\"name\":\"Inicio\",\"item\":\"https:\\\/\\\/quehacerpolitico.mx\\\/\"},{\"@type\":\"ListItem\",\"position\":2,\"name\":\"AMLO abre la puerta para la\u00a0importaci\u00f3n\u00a0de\u00a0vacunas\u00a0contra el\u00a0COVID-19\"}]},{\"@type\":\"WebSite\",\"@id\":\"https:\\\/\\\/quehacerpolitico.mx\\\/#website\",\"url\":\"https:\\\/\\\/quehacerpolitico.mx\\\/\",\"name\":\"\",\"description\":\"\",\"potentialAction\":[{\"@type\":\"SearchAction\",\"target\":{\"@type\":\"EntryPoint\",\"urlTemplate\":\"https:\\\/\\\/quehacerpolitico.mx\\\/?s={search_term_string}\"},\"query-input\":{\"@type\":\"PropertyValueSpecification\",\"valueRequired\":true,\"valueName\":\"search_term_string\"}}],\"inLanguage\":\"es\"},{\"@type\":\"Person\",\"@id\":\"https:\\\/\\\/quehacerpolitico.mx\\\/#\\\/schema\\\/person\\\/496d8ad2d1d3f8036101dca7ee39e585\",\"name\":\"Redacci\u00f3n QP\",\"image\":{\"@type\":\"ImageObject\",\"inLanguage\":\"es\",\"@id\":\"https:\\\/\\\/secure.gravatar.com\\\/avatar\\\/c7164ed6fdec453195284ad24a5ae5b6e1eed2b848477fa2a4787ba9adf39a41?s=96&d=mm&r=g\",\"url\":\"https:\\\/\\\/secure.gravatar.com\\\/avatar\\\/c7164ed6fdec453195284ad24a5ae5b6e1eed2b848477fa2a4787ba9adf39a41?s=96&d=mm&r=g\",\"contentUrl\":\"https:\\\/\\\/secure.gravatar.com\\\/avatar\\\/c7164ed6fdec453195284ad24a5ae5b6e1eed2b848477fa2a4787ba9adf39a41?s=96&d=mm&r=g\",\"caption\":\"Redacci\u00f3n QP\"},\"url\":\"https:\\\/\\\/quehacerpolitico.mx\\\/?author=2\"}]}<\/script>\n<!-- \/ Yoast SEO plugin. -->","yoast_head_json":{"title":"AMLO abre la puerta para la\u00a0importaci\u00f3n\u00a0de\u00a0vacunas\u00a0contra el\u00a0COVID-19 -","robots":{"index":"index","follow":"follow","max-snippet":"max-snippet:-1","max-image-preview":"max-image-preview:large","max-video-preview":"max-video-preview:-1"},"canonical":"https:\/\/quehacerpolitico.mx\/?p=104927","og_locale":"es_MX","og_type":"article","og_title":"AMLO abre la puerta para la\u00a0importaci\u00f3n\u00a0de\u00a0vacunas\u00a0contra el\u00a0COVID-19 -","og_description":"Por Redacci\u00f3n QP El presidente L\u00f3pez Obrador dej\u00f3 en claro que su Gobierno debe garantizar...","og_url":"https:\/\/quehacerpolitico.mx\/?p=104927","article_published_time":"2023-09-18T17:45:13+00:00","article_modified_time":"2023-09-18T17:45:17+00:00","og_image":[{"width":1252,"height":687,"url":"https:\/\/quehacerpolitico.mx\/wp-content\/uploads\/2023\/09\/IMG_0781.jpeg","type":"image\/jpeg"}],"author":"Redacci\u00f3n QP","twitter_card":"summary_large_image","twitter_misc":{"Escrito por":"Redacci\u00f3n QP","Tiempo de lectura":"2 minutos"},"schema":{"@context":"https:\/\/schema.org","@graph":[{"@type":"Article","@id":"https:\/\/quehacerpolitico.mx\/?p=104927#article","isPartOf":{"@id":"https:\/\/quehacerpolitico.mx\/?p=104927"},"author":{"name":"Redacci\u00f3n QP","@id":"https:\/\/quehacerpolitico.mx\/#\/schema\/person\/496d8ad2d1d3f8036101dca7ee39e585"},"headline":"AMLO abre la puerta para la\u00a0importaci\u00f3n\u00a0de\u00a0vacunas\u00a0contra el\u00a0COVID-19","datePublished":"2023-09-18T17:45:13+00:00","dateModified":"2023-09-18T17:45:17+00:00","mainEntityOfPage":{"@id":"https:\/\/quehacerpolitico.mx\/?p=104927"},"wordCount":508,"commentCount":0,"image":{"@id":"https:\/\/quehacerpolitico.mx\/?p=104927#primaryimage"},"thumbnailUrl":"https:\/\/quehacerpolitico.mx\/wp-content\/uploads\/2023\/09\/IMG_0781.jpeg","articleSection":["Noticias"],"inLanguage":"es","potentialAction":[{"@type":"CommentAction","name":"Comment","target":["https:\/\/quehacerpolitico.mx\/?p=104927#respond"]}]},{"@type":"WebPage","@id":"https:\/\/quehacerpolitico.mx\/?p=104927","url":"https:\/\/quehacerpolitico.mx\/?p=104927","name":"AMLO abre la puerta para la\u00a0importaci\u00f3n\u00a0de\u00a0vacunas\u00a0contra el\u00a0COVID-19 -","isPartOf":{"@id":"https:\/\/quehacerpolitico.mx\/#website"},"primaryImageOfPage":{"@id":"https:\/\/quehacerpolitico.mx\/?p=104927#primaryimage"},"image":{"@id":"https:\/\/quehacerpolitico.mx\/?p=104927#primaryimage"},"thumbnailUrl":"https:\/\/quehacerpolitico.mx\/wp-content\/uploads\/2023\/09\/IMG_0781.jpeg","datePublished":"2023-09-18T17:45:13+00:00","dateModified":"2023-09-18T17:45:17+00:00","author":{"@id":"https:\/\/quehacerpolitico.mx\/#\/schema\/person\/496d8ad2d1d3f8036101dca7ee39e585"},"breadcrumb":{"@id":"https:\/\/quehacerpolitico.mx\/?p=104927#breadcrumb"},"inLanguage":"es","potentialAction":[{"@type":"ReadAction","target":["https:\/\/quehacerpolitico.mx\/?p=104927"]}]},{"@type":"ImageObject","inLanguage":"es","@id":"https:\/\/quehacerpolitico.mx\/?p=104927#primaryimage","url":"https:\/\/quehacerpolitico.mx\/wp-content\/uploads\/2023\/09\/IMG_0781.jpeg","contentUrl":"https:\/\/quehacerpolitico.mx\/wp-content\/uploads\/2023\/09\/IMG_0781.jpeg","width":1252,"height":687},{"@type":"BreadcrumbList","@id":"https:\/\/quehacerpolitico.mx\/?p=104927#breadcrumb","itemListElement":[{"@type":"ListItem","position":1,"name":"Inicio","item":"https:\/\/quehacerpolitico.mx\/"},{"@type":"ListItem","position":2,"name":"AMLO abre la puerta para la\u00a0importaci\u00f3n\u00a0de\u00a0vacunas\u00a0contra el\u00a0COVID-19"}]},{"@type":"WebSite","@id":"https:\/\/quehacerpolitico.mx\/#website","url":"https:\/\/quehacerpolitico.mx\/","name":"","description":"","potentialAction":[{"@type":"SearchAction","target":{"@type":"EntryPoint","urlTemplate":"https:\/\/quehacerpolitico.mx\/?s={search_term_string}"},"query-input":{"@type":"PropertyValueSpecification","valueRequired":true,"valueName":"search_term_string"}}],"inLanguage":"es"},{"@type":"Person","@id":"https:\/\/quehacerpolitico.mx\/#\/schema\/person\/496d8ad2d1d3f8036101dca7ee39e585","name":"Redacci\u00f3n QP","image":{"@type":"ImageObject","inLanguage":"es","@id":"https:\/\/secure.gravatar.com\/avatar\/c7164ed6fdec453195284ad24a5ae5b6e1eed2b848477fa2a4787ba9adf39a41?s=96&d=mm&r=g","url":"https:\/\/secure.gravatar.com\/avatar\/c7164ed6fdec453195284ad24a5ae5b6e1eed2b848477fa2a4787ba9adf39a41?s=96&d=mm&r=g","contentUrl":"https:\/\/secure.gravatar.com\/avatar\/c7164ed6fdec453195284ad24a5ae5b6e1eed2b848477fa2a4787ba9adf39a41?s=96&d=mm&r=g","caption":"Redacci\u00f3n QP"},"url":"https:\/\/quehacerpolitico.mx\/?author=2"}]}},"featured_image_urls":{"full":["https:\/\/quehacerpolitico.mx\/wp-content\/uploads\/2023\/09\/IMG_0781.jpeg",1252,687,false],"thumbnail":["https:\/\/quehacerpolitico.mx\/wp-content\/uploads\/2023\/09\/IMG_0781-150x150.jpeg",150,150,true],"medium":["https:\/\/quehacerpolitico.mx\/wp-content\/uploads\/2023\/09\/IMG_0781-300x165.jpeg",300,165,true],"medium_large":["https:\/\/quehacerpolitico.mx\/wp-content\/uploads\/2023\/09\/IMG_0781-768x421.jpeg",640,351,true],"large":["https:\/\/quehacerpolitico.mx\/wp-content\/uploads\/2023\/09\/IMG_0781-1024x562.jpeg",640,351,true],"1536x1536":["https:\/\/quehacerpolitico.mx\/wp-content\/uploads\/2023\/09\/IMG_0781.jpeg",1252,687,false],"2048x2048":["https:\/\/quehacerpolitico.mx\/wp-content\/uploads\/2023\/09\/IMG_0781.jpeg",1252,687,false],"covernews-featured":["https:\/\/quehacerpolitico.mx\/wp-content\/uploads\/2023\/09\/IMG_0781.jpeg",1024,562,false],"covernews-medium":["https:\/\/quehacerpolitico.mx\/wp-content\/uploads\/2023\/09\/IMG_0781.jpeg",540,296,false]},"author_info":{"display_name":"Redacci\u00f3n QP","author_link":"https:\/\/quehacerpolitico.mx\/?author=2"},"category_info":"<a href=\"https:\/\/quehacerpolitico.mx\/?cat=2\" rel=\"category\">Noticias<\/a>","tag_info":"Noticias","comment_count":"0","_links":{"self":[{"href":"https:\/\/quehacerpolitico.mx\/index.php?rest_route=\/wp\/v2\/posts\/104927","targetHints":{"allow":["GET"]}}],"collection":[{"href":"https:\/\/quehacerpolitico.mx\/index.php?rest_route=\/wp\/v2\/posts"}],"about":[{"href":"https:\/\/quehacerpolitico.mx\/index.php?rest_route=\/wp\/v2\/types\/post"}],"author":[{"embeddable":true,"href":"https:\/\/quehacerpolitico.mx\/index.php?rest_route=\/wp\/v2\/users\/2"}],"replies":[{"embeddable":true,"href":"https:\/\/quehacerpolitico.mx\/index.php?rest_route=%2Fwp%2Fv2%2Fcomments&post=104927"}],"version-history":[{"count":1,"href":"https:\/\/quehacerpolitico.mx\/index.php?rest_route=\/wp\/v2\/posts\/104927\/revisions"}],"predecessor-version":[{"id":104929,"href":"https:\/\/quehacerpolitico.mx\/index.php?rest_route=\/wp\/v2\/posts\/104927\/revisions\/104929"}],"wp:featuredmedia":[{"embeddable":true,"href":"https:\/\/quehacerpolitico.mx\/index.php?rest_route=\/wp\/v2\/media\/104928"}],"wp:attachment":[{"href":"https:\/\/quehacerpolitico.mx\/index.php?rest_route=%2Fwp%2Fv2%2Fmedia&parent=104927"}],"wp:term":[{"taxonomy":"category","embeddable":true,"href":"https:\/\/quehacerpolitico.mx\/index.php?rest_route=%2Fwp%2Fv2%2Fcategories&post=104927"},{"taxonomy":"post_tag","embeddable":true,"href":"https:\/\/quehacerpolitico.mx\/index.php?rest_route=%2Fwp%2Fv2%2Ftags&post=104927"}],"curies":[{"name":"wp","href":"https:\/\/api.w.org\/{rel}","templated":true}]}}