{"id":104432,"date":"2023-09-05T00:33:20","date_gmt":"2023-09-05T00:33:20","guid":{"rendered":"https:\/\/quehacerpolitico.mx\/?p=104432"},"modified":"2023-09-05T00:33:22","modified_gmt":"2023-09-05T00:33:22","slug":"31-hospitales-publicos-en-la-capital-de-la-cdmx-se-manifestaron-en-la-torre-insignia-por-la-transicion-de-personal-medico-hacia-el-imss-bienestar","status":"publish","type":"post","link":"https:\/\/quehacerpolitico.mx\/?p=104432","title":{"rendered":"31 hospitales p\u00fablicos en la capital de la CDMX se manifestaron en la Torre Insignia por la\u00a0transici\u00f3n\u00a0de\u00a0personal m\u00e9dico\u00a0hacia el\u00a0IMSS Bienestar"},"content":{"rendered":"\n<p>Por Redacci\u00f3n QP<\/p>\n\n\n\n<p>El Movimiento Galeno Salud Independiente protest\u00f3 para exigir el nombramiento del personal sanitario en el IMSS Bienestar sea definitivo por tiempo fijo<\/p>\n\n\n\n<p>La&nbsp;<strong>Secretar\u00eda de Salud de la Ciudad de M\u00e9xico<\/strong>&nbsp;inici\u00f3 este lunes la&nbsp;<strong>transici\u00f3n<\/strong>&nbsp;de&nbsp;<strong>personal m\u00e9dico<\/strong>&nbsp;hacia el&nbsp;<strong>IMSS Bienestar<\/strong>, procedimiento ante el cual se&nbsp;<strong>manifestaron<\/strong>&nbsp;representantes de los 31 hospitales p\u00fablicos en la capital.<\/p>\n\n\n\n<p>El\u00a0<strong>Movimiento Galeno Salud Independiente<\/strong>\u00a0protest\u00f3 para exigir el nombramiento del personal sanitario en el IMSS Bienestar sea definitivo por tiempo fijo, con vales \u00edntegros, aguinaldo y segundo periodo vacacional.<\/p>\n\n\n\n<figure class=\"wp-block-image size-large\"><img loading=\"lazy\" decoding=\"async\" width=\"662\" height=\"1024\" src=\"https:\/\/quehacerpolitico.mx\/wp-content\/uploads\/2023\/09\/image-25-662x1024.jpeg\" alt=\"\" class=\"wp-image-104433\" srcset=\"https:\/\/quehacerpolitico.mx\/wp-content\/uploads\/2023\/09\/image-25-662x1024.jpeg 662w, https:\/\/quehacerpolitico.mx\/wp-content\/uploads\/2023\/09\/image-25-194x300.jpeg 194w, https:\/\/quehacerpolitico.mx\/wp-content\/uploads\/2023\/09\/image-25-768x1187.jpeg 768w, https:\/\/quehacerpolitico.mx\/wp-content\/uploads\/2023\/09\/image-25-994x1536.jpeg 994w, https:\/\/quehacerpolitico.mx\/wp-content\/uploads\/2023\/09\/image-25-94x146.jpeg 94w, https:\/\/quehacerpolitico.mx\/wp-content\/uploads\/2023\/09\/image-25-32x50.jpeg 32w, https:\/\/quehacerpolitico.mx\/wp-content\/uploads\/2023\/09\/image-25-49x75.jpeg 49w, https:\/\/quehacerpolitico.mx\/wp-content\/uploads\/2023\/09\/image-25.jpeg 1284w\" sizes=\"auto, (max-width: 662px) 100vw, 662px\" \/><\/figure>\n\n\n\n<p>Los integrantes del movimiento denunciaron que la incorporaci\u00f3n al nuevo modelo de Salud debi\u00f3 ocurrir a m\u00e1s tardar el 1 de septiembre, pero que hasta este d\u00eda no se ha dado.<\/p>\n\n\n\n<p>La Secretar\u00eda de Salud capitalina cit\u00f3 a personal sanitario este lunes en la&nbsp;<strong>Torre Insignia<\/strong>, y aunque ha afirmado en redes sociales que todo va \u201cen el orden planeado\u201d el Movimiento Galeno acus\u00f3 que no hay equipos de c\u00f3mputo funcionando para completar el tr\u00e1mite.<\/p>\n\n\n\n<p>Refiri\u00f3 que las impresoras no tienen tinta y que los propios trabajadores que llevan a cabo el procedimiento \u201cno saben qu\u00e9 hacer\u201d para agilizarlo.<\/p>\n\n\n\n<p>Trabajadores de la salud siguen en espera de que este proceso avance sin embargo la desorganizaci\u00f3n sigue a\u00fan cuando ellos manifiestan que todo va bien\u201d, dij\u00f3 el Movimiento.<\/p>\n","protected":false},"excerpt":{"rendered":"<p>Por Redacci\u00f3n QP El Movimiento Galeno Salud Independiente protest\u00f3 para exigir el nombramiento del personal&#8230;<\/p>\n","protected":false},"author":2,"featured_media":104434,"comment_status":"open","ping_status":"open","sticky":false,"template":"","format":"standard","meta":{"_monsterinsights_skip_tracking":false,"_monsterinsights_sitenote_active":false,"_monsterinsights_sitenote_note":"","_monsterinsights_sitenote_category":0,"footnotes":""},"categories":[55],"tags":[],"class_list":["post-104432","post","type-post","status-publish","format-standard","has-post-thumbnail","hentry","category-cdmx"],"yoast_head":"<!-- This site is optimized with the Yoast SEO plugin v27.3 - https:\/\/yoast.com\/product\/yoast-seo-wordpress\/ -->\n<title>31 hospitales p\u00fablicos en la capital de la CDMX se manifestaron en la Torre Insignia por la\u00a0transici\u00f3n\u00a0de\u00a0personal m\u00e9dico\u00a0hacia el\u00a0IMSS Bienestar -<\/title>\n<meta name=\"robots\" content=\"index, follow, max-snippet:-1, max-image-preview:large, max-video-preview:-1\" \/>\n<link rel=\"canonical\" href=\"https:\/\/quehacerpolitico.mx\/?p=104432\" \/>\n<meta property=\"og:locale\" content=\"es_MX\" \/>\n<meta property=\"og:type\" content=\"article\" \/>\n<meta property=\"og:title\" content=\"31 hospitales p\u00fablicos en la capital de la CDMX se manifestaron en la Torre Insignia por la\u00a0transici\u00f3n\u00a0de\u00a0personal m\u00e9dico\u00a0hacia el\u00a0IMSS Bienestar -\" \/>\n<meta property=\"og:description\" content=\"Por Redacci\u00f3n QP El Movimiento Galeno Salud Independiente protest\u00f3 para exigir el nombramiento del personal...\" \/>\n<meta property=\"og:url\" content=\"https:\/\/quehacerpolitico.mx\/?p=104432\" \/>\n<meta property=\"article:published_time\" content=\"2023-09-05T00:33:20+00:00\" \/>\n<meta property=\"article:modified_time\" content=\"2023-09-05T00:33:22+00:00\" \/>\n<meta property=\"og:image\" content=\"https:\/\/quehacerpolitico.mx\/wp-content\/uploads\/2023\/09\/IMG_0406.jpeg\" \/>\n\t<meta property=\"og:image:width\" content=\"1600\" \/>\n\t<meta property=\"og:image:height\" content=\"900\" \/>\n\t<meta property=\"og:image:type\" content=\"image\/jpeg\" \/>\n<meta name=\"author\" content=\"Redacci\u00f3n QP\" \/>\n<meta name=\"twitter:card\" content=\"summary_large_image\" \/>\n<meta name=\"twitter:label1\" content=\"Escrito por\" \/>\n\t<meta name=\"twitter:data1\" content=\"Redacci\u00f3n QP\" \/>\n\t<meta name=\"twitter:label2\" content=\"Tiempo de lectura\" \/>\n\t<meta name=\"twitter:data2\" content=\"1 minuto\" \/>\n<script type=\"application\/ld+json\" class=\"yoast-schema-graph\">{\"@context\":\"https:\\\/\\\/schema.org\",\"@graph\":[{\"@type\":\"Article\",\"@id\":\"https:\\\/\\\/quehacerpolitico.mx\\\/?p=104432#article\",\"isPartOf\":{\"@id\":\"https:\\\/\\\/quehacerpolitico.mx\\\/?p=104432\"},\"author\":{\"name\":\"Redacci\u00f3n QP\",\"@id\":\"https:\\\/\\\/quehacerpolitico.mx\\\/#\\\/schema\\\/person\\\/496d8ad2d1d3f8036101dca7ee39e585\"},\"headline\":\"31 hospitales p\u00fablicos en la capital de la CDMX se manifestaron en la Torre Insignia por la\u00a0transici\u00f3n\u00a0de\u00a0personal m\u00e9dico\u00a0hacia el\u00a0IMSS Bienestar\",\"datePublished\":\"2023-09-05T00:33:20+00:00\",\"dateModified\":\"2023-09-05T00:33:22+00:00\",\"mainEntityOfPage\":{\"@id\":\"https:\\\/\\\/quehacerpolitico.mx\\\/?p=104432\"},\"wordCount\":267,\"commentCount\":0,\"image\":{\"@id\":\"https:\\\/\\\/quehacerpolitico.mx\\\/?p=104432#primaryimage\"},\"thumbnailUrl\":\"https:\\\/\\\/quehacerpolitico.mx\\\/wp-content\\\/uploads\\\/2023\\\/09\\\/IMG_0406.jpeg\",\"articleSection\":[\"CDMX\"],\"inLanguage\":\"es\",\"potentialAction\":[{\"@type\":\"CommentAction\",\"name\":\"Comment\",\"target\":[\"https:\\\/\\\/quehacerpolitico.mx\\\/?p=104432#respond\"]}]},{\"@type\":\"WebPage\",\"@id\":\"https:\\\/\\\/quehacerpolitico.mx\\\/?p=104432\",\"url\":\"https:\\\/\\\/quehacerpolitico.mx\\\/?p=104432\",\"name\":\"31 hospitales p\u00fablicos en la capital de la CDMX se manifestaron en la Torre Insignia por la\u00a0transici\u00f3n\u00a0de\u00a0personal m\u00e9dico\u00a0hacia el\u00a0IMSS Bienestar -\",\"isPartOf\":{\"@id\":\"https:\\\/\\\/quehacerpolitico.mx\\\/#website\"},\"primaryImageOfPage\":{\"@id\":\"https:\\\/\\\/quehacerpolitico.mx\\\/?p=104432#primaryimage\"},\"image\":{\"@id\":\"https:\\\/\\\/quehacerpolitico.mx\\\/?p=104432#primaryimage\"},\"thumbnailUrl\":\"https:\\\/\\\/quehacerpolitico.mx\\\/wp-content\\\/uploads\\\/2023\\\/09\\\/IMG_0406.jpeg\",\"datePublished\":\"2023-09-05T00:33:20+00:00\",\"dateModified\":\"2023-09-05T00:33:22+00:00\",\"author\":{\"@id\":\"https:\\\/\\\/quehacerpolitico.mx\\\/#\\\/schema\\\/person\\\/496d8ad2d1d3f8036101dca7ee39e585\"},\"breadcrumb\":{\"@id\":\"https:\\\/\\\/quehacerpolitico.mx\\\/?p=104432#breadcrumb\"},\"inLanguage\":\"es\",\"potentialAction\":[{\"@type\":\"ReadAction\",\"target\":[\"https:\\\/\\\/quehacerpolitico.mx\\\/?p=104432\"]}]},{\"@type\":\"ImageObject\",\"inLanguage\":\"es\",\"@id\":\"https:\\\/\\\/quehacerpolitico.mx\\\/?p=104432#primaryimage\",\"url\":\"https:\\\/\\\/quehacerpolitico.mx\\\/wp-content\\\/uploads\\\/2023\\\/09\\\/IMG_0406.jpeg\",\"contentUrl\":\"https:\\\/\\\/quehacerpolitico.mx\\\/wp-content\\\/uploads\\\/2023\\\/09\\\/IMG_0406.jpeg\",\"width\":1600,\"height\":900},{\"@type\":\"BreadcrumbList\",\"@id\":\"https:\\\/\\\/quehacerpolitico.mx\\\/?p=104432#breadcrumb\",\"itemListElement\":[{\"@type\":\"ListItem\",\"position\":1,\"name\":\"Inicio\",\"item\":\"https:\\\/\\\/quehacerpolitico.mx\\\/\"},{\"@type\":\"ListItem\",\"position\":2,\"name\":\"31 hospitales p\u00fablicos en la capital de la CDMX se manifestaron en la Torre Insignia por la\u00a0transici\u00f3n\u00a0de\u00a0personal m\u00e9dico\u00a0hacia el\u00a0IMSS Bienestar\"}]},{\"@type\":\"WebSite\",\"@id\":\"https:\\\/\\\/quehacerpolitico.mx\\\/#website\",\"url\":\"https:\\\/\\\/quehacerpolitico.mx\\\/\",\"name\":\"\",\"description\":\"\",\"potentialAction\":[{\"@type\":\"SearchAction\",\"target\":{\"@type\":\"EntryPoint\",\"urlTemplate\":\"https:\\\/\\\/quehacerpolitico.mx\\\/?s={search_term_string}\"},\"query-input\":{\"@type\":\"PropertyValueSpecification\",\"valueRequired\":true,\"valueName\":\"search_term_string\"}}],\"inLanguage\":\"es\"},{\"@type\":\"Person\",\"@id\":\"https:\\\/\\\/quehacerpolitico.mx\\\/#\\\/schema\\\/person\\\/496d8ad2d1d3f8036101dca7ee39e585\",\"name\":\"Redacci\u00f3n QP\",\"image\":{\"@type\":\"ImageObject\",\"inLanguage\":\"es\",\"@id\":\"https:\\\/\\\/secure.gravatar.com\\\/avatar\\\/c7164ed6fdec453195284ad24a5ae5b6e1eed2b848477fa2a4787ba9adf39a41?s=96&d=mm&r=g\",\"url\":\"https:\\\/\\\/secure.gravatar.com\\\/avatar\\\/c7164ed6fdec453195284ad24a5ae5b6e1eed2b848477fa2a4787ba9adf39a41?s=96&d=mm&r=g\",\"contentUrl\":\"https:\\\/\\\/secure.gravatar.com\\\/avatar\\\/c7164ed6fdec453195284ad24a5ae5b6e1eed2b848477fa2a4787ba9adf39a41?s=96&d=mm&r=g\",\"caption\":\"Redacci\u00f3n QP\"},\"url\":\"https:\\\/\\\/quehacerpolitico.mx\\\/?author=2\"}]}<\/script>\n<!-- \/ Yoast SEO plugin. -->","yoast_head_json":{"title":"31 hospitales p\u00fablicos en la capital de la CDMX se manifestaron en la Torre Insignia por la\u00a0transici\u00f3n\u00a0de\u00a0personal m\u00e9dico\u00a0hacia el\u00a0IMSS Bienestar -","robots":{"index":"index","follow":"follow","max-snippet":"max-snippet:-1","max-image-preview":"max-image-preview:large","max-video-preview":"max-video-preview:-1"},"canonical":"https:\/\/quehacerpolitico.mx\/?p=104432","og_locale":"es_MX","og_type":"article","og_title":"31 hospitales p\u00fablicos en la capital de la CDMX se manifestaron en la Torre Insignia por la\u00a0transici\u00f3n\u00a0de\u00a0personal m\u00e9dico\u00a0hacia el\u00a0IMSS Bienestar -","og_description":"Por Redacci\u00f3n QP El Movimiento Galeno Salud Independiente protest\u00f3 para exigir el nombramiento del personal...","og_url":"https:\/\/quehacerpolitico.mx\/?p=104432","article_published_time":"2023-09-05T00:33:20+00:00","article_modified_time":"2023-09-05T00:33:22+00:00","og_image":[{"width":1600,"height":900,"url":"https:\/\/quehacerpolitico.mx\/wp-content\/uploads\/2023\/09\/IMG_0406.jpeg","type":"image\/jpeg"}],"author":"Redacci\u00f3n QP","twitter_card":"summary_large_image","twitter_misc":{"Escrito por":"Redacci\u00f3n QP","Tiempo de lectura":"1 minuto"},"schema":{"@context":"https:\/\/schema.org","@graph":[{"@type":"Article","@id":"https:\/\/quehacerpolitico.mx\/?p=104432#article","isPartOf":{"@id":"https:\/\/quehacerpolitico.mx\/?p=104432"},"author":{"name":"Redacci\u00f3n QP","@id":"https:\/\/quehacerpolitico.mx\/#\/schema\/person\/496d8ad2d1d3f8036101dca7ee39e585"},"headline":"31 hospitales p\u00fablicos en la capital de la CDMX se manifestaron en la Torre Insignia por la\u00a0transici\u00f3n\u00a0de\u00a0personal m\u00e9dico\u00a0hacia el\u00a0IMSS Bienestar","datePublished":"2023-09-05T00:33:20+00:00","dateModified":"2023-09-05T00:33:22+00:00","mainEntityOfPage":{"@id":"https:\/\/quehacerpolitico.mx\/?p=104432"},"wordCount":267,"commentCount":0,"image":{"@id":"https:\/\/quehacerpolitico.mx\/?p=104432#primaryimage"},"thumbnailUrl":"https:\/\/quehacerpolitico.mx\/wp-content\/uploads\/2023\/09\/IMG_0406.jpeg","articleSection":["CDMX"],"inLanguage":"es","potentialAction":[{"@type":"CommentAction","name":"Comment","target":["https:\/\/quehacerpolitico.mx\/?p=104432#respond"]}]},{"@type":"WebPage","@id":"https:\/\/quehacerpolitico.mx\/?p=104432","url":"https:\/\/quehacerpolitico.mx\/?p=104432","name":"31 hospitales p\u00fablicos en la capital de la CDMX se manifestaron en la Torre Insignia por la\u00a0transici\u00f3n\u00a0de\u00a0personal m\u00e9dico\u00a0hacia el\u00a0IMSS Bienestar -","isPartOf":{"@id":"https:\/\/quehacerpolitico.mx\/#website"},"primaryImageOfPage":{"@id":"https:\/\/quehacerpolitico.mx\/?p=104432#primaryimage"},"image":{"@id":"https:\/\/quehacerpolitico.mx\/?p=104432#primaryimage"},"thumbnailUrl":"https:\/\/quehacerpolitico.mx\/wp-content\/uploads\/2023\/09\/IMG_0406.jpeg","datePublished":"2023-09-05T00:33:20+00:00","dateModified":"2023-09-05T00:33:22+00:00","author":{"@id":"https:\/\/quehacerpolitico.mx\/#\/schema\/person\/496d8ad2d1d3f8036101dca7ee39e585"},"breadcrumb":{"@id":"https:\/\/quehacerpolitico.mx\/?p=104432#breadcrumb"},"inLanguage":"es","potentialAction":[{"@type":"ReadAction","target":["https:\/\/quehacerpolitico.mx\/?p=104432"]}]},{"@type":"ImageObject","inLanguage":"es","@id":"https:\/\/quehacerpolitico.mx\/?p=104432#primaryimage","url":"https:\/\/quehacerpolitico.mx\/wp-content\/uploads\/2023\/09\/IMG_0406.jpeg","contentUrl":"https:\/\/quehacerpolitico.mx\/wp-content\/uploads\/2023\/09\/IMG_0406.jpeg","width":1600,"height":900},{"@type":"BreadcrumbList","@id":"https:\/\/quehacerpolitico.mx\/?p=104432#breadcrumb","itemListElement":[{"@type":"ListItem","position":1,"name":"Inicio","item":"https:\/\/quehacerpolitico.mx\/"},{"@type":"ListItem","position":2,"name":"31 hospitales p\u00fablicos en la capital de la CDMX se manifestaron en la Torre Insignia por la\u00a0transici\u00f3n\u00a0de\u00a0personal m\u00e9dico\u00a0hacia el\u00a0IMSS Bienestar"}]},{"@type":"WebSite","@id":"https:\/\/quehacerpolitico.mx\/#website","url":"https:\/\/quehacerpolitico.mx\/","name":"","description":"","potentialAction":[{"@type":"SearchAction","target":{"@type":"EntryPoint","urlTemplate":"https:\/\/quehacerpolitico.mx\/?s={search_term_string}"},"query-input":{"@type":"PropertyValueSpecification","valueRequired":true,"valueName":"search_term_string"}}],"inLanguage":"es"},{"@type":"Person","@id":"https:\/\/quehacerpolitico.mx\/#\/schema\/person\/496d8ad2d1d3f8036101dca7ee39e585","name":"Redacci\u00f3n QP","image":{"@type":"ImageObject","inLanguage":"es","@id":"https:\/\/secure.gravatar.com\/avatar\/c7164ed6fdec453195284ad24a5ae5b6e1eed2b848477fa2a4787ba9adf39a41?s=96&d=mm&r=g","url":"https:\/\/secure.gravatar.com\/avatar\/c7164ed6fdec453195284ad24a5ae5b6e1eed2b848477fa2a4787ba9adf39a41?s=96&d=mm&r=g","contentUrl":"https:\/\/secure.gravatar.com\/avatar\/c7164ed6fdec453195284ad24a5ae5b6e1eed2b848477fa2a4787ba9adf39a41?s=96&d=mm&r=g","caption":"Redacci\u00f3n QP"},"url":"https:\/\/quehacerpolitico.mx\/?author=2"}]}},"featured_image_urls":{"full":["https:\/\/quehacerpolitico.mx\/wp-content\/uploads\/2023\/09\/IMG_0406.jpeg",1600,900,false],"thumbnail":["https:\/\/quehacerpolitico.mx\/wp-content\/uploads\/2023\/09\/IMG_0406-150x150.jpeg",150,150,true],"medium":["https:\/\/quehacerpolitico.mx\/wp-content\/uploads\/2023\/09\/IMG_0406-300x169.jpeg",300,169,true],"medium_large":["https:\/\/quehacerpolitico.mx\/wp-content\/uploads\/2023\/09\/IMG_0406-768x432.jpeg",640,360,true],"large":["https:\/\/quehacerpolitico.mx\/wp-content\/uploads\/2023\/09\/IMG_0406-1024x576.jpeg",640,360,true],"1536x1536":["https:\/\/quehacerpolitico.mx\/wp-content\/uploads\/2023\/09\/IMG_0406-1536x864.jpeg",1536,864,true],"2048x2048":["https:\/\/quehacerpolitico.mx\/wp-content\/uploads\/2023\/09\/IMG_0406.jpeg",1600,900,false],"covernews-featured":["https:\/\/quehacerpolitico.mx\/wp-content\/uploads\/2023\/09\/IMG_0406.jpeg",1024,576,false],"covernews-medium":["https:\/\/quehacerpolitico.mx\/wp-content\/uploads\/2023\/09\/IMG_0406.jpeg",540,304,false]},"author_info":{"display_name":"Redacci\u00f3n QP","author_link":"https:\/\/quehacerpolitico.mx\/?author=2"},"category_info":"<a href=\"https:\/\/quehacerpolitico.mx\/?cat=55\" rel=\"category\">CDMX<\/a>","tag_info":"CDMX","comment_count":"0","_links":{"self":[{"href":"https:\/\/quehacerpolitico.mx\/index.php?rest_route=\/wp\/v2\/posts\/104432","targetHints":{"allow":["GET"]}}],"collection":[{"href":"https:\/\/quehacerpolitico.mx\/index.php?rest_route=\/wp\/v2\/posts"}],"about":[{"href":"https:\/\/quehacerpolitico.mx\/index.php?rest_route=\/wp\/v2\/types\/post"}],"author":[{"embeddable":true,"href":"https:\/\/quehacerpolitico.mx\/index.php?rest_route=\/wp\/v2\/users\/2"}],"replies":[{"embeddable":true,"href":"https:\/\/quehacerpolitico.mx\/index.php?rest_route=%2Fwp%2Fv2%2Fcomments&post=104432"}],"version-history":[{"count":1,"href":"https:\/\/quehacerpolitico.mx\/index.php?rest_route=\/wp\/v2\/posts\/104432\/revisions"}],"predecessor-version":[{"id":104435,"href":"https:\/\/quehacerpolitico.mx\/index.php?rest_route=\/wp\/v2\/posts\/104432\/revisions\/104435"}],"wp:featuredmedia":[{"embeddable":true,"href":"https:\/\/quehacerpolitico.mx\/index.php?rest_route=\/wp\/v2\/media\/104434"}],"wp:attachment":[{"href":"https:\/\/quehacerpolitico.mx\/index.php?rest_route=%2Fwp%2Fv2%2Fmedia&parent=104432"}],"wp:term":[{"taxonomy":"category","embeddable":true,"href":"https:\/\/quehacerpolitico.mx\/index.php?rest_route=%2Fwp%2Fv2%2Fcategories&post=104432"},{"taxonomy":"post_tag","embeddable":true,"href":"https:\/\/quehacerpolitico.mx\/index.php?rest_route=%2Fwp%2Fv2%2Ftags&post=104432"}],"curies":[{"name":"wp","href":"https:\/\/api.w.org\/{rel}","templated":true}]}}