{"id":104429,"date":"2023-09-04T23:52:04","date_gmt":"2023-09-04T23:52:04","guid":{"rendered":"https:\/\/quehacerpolitico.mx\/?p=104429"},"modified":"2023-09-04T23:52:08","modified_gmt":"2023-09-04T23:52:08","slug":"no-buscare-la-candidatura-presidencial-por-mc-en-2024-no-sere-el-aspirante-que-divida-a-la-oposicion-hay-muchas-cosas-por-madurar-y-una-de-ellas-es-mi-persona-luis-donaldo-colosio-riojas","status":"publish","type":"post","link":"https:\/\/quehacerpolitico.mx\/?p=104429","title":{"rendered":"No buscar\u00e9 la candidatura presidencial por MC en 2024; no ser\u00e9 el aspirante que divida a la oposici\u00f3n, hay muchas cosas por madurar y una de ellas es mi persona: Luis Donaldo Colosio Riojas"},"content":{"rendered":"\n<p>Por Redacci\u00f3n QP<\/p>\n\n\n\n<p>Luis Donaldo Colosio argument\u00f3 no querer romper el frente pol\u00edtico rumbo a las elecciones de 2024, por lo que no contender\u00e1 por la Presidencia<\/p>\n\n\n\n<p>El pol\u00edtico\u00a0<strong>Luis Donaldo Colosio\u00a0<\/strong>descart\u00f3 participar en el proceso electoral de 2024 en el que se renovar\u00e1 la Presidencia de la Rep\u00fablica.<\/p>\n\n\n\n<p>\u201cNo es el momento adecuado\u201d, asegur\u00f3 durante en evento en la Universidad de Monterrey.<\/p>\n\n\n\n<figure class=\"wp-block-embed is-type-video is-provider-youtube wp-block-embed-youtube wp-embed-aspect-16-9 wp-has-aspect-ratio\"><div class=\"wp-block-embed__wrapper\">\nhttps:\/\/youtu.be\/05aUW7_RBtM?si=3wYJgnThlJyEheTV\n<\/div><\/figure>\n\n\n\n<p>El\u00a0<strong>alcalde de Monterrey<\/strong>\u00a0reconoci\u00f3 que tiene muy poco tiempo de haber ingresado a la pol\u00edtica y que necesita madurar tanto en lo personal como en el \u00e1mbito profesional.<\/p>\n\n\n\n<p>Colosio Riojas dijo que es importante la\u00a0<strong>construcci\u00f3n de equipos<\/strong>, toda vez que para la Presidencia de M\u00e9xico se necesita gente capaz de planear un buen proyecto pol\u00edtico y t\u00e9cnico.<\/p>\n\n\n\n<p>En segundo lugar, porque no quisiera ser yo la persona que divida a una oposici\u00f3n que tiene genuinas intenciones de recalibrar el rumbo de M\u00e9xico. No voy a entrar a esas ri\u00f1as inconsistentes\u2026 no voy a hacer art\u00edfice de la divisi\u00f3n de una oposici\u00f3n, ser\u00eda irresponsable\u201d, dijo.<\/p>\n\n\n\n<p>El pol\u00edtico enfatiz\u00f3 respetar a&nbsp;<strong>Movimiento<\/strong>&nbsp;<strong>Ciudadano<\/strong>, partido en el cual asegur\u00f3 querer continuar su carrera pol\u00edtica.<\/p>\n\n\n\n<p>Otra de las razones, quiz\u00e1s una de las m\u00e1s importantes seg\u00fan refiri\u00f3, son sus&nbsp;<strong>hijos<\/strong>, que est\u00e1n en una edad peque\u00f1a y \u201cnecesitan un pap\u00e1\u201d.<\/p>\n","protected":false},"excerpt":{"rendered":"<p>Por Redacci\u00f3n QP Luis Donaldo Colosio argument\u00f3 no querer romper el frente pol\u00edtico rumbo a&#8230;<\/p>\n","protected":false},"author":2,"featured_media":104430,"comment_status":"open","ping_status":"open","sticky":false,"template":"","format":"standard","meta":{"_monsterinsights_skip_tracking":false,"_monsterinsights_sitenote_active":false,"_monsterinsights_sitenote_note":"","_monsterinsights_sitenote_category":0,"footnotes":""},"categories":[2],"tags":[],"class_list":["post-104429","post","type-post","status-publish","format-standard","has-post-thumbnail","hentry","category-noticias"],"yoast_head":"<!-- This site is optimized with the Yoast SEO plugin v27.3 - https:\/\/yoast.com\/product\/yoast-seo-wordpress\/ -->\n<title>No buscar\u00e9 la candidatura presidencial por MC en 2024; no ser\u00e9 el aspirante que divida a la oposici\u00f3n, hay muchas cosas por madurar y una de ellas es mi persona: Luis Donaldo Colosio Riojas -<\/title>\n<meta name=\"robots\" content=\"index, follow, max-snippet:-1, max-image-preview:large, max-video-preview:-1\" \/>\n<link rel=\"canonical\" href=\"https:\/\/quehacerpolitico.mx\/?p=104429\" \/>\n<meta property=\"og:locale\" content=\"es_MX\" \/>\n<meta property=\"og:type\" content=\"article\" \/>\n<meta property=\"og:title\" content=\"No buscar\u00e9 la candidatura presidencial por MC en 2024; no ser\u00e9 el aspirante que divida a la oposici\u00f3n, hay muchas cosas por madurar y una de ellas es mi persona: Luis Donaldo Colosio Riojas -\" \/>\n<meta property=\"og:description\" content=\"Por Redacci\u00f3n QP Luis Donaldo Colosio argument\u00f3 no querer romper el frente pol\u00edtico rumbo a...\" \/>\n<meta property=\"og:url\" content=\"https:\/\/quehacerpolitico.mx\/?p=104429\" \/>\n<meta property=\"article:published_time\" content=\"2023-09-04T23:52:04+00:00\" \/>\n<meta property=\"article:modified_time\" content=\"2023-09-04T23:52:08+00:00\" \/>\n<meta property=\"og:image\" content=\"https:\/\/quehacerpolitico.mx\/wp-content\/uploads\/2023\/09\/IMG_0404.jpeg\" \/>\n\t<meta property=\"og:image:width\" content=\"701\" \/>\n\t<meta property=\"og:image:height\" content=\"437\" \/>\n\t<meta property=\"og:image:type\" content=\"image\/jpeg\" \/>\n<meta name=\"author\" content=\"Redacci\u00f3n QP\" \/>\n<meta name=\"twitter:card\" content=\"summary_large_image\" \/>\n<meta name=\"twitter:label1\" content=\"Escrito por\" \/>\n\t<meta name=\"twitter:data1\" content=\"Redacci\u00f3n QP\" \/>\n\t<meta name=\"twitter:label2\" content=\"Tiempo de lectura\" \/>\n\t<meta name=\"twitter:data2\" content=\"1 minuto\" \/>\n<script type=\"application\/ld+json\" class=\"yoast-schema-graph\">{\"@context\":\"https:\\\/\\\/schema.org\",\"@graph\":[{\"@type\":\"Article\",\"@id\":\"https:\\\/\\\/quehacerpolitico.mx\\\/?p=104429#article\",\"isPartOf\":{\"@id\":\"https:\\\/\\\/quehacerpolitico.mx\\\/?p=104429\"},\"author\":{\"name\":\"Redacci\u00f3n QP\",\"@id\":\"https:\\\/\\\/quehacerpolitico.mx\\\/#\\\/schema\\\/person\\\/496d8ad2d1d3f8036101dca7ee39e585\"},\"headline\":\"No buscar\u00e9 la candidatura presidencial por MC en 2024; no ser\u00e9 el aspirante que divida a la oposici\u00f3n, hay muchas cosas por madurar y una de ellas es mi persona: Luis Donaldo Colosio Riojas\",\"datePublished\":\"2023-09-04T23:52:04+00:00\",\"dateModified\":\"2023-09-04T23:52:08+00:00\",\"mainEntityOfPage\":{\"@id\":\"https:\\\/\\\/quehacerpolitico.mx\\\/?p=104429\"},\"wordCount\":277,\"commentCount\":0,\"image\":{\"@id\":\"https:\\\/\\\/quehacerpolitico.mx\\\/?p=104429#primaryimage\"},\"thumbnailUrl\":\"https:\\\/\\\/quehacerpolitico.mx\\\/wp-content\\\/uploads\\\/2023\\\/09\\\/IMG_0404.jpeg\",\"articleSection\":[\"Noticias\"],\"inLanguage\":\"es\",\"potentialAction\":[{\"@type\":\"CommentAction\",\"name\":\"Comment\",\"target\":[\"https:\\\/\\\/quehacerpolitico.mx\\\/?p=104429#respond\"]}]},{\"@type\":\"WebPage\",\"@id\":\"https:\\\/\\\/quehacerpolitico.mx\\\/?p=104429\",\"url\":\"https:\\\/\\\/quehacerpolitico.mx\\\/?p=104429\",\"name\":\"No buscar\u00e9 la candidatura presidencial por MC en 2024; no ser\u00e9 el aspirante que divida a la oposici\u00f3n, hay muchas cosas por madurar y una de ellas es mi persona: Luis Donaldo Colosio Riojas -\",\"isPartOf\":{\"@id\":\"https:\\\/\\\/quehacerpolitico.mx\\\/#website\"},\"primaryImageOfPage\":{\"@id\":\"https:\\\/\\\/quehacerpolitico.mx\\\/?p=104429#primaryimage\"},\"image\":{\"@id\":\"https:\\\/\\\/quehacerpolitico.mx\\\/?p=104429#primaryimage\"},\"thumbnailUrl\":\"https:\\\/\\\/quehacerpolitico.mx\\\/wp-content\\\/uploads\\\/2023\\\/09\\\/IMG_0404.jpeg\",\"datePublished\":\"2023-09-04T23:52:04+00:00\",\"dateModified\":\"2023-09-04T23:52:08+00:00\",\"author\":{\"@id\":\"https:\\\/\\\/quehacerpolitico.mx\\\/#\\\/schema\\\/person\\\/496d8ad2d1d3f8036101dca7ee39e585\"},\"breadcrumb\":{\"@id\":\"https:\\\/\\\/quehacerpolitico.mx\\\/?p=104429#breadcrumb\"},\"inLanguage\":\"es\",\"potentialAction\":[{\"@type\":\"ReadAction\",\"target\":[\"https:\\\/\\\/quehacerpolitico.mx\\\/?p=104429\"]}]},{\"@type\":\"ImageObject\",\"inLanguage\":\"es\",\"@id\":\"https:\\\/\\\/quehacerpolitico.mx\\\/?p=104429#primaryimage\",\"url\":\"https:\\\/\\\/quehacerpolitico.mx\\\/wp-content\\\/uploads\\\/2023\\\/09\\\/IMG_0404.jpeg\",\"contentUrl\":\"https:\\\/\\\/quehacerpolitico.mx\\\/wp-content\\\/uploads\\\/2023\\\/09\\\/IMG_0404.jpeg\",\"width\":701,\"height\":437},{\"@type\":\"BreadcrumbList\",\"@id\":\"https:\\\/\\\/quehacerpolitico.mx\\\/?p=104429#breadcrumb\",\"itemListElement\":[{\"@type\":\"ListItem\",\"position\":1,\"name\":\"Inicio\",\"item\":\"https:\\\/\\\/quehacerpolitico.mx\\\/\"},{\"@type\":\"ListItem\",\"position\":2,\"name\":\"No buscar\u00e9 la candidatura presidencial por MC en 2024; no ser\u00e9 el aspirante que divida a la oposici\u00f3n, hay muchas cosas por madurar y una de ellas es mi persona: Luis Donaldo Colosio Riojas\"}]},{\"@type\":\"WebSite\",\"@id\":\"https:\\\/\\\/quehacerpolitico.mx\\\/#website\",\"url\":\"https:\\\/\\\/quehacerpolitico.mx\\\/\",\"name\":\"\",\"description\":\"\",\"potentialAction\":[{\"@type\":\"SearchAction\",\"target\":{\"@type\":\"EntryPoint\",\"urlTemplate\":\"https:\\\/\\\/quehacerpolitico.mx\\\/?s={search_term_string}\"},\"query-input\":{\"@type\":\"PropertyValueSpecification\",\"valueRequired\":true,\"valueName\":\"search_term_string\"}}],\"inLanguage\":\"es\"},{\"@type\":\"Person\",\"@id\":\"https:\\\/\\\/quehacerpolitico.mx\\\/#\\\/schema\\\/person\\\/496d8ad2d1d3f8036101dca7ee39e585\",\"name\":\"Redacci\u00f3n QP\",\"image\":{\"@type\":\"ImageObject\",\"inLanguage\":\"es\",\"@id\":\"https:\\\/\\\/secure.gravatar.com\\\/avatar\\\/c7164ed6fdec453195284ad24a5ae5b6e1eed2b848477fa2a4787ba9adf39a41?s=96&d=mm&r=g\",\"url\":\"https:\\\/\\\/secure.gravatar.com\\\/avatar\\\/c7164ed6fdec453195284ad24a5ae5b6e1eed2b848477fa2a4787ba9adf39a41?s=96&d=mm&r=g\",\"contentUrl\":\"https:\\\/\\\/secure.gravatar.com\\\/avatar\\\/c7164ed6fdec453195284ad24a5ae5b6e1eed2b848477fa2a4787ba9adf39a41?s=96&d=mm&r=g\",\"caption\":\"Redacci\u00f3n QP\"},\"url\":\"https:\\\/\\\/quehacerpolitico.mx\\\/?author=2\"}]}<\/script>\n<!-- \/ Yoast SEO plugin. -->","yoast_head_json":{"title":"No buscar\u00e9 la candidatura presidencial por MC en 2024; no ser\u00e9 el aspirante que divida a la oposici\u00f3n, hay muchas cosas por madurar y una de ellas es mi persona: Luis Donaldo Colosio Riojas -","robots":{"index":"index","follow":"follow","max-snippet":"max-snippet:-1","max-image-preview":"max-image-preview:large","max-video-preview":"max-video-preview:-1"},"canonical":"https:\/\/quehacerpolitico.mx\/?p=104429","og_locale":"es_MX","og_type":"article","og_title":"No buscar\u00e9 la candidatura presidencial por MC en 2024; no ser\u00e9 el aspirante que divida a la oposici\u00f3n, hay muchas cosas por madurar y una de ellas es mi persona: Luis Donaldo Colosio Riojas -","og_description":"Por Redacci\u00f3n QP Luis Donaldo Colosio argument\u00f3 no querer romper el frente pol\u00edtico rumbo a...","og_url":"https:\/\/quehacerpolitico.mx\/?p=104429","article_published_time":"2023-09-04T23:52:04+00:00","article_modified_time":"2023-09-04T23:52:08+00:00","og_image":[{"width":701,"height":437,"url":"https:\/\/quehacerpolitico.mx\/wp-content\/uploads\/2023\/09\/IMG_0404.jpeg","type":"image\/jpeg"}],"author":"Redacci\u00f3n QP","twitter_card":"summary_large_image","twitter_misc":{"Escrito por":"Redacci\u00f3n QP","Tiempo de lectura":"1 minuto"},"schema":{"@context":"https:\/\/schema.org","@graph":[{"@type":"Article","@id":"https:\/\/quehacerpolitico.mx\/?p=104429#article","isPartOf":{"@id":"https:\/\/quehacerpolitico.mx\/?p=104429"},"author":{"name":"Redacci\u00f3n QP","@id":"https:\/\/quehacerpolitico.mx\/#\/schema\/person\/496d8ad2d1d3f8036101dca7ee39e585"},"headline":"No buscar\u00e9 la candidatura presidencial por MC en 2024; no ser\u00e9 el aspirante que divida a la oposici\u00f3n, hay muchas cosas por madurar y una de ellas es mi persona: Luis Donaldo Colosio Riojas","datePublished":"2023-09-04T23:52:04+00:00","dateModified":"2023-09-04T23:52:08+00:00","mainEntityOfPage":{"@id":"https:\/\/quehacerpolitico.mx\/?p=104429"},"wordCount":277,"commentCount":0,"image":{"@id":"https:\/\/quehacerpolitico.mx\/?p=104429#primaryimage"},"thumbnailUrl":"https:\/\/quehacerpolitico.mx\/wp-content\/uploads\/2023\/09\/IMG_0404.jpeg","articleSection":["Noticias"],"inLanguage":"es","potentialAction":[{"@type":"CommentAction","name":"Comment","target":["https:\/\/quehacerpolitico.mx\/?p=104429#respond"]}]},{"@type":"WebPage","@id":"https:\/\/quehacerpolitico.mx\/?p=104429","url":"https:\/\/quehacerpolitico.mx\/?p=104429","name":"No buscar\u00e9 la candidatura presidencial por MC en 2024; no ser\u00e9 el aspirante que divida a la oposici\u00f3n, hay muchas cosas por madurar y una de ellas es mi persona: Luis Donaldo Colosio Riojas -","isPartOf":{"@id":"https:\/\/quehacerpolitico.mx\/#website"},"primaryImageOfPage":{"@id":"https:\/\/quehacerpolitico.mx\/?p=104429#primaryimage"},"image":{"@id":"https:\/\/quehacerpolitico.mx\/?p=104429#primaryimage"},"thumbnailUrl":"https:\/\/quehacerpolitico.mx\/wp-content\/uploads\/2023\/09\/IMG_0404.jpeg","datePublished":"2023-09-04T23:52:04+00:00","dateModified":"2023-09-04T23:52:08+00:00","author":{"@id":"https:\/\/quehacerpolitico.mx\/#\/schema\/person\/496d8ad2d1d3f8036101dca7ee39e585"},"breadcrumb":{"@id":"https:\/\/quehacerpolitico.mx\/?p=104429#breadcrumb"},"inLanguage":"es","potentialAction":[{"@type":"ReadAction","target":["https:\/\/quehacerpolitico.mx\/?p=104429"]}]},{"@type":"ImageObject","inLanguage":"es","@id":"https:\/\/quehacerpolitico.mx\/?p=104429#primaryimage","url":"https:\/\/quehacerpolitico.mx\/wp-content\/uploads\/2023\/09\/IMG_0404.jpeg","contentUrl":"https:\/\/quehacerpolitico.mx\/wp-content\/uploads\/2023\/09\/IMG_0404.jpeg","width":701,"height":437},{"@type":"BreadcrumbList","@id":"https:\/\/quehacerpolitico.mx\/?p=104429#breadcrumb","itemListElement":[{"@type":"ListItem","position":1,"name":"Inicio","item":"https:\/\/quehacerpolitico.mx\/"},{"@type":"ListItem","position":2,"name":"No buscar\u00e9 la candidatura presidencial por MC en 2024; no ser\u00e9 el aspirante que divida a la oposici\u00f3n, hay muchas cosas por madurar y una de ellas es mi persona: Luis Donaldo Colosio Riojas"}]},{"@type":"WebSite","@id":"https:\/\/quehacerpolitico.mx\/#website","url":"https:\/\/quehacerpolitico.mx\/","name":"","description":"","potentialAction":[{"@type":"SearchAction","target":{"@type":"EntryPoint","urlTemplate":"https:\/\/quehacerpolitico.mx\/?s={search_term_string}"},"query-input":{"@type":"PropertyValueSpecification","valueRequired":true,"valueName":"search_term_string"}}],"inLanguage":"es"},{"@type":"Person","@id":"https:\/\/quehacerpolitico.mx\/#\/schema\/person\/496d8ad2d1d3f8036101dca7ee39e585","name":"Redacci\u00f3n QP","image":{"@type":"ImageObject","inLanguage":"es","@id":"https:\/\/secure.gravatar.com\/avatar\/c7164ed6fdec453195284ad24a5ae5b6e1eed2b848477fa2a4787ba9adf39a41?s=96&d=mm&r=g","url":"https:\/\/secure.gravatar.com\/avatar\/c7164ed6fdec453195284ad24a5ae5b6e1eed2b848477fa2a4787ba9adf39a41?s=96&d=mm&r=g","contentUrl":"https:\/\/secure.gravatar.com\/avatar\/c7164ed6fdec453195284ad24a5ae5b6e1eed2b848477fa2a4787ba9adf39a41?s=96&d=mm&r=g","caption":"Redacci\u00f3n QP"},"url":"https:\/\/quehacerpolitico.mx\/?author=2"}]}},"featured_image_urls":{"full":["https:\/\/quehacerpolitico.mx\/wp-content\/uploads\/2023\/09\/IMG_0404.jpeg",701,437,false],"thumbnail":["https:\/\/quehacerpolitico.mx\/wp-content\/uploads\/2023\/09\/IMG_0404-150x150.jpeg",150,150,true],"medium":["https:\/\/quehacerpolitico.mx\/wp-content\/uploads\/2023\/09\/IMG_0404-300x187.jpeg",300,187,true],"medium_large":["https:\/\/quehacerpolitico.mx\/wp-content\/uploads\/2023\/09\/IMG_0404.jpeg",640,399,false],"large":["https:\/\/quehacerpolitico.mx\/wp-content\/uploads\/2023\/09\/IMG_0404.jpeg",640,399,false],"1536x1536":["https:\/\/quehacerpolitico.mx\/wp-content\/uploads\/2023\/09\/IMG_0404.jpeg",701,437,false],"2048x2048":["https:\/\/quehacerpolitico.mx\/wp-content\/uploads\/2023\/09\/IMG_0404.jpeg",701,437,false],"covernews-featured":["https:\/\/quehacerpolitico.mx\/wp-content\/uploads\/2023\/09\/IMG_0404.jpeg",701,437,false],"covernews-medium":["https:\/\/quehacerpolitico.mx\/wp-content\/uploads\/2023\/09\/IMG_0404.jpeg",540,337,false]},"author_info":{"display_name":"Redacci\u00f3n QP","author_link":"https:\/\/quehacerpolitico.mx\/?author=2"},"category_info":"<a href=\"https:\/\/quehacerpolitico.mx\/?cat=2\" rel=\"category\">Noticias<\/a>","tag_info":"Noticias","comment_count":"0","_links":{"self":[{"href":"https:\/\/quehacerpolitico.mx\/index.php?rest_route=\/wp\/v2\/posts\/104429","targetHints":{"allow":["GET"]}}],"collection":[{"href":"https:\/\/quehacerpolitico.mx\/index.php?rest_route=\/wp\/v2\/posts"}],"about":[{"href":"https:\/\/quehacerpolitico.mx\/index.php?rest_route=\/wp\/v2\/types\/post"}],"author":[{"embeddable":true,"href":"https:\/\/quehacerpolitico.mx\/index.php?rest_route=\/wp\/v2\/users\/2"}],"replies":[{"embeddable":true,"href":"https:\/\/quehacerpolitico.mx\/index.php?rest_route=%2Fwp%2Fv2%2Fcomments&post=104429"}],"version-history":[{"count":1,"href":"https:\/\/quehacerpolitico.mx\/index.php?rest_route=\/wp\/v2\/posts\/104429\/revisions"}],"predecessor-version":[{"id":104431,"href":"https:\/\/quehacerpolitico.mx\/index.php?rest_route=\/wp\/v2\/posts\/104429\/revisions\/104431"}],"wp:featuredmedia":[{"embeddable":true,"href":"https:\/\/quehacerpolitico.mx\/index.php?rest_route=\/wp\/v2\/media\/104430"}],"wp:attachment":[{"href":"https:\/\/quehacerpolitico.mx\/index.php?rest_route=%2Fwp%2Fv2%2Fmedia&parent=104429"}],"wp:term":[{"taxonomy":"category","embeddable":true,"href":"https:\/\/quehacerpolitico.mx\/index.php?rest_route=%2Fwp%2Fv2%2Fcategories&post=104429"},{"taxonomy":"post_tag","embeddable":true,"href":"https:\/\/quehacerpolitico.mx\/index.php?rest_route=%2Fwp%2Fv2%2Ftags&post=104429"}],"curies":[{"name":"wp","href":"https:\/\/api.w.org\/{rel}","templated":true}]}}