{"id":104424,"date":"2023-09-04T23:35:37","date_gmt":"2023-09-04T23:35:37","guid":{"rendered":"https:\/\/quehacerpolitico.mx\/?p=104424"},"modified":"2023-09-04T23:35:40","modified_gmt":"2023-09-04T23:35:40","slug":"la-inversion-fija-bruta-mexicana-crecio-un-18-8-por-ciento-interanual-en-el-primer-semestre-de-2023","status":"publish","type":"post","link":"https:\/\/quehacerpolitico.mx\/?p=104424","title":{"rendered":"La\u00a0inversi\u00f3n fija bruta mexicana\u00a0creci\u00f3 un 18.8 por ciento interanual en el\u00a0primer semestre de 2023"},"content":{"rendered":"\n<p>Por Redacci\u00f3n QP<\/p>\n\n\n\n<p>El Inegi apunt\u00f3 que el crecimiento de la inversi\u00f3n fija bruta mexicana fue impulsada en particular por el sector de la maquinaria<\/p>\n\n\n\n<p>La<strong>\u00a0inversi\u00f3n fija bruta mexicana<\/strong>\u00a0creci\u00f3 un 18.8 por ciento interanual en el\u00a0<strong>primer semestre de 2023<\/strong>, impulsada en particular por el sector de la maquinaria, inform\u00f3 este lunes el Instituto Nacional de Estad\u00edstica y Geograf\u00eda (Inegi).<\/p>\n\n\n\n<p>Este resultado de enero a junio fue por los avances anuales de 17.9 por ciento en la construcci\u00f3n y de 19.9 % en la maquinaria y equipo, detall\u00f3 el instituto aut\u00f3nomo con base en cifras originales.<\/p>\n\n\n\n<p>Al contemplar solo junio, la inversi\u00f3n fija bruta creci\u00f3 un 28.8 por ciento interanual por el alza de construcci\u00f3n (37,1 % ) y de la maquinaria y equipo (20.5 %).<\/p>\n\n\n\n<p>Por otro lado, seg\u00fan datos ajustados por estacionalidad, la inversi\u00f3n fija bruta se elev\u00f3 un 3.1 por ciento frente al mes precedente.<\/p>\n\n\n\n<p>Esto fue una combinaci\u00f3n de las subidas mensuales del 4.2 % en la construcci\u00f3n y de 2,1 por ciento en maquinaria y equipo.<\/p>\n\n\n\n<p>Las cifras son un reflejo del comportamiento de la econom\u00eda de M\u00e9xico, que creci\u00f3 un 3.6 % interanual y un 0.8 por ciento trimestral en el segundo trimestre de 2023, seg\u00fan las cifras definitivas que el Inegi difundi\u00f3 la semana pasada.<\/p>\n\n\n\n<figure class=\"wp-block-image size-large\"><img loading=\"lazy\" decoding=\"async\" width=\"591\" height=\"1024\" src=\"https:\/\/quehacerpolitico.mx\/wp-content\/uploads\/2023\/09\/IMG_0402-591x1024.jpeg\" alt=\"\" class=\"wp-image-104425\" srcset=\"https:\/\/quehacerpolitico.mx\/wp-content\/uploads\/2023\/09\/IMG_0402-591x1024.jpeg 591w, https:\/\/quehacerpolitico.mx\/wp-content\/uploads\/2023\/09\/IMG_0402-173x300.jpeg 173w, https:\/\/quehacerpolitico.mx\/wp-content\/uploads\/2023\/09\/IMG_0402-768x1331.jpeg 768w, https:\/\/quehacerpolitico.mx\/wp-content\/uploads\/2023\/09\/IMG_0402-886x1536.jpeg 886w, https:\/\/quehacerpolitico.mx\/wp-content\/uploads\/2023\/09\/IMG_0402-1181x2048.jpeg 1181w, https:\/\/quehacerpolitico.mx\/wp-content\/uploads\/2023\/09\/IMG_0402-84x146.jpeg 84w, https:\/\/quehacerpolitico.mx\/wp-content\/uploads\/2023\/09\/IMG_0402-29x50.jpeg 29w, https:\/\/quehacerpolitico.mx\/wp-content\/uploads\/2023\/09\/IMG_0402-43x75.jpeg 43w, https:\/\/quehacerpolitico.mx\/wp-content\/uploads\/2023\/09\/IMG_0402.jpeg 1284w\" sizes=\"auto, (max-width: 591px) 100vw, 591px\" \/><\/figure>\n\n\n\n<p>La inversi\u00f3n fija bruta mexicana creci\u00f3 un 6 por ciento anual en 2022 por el impulso de la maquinaria y equipo.<\/p>\n\n\n\n<p>Mientras que en 2021 tuvo un repunte del 10 por ciento interanual tras pasar la peor etapa de la pandemia del coronavirus, que provoc\u00f3 una contracci\u00f3n de 18.2 % en la inversi\u00f3n en 2020.<\/p>\n\n\n\n<p>La inversi\u00f3n fija bruta permite conocer el comportamiento de la inversi\u00f3n en el corto plazo, de acuerdo con el Inegi.<\/p>\n\n\n\n<p>Est\u00e1 integrada por los bienes utilizados en el proceso productivo durante m\u00e1s de un a\u00f1o y que est\u00e1n sujetos a derechos de propiedad.<\/p>\n\n\n\n<p>La econom\u00eda mexicana ha recuperado su nivel prepandemia despu\u00e9s del crecimiento de 3.1 por ciento de 2022 y de 4.8 % en 2021 tras contraerse un 8.2 por ciento en 2020, su peor desplome desde la Gran Depresi\u00f3n de 1932.<\/p>\n\n\n\n<figure class=\"wp-block-image size-large\"><img loading=\"lazy\" decoding=\"async\" width=\"833\" height=\"1024\" src=\"https:\/\/quehacerpolitico.mx\/wp-content\/uploads\/2023\/09\/image-24-833x1024.jpeg\" alt=\"\" class=\"wp-image-104426\" srcset=\"https:\/\/quehacerpolitico.mx\/wp-content\/uploads\/2023\/09\/image-24-833x1024.jpeg 833w, https:\/\/quehacerpolitico.mx\/wp-content\/uploads\/2023\/09\/image-24-244x300.jpeg 244w, https:\/\/quehacerpolitico.mx\/wp-content\/uploads\/2023\/09\/image-24-768x944.jpeg 768w, https:\/\/quehacerpolitico.mx\/wp-content\/uploads\/2023\/09\/image-24-1250x1536.jpeg 1250w, https:\/\/quehacerpolitico.mx\/wp-content\/uploads\/2023\/09\/image-24-119x146.jpeg 119w, https:\/\/quehacerpolitico.mx\/wp-content\/uploads\/2023\/09\/image-24-41x50.jpeg 41w, https:\/\/quehacerpolitico.mx\/wp-content\/uploads\/2023\/09\/image-24-61x75.jpeg 61w, https:\/\/quehacerpolitico.mx\/wp-content\/uploads\/2023\/09\/image-24.jpeg 1284w\" sizes=\"auto, (max-width: 833px) 100vw, 833px\" \/><\/figure>\n","protected":false},"excerpt":{"rendered":"<p>Por Redacci\u00f3n QP El Inegi apunt\u00f3 que el crecimiento de la inversi\u00f3n fija bruta mexicana&#8230;<\/p>\n","protected":false},"author":2,"featured_media":104427,"comment_status":"open","ping_status":"open","sticky":false,"template":"","format":"standard","meta":{"_monsterinsights_skip_tracking":false,"_monsterinsights_sitenote_active":false,"_monsterinsights_sitenote_note":"","_monsterinsights_sitenote_category":0,"footnotes":""},"categories":[56],"tags":[],"class_list":["post-104424","post","type-post","status-publish","format-standard","has-post-thumbnail","hentry","category-economia"],"yoast_head":"<!-- This site is optimized with the Yoast SEO plugin v27.3 - https:\/\/yoast.com\/product\/yoast-seo-wordpress\/ -->\n<title>La\u00a0inversi\u00f3n fija bruta mexicana\u00a0creci\u00f3 un 18.8 por ciento interanual en el\u00a0primer semestre de 2023 -<\/title>\n<meta name=\"robots\" content=\"index, follow, max-snippet:-1, max-image-preview:large, max-video-preview:-1\" \/>\n<link rel=\"canonical\" href=\"https:\/\/quehacerpolitico.mx\/?p=104424\" \/>\n<meta property=\"og:locale\" content=\"es_MX\" \/>\n<meta property=\"og:type\" content=\"article\" \/>\n<meta property=\"og:title\" content=\"La\u00a0inversi\u00f3n fija bruta mexicana\u00a0creci\u00f3 un 18.8 por ciento interanual en el\u00a0primer semestre de 2023 -\" \/>\n<meta property=\"og:description\" content=\"Por Redacci\u00f3n QP El Inegi apunt\u00f3 que el crecimiento de la inversi\u00f3n fija bruta mexicana...\" \/>\n<meta property=\"og:url\" content=\"https:\/\/quehacerpolitico.mx\/?p=104424\" \/>\n<meta property=\"article:published_time\" content=\"2023-09-04T23:35:37+00:00\" \/>\n<meta property=\"article:modified_time\" content=\"2023-09-04T23:35:40+00:00\" \/>\n<meta property=\"og:image\" content=\"https:\/\/quehacerpolitico.mx\/wp-content\/uploads\/2023\/09\/IMG_0403.jpeg\" \/>\n\t<meta property=\"og:image:width\" content=\"738\" \/>\n\t<meta property=\"og:image:height\" content=\"416\" \/>\n\t<meta property=\"og:image:type\" content=\"image\/jpeg\" \/>\n<meta name=\"author\" content=\"Redacci\u00f3n QP\" \/>\n<meta name=\"twitter:card\" content=\"summary_large_image\" \/>\n<meta name=\"twitter:label1\" content=\"Escrito por\" \/>\n\t<meta name=\"twitter:data1\" content=\"Redacci\u00f3n QP\" \/>\n\t<meta name=\"twitter:label2\" content=\"Tiempo de lectura\" \/>\n\t<meta name=\"twitter:data2\" content=\"2 minutos\" \/>\n<script type=\"application\/ld+json\" class=\"yoast-schema-graph\">{\"@context\":\"https:\\\/\\\/schema.org\",\"@graph\":[{\"@type\":\"Article\",\"@id\":\"https:\\\/\\\/quehacerpolitico.mx\\\/?p=104424#article\",\"isPartOf\":{\"@id\":\"https:\\\/\\\/quehacerpolitico.mx\\\/?p=104424\"},\"author\":{\"name\":\"Redacci\u00f3n QP\",\"@id\":\"https:\\\/\\\/quehacerpolitico.mx\\\/#\\\/schema\\\/person\\\/496d8ad2d1d3f8036101dca7ee39e585\"},\"headline\":\"La\u00a0inversi\u00f3n fija bruta mexicana\u00a0creci\u00f3 un 18.8 por ciento interanual en el\u00a0primer semestre de 2023\",\"datePublished\":\"2023-09-04T23:35:37+00:00\",\"dateModified\":\"2023-09-04T23:35:40+00:00\",\"mainEntityOfPage\":{\"@id\":\"https:\\\/\\\/quehacerpolitico.mx\\\/?p=104424\"},\"wordCount\":361,\"commentCount\":0,\"image\":{\"@id\":\"https:\\\/\\\/quehacerpolitico.mx\\\/?p=104424#primaryimage\"},\"thumbnailUrl\":\"https:\\\/\\\/quehacerpolitico.mx\\\/wp-content\\\/uploads\\\/2023\\\/09\\\/IMG_0403.jpeg\",\"articleSection\":[\"Econom\u00eda\"],\"inLanguage\":\"es\",\"potentialAction\":[{\"@type\":\"CommentAction\",\"name\":\"Comment\",\"target\":[\"https:\\\/\\\/quehacerpolitico.mx\\\/?p=104424#respond\"]}]},{\"@type\":\"WebPage\",\"@id\":\"https:\\\/\\\/quehacerpolitico.mx\\\/?p=104424\",\"url\":\"https:\\\/\\\/quehacerpolitico.mx\\\/?p=104424\",\"name\":\"La\u00a0inversi\u00f3n fija bruta mexicana\u00a0creci\u00f3 un 18.8 por ciento interanual en el\u00a0primer semestre de 2023 -\",\"isPartOf\":{\"@id\":\"https:\\\/\\\/quehacerpolitico.mx\\\/#website\"},\"primaryImageOfPage\":{\"@id\":\"https:\\\/\\\/quehacerpolitico.mx\\\/?p=104424#primaryimage\"},\"image\":{\"@id\":\"https:\\\/\\\/quehacerpolitico.mx\\\/?p=104424#primaryimage\"},\"thumbnailUrl\":\"https:\\\/\\\/quehacerpolitico.mx\\\/wp-content\\\/uploads\\\/2023\\\/09\\\/IMG_0403.jpeg\",\"datePublished\":\"2023-09-04T23:35:37+00:00\",\"dateModified\":\"2023-09-04T23:35:40+00:00\",\"author\":{\"@id\":\"https:\\\/\\\/quehacerpolitico.mx\\\/#\\\/schema\\\/person\\\/496d8ad2d1d3f8036101dca7ee39e585\"},\"breadcrumb\":{\"@id\":\"https:\\\/\\\/quehacerpolitico.mx\\\/?p=104424#breadcrumb\"},\"inLanguage\":\"es\",\"potentialAction\":[{\"@type\":\"ReadAction\",\"target\":[\"https:\\\/\\\/quehacerpolitico.mx\\\/?p=104424\"]}]},{\"@type\":\"ImageObject\",\"inLanguage\":\"es\",\"@id\":\"https:\\\/\\\/quehacerpolitico.mx\\\/?p=104424#primaryimage\",\"url\":\"https:\\\/\\\/quehacerpolitico.mx\\\/wp-content\\\/uploads\\\/2023\\\/09\\\/IMG_0403.jpeg\",\"contentUrl\":\"https:\\\/\\\/quehacerpolitico.mx\\\/wp-content\\\/uploads\\\/2023\\\/09\\\/IMG_0403.jpeg\",\"width\":738,\"height\":416},{\"@type\":\"BreadcrumbList\",\"@id\":\"https:\\\/\\\/quehacerpolitico.mx\\\/?p=104424#breadcrumb\",\"itemListElement\":[{\"@type\":\"ListItem\",\"position\":1,\"name\":\"Inicio\",\"item\":\"https:\\\/\\\/quehacerpolitico.mx\\\/\"},{\"@type\":\"ListItem\",\"position\":2,\"name\":\"La\u00a0inversi\u00f3n fija bruta mexicana\u00a0creci\u00f3 un 18.8 por ciento interanual en el\u00a0primer semestre de 2023\"}]},{\"@type\":\"WebSite\",\"@id\":\"https:\\\/\\\/quehacerpolitico.mx\\\/#website\",\"url\":\"https:\\\/\\\/quehacerpolitico.mx\\\/\",\"name\":\"\",\"description\":\"\",\"potentialAction\":[{\"@type\":\"SearchAction\",\"target\":{\"@type\":\"EntryPoint\",\"urlTemplate\":\"https:\\\/\\\/quehacerpolitico.mx\\\/?s={search_term_string}\"},\"query-input\":{\"@type\":\"PropertyValueSpecification\",\"valueRequired\":true,\"valueName\":\"search_term_string\"}}],\"inLanguage\":\"es\"},{\"@type\":\"Person\",\"@id\":\"https:\\\/\\\/quehacerpolitico.mx\\\/#\\\/schema\\\/person\\\/496d8ad2d1d3f8036101dca7ee39e585\",\"name\":\"Redacci\u00f3n QP\",\"image\":{\"@type\":\"ImageObject\",\"inLanguage\":\"es\",\"@id\":\"https:\\\/\\\/secure.gravatar.com\\\/avatar\\\/c7164ed6fdec453195284ad24a5ae5b6e1eed2b848477fa2a4787ba9adf39a41?s=96&d=mm&r=g\",\"url\":\"https:\\\/\\\/secure.gravatar.com\\\/avatar\\\/c7164ed6fdec453195284ad24a5ae5b6e1eed2b848477fa2a4787ba9adf39a41?s=96&d=mm&r=g\",\"contentUrl\":\"https:\\\/\\\/secure.gravatar.com\\\/avatar\\\/c7164ed6fdec453195284ad24a5ae5b6e1eed2b848477fa2a4787ba9adf39a41?s=96&d=mm&r=g\",\"caption\":\"Redacci\u00f3n QP\"},\"url\":\"https:\\\/\\\/quehacerpolitico.mx\\\/?author=2\"}]}<\/script>\n<!-- \/ Yoast SEO plugin. -->","yoast_head_json":{"title":"La\u00a0inversi\u00f3n fija bruta mexicana\u00a0creci\u00f3 un 18.8 por ciento interanual en el\u00a0primer semestre de 2023 -","robots":{"index":"index","follow":"follow","max-snippet":"max-snippet:-1","max-image-preview":"max-image-preview:large","max-video-preview":"max-video-preview:-1"},"canonical":"https:\/\/quehacerpolitico.mx\/?p=104424","og_locale":"es_MX","og_type":"article","og_title":"La\u00a0inversi\u00f3n fija bruta mexicana\u00a0creci\u00f3 un 18.8 por ciento interanual en el\u00a0primer semestre de 2023 -","og_description":"Por Redacci\u00f3n QP El Inegi apunt\u00f3 que el crecimiento de la inversi\u00f3n fija bruta mexicana...","og_url":"https:\/\/quehacerpolitico.mx\/?p=104424","article_published_time":"2023-09-04T23:35:37+00:00","article_modified_time":"2023-09-04T23:35:40+00:00","og_image":[{"width":738,"height":416,"url":"https:\/\/quehacerpolitico.mx\/wp-content\/uploads\/2023\/09\/IMG_0403.jpeg","type":"image\/jpeg"}],"author":"Redacci\u00f3n QP","twitter_card":"summary_large_image","twitter_misc":{"Escrito por":"Redacci\u00f3n QP","Tiempo de lectura":"2 minutos"},"schema":{"@context":"https:\/\/schema.org","@graph":[{"@type":"Article","@id":"https:\/\/quehacerpolitico.mx\/?p=104424#article","isPartOf":{"@id":"https:\/\/quehacerpolitico.mx\/?p=104424"},"author":{"name":"Redacci\u00f3n QP","@id":"https:\/\/quehacerpolitico.mx\/#\/schema\/person\/496d8ad2d1d3f8036101dca7ee39e585"},"headline":"La\u00a0inversi\u00f3n fija bruta mexicana\u00a0creci\u00f3 un 18.8 por ciento interanual en el\u00a0primer semestre de 2023","datePublished":"2023-09-04T23:35:37+00:00","dateModified":"2023-09-04T23:35:40+00:00","mainEntityOfPage":{"@id":"https:\/\/quehacerpolitico.mx\/?p=104424"},"wordCount":361,"commentCount":0,"image":{"@id":"https:\/\/quehacerpolitico.mx\/?p=104424#primaryimage"},"thumbnailUrl":"https:\/\/quehacerpolitico.mx\/wp-content\/uploads\/2023\/09\/IMG_0403.jpeg","articleSection":["Econom\u00eda"],"inLanguage":"es","potentialAction":[{"@type":"CommentAction","name":"Comment","target":["https:\/\/quehacerpolitico.mx\/?p=104424#respond"]}]},{"@type":"WebPage","@id":"https:\/\/quehacerpolitico.mx\/?p=104424","url":"https:\/\/quehacerpolitico.mx\/?p=104424","name":"La\u00a0inversi\u00f3n fija bruta mexicana\u00a0creci\u00f3 un 18.8 por ciento interanual en el\u00a0primer semestre de 2023 -","isPartOf":{"@id":"https:\/\/quehacerpolitico.mx\/#website"},"primaryImageOfPage":{"@id":"https:\/\/quehacerpolitico.mx\/?p=104424#primaryimage"},"image":{"@id":"https:\/\/quehacerpolitico.mx\/?p=104424#primaryimage"},"thumbnailUrl":"https:\/\/quehacerpolitico.mx\/wp-content\/uploads\/2023\/09\/IMG_0403.jpeg","datePublished":"2023-09-04T23:35:37+00:00","dateModified":"2023-09-04T23:35:40+00:00","author":{"@id":"https:\/\/quehacerpolitico.mx\/#\/schema\/person\/496d8ad2d1d3f8036101dca7ee39e585"},"breadcrumb":{"@id":"https:\/\/quehacerpolitico.mx\/?p=104424#breadcrumb"},"inLanguage":"es","potentialAction":[{"@type":"ReadAction","target":["https:\/\/quehacerpolitico.mx\/?p=104424"]}]},{"@type":"ImageObject","inLanguage":"es","@id":"https:\/\/quehacerpolitico.mx\/?p=104424#primaryimage","url":"https:\/\/quehacerpolitico.mx\/wp-content\/uploads\/2023\/09\/IMG_0403.jpeg","contentUrl":"https:\/\/quehacerpolitico.mx\/wp-content\/uploads\/2023\/09\/IMG_0403.jpeg","width":738,"height":416},{"@type":"BreadcrumbList","@id":"https:\/\/quehacerpolitico.mx\/?p=104424#breadcrumb","itemListElement":[{"@type":"ListItem","position":1,"name":"Inicio","item":"https:\/\/quehacerpolitico.mx\/"},{"@type":"ListItem","position":2,"name":"La\u00a0inversi\u00f3n fija bruta mexicana\u00a0creci\u00f3 un 18.8 por ciento interanual en el\u00a0primer semestre de 2023"}]},{"@type":"WebSite","@id":"https:\/\/quehacerpolitico.mx\/#website","url":"https:\/\/quehacerpolitico.mx\/","name":"","description":"","potentialAction":[{"@type":"SearchAction","target":{"@type":"EntryPoint","urlTemplate":"https:\/\/quehacerpolitico.mx\/?s={search_term_string}"},"query-input":{"@type":"PropertyValueSpecification","valueRequired":true,"valueName":"search_term_string"}}],"inLanguage":"es"},{"@type":"Person","@id":"https:\/\/quehacerpolitico.mx\/#\/schema\/person\/496d8ad2d1d3f8036101dca7ee39e585","name":"Redacci\u00f3n QP","image":{"@type":"ImageObject","inLanguage":"es","@id":"https:\/\/secure.gravatar.com\/avatar\/c7164ed6fdec453195284ad24a5ae5b6e1eed2b848477fa2a4787ba9adf39a41?s=96&d=mm&r=g","url":"https:\/\/secure.gravatar.com\/avatar\/c7164ed6fdec453195284ad24a5ae5b6e1eed2b848477fa2a4787ba9adf39a41?s=96&d=mm&r=g","contentUrl":"https:\/\/secure.gravatar.com\/avatar\/c7164ed6fdec453195284ad24a5ae5b6e1eed2b848477fa2a4787ba9adf39a41?s=96&d=mm&r=g","caption":"Redacci\u00f3n QP"},"url":"https:\/\/quehacerpolitico.mx\/?author=2"}]}},"featured_image_urls":{"full":["https:\/\/quehacerpolitico.mx\/wp-content\/uploads\/2023\/09\/IMG_0403.jpeg",738,416,false],"thumbnail":["https:\/\/quehacerpolitico.mx\/wp-content\/uploads\/2023\/09\/IMG_0403-150x150.jpeg",150,150,true],"medium":["https:\/\/quehacerpolitico.mx\/wp-content\/uploads\/2023\/09\/IMG_0403-300x169.jpeg",300,169,true],"medium_large":["https:\/\/quehacerpolitico.mx\/wp-content\/uploads\/2023\/09\/IMG_0403.jpeg",640,361,false],"large":["https:\/\/quehacerpolitico.mx\/wp-content\/uploads\/2023\/09\/IMG_0403.jpeg",640,361,false],"1536x1536":["https:\/\/quehacerpolitico.mx\/wp-content\/uploads\/2023\/09\/IMG_0403.jpeg",738,416,false],"2048x2048":["https:\/\/quehacerpolitico.mx\/wp-content\/uploads\/2023\/09\/IMG_0403.jpeg",738,416,false],"covernews-featured":["https:\/\/quehacerpolitico.mx\/wp-content\/uploads\/2023\/09\/IMG_0403.jpeg",738,416,false],"covernews-medium":["https:\/\/quehacerpolitico.mx\/wp-content\/uploads\/2023\/09\/IMG_0403.jpeg",540,304,false]},"author_info":{"display_name":"Redacci\u00f3n QP","author_link":"https:\/\/quehacerpolitico.mx\/?author=2"},"category_info":"<a href=\"https:\/\/quehacerpolitico.mx\/?cat=56\" rel=\"category\">Econom\u00eda<\/a>","tag_info":"Econom\u00eda","comment_count":"0","_links":{"self":[{"href":"https:\/\/quehacerpolitico.mx\/index.php?rest_route=\/wp\/v2\/posts\/104424","targetHints":{"allow":["GET"]}}],"collection":[{"href":"https:\/\/quehacerpolitico.mx\/index.php?rest_route=\/wp\/v2\/posts"}],"about":[{"href":"https:\/\/quehacerpolitico.mx\/index.php?rest_route=\/wp\/v2\/types\/post"}],"author":[{"embeddable":true,"href":"https:\/\/quehacerpolitico.mx\/index.php?rest_route=\/wp\/v2\/users\/2"}],"replies":[{"embeddable":true,"href":"https:\/\/quehacerpolitico.mx\/index.php?rest_route=%2Fwp%2Fv2%2Fcomments&post=104424"}],"version-history":[{"count":1,"href":"https:\/\/quehacerpolitico.mx\/index.php?rest_route=\/wp\/v2\/posts\/104424\/revisions"}],"predecessor-version":[{"id":104428,"href":"https:\/\/quehacerpolitico.mx\/index.php?rest_route=\/wp\/v2\/posts\/104424\/revisions\/104428"}],"wp:featuredmedia":[{"embeddable":true,"href":"https:\/\/quehacerpolitico.mx\/index.php?rest_route=\/wp\/v2\/media\/104427"}],"wp:attachment":[{"href":"https:\/\/quehacerpolitico.mx\/index.php?rest_route=%2Fwp%2Fv2%2Fmedia&parent=104424"}],"wp:term":[{"taxonomy":"category","embeddable":true,"href":"https:\/\/quehacerpolitico.mx\/index.php?rest_route=%2Fwp%2Fv2%2Fcategories&post=104424"},{"taxonomy":"post_tag","embeddable":true,"href":"https:\/\/quehacerpolitico.mx\/index.php?rest_route=%2Fwp%2Fv2%2Ftags&post=104424"}],"curies":[{"name":"wp","href":"https:\/\/api.w.org\/{rel}","templated":true}]}}