{"id":104411,"date":"2023-09-04T22:09:16","date_gmt":"2023-09-04T22:09:16","guid":{"rendered":"https:\/\/quehacerpolitico.mx\/?p=104411"},"modified":"2023-09-04T22:09:19","modified_gmt":"2023-09-04T22:09:19","slug":"estoy-listo-para-cualquier-reto-omar-garcia-harfuch-se-destapa-para-jefe-de-gobierno-de-la-cdmx","status":"publish","type":"post","link":"https:\/\/quehacerpolitico.mx\/?p=104411","title":{"rendered":"\u201cEstoy listo para cualquier reto\u201d: Omar Garc\u00eda Harfuch se destapa para Jefe de Gobierno de la CDMX"},"content":{"rendered":"\n<p>Por Redacci\u00f3n QP<\/p>\n\n\n\n<p>Omar Garc\u00eda Harfuch dijo sentirse preparado para \u201ccumplir con cualquier tarea que tengamos que hacer en la Ciudad de M\u00e9xico\u201d<\/p>\n\n\n\n<p><strong>Omar Garc\u00eda Harfuch<\/strong>, secretario de Seguridad Ciudadana, se dice listo para&nbsp;<strong>enfrentar cualquier reto<\/strong>&nbsp;en la&nbsp;<strong>Ciudad de M\u00e9xico<\/strong>.<\/p>\n\n\n\n<p>De cara al proceso electoral de 2024, en el que se renovar\u00e1 la Jefatura de Gobierno en la capital, Garc\u00eda Harfuch sostiene que no es pol\u00edtico, y que a lo largo de su encomienda como secretario de Seguridad ha aprendido de todo un poco \u201cy nos sentimos preparados para cumplir con cualquier tarea que tengamos que hacer en la Ciudad\u201d.<\/p>\n\n\n\n<p>Tenemos una gran responsabilidad en la administraci\u00f3n del recurso que se nos presupuesta y estamos apoyados tambi\u00e9n por un gran equipo de administradores, porque hay que reconocer que cada quien tiene sus fuertes\u201d, dijo en entrevista para\u00a0<em>La Jornada<\/em>.<\/p>\n\n\n\n<figure class=\"wp-block-embed is-type-video is-provider-youtube wp-block-embed-youtube wp-embed-aspect-16-9 wp-has-aspect-ratio\"><div class=\"wp-block-embed__wrapper\">\n<iframe loading=\"lazy\" title=\"Estamos listos para enfrentar cualquier reto en la CDMX: Garc\u00eda Harfuch\" width=\"640\" height=\"360\" src=\"https:\/\/www.youtube.com\/embed\/h05d6jeuM6Q?feature=oembed\" frameborder=\"0\" allow=\"accelerometer; autoplay; clipboard-write; encrypted-media; gyroscope; picture-in-picture; web-share\" referrerpolicy=\"strict-origin-when-cross-origin\" allowfullscreen><\/iframe>\n<\/div><\/figure>\n\n\n\n<p>Garc\u00eda Harfuch expuso que tiene su formaci\u00f3n muy clara, que se origina en cumplir las tareas encomendadas. Ejemplo de ello es que al frente de la Secretar\u00eda de Seguridad Ciudadana ha reducido hasta 45 por ciento los delitos de alto impacto en la Ciudad de M\u00e9xico.<\/p>\n\n\n\n<p>Creo que cuando eres servidor p\u00fablico que est\u00e1 dedicado a trabajar sin distracci\u00f3n alguna la gente lo reconoce, y entonces nos sentimos capaces de cumplir con cualquier tarea, con cualquier tarea que sea en beneficio de la sociedad. La gente reconoce cuando alguien trabaja y cuando no eres m\u00e1s que un show\u201d, refiri\u00f3.<\/p>\n\n\n\n<p>Su vocaci\u00f3n de servicio, indic\u00f3, la hered\u00f3 de su familia paterna y por sus ganas de hacer algo por el pa\u00eds. Reconoci\u00f3 que ten\u00eda una vida con bastantes comodidades \u201cpero sent\u00ed que no estaba haciendo nada por mi pa\u00eds\u201d, lo que lo llev\u00f3 a iniciar desde el nivel m\u00e1s bajo en el \u00e1rea de seguridad.<\/p>\n\n\n\n<p>Cuestionado sobre si est\u00e1 preparado para la encuesta de Morena para la Jefatura de Gobierno de la Ciudad de M\u00e9xico, Garc\u00eda Harfuch confes\u00f3 no saber si est\u00e1 listo \u201cporque no s\u00e9 si voy a estar\u201d y porque ahorita est\u00e1 concentrado en la SSC, si bien est\u00e1 listo para cualquier reto.<\/p>\n","protected":false},"excerpt":{"rendered":"<p>Por Redacci\u00f3n QP Omar Garc\u00eda Harfuch dijo sentirse preparado para \u201ccumplir con cualquier tarea que&#8230;<\/p>\n","protected":false},"author":2,"featured_media":104412,"comment_status":"open","ping_status":"open","sticky":false,"template":"","format":"standard","meta":{"_monsterinsights_skip_tracking":false,"_monsterinsights_sitenote_active":false,"_monsterinsights_sitenote_note":"","_monsterinsights_sitenote_category":0,"footnotes":""},"categories":[55],"tags":[],"class_list":["post-104411","post","type-post","status-publish","format-standard","has-post-thumbnail","hentry","category-cdmx"],"yoast_head":"<!-- This site is optimized with the Yoast SEO plugin v27.3 - https:\/\/yoast.com\/product\/yoast-seo-wordpress\/ -->\n<title>\u201cEstoy listo para cualquier reto\u201d: Omar Garc\u00eda Harfuch se destapa para Jefe de Gobierno de la CDMX -<\/title>\n<meta name=\"robots\" content=\"index, follow, max-snippet:-1, max-image-preview:large, max-video-preview:-1\" \/>\n<link rel=\"canonical\" href=\"https:\/\/quehacerpolitico.mx\/?p=104411\" \/>\n<meta property=\"og:locale\" content=\"es_MX\" \/>\n<meta property=\"og:type\" content=\"article\" \/>\n<meta property=\"og:title\" content=\"\u201cEstoy listo para cualquier reto\u201d: Omar Garc\u00eda Harfuch se destapa para Jefe de Gobierno de la CDMX -\" \/>\n<meta property=\"og:description\" content=\"Por Redacci\u00f3n QP Omar Garc\u00eda Harfuch dijo sentirse preparado para \u201ccumplir con cualquier tarea que...\" \/>\n<meta property=\"og:url\" content=\"https:\/\/quehacerpolitico.mx\/?p=104411\" \/>\n<meta property=\"article:published_time\" content=\"2023-09-04T22:09:16+00:00\" \/>\n<meta property=\"article:modified_time\" content=\"2023-09-04T22:09:19+00:00\" \/>\n<meta property=\"og:image\" content=\"https:\/\/quehacerpolitico.mx\/wp-content\/uploads\/2023\/09\/IMG_0394.jpeg\" \/>\n\t<meta property=\"og:image:width\" content=\"678\" \/>\n\t<meta property=\"og:image:height\" content=\"452\" \/>\n\t<meta property=\"og:image:type\" content=\"image\/jpeg\" \/>\n<meta name=\"author\" content=\"Redacci\u00f3n QP\" \/>\n<meta name=\"twitter:card\" content=\"summary_large_image\" \/>\n<meta name=\"twitter:label1\" content=\"Escrito por\" \/>\n\t<meta name=\"twitter:data1\" content=\"Redacci\u00f3n QP\" \/>\n\t<meta name=\"twitter:label2\" content=\"Tiempo de lectura\" \/>\n\t<meta name=\"twitter:data2\" content=\"2 minutos\" \/>\n<script type=\"application\/ld+json\" class=\"yoast-schema-graph\">{\"@context\":\"https:\\\/\\\/schema.org\",\"@graph\":[{\"@type\":\"Article\",\"@id\":\"https:\\\/\\\/quehacerpolitico.mx\\\/?p=104411#article\",\"isPartOf\":{\"@id\":\"https:\\\/\\\/quehacerpolitico.mx\\\/?p=104411\"},\"author\":{\"name\":\"Redacci\u00f3n QP\",\"@id\":\"https:\\\/\\\/quehacerpolitico.mx\\\/#\\\/schema\\\/person\\\/496d8ad2d1d3f8036101dca7ee39e585\"},\"headline\":\"\u201cEstoy listo para cualquier reto\u201d: Omar Garc\u00eda Harfuch se destapa para Jefe de Gobierno de la CDMX\",\"datePublished\":\"2023-09-04T22:09:16+00:00\",\"dateModified\":\"2023-09-04T22:09:19+00:00\",\"mainEntityOfPage\":{\"@id\":\"https:\\\/\\\/quehacerpolitico.mx\\\/?p=104411\"},\"wordCount\":399,\"commentCount\":0,\"image\":{\"@id\":\"https:\\\/\\\/quehacerpolitico.mx\\\/?p=104411#primaryimage\"},\"thumbnailUrl\":\"https:\\\/\\\/quehacerpolitico.mx\\\/wp-content\\\/uploads\\\/2023\\\/09\\\/IMG_0394.jpeg\",\"articleSection\":[\"CDMX\"],\"inLanguage\":\"es\",\"potentialAction\":[{\"@type\":\"CommentAction\",\"name\":\"Comment\",\"target\":[\"https:\\\/\\\/quehacerpolitico.mx\\\/?p=104411#respond\"]}]},{\"@type\":\"WebPage\",\"@id\":\"https:\\\/\\\/quehacerpolitico.mx\\\/?p=104411\",\"url\":\"https:\\\/\\\/quehacerpolitico.mx\\\/?p=104411\",\"name\":\"\u201cEstoy listo para cualquier reto\u201d: Omar Garc\u00eda Harfuch se destapa para Jefe de Gobierno de la CDMX -\",\"isPartOf\":{\"@id\":\"https:\\\/\\\/quehacerpolitico.mx\\\/#website\"},\"primaryImageOfPage\":{\"@id\":\"https:\\\/\\\/quehacerpolitico.mx\\\/?p=104411#primaryimage\"},\"image\":{\"@id\":\"https:\\\/\\\/quehacerpolitico.mx\\\/?p=104411#primaryimage\"},\"thumbnailUrl\":\"https:\\\/\\\/quehacerpolitico.mx\\\/wp-content\\\/uploads\\\/2023\\\/09\\\/IMG_0394.jpeg\",\"datePublished\":\"2023-09-04T22:09:16+00:00\",\"dateModified\":\"2023-09-04T22:09:19+00:00\",\"author\":{\"@id\":\"https:\\\/\\\/quehacerpolitico.mx\\\/#\\\/schema\\\/person\\\/496d8ad2d1d3f8036101dca7ee39e585\"},\"breadcrumb\":{\"@id\":\"https:\\\/\\\/quehacerpolitico.mx\\\/?p=104411#breadcrumb\"},\"inLanguage\":\"es\",\"potentialAction\":[{\"@type\":\"ReadAction\",\"target\":[\"https:\\\/\\\/quehacerpolitico.mx\\\/?p=104411\"]}]},{\"@type\":\"ImageObject\",\"inLanguage\":\"es\",\"@id\":\"https:\\\/\\\/quehacerpolitico.mx\\\/?p=104411#primaryimage\",\"url\":\"https:\\\/\\\/quehacerpolitico.mx\\\/wp-content\\\/uploads\\\/2023\\\/09\\\/IMG_0394.jpeg\",\"contentUrl\":\"https:\\\/\\\/quehacerpolitico.mx\\\/wp-content\\\/uploads\\\/2023\\\/09\\\/IMG_0394.jpeg\",\"width\":678,\"height\":452},{\"@type\":\"BreadcrumbList\",\"@id\":\"https:\\\/\\\/quehacerpolitico.mx\\\/?p=104411#breadcrumb\",\"itemListElement\":[{\"@type\":\"ListItem\",\"position\":1,\"name\":\"Inicio\",\"item\":\"https:\\\/\\\/quehacerpolitico.mx\\\/\"},{\"@type\":\"ListItem\",\"position\":2,\"name\":\"\u201cEstoy listo para cualquier reto\u201d: Omar Garc\u00eda Harfuch se destapa para Jefe de Gobierno de la CDMX\"}]},{\"@type\":\"WebSite\",\"@id\":\"https:\\\/\\\/quehacerpolitico.mx\\\/#website\",\"url\":\"https:\\\/\\\/quehacerpolitico.mx\\\/\",\"name\":\"\",\"description\":\"\",\"potentialAction\":[{\"@type\":\"SearchAction\",\"target\":{\"@type\":\"EntryPoint\",\"urlTemplate\":\"https:\\\/\\\/quehacerpolitico.mx\\\/?s={search_term_string}\"},\"query-input\":{\"@type\":\"PropertyValueSpecification\",\"valueRequired\":true,\"valueName\":\"search_term_string\"}}],\"inLanguage\":\"es\"},{\"@type\":\"Person\",\"@id\":\"https:\\\/\\\/quehacerpolitico.mx\\\/#\\\/schema\\\/person\\\/496d8ad2d1d3f8036101dca7ee39e585\",\"name\":\"Redacci\u00f3n QP\",\"image\":{\"@type\":\"ImageObject\",\"inLanguage\":\"es\",\"@id\":\"https:\\\/\\\/secure.gravatar.com\\\/avatar\\\/c7164ed6fdec453195284ad24a5ae5b6e1eed2b848477fa2a4787ba9adf39a41?s=96&d=mm&r=g\",\"url\":\"https:\\\/\\\/secure.gravatar.com\\\/avatar\\\/c7164ed6fdec453195284ad24a5ae5b6e1eed2b848477fa2a4787ba9adf39a41?s=96&d=mm&r=g\",\"contentUrl\":\"https:\\\/\\\/secure.gravatar.com\\\/avatar\\\/c7164ed6fdec453195284ad24a5ae5b6e1eed2b848477fa2a4787ba9adf39a41?s=96&d=mm&r=g\",\"caption\":\"Redacci\u00f3n QP\"},\"url\":\"https:\\\/\\\/quehacerpolitico.mx\\\/?author=2\"}]}<\/script>\n<!-- \/ Yoast SEO plugin. -->","yoast_head_json":{"title":"\u201cEstoy listo para cualquier reto\u201d: Omar Garc\u00eda Harfuch se destapa para Jefe de Gobierno de la CDMX -","robots":{"index":"index","follow":"follow","max-snippet":"max-snippet:-1","max-image-preview":"max-image-preview:large","max-video-preview":"max-video-preview:-1"},"canonical":"https:\/\/quehacerpolitico.mx\/?p=104411","og_locale":"es_MX","og_type":"article","og_title":"\u201cEstoy listo para cualquier reto\u201d: Omar Garc\u00eda Harfuch se destapa para Jefe de Gobierno de la CDMX -","og_description":"Por Redacci\u00f3n QP Omar Garc\u00eda Harfuch dijo sentirse preparado para \u201ccumplir con cualquier tarea que...","og_url":"https:\/\/quehacerpolitico.mx\/?p=104411","article_published_time":"2023-09-04T22:09:16+00:00","article_modified_time":"2023-09-04T22:09:19+00:00","og_image":[{"width":678,"height":452,"url":"https:\/\/quehacerpolitico.mx\/wp-content\/uploads\/2023\/09\/IMG_0394.jpeg","type":"image\/jpeg"}],"author":"Redacci\u00f3n QP","twitter_card":"summary_large_image","twitter_misc":{"Escrito por":"Redacci\u00f3n QP","Tiempo de lectura":"2 minutos"},"schema":{"@context":"https:\/\/schema.org","@graph":[{"@type":"Article","@id":"https:\/\/quehacerpolitico.mx\/?p=104411#article","isPartOf":{"@id":"https:\/\/quehacerpolitico.mx\/?p=104411"},"author":{"name":"Redacci\u00f3n QP","@id":"https:\/\/quehacerpolitico.mx\/#\/schema\/person\/496d8ad2d1d3f8036101dca7ee39e585"},"headline":"\u201cEstoy listo para cualquier reto\u201d: Omar Garc\u00eda Harfuch se destapa para Jefe de Gobierno de la CDMX","datePublished":"2023-09-04T22:09:16+00:00","dateModified":"2023-09-04T22:09:19+00:00","mainEntityOfPage":{"@id":"https:\/\/quehacerpolitico.mx\/?p=104411"},"wordCount":399,"commentCount":0,"image":{"@id":"https:\/\/quehacerpolitico.mx\/?p=104411#primaryimage"},"thumbnailUrl":"https:\/\/quehacerpolitico.mx\/wp-content\/uploads\/2023\/09\/IMG_0394.jpeg","articleSection":["CDMX"],"inLanguage":"es","potentialAction":[{"@type":"CommentAction","name":"Comment","target":["https:\/\/quehacerpolitico.mx\/?p=104411#respond"]}]},{"@type":"WebPage","@id":"https:\/\/quehacerpolitico.mx\/?p=104411","url":"https:\/\/quehacerpolitico.mx\/?p=104411","name":"\u201cEstoy listo para cualquier reto\u201d: Omar Garc\u00eda Harfuch se destapa para Jefe de Gobierno de la CDMX -","isPartOf":{"@id":"https:\/\/quehacerpolitico.mx\/#website"},"primaryImageOfPage":{"@id":"https:\/\/quehacerpolitico.mx\/?p=104411#primaryimage"},"image":{"@id":"https:\/\/quehacerpolitico.mx\/?p=104411#primaryimage"},"thumbnailUrl":"https:\/\/quehacerpolitico.mx\/wp-content\/uploads\/2023\/09\/IMG_0394.jpeg","datePublished":"2023-09-04T22:09:16+00:00","dateModified":"2023-09-04T22:09:19+00:00","author":{"@id":"https:\/\/quehacerpolitico.mx\/#\/schema\/person\/496d8ad2d1d3f8036101dca7ee39e585"},"breadcrumb":{"@id":"https:\/\/quehacerpolitico.mx\/?p=104411#breadcrumb"},"inLanguage":"es","potentialAction":[{"@type":"ReadAction","target":["https:\/\/quehacerpolitico.mx\/?p=104411"]}]},{"@type":"ImageObject","inLanguage":"es","@id":"https:\/\/quehacerpolitico.mx\/?p=104411#primaryimage","url":"https:\/\/quehacerpolitico.mx\/wp-content\/uploads\/2023\/09\/IMG_0394.jpeg","contentUrl":"https:\/\/quehacerpolitico.mx\/wp-content\/uploads\/2023\/09\/IMG_0394.jpeg","width":678,"height":452},{"@type":"BreadcrumbList","@id":"https:\/\/quehacerpolitico.mx\/?p=104411#breadcrumb","itemListElement":[{"@type":"ListItem","position":1,"name":"Inicio","item":"https:\/\/quehacerpolitico.mx\/"},{"@type":"ListItem","position":2,"name":"\u201cEstoy listo para cualquier reto\u201d: Omar Garc\u00eda Harfuch se destapa para Jefe de Gobierno de la CDMX"}]},{"@type":"WebSite","@id":"https:\/\/quehacerpolitico.mx\/#website","url":"https:\/\/quehacerpolitico.mx\/","name":"","description":"","potentialAction":[{"@type":"SearchAction","target":{"@type":"EntryPoint","urlTemplate":"https:\/\/quehacerpolitico.mx\/?s={search_term_string}"},"query-input":{"@type":"PropertyValueSpecification","valueRequired":true,"valueName":"search_term_string"}}],"inLanguage":"es"},{"@type":"Person","@id":"https:\/\/quehacerpolitico.mx\/#\/schema\/person\/496d8ad2d1d3f8036101dca7ee39e585","name":"Redacci\u00f3n QP","image":{"@type":"ImageObject","inLanguage":"es","@id":"https:\/\/secure.gravatar.com\/avatar\/c7164ed6fdec453195284ad24a5ae5b6e1eed2b848477fa2a4787ba9adf39a41?s=96&d=mm&r=g","url":"https:\/\/secure.gravatar.com\/avatar\/c7164ed6fdec453195284ad24a5ae5b6e1eed2b848477fa2a4787ba9adf39a41?s=96&d=mm&r=g","contentUrl":"https:\/\/secure.gravatar.com\/avatar\/c7164ed6fdec453195284ad24a5ae5b6e1eed2b848477fa2a4787ba9adf39a41?s=96&d=mm&r=g","caption":"Redacci\u00f3n QP"},"url":"https:\/\/quehacerpolitico.mx\/?author=2"}]}},"featured_image_urls":{"full":["https:\/\/quehacerpolitico.mx\/wp-content\/uploads\/2023\/09\/IMG_0394.jpeg",678,452,false],"thumbnail":["https:\/\/quehacerpolitico.mx\/wp-content\/uploads\/2023\/09\/IMG_0394-150x150.jpeg",150,150,true],"medium":["https:\/\/quehacerpolitico.mx\/wp-content\/uploads\/2023\/09\/IMG_0394-300x200.jpeg",300,200,true],"medium_large":["https:\/\/quehacerpolitico.mx\/wp-content\/uploads\/2023\/09\/IMG_0394.jpeg",640,427,false],"large":["https:\/\/quehacerpolitico.mx\/wp-content\/uploads\/2023\/09\/IMG_0394.jpeg",640,427,false],"1536x1536":["https:\/\/quehacerpolitico.mx\/wp-content\/uploads\/2023\/09\/IMG_0394.jpeg",678,452,false],"2048x2048":["https:\/\/quehacerpolitico.mx\/wp-content\/uploads\/2023\/09\/IMG_0394.jpeg",678,452,false],"covernews-featured":["https:\/\/quehacerpolitico.mx\/wp-content\/uploads\/2023\/09\/IMG_0394.jpeg",678,452,false],"covernews-medium":["https:\/\/quehacerpolitico.mx\/wp-content\/uploads\/2023\/09\/IMG_0394.jpeg",510,340,false]},"author_info":{"display_name":"Redacci\u00f3n QP","author_link":"https:\/\/quehacerpolitico.mx\/?author=2"},"category_info":"<a href=\"https:\/\/quehacerpolitico.mx\/?cat=55\" rel=\"category\">CDMX<\/a>","tag_info":"CDMX","comment_count":"0","_links":{"self":[{"href":"https:\/\/quehacerpolitico.mx\/index.php?rest_route=\/wp\/v2\/posts\/104411","targetHints":{"allow":["GET"]}}],"collection":[{"href":"https:\/\/quehacerpolitico.mx\/index.php?rest_route=\/wp\/v2\/posts"}],"about":[{"href":"https:\/\/quehacerpolitico.mx\/index.php?rest_route=\/wp\/v2\/types\/post"}],"author":[{"embeddable":true,"href":"https:\/\/quehacerpolitico.mx\/index.php?rest_route=\/wp\/v2\/users\/2"}],"replies":[{"embeddable":true,"href":"https:\/\/quehacerpolitico.mx\/index.php?rest_route=%2Fwp%2Fv2%2Fcomments&post=104411"}],"version-history":[{"count":1,"href":"https:\/\/quehacerpolitico.mx\/index.php?rest_route=\/wp\/v2\/posts\/104411\/revisions"}],"predecessor-version":[{"id":104413,"href":"https:\/\/quehacerpolitico.mx\/index.php?rest_route=\/wp\/v2\/posts\/104411\/revisions\/104413"}],"wp:featuredmedia":[{"embeddable":true,"href":"https:\/\/quehacerpolitico.mx\/index.php?rest_route=\/wp\/v2\/media\/104412"}],"wp:attachment":[{"href":"https:\/\/quehacerpolitico.mx\/index.php?rest_route=%2Fwp%2Fv2%2Fmedia&parent=104411"}],"wp:term":[{"taxonomy":"category","embeddable":true,"href":"https:\/\/quehacerpolitico.mx\/index.php?rest_route=%2Fwp%2Fv2%2Fcategories&post=104411"},{"taxonomy":"post_tag","embeddable":true,"href":"https:\/\/quehacerpolitico.mx\/index.php?rest_route=%2Fwp%2Fv2%2Ftags&post=104411"}],"curies":[{"name":"wp","href":"https:\/\/api.w.org\/{rel}","templated":true}]}}