{"id":104399,"date":"2023-09-04T17:28:06","date_gmt":"2023-09-04T17:28:06","guid":{"rendered":"https:\/\/quehacerpolitico.mx\/?p=104399"},"modified":"2023-09-04T17:28:09","modified_gmt":"2023-09-04T17:28:09","slug":"en-el-corazon-de-las-trincheras-la-nueva-obra-del-escritor-y-periodista-julio-godinez-volvera-a-sorprendernos-con-una-impactante-novela-historica","status":"publish","type":"post","link":"https:\/\/quehacerpolitico.mx\/?p=104399","title":{"rendered":"\u201cEn el coraz\u00f3n de las trincheras\u201d La nueva obra del escritor y periodista, Julio God\u00ednez, volver\u00e1 a sorprendernos con una impactante novela hist\u00f3rica"},"content":{"rendered":"\n<p>Por Redacci\u00f3n QP<\/p>\n\n\n\n<p>El escritor y periodista, Julio God\u00ednez, vuelve a sorprendernos con una impactante novela hist\u00f3rica: \u201cEn el coraz\u00f3n de las trincheras\u201d<\/p>\n\n\n\n<p>El escritor y periodista, Julio God\u00ednez (Ciudad de M\u00e9xico, 1980) presenta su reciente novela\u00a0<strong>\u201cEn el coraz\u00f3n de las trincheras\u201d, obra editada por Planeta. La trama toma como personaje central a\u00a0Marcelino\u00a0Serna, un mexicano que se alist\u00f3 como soldado del ej\u00e9rcito estadounidense en la Primera Guerra Mundial.<\/strong>\u00a0A prop\u00f3sito, el autor dialoga sobre la creaci\u00f3n de esa historia.<\/p>\n\n\n\n<p>\u201cMarcelino Serna es un personaje conocido, sobre todo en la zona norte del pa\u00eds, en la frontera entre Chihuahua y Texas, en particular en Ciudad Ju\u00e1rez y El Paso. \u00c9l es un personaje del que se ha escrito bastante en la prensa local; fue un h\u00e9roe de guerra. Entonces, cada vez que llegan aniversarios sobre la Primera Guerra Mundial, la prensa cuando quiere buscar historias curiosas de mexicanos en eventos relevantes alrededor del contexto hist\u00f3rico de la humanidad, pues regularmente sale la historia de Marcelino Serna\u201d.<\/p>\n\n\n\n<p>Sin embargo, Julio acota que lo que ha pasado con la historia de vida de este hombre, es que se ha desvirtuado y eso ha pasado porque la informaci\u00f3n que se ha recabado de \u00e9l no se ha reporteado bien, expresa el autor, con datos imprecisos como su fecha de nacimiento, un aspecto que se vuelve relevante, \u201cporque \u00e9l era m\u00e1s joven de lo que \u00e9l mismo dice cu\u00e1ndo va a la guerra. Entonces, esa es una de las razones de por qu\u00e9 es importante indagar muy bien en la vida de este personaje, para tener esos datos que nos dicen m\u00e1s (sobre \u00e9l). Y es cuando yo considero que se puede realmente novelar, porque una cosa es tener una novela hist\u00f3rica y otra cosa es novelar historia y ah\u00ed hay que tener cuidado\u201d.<\/p>\n\n\n\n<figure class=\"wp-block-image size-full\"><img loading=\"lazy\" decoding=\"async\" width=\"355\" height=\"223\" src=\"https:\/\/quehacerpolitico.mx\/wp-content\/uploads\/2023\/09\/image-16.jpeg\" alt=\"\" class=\"wp-image-104400\" srcset=\"https:\/\/quehacerpolitico.mx\/wp-content\/uploads\/2023\/09\/image-16.jpeg 355w, https:\/\/quehacerpolitico.mx\/wp-content\/uploads\/2023\/09\/image-16-300x188.jpeg 300w, https:\/\/quehacerpolitico.mx\/wp-content\/uploads\/2023\/09\/image-16-232x146.jpeg 232w, https:\/\/quehacerpolitico.mx\/wp-content\/uploads\/2023\/09\/image-16-50x31.jpeg 50w, https:\/\/quehacerpolitico.mx\/wp-content\/uploads\/2023\/09\/image-16-119x75.jpeg 119w\" sizes=\"auto, (max-width: 355px) 100vw, 355px\" \/><\/figure>\n\n\n\n<p>En ese sentido, expresa que&nbsp;<strong>lo que \u00e9l pretend\u00eda al momento de hacer este libro, \u201ces contar la historia de Marcelino Serna, lo que sucedi\u00f3, lo m\u00e1s apegado a la realidad, lo m\u00e1s cercano a este rigor period\u00edstico que puedo tener yo, pero tambi\u00e9n quer\u00eda la gran oportunidad que se abre con la novela para hablar de los personajes relevantes en general\u201d.<\/strong><\/p>\n\n\n\n<p>Cabe se\u00f1alar que Julio convers\u00f3 con Gloria Serna, hija de Marcelino, para su investigaci\u00f3n; sin embargo, ella ya no alcanz\u00f3 a leer la novela, ya falleci\u00f3: \u201cYo me encuentro con ella en la primavera del 2014, cuando gracias a una organizaci\u00f3n de soldados latinos retirados, tengo la oportunidad de contactarla en El Paso, en una casa parroquial donde trabajaba a favor de hijos de inmigrantes\u201d. Confiesa el autor que se trat\u00f3 de un encuentro sensacional.<\/p>\n\n\n\n<p>\u201cLo que pas\u00f3 es que la se\u00f1ora Serna no estaba muy esperanzada con que la historia de su padre fuera mucho m\u00e1s all\u00e1, porque a ellos ya los hab\u00edan visitado periodistas en much\u00edsimas ocasiones, les hab\u00edan prometido que se iban a publicar libros y a hacer pel\u00edculas, que la historia de su padre iba a ser relevante y con el paso del tiempo esto fue demerit\u00e1ndose, nadie sacaba nada, ni se tomaba el tiempo para sentarse y escribir la historia de este hombre\u201d.<\/p>\n\n\n\n<figure class=\"wp-block-image size-full\"><img loading=\"lazy\" decoding=\"async\" width=\"512\" height=\"512\" src=\"https:\/\/quehacerpolitico.mx\/wp-content\/uploads\/2023\/09\/image-17.jpeg\" alt=\"\" class=\"wp-image-104402\" srcset=\"https:\/\/quehacerpolitico.mx\/wp-content\/uploads\/2023\/09\/image-17.jpeg 512w, https:\/\/quehacerpolitico.mx\/wp-content\/uploads\/2023\/09\/image-17-300x300.jpeg 300w, https:\/\/quehacerpolitico.mx\/wp-content\/uploads\/2023\/09\/image-17-150x150.jpeg 150w, https:\/\/quehacerpolitico.mx\/wp-content\/uploads\/2023\/09\/image-17-146x146.jpeg 146w, https:\/\/quehacerpolitico.mx\/wp-content\/uploads\/2023\/09\/image-17-50x50.jpeg 50w, https:\/\/quehacerpolitico.mx\/wp-content\/uploads\/2023\/09\/image-17-75x75.jpeg 75w, https:\/\/quehacerpolitico.mx\/wp-content\/uploads\/2023\/09\/image-17-85x85.jpeg 85w, https:\/\/quehacerpolitico.mx\/wp-content\/uploads\/2023\/09\/image-17-80x80.jpeg 80w\" sizes=\"auto, (max-width: 512px) 100vw, 512px\" \/><\/figure>\n\n\n\n<p>Sin embargo, cuando Julio le fue compartiendo datos que \u00e9l fue encontrando en Chihuahua, antes de encontrarse en El Paso, Gloria se dio una idea de lo que \u00e9l har\u00eda con esta investigaci\u00f3n.&nbsp;<\/p>\n\n\n\n<p><strong>\u201cMarcelino&nbsp;cuando vuelve de la guerra, se casa y tiene a su hija, pero este personaje ya ten\u00eda toda esta carga psicol\u00f3gica de alguien que vio el horror en persona.<\/strong>&nbsp;Entonces, Gloria realmente vive unos a\u00f1os complicados con su padre, hay declaraciones y an\u00e9cdotas que ella me cuenta, como estos arranques de violencia que \u00e9l ten\u00eda, pero tambi\u00e9n hay momentos muy l\u00facidos donde ella va recordando an\u00e9cdotas de la vida de su padre que yo las convierto en escenas en esta novela que estamos presentando\u201d.<\/p>\n\n\n\n<p>SINOPSIS<\/p>\n\n\n\n<h4 class=\"wp-block-heading\">\u201cEn el coraz\u00f3n de las trincheras\u201d<\/h4>\n\n\n\n<p>La Primera Guerra Mundial est\u00e1 causando estragos entre los miles de j\u00f3venes que desembarcan en el frente. Con la promesa de otorgarles la ciudadan\u00eda, el gobierno de Estados Unidos comienza a reclutar mexicanos para engrosar sus filas.&nbsp;<strong>Marcelino Serna, antiguo miembro del bando villista, hab\u00eda desafiado al temible general John J. Pershing a\u00f1os atr\u00e1s; pero ahora, convertido en soldado estadounidense, se encuentra nuevamente con \u00e9l, aunque esta vez seguir\u00e1 sus \u00f3rdenes, arriesgando su vida y demostrando el valor que corre por sus venas. En medio del horror, Marcelino conocer\u00e1 a \u00c9lise, una joven enfermera canadiense con quien vivir\u00e1 una intensa historia de pasi\u00f3n, forjada al fragor de las batallas y de instantes robados a la muerte, pues en las trincheras cada d\u00eda puede ser el \u00faltimo.<\/strong><\/p>\n\n\n\n<p>Sin duda, Julio God\u00ednez, autor de \u201cEl mexicano de Buchenwald\u201d, vuelve a sorprendernos con una impactante novela hist\u00f3rica que\u00a0<strong>recupera la figura del soldado mexicano m\u00e1s condecorado de la Primera Guerra Mundial y el primer hispano en recibir la Cruz por Servicio Distinguido.<\/strong>\u00a0Un h\u00e9roe cuya vida hab\u00eda permanecido ignorada hasta ahora.<\/p>\n\n\n\n<figure class=\"wp-block-image\"><img decoding=\"async\" src=\"https:\/\/www.informador.mx\/export\/sites\/elinformador\/img\/2023\/09\/03\/imagen_2_cmyk.jpg_124303912.jpg\" alt=\"\" title=\"\"\/><figcaption class=\"wp-element-caption\">CORTES\u00cdA&nbsp;<\/figcaption><\/figure>\n\n\n\n<h4 class=\"wp-block-heading\">Se adentra a los personajes<\/h4>\n\n\n\n<p>En cuanto a los personajes que construy\u00f3 en esta novela alrededor de Marcelino, el escritor explica: \u201cLa mayor\u00eda de los personajes existieron, eso es importante mencionar, pero sus acciones no, esas son parte del campo de la ficci\u00f3n, pero, \u00bfpor qu\u00e9 fue as\u00ed? Porque yo no ten\u00eda tantos datos, no hubo mucho registro de las acciones de lo que hicieron estos mexicanos en la Primera Guerra Mundial.&nbsp;<strong>Eran muchachos humildes que ven\u00edan de familias pobres y rurales, no ten\u00edan ni la oportunidad de escribir sus memorias cuando regresaban de la guerra. Entonces, yo me di a la tarea de ocupar los peque\u00f1os documentos que existen en el mundo sobre las historias de personajes como estos\u201d.<\/strong><\/p>\n\n\n\n<p>Expresa que existe un libro que se llama \u201cEl Diario de Jos\u00e9 de Luz S\u00e1enz\u201d, quien fue un maestro, hijo de mexicanos, que fue a la guerra y pudo escribir un texto con las memorias de todo lo que le ocurri\u00f3. \u201cGracias a ese diario, que es bell\u00edsimo y que se publicaron muy pocas copias, conserv\u00e1ndose una en la Universidad de Texas en Austin, es que yo pude construir caracter\u00edsticas de estos personajes, uno de ellos est\u00e1 basado en este maestro\u201d. Tiene a personajes como \u201cAguirre\u201d que es el l\u00edder de este grupo de mexicanos, es un hombre biling\u00fce que es el enlace entre los sargentos y estos muchachos que figuran en la trama.<\/p>\n\n\n\n<figure class=\"wp-block-image size-full\"><img loading=\"lazy\" decoding=\"async\" width=\"495\" height=\"619\" src=\"https:\/\/quehacerpolitico.mx\/wp-content\/uploads\/2023\/09\/image-18.jpeg\" alt=\"\" class=\"wp-image-104403\" srcset=\"https:\/\/quehacerpolitico.mx\/wp-content\/uploads\/2023\/09\/image-18.jpeg 495w, https:\/\/quehacerpolitico.mx\/wp-content\/uploads\/2023\/09\/image-18-240x300.jpeg 240w, https:\/\/quehacerpolitico.mx\/wp-content\/uploads\/2023\/09\/image-18-117x146.jpeg 117w, https:\/\/quehacerpolitico.mx\/wp-content\/uploads\/2023\/09\/image-18-40x50.jpeg 40w, https:\/\/quehacerpolitico.mx\/wp-content\/uploads\/2023\/09\/image-18-60x75.jpeg 60w\" sizes=\"auto, (max-width: 495px) 100vw, 495px\" \/><\/figure>\n\n\n\n<p>Pero s\u00ed hay algo claro y contundente, confiesa, estos hombres no pelearon junto con los soldados del ej\u00e9rcito estadounidense, \u201cellos pelearon delante, quiero decir que en dos de las batallas que yo cuento, en una de \u00e9stas, y esto&nbsp;<strong>est\u00e1 probado en las memorias del ej\u00e9rcito estadounidense, estos grupos de mexicanos, junto con los soldados negros, fueron enviados de avanzada a morir, a ser carne de ca\u00f1\u00f3n\u201d.<\/strong><\/p>\n\n\n\n<p>Tambi\u00e9n est\u00e1 una parte rom\u00e1ntica en la novela. Recuerda Julio que&nbsp;<strong>la relaci\u00f3n rom\u00e1ntica que tiene Marcelino con \u00c9lise, una joven enfermera canadiense, es una parte de ficci\u00f3n.<\/strong>&nbsp;\u201cYo leo novela rom\u00e1ntica, siempre ha sido un tema que me ha interesado, yo llegu\u00e9 a estos temas de la guerra, de violencia y de momentos hist\u00f3ricos del mundo por azar, pero realmente siempre he tenido el inter\u00e9s de ir contando una trama rom\u00e1ntica. Y la historia de Marcelino se prest\u00f3 por la presencia que tuvieron estas divisiones de soldados de otros pa\u00edses como el caso de Canad\u00e1. Y los encuentros que \u00e9l tiene con \u00c9lise, son muy casuales e inocentes\u201d. Es as\u00ed que esta novela tiene muchos factores importantes sobre la violencia, el amor, la valent\u00eda y la reivindicaci\u00f3n.<\/p>\n","protected":false},"excerpt":{"rendered":"<p>Por Redacci\u00f3n QP El escritor y periodista, Julio God\u00ednez, vuelve a sorprendernos con una impactante&#8230;<\/p>\n","protected":false},"author":2,"featured_media":104401,"comment_status":"open","ping_status":"open","sticky":false,"template":"","format":"standard","meta":{"_monsterinsights_skip_tracking":false,"_monsterinsights_sitenote_active":false,"_monsterinsights_sitenote_note":"","_monsterinsights_sitenote_category":0,"footnotes":""},"categories":[58],"tags":[],"class_list":["post-104399","post","type-post","status-publish","format-standard","has-post-thumbnail","hentry","category-cultura"],"yoast_head":"<!-- This site is optimized with the Yoast SEO plugin v27.3 - https:\/\/yoast.com\/product\/yoast-seo-wordpress\/ -->\n<title>\u201cEn el coraz\u00f3n de las trincheras\u201d La nueva obra del escritor y periodista, Julio God\u00ednez, volver\u00e1 a sorprendernos con una impactante novela hist\u00f3rica -<\/title>\n<meta name=\"robots\" content=\"index, follow, max-snippet:-1, max-image-preview:large, max-video-preview:-1\" \/>\n<link rel=\"canonical\" href=\"https:\/\/quehacerpolitico.mx\/?p=104399\" \/>\n<meta property=\"og:locale\" content=\"es_MX\" \/>\n<meta property=\"og:type\" content=\"article\" \/>\n<meta property=\"og:title\" content=\"\u201cEn el coraz\u00f3n de las trincheras\u201d La nueva obra del escritor y periodista, Julio God\u00ednez, volver\u00e1 a sorprendernos con una impactante novela hist\u00f3rica -\" \/>\n<meta property=\"og:description\" content=\"Por Redacci\u00f3n QP El escritor y periodista, Julio God\u00ednez, vuelve a sorprendernos con una impactante...\" \/>\n<meta property=\"og:url\" content=\"https:\/\/quehacerpolitico.mx\/?p=104399\" \/>\n<meta property=\"article:published_time\" content=\"2023-09-04T17:28:06+00:00\" \/>\n<meta property=\"article:modified_time\" content=\"2023-09-04T17:28:09+00:00\" \/>\n<meta property=\"og:image\" content=\"https:\/\/quehacerpolitico.mx\/wp-content\/uploads\/2023\/09\/IMG_0385.jpeg\" \/>\n\t<meta property=\"og:image:width\" content=\"764\" \/>\n\t<meta property=\"og:image:height\" content=\"401\" \/>\n\t<meta property=\"og:image:type\" content=\"image\/jpeg\" \/>\n<meta name=\"author\" content=\"Redacci\u00f3n QP\" \/>\n<meta name=\"twitter:card\" content=\"summary_large_image\" \/>\n<meta name=\"twitter:label1\" content=\"Escrito por\" \/>\n\t<meta name=\"twitter:data1\" content=\"Redacci\u00f3n QP\" \/>\n\t<meta name=\"twitter:label2\" content=\"Tiempo de lectura\" \/>\n\t<meta name=\"twitter:data2\" content=\"7 minutos\" \/>\n<script type=\"application\/ld+json\" class=\"yoast-schema-graph\">{\"@context\":\"https:\\\/\\\/schema.org\",\"@graph\":[{\"@type\":\"Article\",\"@id\":\"https:\\\/\\\/quehacerpolitico.mx\\\/?p=104399#article\",\"isPartOf\":{\"@id\":\"https:\\\/\\\/quehacerpolitico.mx\\\/?p=104399\"},\"author\":{\"name\":\"Redacci\u00f3n QP\",\"@id\":\"https:\\\/\\\/quehacerpolitico.mx\\\/#\\\/schema\\\/person\\\/496d8ad2d1d3f8036101dca7ee39e585\"},\"headline\":\"\u201cEn el coraz\u00f3n de las trincheras\u201d La nueva obra del escritor y periodista, Julio God\u00ednez, volver\u00e1 a sorprendernos con una impactante novela hist\u00f3rica\",\"datePublished\":\"2023-09-04T17:28:06+00:00\",\"dateModified\":\"2023-09-04T17:28:09+00:00\",\"mainEntityOfPage\":{\"@id\":\"https:\\\/\\\/quehacerpolitico.mx\\\/?p=104399\"},\"wordCount\":1375,\"commentCount\":0,\"image\":{\"@id\":\"https:\\\/\\\/quehacerpolitico.mx\\\/?p=104399#primaryimage\"},\"thumbnailUrl\":\"https:\\\/\\\/quehacerpolitico.mx\\\/wp-content\\\/uploads\\\/2023\\\/09\\\/IMG_0385.jpeg\",\"articleSection\":[\"Cultura y Entretenimiento\"],\"inLanguage\":\"es\",\"potentialAction\":[{\"@type\":\"CommentAction\",\"name\":\"Comment\",\"target\":[\"https:\\\/\\\/quehacerpolitico.mx\\\/?p=104399#respond\"]}]},{\"@type\":\"WebPage\",\"@id\":\"https:\\\/\\\/quehacerpolitico.mx\\\/?p=104399\",\"url\":\"https:\\\/\\\/quehacerpolitico.mx\\\/?p=104399\",\"name\":\"\u201cEn el coraz\u00f3n de las trincheras\u201d La nueva obra del escritor y periodista, Julio God\u00ednez, volver\u00e1 a sorprendernos con una impactante novela hist\u00f3rica -\",\"isPartOf\":{\"@id\":\"https:\\\/\\\/quehacerpolitico.mx\\\/#website\"},\"primaryImageOfPage\":{\"@id\":\"https:\\\/\\\/quehacerpolitico.mx\\\/?p=104399#primaryimage\"},\"image\":{\"@id\":\"https:\\\/\\\/quehacerpolitico.mx\\\/?p=104399#primaryimage\"},\"thumbnailUrl\":\"https:\\\/\\\/quehacerpolitico.mx\\\/wp-content\\\/uploads\\\/2023\\\/09\\\/IMG_0385.jpeg\",\"datePublished\":\"2023-09-04T17:28:06+00:00\",\"dateModified\":\"2023-09-04T17:28:09+00:00\",\"author\":{\"@id\":\"https:\\\/\\\/quehacerpolitico.mx\\\/#\\\/schema\\\/person\\\/496d8ad2d1d3f8036101dca7ee39e585\"},\"breadcrumb\":{\"@id\":\"https:\\\/\\\/quehacerpolitico.mx\\\/?p=104399#breadcrumb\"},\"inLanguage\":\"es\",\"potentialAction\":[{\"@type\":\"ReadAction\",\"target\":[\"https:\\\/\\\/quehacerpolitico.mx\\\/?p=104399\"]}]},{\"@type\":\"ImageObject\",\"inLanguage\":\"es\",\"@id\":\"https:\\\/\\\/quehacerpolitico.mx\\\/?p=104399#primaryimage\",\"url\":\"https:\\\/\\\/quehacerpolitico.mx\\\/wp-content\\\/uploads\\\/2023\\\/09\\\/IMG_0385.jpeg\",\"contentUrl\":\"https:\\\/\\\/quehacerpolitico.mx\\\/wp-content\\\/uploads\\\/2023\\\/09\\\/IMG_0385.jpeg\",\"width\":764,\"height\":401},{\"@type\":\"BreadcrumbList\",\"@id\":\"https:\\\/\\\/quehacerpolitico.mx\\\/?p=104399#breadcrumb\",\"itemListElement\":[{\"@type\":\"ListItem\",\"position\":1,\"name\":\"Inicio\",\"item\":\"https:\\\/\\\/quehacerpolitico.mx\\\/\"},{\"@type\":\"ListItem\",\"position\":2,\"name\":\"\u201cEn el coraz\u00f3n de las trincheras\u201d La nueva obra del escritor y periodista, Julio God\u00ednez, volver\u00e1 a sorprendernos con una impactante novela hist\u00f3rica\"}]},{\"@type\":\"WebSite\",\"@id\":\"https:\\\/\\\/quehacerpolitico.mx\\\/#website\",\"url\":\"https:\\\/\\\/quehacerpolitico.mx\\\/\",\"name\":\"\",\"description\":\"\",\"potentialAction\":[{\"@type\":\"SearchAction\",\"target\":{\"@type\":\"EntryPoint\",\"urlTemplate\":\"https:\\\/\\\/quehacerpolitico.mx\\\/?s={search_term_string}\"},\"query-input\":{\"@type\":\"PropertyValueSpecification\",\"valueRequired\":true,\"valueName\":\"search_term_string\"}}],\"inLanguage\":\"es\"},{\"@type\":\"Person\",\"@id\":\"https:\\\/\\\/quehacerpolitico.mx\\\/#\\\/schema\\\/person\\\/496d8ad2d1d3f8036101dca7ee39e585\",\"name\":\"Redacci\u00f3n QP\",\"image\":{\"@type\":\"ImageObject\",\"inLanguage\":\"es\",\"@id\":\"https:\\\/\\\/secure.gravatar.com\\\/avatar\\\/c7164ed6fdec453195284ad24a5ae5b6e1eed2b848477fa2a4787ba9adf39a41?s=96&d=mm&r=g\",\"url\":\"https:\\\/\\\/secure.gravatar.com\\\/avatar\\\/c7164ed6fdec453195284ad24a5ae5b6e1eed2b848477fa2a4787ba9adf39a41?s=96&d=mm&r=g\",\"contentUrl\":\"https:\\\/\\\/secure.gravatar.com\\\/avatar\\\/c7164ed6fdec453195284ad24a5ae5b6e1eed2b848477fa2a4787ba9adf39a41?s=96&d=mm&r=g\",\"caption\":\"Redacci\u00f3n QP\"},\"url\":\"https:\\\/\\\/quehacerpolitico.mx\\\/?author=2\"}]}<\/script>\n<!-- \/ Yoast SEO plugin. -->","yoast_head_json":{"title":"\u201cEn el coraz\u00f3n de las trincheras\u201d La nueva obra del escritor y periodista, Julio God\u00ednez, volver\u00e1 a sorprendernos con una impactante novela hist\u00f3rica -","robots":{"index":"index","follow":"follow","max-snippet":"max-snippet:-1","max-image-preview":"max-image-preview:large","max-video-preview":"max-video-preview:-1"},"canonical":"https:\/\/quehacerpolitico.mx\/?p=104399","og_locale":"es_MX","og_type":"article","og_title":"\u201cEn el coraz\u00f3n de las trincheras\u201d La nueva obra del escritor y periodista, Julio God\u00ednez, volver\u00e1 a sorprendernos con una impactante novela hist\u00f3rica -","og_description":"Por Redacci\u00f3n QP El escritor y periodista, Julio God\u00ednez, vuelve a sorprendernos con una impactante...","og_url":"https:\/\/quehacerpolitico.mx\/?p=104399","article_published_time":"2023-09-04T17:28:06+00:00","article_modified_time":"2023-09-04T17:28:09+00:00","og_image":[{"width":764,"height":401,"url":"https:\/\/quehacerpolitico.mx\/wp-content\/uploads\/2023\/09\/IMG_0385.jpeg","type":"image\/jpeg"}],"author":"Redacci\u00f3n QP","twitter_card":"summary_large_image","twitter_misc":{"Escrito por":"Redacci\u00f3n QP","Tiempo de lectura":"7 minutos"},"schema":{"@context":"https:\/\/schema.org","@graph":[{"@type":"Article","@id":"https:\/\/quehacerpolitico.mx\/?p=104399#article","isPartOf":{"@id":"https:\/\/quehacerpolitico.mx\/?p=104399"},"author":{"name":"Redacci\u00f3n QP","@id":"https:\/\/quehacerpolitico.mx\/#\/schema\/person\/496d8ad2d1d3f8036101dca7ee39e585"},"headline":"\u201cEn el coraz\u00f3n de las trincheras\u201d La nueva obra del escritor y periodista, Julio God\u00ednez, volver\u00e1 a sorprendernos con una impactante novela hist\u00f3rica","datePublished":"2023-09-04T17:28:06+00:00","dateModified":"2023-09-04T17:28:09+00:00","mainEntityOfPage":{"@id":"https:\/\/quehacerpolitico.mx\/?p=104399"},"wordCount":1375,"commentCount":0,"image":{"@id":"https:\/\/quehacerpolitico.mx\/?p=104399#primaryimage"},"thumbnailUrl":"https:\/\/quehacerpolitico.mx\/wp-content\/uploads\/2023\/09\/IMG_0385.jpeg","articleSection":["Cultura y Entretenimiento"],"inLanguage":"es","potentialAction":[{"@type":"CommentAction","name":"Comment","target":["https:\/\/quehacerpolitico.mx\/?p=104399#respond"]}]},{"@type":"WebPage","@id":"https:\/\/quehacerpolitico.mx\/?p=104399","url":"https:\/\/quehacerpolitico.mx\/?p=104399","name":"\u201cEn el coraz\u00f3n de las trincheras\u201d La nueva obra del escritor y periodista, Julio God\u00ednez, volver\u00e1 a sorprendernos con una impactante novela hist\u00f3rica -","isPartOf":{"@id":"https:\/\/quehacerpolitico.mx\/#website"},"primaryImageOfPage":{"@id":"https:\/\/quehacerpolitico.mx\/?p=104399#primaryimage"},"image":{"@id":"https:\/\/quehacerpolitico.mx\/?p=104399#primaryimage"},"thumbnailUrl":"https:\/\/quehacerpolitico.mx\/wp-content\/uploads\/2023\/09\/IMG_0385.jpeg","datePublished":"2023-09-04T17:28:06+00:00","dateModified":"2023-09-04T17:28:09+00:00","author":{"@id":"https:\/\/quehacerpolitico.mx\/#\/schema\/person\/496d8ad2d1d3f8036101dca7ee39e585"},"breadcrumb":{"@id":"https:\/\/quehacerpolitico.mx\/?p=104399#breadcrumb"},"inLanguage":"es","potentialAction":[{"@type":"ReadAction","target":["https:\/\/quehacerpolitico.mx\/?p=104399"]}]},{"@type":"ImageObject","inLanguage":"es","@id":"https:\/\/quehacerpolitico.mx\/?p=104399#primaryimage","url":"https:\/\/quehacerpolitico.mx\/wp-content\/uploads\/2023\/09\/IMG_0385.jpeg","contentUrl":"https:\/\/quehacerpolitico.mx\/wp-content\/uploads\/2023\/09\/IMG_0385.jpeg","width":764,"height":401},{"@type":"BreadcrumbList","@id":"https:\/\/quehacerpolitico.mx\/?p=104399#breadcrumb","itemListElement":[{"@type":"ListItem","position":1,"name":"Inicio","item":"https:\/\/quehacerpolitico.mx\/"},{"@type":"ListItem","position":2,"name":"\u201cEn el coraz\u00f3n de las trincheras\u201d La nueva obra del escritor y periodista, Julio God\u00ednez, volver\u00e1 a sorprendernos con una impactante novela hist\u00f3rica"}]},{"@type":"WebSite","@id":"https:\/\/quehacerpolitico.mx\/#website","url":"https:\/\/quehacerpolitico.mx\/","name":"","description":"","potentialAction":[{"@type":"SearchAction","target":{"@type":"EntryPoint","urlTemplate":"https:\/\/quehacerpolitico.mx\/?s={search_term_string}"},"query-input":{"@type":"PropertyValueSpecification","valueRequired":true,"valueName":"search_term_string"}}],"inLanguage":"es"},{"@type":"Person","@id":"https:\/\/quehacerpolitico.mx\/#\/schema\/person\/496d8ad2d1d3f8036101dca7ee39e585","name":"Redacci\u00f3n QP","image":{"@type":"ImageObject","inLanguage":"es","@id":"https:\/\/secure.gravatar.com\/avatar\/c7164ed6fdec453195284ad24a5ae5b6e1eed2b848477fa2a4787ba9adf39a41?s=96&d=mm&r=g","url":"https:\/\/secure.gravatar.com\/avatar\/c7164ed6fdec453195284ad24a5ae5b6e1eed2b848477fa2a4787ba9adf39a41?s=96&d=mm&r=g","contentUrl":"https:\/\/secure.gravatar.com\/avatar\/c7164ed6fdec453195284ad24a5ae5b6e1eed2b848477fa2a4787ba9adf39a41?s=96&d=mm&r=g","caption":"Redacci\u00f3n QP"},"url":"https:\/\/quehacerpolitico.mx\/?author=2"}]}},"featured_image_urls":{"full":["https:\/\/quehacerpolitico.mx\/wp-content\/uploads\/2023\/09\/IMG_0385.jpeg",764,401,false],"thumbnail":["https:\/\/quehacerpolitico.mx\/wp-content\/uploads\/2023\/09\/IMG_0385-150x150.jpeg",150,150,true],"medium":["https:\/\/quehacerpolitico.mx\/wp-content\/uploads\/2023\/09\/IMG_0385-300x157.jpeg",300,157,true],"medium_large":["https:\/\/quehacerpolitico.mx\/wp-content\/uploads\/2023\/09\/IMG_0385.jpeg",640,336,false],"large":["https:\/\/quehacerpolitico.mx\/wp-content\/uploads\/2023\/09\/IMG_0385.jpeg",640,336,false],"1536x1536":["https:\/\/quehacerpolitico.mx\/wp-content\/uploads\/2023\/09\/IMG_0385.jpeg",764,401,false],"2048x2048":["https:\/\/quehacerpolitico.mx\/wp-content\/uploads\/2023\/09\/IMG_0385.jpeg",764,401,false],"covernews-featured":["https:\/\/quehacerpolitico.mx\/wp-content\/uploads\/2023\/09\/IMG_0385.jpeg",764,401,false],"covernews-medium":["https:\/\/quehacerpolitico.mx\/wp-content\/uploads\/2023\/09\/IMG_0385.jpeg",540,283,false]},"author_info":{"display_name":"Redacci\u00f3n QP","author_link":"https:\/\/quehacerpolitico.mx\/?author=2"},"category_info":"<a href=\"https:\/\/quehacerpolitico.mx\/?cat=58\" rel=\"category\">Cultura y Entretenimiento<\/a>","tag_info":"Cultura y Entretenimiento","comment_count":"0","_links":{"self":[{"href":"https:\/\/quehacerpolitico.mx\/index.php?rest_route=\/wp\/v2\/posts\/104399","targetHints":{"allow":["GET"]}}],"collection":[{"href":"https:\/\/quehacerpolitico.mx\/index.php?rest_route=\/wp\/v2\/posts"}],"about":[{"href":"https:\/\/quehacerpolitico.mx\/index.php?rest_route=\/wp\/v2\/types\/post"}],"author":[{"embeddable":true,"href":"https:\/\/quehacerpolitico.mx\/index.php?rest_route=\/wp\/v2\/users\/2"}],"replies":[{"embeddable":true,"href":"https:\/\/quehacerpolitico.mx\/index.php?rest_route=%2Fwp%2Fv2%2Fcomments&post=104399"}],"version-history":[{"count":1,"href":"https:\/\/quehacerpolitico.mx\/index.php?rest_route=\/wp\/v2\/posts\/104399\/revisions"}],"predecessor-version":[{"id":104404,"href":"https:\/\/quehacerpolitico.mx\/index.php?rest_route=\/wp\/v2\/posts\/104399\/revisions\/104404"}],"wp:featuredmedia":[{"embeddable":true,"href":"https:\/\/quehacerpolitico.mx\/index.php?rest_route=\/wp\/v2\/media\/104401"}],"wp:attachment":[{"href":"https:\/\/quehacerpolitico.mx\/index.php?rest_route=%2Fwp%2Fv2%2Fmedia&parent=104399"}],"wp:term":[{"taxonomy":"category","embeddable":true,"href":"https:\/\/quehacerpolitico.mx\/index.php?rest_route=%2Fwp%2Fv2%2Fcategories&post=104399"},{"taxonomy":"post_tag","embeddable":true,"href":"https:\/\/quehacerpolitico.mx\/index.php?rest_route=%2Fwp%2Fv2%2Ftags&post=104399"}],"curies":[{"name":"wp","href":"https:\/\/api.w.org\/{rel}","templated":true}]}}