{"id":104396,"date":"2023-09-04T17:10:22","date_gmt":"2023-09-04T17:10:22","guid":{"rendered":"https:\/\/quehacerpolitico.mx\/?p=104396"},"modified":"2023-09-04T17:10:26","modified_gmt":"2023-09-04T17:10:26","slug":"muere-a-los-56-anos-steven-harwell-cantante-de-smash-mouth","status":"publish","type":"post","link":"https:\/\/quehacerpolitico.mx\/?p=104396","title":{"rendered":"Muere a los 56 a\u00f1os Steven Harwell, cantante de &#8220;Smash Mouth&#8221;"},"content":{"rendered":"\n<p>Por Redacci\u00f3n QP<\/p>\n\n\n\n<p>Conocido por &#8220;All Stars&#8221;,\u00a0el gran \u00e9xito de los 2000,\u00a0Steven Harwell falleci\u00f3 este lunes, seg\u00fan inform\u00f3 su representante<\/p>\n\n\n\n<p><strong>Steven Harwell, cantante de &#8220;Smash Mouth&#8221;, una de las bandas m\u00e1s ic\u00f3nicas de finales de los 90 y principios de los 2000, falleci\u00f3 este lunes, seg\u00fan fue confirmado por el representante oficial de la agrupaci\u00f3n.<\/strong><\/p>\n\n\n\n<figure class=\"wp-block-embed is-type-video is-provider-youtube wp-block-embed-youtube wp-embed-aspect-16-9 wp-has-aspect-ratio\"><div class=\"wp-block-embed__wrapper\">\n<iframe loading=\"lazy\" title=\"Smash Mouth - All Star (Official Music Video)\" width=\"640\" height=\"360\" src=\"https:\/\/www.youtube.com\/embed\/L_jWHffIx5E?feature=oembed\" frameborder=\"0\" allow=\"accelerometer; autoplay; clipboard-write; encrypted-media; gyroscope; picture-in-picture; web-share\" referrerpolicy=\"strict-origin-when-cross-origin\" allowfullscreen><\/iframe>\n<\/div><\/figure>\n\n\n\n<p>El int\u00e9rprete muri\u00f3 en su casa de Idaho,<strong>\u00a0rodeado de su familia y seres queridos,<\/strong>\u00a0pero todav\u00eda no se ha dado a conocer la raz\u00f3n de su fallecimiento.<\/p>\n\n\n\n<p>Desde el pasado 3 de septiembre Steven Harwell ya se encontraba delicado de salud, y se report\u00f3 que se encontraba en su lecho de muerte. De acuerdo con TMZ, Harwell\u00a0<strong>luch\u00f3 contra el alcoholismo toda su vida,<\/strong>\u00a0hasta que lleg\u00f3 a la insuficiencia hep\u00e1tica.<\/p>\n\n\n\n<p>El cantante se retir\u00f3 de los escenarios en 2021,&nbsp;<strong>luego de un episodio err\u00e1tico en un concierto,<\/strong>por el cual sus fan\u00e1ticos quedaron preocupados.<\/p>\n\n\n\n<p><strong>Su \u00e9xito m\u00e1s grande, quiz\u00e1, es la canci\u00f3n &#8220;All stars&#8221;, que qued\u00f3 inmortalizado en la querida pel\u00edcula de &#8220;Shrek&#8221;, y que es una melod\u00eda insignia de la saga.<\/strong><\/p>\n\n\n\n<figure class=\"wp-block-embed is-type-video is-provider-youtube wp-block-embed-youtube wp-embed-aspect-16-9 wp-has-aspect-ratio\"><div class=\"wp-block-embed__wrapper\">\n<iframe loading=\"lazy\" title=\"Smash Mouth - I&#039;m A Believer\" width=\"640\" height=\"360\" src=\"https:\/\/www.youtube.com\/embed\/0mYBSayCsH0?feature=oembed\" frameborder=\"0\" allow=\"accelerometer; autoplay; clipboard-write; encrypted-media; gyroscope; picture-in-picture; web-share\" referrerpolicy=\"strict-origin-when-cross-origin\" allowfullscreen><\/iframe>\n<\/div><\/figure>\n\n\n\n<p>\u00bfDe qu\u00e9 muri\u00f3 Steven Harwell, cantante del tema de Shrek?<\/p>\n\n\n\n<p>El fallecimiento del m\u00fasico tambi\u00e9n ha generado un sinf\u00edn de preguntas.<\/p>\n\n\n\n<p>La<strong>\u00a0muerte de Steven Harwell<\/strong>, vocalista de la banda<strong>\u00a0Smash Mouth,<\/strong>sacudi\u00f3 al mundo del espect\u00e1culo. A trav\u00e9s de redes sociales, los seguidores del artista han enviado sus\u00a0condolencias a la familia<\/p>\n\n\n\n<p>Adem\u00e1s, recuerdan los m\u00e1s grandes \u00e9xitos de la agrupaci\u00f3n que, sin lugar a dudas, logr\u00f3 ganarse el cari\u00f1o del p\u00fablico.<\/p>\n\n\n\n<p>El fallecimiento del m\u00fasico tambi\u00e9n ha generado un sinf\u00edn de preguntas. Sus fan\u00e1ticos se cuestionan cu\u00e1l fue la causa de muerte de Harwell, as\u00ed que aqu\u00ed te lo diremos.&nbsp;<\/p>\n\n\n\n<h2 class=\"wp-block-heading\">\u00bfDe qu\u00e9 falleci\u00f3 el vocalista de Smash Mouth?<\/h2>\n\n\n\n<p>De acuerdo con el portal\u00a0<strong><em>TMZ<\/em><\/strong>, Steven Harwell enfrent\u00f3 una<strong>\u00a0lucha contra el alcoholismo, por lo que se desencaden\u00f3 una insuficiencia hep\u00e1tica.<\/strong><\/p>\n\n\n\n<p>Seg\u00fan el m\u00e1nager del cantante, estuvo en su casa, rodeado de familiares y amigos, pues tem\u00edan que le quedara poco tiempo de vida.&nbsp;<\/p>\n\n\n\n<h2 class=\"wp-block-heading\">\u00bfQu\u00e9 es la insuficiencia hep\u00e1tica?<\/h2>\n\n\n\n<p>Seg\u00fan la definici\u00f3n de la&nbsp;<strong>Organizaci\u00f3n Mundial de la Salud (OMS)<\/strong>, la insuficiencia hep\u00e1tica cr\u00f3nica o cirrosis hep\u00e1tica, es un proceso que se caracteriza por la fibrosis y la transformaci\u00f3n de la estructura normal del h\u00edgado en una formaci\u00f3n nodular anormal.<strong>&nbsp;Este trastorno surge como resultado de diversos padecimientos inflamatorios cr\u00f3nicos que afectan al h\u00edgado.<\/strong><\/p>\n\n\n\n<p>La epidemiolog\u00eda de la cirrosis hep\u00e1tica muestra notables disparidades entre g\u00e9neros, grupos \u00e9tnicos y regiones geogr\u00e1ficas. En pa\u00edses occidentales, el abuso del alcohol y la infecci\u00f3n cr\u00f3nica por el virus de la hepatitis C son las principales causas de esta enfermedad hep\u00e1tica cr\u00f3nica.<\/p>\n\n\n\n<p>De acuerdo con el<strong>&nbsp;Bolet\u00edn de Estad\u00edsticas de Mortalidad en M\u00e9xico<\/strong>, emitido por la&nbsp;<strong>Direcci\u00f3n General de Informaci\u00f3n en Salud de la Secretar\u00eda de Salud,<\/strong>&nbsp;en el a\u00f1o 2003 se registraron m\u00e1s de 26 mil defunciones por cirrosis hep\u00e1tica en M\u00e9xico. Este triste n\u00famero se divide en poco m\u00e1s de 6 mil casos en mujeres y 20 mil 478 en hombres.&nbsp;<\/p>\n\n\n\n<p>Para los hombres, la cirrosis hep\u00e1tica se posicion\u00f3 como la tercera causa de mortalidad, precedida \u00fanicamente por la diabetes mellitus y la isquemia cardiaca.<\/p>\n\n\n\n<p>\u00a0En el caso de las mujeres, la cirrosis hep\u00e1tica ocup\u00f3 el octavo lugar entre las causas de mortalidad, mientras que el hepatocarcinoma secundario a cirrosis hep\u00e1tica represent\u00f3 2 mil 523 casos, lo que lo convierte en la tercera neoplasia maligna m\u00e1s frecuente en el g\u00e9nero femenino, superada solo por los c\u00e1nceres de cuello uterino y mama.<\/p>\n\n\n\n<p><strong>Las principales causas de la cirrosis hep\u00e1tica est\u00e1n vinculadas al abuso de alcohol y a las infecciones por los virus C y B.\u00a0<\/strong>Adem\u00e1s, se reconoce que en menor medida est\u00e1n relacionadas con enfermedades como la hepatitis autoinmune, la cirrosis biliar primaria y, posiblemente, las hepatopat\u00edas metab\u00f3licas. Se estima que en M\u00e9xico existen aproximadamente entre 100 mil y 200 mil pacientes que sufren de cirrosis hep\u00e1tica.<\/p>\n","protected":false},"excerpt":{"rendered":"<p>Por Redacci\u00f3n QP Conocido por &#8220;All Stars&#8221;,\u00a0el gran \u00e9xito de los 2000,\u00a0Steven Harwell falleci\u00f3 este&#8230;<\/p>\n","protected":false},"author":2,"featured_media":104397,"comment_status":"open","ping_status":"open","sticky":false,"template":"","format":"standard","meta":{"_monsterinsights_skip_tracking":false,"_monsterinsights_sitenote_active":false,"_monsterinsights_sitenote_note":"","_monsterinsights_sitenote_category":0,"footnotes":""},"categories":[58],"tags":[],"class_list":["post-104396","post","type-post","status-publish","format-standard","has-post-thumbnail","hentry","category-cultura"],"yoast_head":"<!-- This site is optimized with the Yoast SEO plugin v27.3 - https:\/\/yoast.com\/product\/yoast-seo-wordpress\/ -->\n<title>Muere a los 56 a\u00f1os Steven Harwell, cantante de &quot;Smash Mouth&quot; -<\/title>\n<meta name=\"robots\" content=\"index, follow, max-snippet:-1, max-image-preview:large, max-video-preview:-1\" \/>\n<link rel=\"canonical\" href=\"https:\/\/quehacerpolitico.mx\/?p=104396\" \/>\n<meta property=\"og:locale\" content=\"es_MX\" \/>\n<meta property=\"og:type\" content=\"article\" \/>\n<meta property=\"og:title\" content=\"Muere a los 56 a\u00f1os Steven Harwell, cantante de &quot;Smash Mouth&quot; -\" \/>\n<meta property=\"og:description\" content=\"Por Redacci\u00f3n QP Conocido por &#8220;All Stars&#8221;,\u00a0el gran \u00e9xito de los 2000,\u00a0Steven Harwell falleci\u00f3 este...\" \/>\n<meta property=\"og:url\" content=\"https:\/\/quehacerpolitico.mx\/?p=104396\" \/>\n<meta property=\"article:published_time\" content=\"2023-09-04T17:10:22+00:00\" \/>\n<meta property=\"article:modified_time\" content=\"2023-09-04T17:10:26+00:00\" \/>\n<meta property=\"og:image\" content=\"https:\/\/quehacerpolitico.mx\/wp-content\/uploads\/2023\/09\/IMG_0381.jpeg\" \/>\n\t<meta property=\"og:image:width\" content=\"1284\" \/>\n\t<meta property=\"og:image:height\" content=\"701\" \/>\n\t<meta property=\"og:image:type\" content=\"image\/jpeg\" \/>\n<meta name=\"author\" content=\"Redacci\u00f3n QP\" \/>\n<meta name=\"twitter:card\" content=\"summary_large_image\" \/>\n<meta name=\"twitter:label1\" content=\"Escrito por\" \/>\n\t<meta name=\"twitter:data1\" content=\"Redacci\u00f3n QP\" \/>\n\t<meta name=\"twitter:label2\" content=\"Tiempo de lectura\" \/>\n\t<meta name=\"twitter:data2\" content=\"4 minutos\" \/>\n<script type=\"application\/ld+json\" class=\"yoast-schema-graph\">{\"@context\":\"https:\\\/\\\/schema.org\",\"@graph\":[{\"@type\":\"Article\",\"@id\":\"https:\\\/\\\/quehacerpolitico.mx\\\/?p=104396#article\",\"isPartOf\":{\"@id\":\"https:\\\/\\\/quehacerpolitico.mx\\\/?p=104396\"},\"author\":{\"name\":\"Redacci\u00f3n QP\",\"@id\":\"https:\\\/\\\/quehacerpolitico.mx\\\/#\\\/schema\\\/person\\\/496d8ad2d1d3f8036101dca7ee39e585\"},\"headline\":\"Muere a los 56 a\u00f1os Steven Harwell, cantante de &#8220;Smash Mouth&#8221;\",\"datePublished\":\"2023-09-04T17:10:22+00:00\",\"dateModified\":\"2023-09-04T17:10:26+00:00\",\"mainEntityOfPage\":{\"@id\":\"https:\\\/\\\/quehacerpolitico.mx\\\/?p=104396\"},\"wordCount\":752,\"commentCount\":0,\"image\":{\"@id\":\"https:\\\/\\\/quehacerpolitico.mx\\\/?p=104396#primaryimage\"},\"thumbnailUrl\":\"https:\\\/\\\/quehacerpolitico.mx\\\/wp-content\\\/uploads\\\/2023\\\/09\\\/IMG_0381.jpeg\",\"articleSection\":[\"Cultura y Entretenimiento\"],\"inLanguage\":\"es\",\"potentialAction\":[{\"@type\":\"CommentAction\",\"name\":\"Comment\",\"target\":[\"https:\\\/\\\/quehacerpolitico.mx\\\/?p=104396#respond\"]}]},{\"@type\":\"WebPage\",\"@id\":\"https:\\\/\\\/quehacerpolitico.mx\\\/?p=104396\",\"url\":\"https:\\\/\\\/quehacerpolitico.mx\\\/?p=104396\",\"name\":\"Muere a los 56 a\u00f1os Steven Harwell, cantante de \\\"Smash Mouth\\\" -\",\"isPartOf\":{\"@id\":\"https:\\\/\\\/quehacerpolitico.mx\\\/#website\"},\"primaryImageOfPage\":{\"@id\":\"https:\\\/\\\/quehacerpolitico.mx\\\/?p=104396#primaryimage\"},\"image\":{\"@id\":\"https:\\\/\\\/quehacerpolitico.mx\\\/?p=104396#primaryimage\"},\"thumbnailUrl\":\"https:\\\/\\\/quehacerpolitico.mx\\\/wp-content\\\/uploads\\\/2023\\\/09\\\/IMG_0381.jpeg\",\"datePublished\":\"2023-09-04T17:10:22+00:00\",\"dateModified\":\"2023-09-04T17:10:26+00:00\",\"author\":{\"@id\":\"https:\\\/\\\/quehacerpolitico.mx\\\/#\\\/schema\\\/person\\\/496d8ad2d1d3f8036101dca7ee39e585\"},\"breadcrumb\":{\"@id\":\"https:\\\/\\\/quehacerpolitico.mx\\\/?p=104396#breadcrumb\"},\"inLanguage\":\"es\",\"potentialAction\":[{\"@type\":\"ReadAction\",\"target\":[\"https:\\\/\\\/quehacerpolitico.mx\\\/?p=104396\"]}]},{\"@type\":\"ImageObject\",\"inLanguage\":\"es\",\"@id\":\"https:\\\/\\\/quehacerpolitico.mx\\\/?p=104396#primaryimage\",\"url\":\"https:\\\/\\\/quehacerpolitico.mx\\\/wp-content\\\/uploads\\\/2023\\\/09\\\/IMG_0381.jpeg\",\"contentUrl\":\"https:\\\/\\\/quehacerpolitico.mx\\\/wp-content\\\/uploads\\\/2023\\\/09\\\/IMG_0381.jpeg\",\"width\":1284,\"height\":701},{\"@type\":\"BreadcrumbList\",\"@id\":\"https:\\\/\\\/quehacerpolitico.mx\\\/?p=104396#breadcrumb\",\"itemListElement\":[{\"@type\":\"ListItem\",\"position\":1,\"name\":\"Inicio\",\"item\":\"https:\\\/\\\/quehacerpolitico.mx\\\/\"},{\"@type\":\"ListItem\",\"position\":2,\"name\":\"Muere a los 56 a\u00f1os Steven Harwell, cantante de &#8220;Smash Mouth&#8221;\"}]},{\"@type\":\"WebSite\",\"@id\":\"https:\\\/\\\/quehacerpolitico.mx\\\/#website\",\"url\":\"https:\\\/\\\/quehacerpolitico.mx\\\/\",\"name\":\"\",\"description\":\"\",\"potentialAction\":[{\"@type\":\"SearchAction\",\"target\":{\"@type\":\"EntryPoint\",\"urlTemplate\":\"https:\\\/\\\/quehacerpolitico.mx\\\/?s={search_term_string}\"},\"query-input\":{\"@type\":\"PropertyValueSpecification\",\"valueRequired\":true,\"valueName\":\"search_term_string\"}}],\"inLanguage\":\"es\"},{\"@type\":\"Person\",\"@id\":\"https:\\\/\\\/quehacerpolitico.mx\\\/#\\\/schema\\\/person\\\/496d8ad2d1d3f8036101dca7ee39e585\",\"name\":\"Redacci\u00f3n QP\",\"image\":{\"@type\":\"ImageObject\",\"inLanguage\":\"es\",\"@id\":\"https:\\\/\\\/secure.gravatar.com\\\/avatar\\\/c7164ed6fdec453195284ad24a5ae5b6e1eed2b848477fa2a4787ba9adf39a41?s=96&d=mm&r=g\",\"url\":\"https:\\\/\\\/secure.gravatar.com\\\/avatar\\\/c7164ed6fdec453195284ad24a5ae5b6e1eed2b848477fa2a4787ba9adf39a41?s=96&d=mm&r=g\",\"contentUrl\":\"https:\\\/\\\/secure.gravatar.com\\\/avatar\\\/c7164ed6fdec453195284ad24a5ae5b6e1eed2b848477fa2a4787ba9adf39a41?s=96&d=mm&r=g\",\"caption\":\"Redacci\u00f3n QP\"},\"url\":\"https:\\\/\\\/quehacerpolitico.mx\\\/?author=2\"}]}<\/script>\n<!-- \/ Yoast SEO plugin. -->","yoast_head_json":{"title":"Muere a los 56 a\u00f1os Steven Harwell, cantante de \"Smash Mouth\" -","robots":{"index":"index","follow":"follow","max-snippet":"max-snippet:-1","max-image-preview":"max-image-preview:large","max-video-preview":"max-video-preview:-1"},"canonical":"https:\/\/quehacerpolitico.mx\/?p=104396","og_locale":"es_MX","og_type":"article","og_title":"Muere a los 56 a\u00f1os Steven Harwell, cantante de \"Smash Mouth\" -","og_description":"Por Redacci\u00f3n QP Conocido por &#8220;All Stars&#8221;,\u00a0el gran \u00e9xito de los 2000,\u00a0Steven Harwell falleci\u00f3 este...","og_url":"https:\/\/quehacerpolitico.mx\/?p=104396","article_published_time":"2023-09-04T17:10:22+00:00","article_modified_time":"2023-09-04T17:10:26+00:00","og_image":[{"width":1284,"height":701,"url":"https:\/\/quehacerpolitico.mx\/wp-content\/uploads\/2023\/09\/IMG_0381.jpeg","type":"image\/jpeg"}],"author":"Redacci\u00f3n QP","twitter_card":"summary_large_image","twitter_misc":{"Escrito por":"Redacci\u00f3n QP","Tiempo de lectura":"4 minutos"},"schema":{"@context":"https:\/\/schema.org","@graph":[{"@type":"Article","@id":"https:\/\/quehacerpolitico.mx\/?p=104396#article","isPartOf":{"@id":"https:\/\/quehacerpolitico.mx\/?p=104396"},"author":{"name":"Redacci\u00f3n QP","@id":"https:\/\/quehacerpolitico.mx\/#\/schema\/person\/496d8ad2d1d3f8036101dca7ee39e585"},"headline":"Muere a los 56 a\u00f1os Steven Harwell, cantante de &#8220;Smash Mouth&#8221;","datePublished":"2023-09-04T17:10:22+00:00","dateModified":"2023-09-04T17:10:26+00:00","mainEntityOfPage":{"@id":"https:\/\/quehacerpolitico.mx\/?p=104396"},"wordCount":752,"commentCount":0,"image":{"@id":"https:\/\/quehacerpolitico.mx\/?p=104396#primaryimage"},"thumbnailUrl":"https:\/\/quehacerpolitico.mx\/wp-content\/uploads\/2023\/09\/IMG_0381.jpeg","articleSection":["Cultura y Entretenimiento"],"inLanguage":"es","potentialAction":[{"@type":"CommentAction","name":"Comment","target":["https:\/\/quehacerpolitico.mx\/?p=104396#respond"]}]},{"@type":"WebPage","@id":"https:\/\/quehacerpolitico.mx\/?p=104396","url":"https:\/\/quehacerpolitico.mx\/?p=104396","name":"Muere a los 56 a\u00f1os Steven Harwell, cantante de \"Smash Mouth\" -","isPartOf":{"@id":"https:\/\/quehacerpolitico.mx\/#website"},"primaryImageOfPage":{"@id":"https:\/\/quehacerpolitico.mx\/?p=104396#primaryimage"},"image":{"@id":"https:\/\/quehacerpolitico.mx\/?p=104396#primaryimage"},"thumbnailUrl":"https:\/\/quehacerpolitico.mx\/wp-content\/uploads\/2023\/09\/IMG_0381.jpeg","datePublished":"2023-09-04T17:10:22+00:00","dateModified":"2023-09-04T17:10:26+00:00","author":{"@id":"https:\/\/quehacerpolitico.mx\/#\/schema\/person\/496d8ad2d1d3f8036101dca7ee39e585"},"breadcrumb":{"@id":"https:\/\/quehacerpolitico.mx\/?p=104396#breadcrumb"},"inLanguage":"es","potentialAction":[{"@type":"ReadAction","target":["https:\/\/quehacerpolitico.mx\/?p=104396"]}]},{"@type":"ImageObject","inLanguage":"es","@id":"https:\/\/quehacerpolitico.mx\/?p=104396#primaryimage","url":"https:\/\/quehacerpolitico.mx\/wp-content\/uploads\/2023\/09\/IMG_0381.jpeg","contentUrl":"https:\/\/quehacerpolitico.mx\/wp-content\/uploads\/2023\/09\/IMG_0381.jpeg","width":1284,"height":701},{"@type":"BreadcrumbList","@id":"https:\/\/quehacerpolitico.mx\/?p=104396#breadcrumb","itemListElement":[{"@type":"ListItem","position":1,"name":"Inicio","item":"https:\/\/quehacerpolitico.mx\/"},{"@type":"ListItem","position":2,"name":"Muere a los 56 a\u00f1os Steven Harwell, cantante de &#8220;Smash Mouth&#8221;"}]},{"@type":"WebSite","@id":"https:\/\/quehacerpolitico.mx\/#website","url":"https:\/\/quehacerpolitico.mx\/","name":"","description":"","potentialAction":[{"@type":"SearchAction","target":{"@type":"EntryPoint","urlTemplate":"https:\/\/quehacerpolitico.mx\/?s={search_term_string}"},"query-input":{"@type":"PropertyValueSpecification","valueRequired":true,"valueName":"search_term_string"}}],"inLanguage":"es"},{"@type":"Person","@id":"https:\/\/quehacerpolitico.mx\/#\/schema\/person\/496d8ad2d1d3f8036101dca7ee39e585","name":"Redacci\u00f3n QP","image":{"@type":"ImageObject","inLanguage":"es","@id":"https:\/\/secure.gravatar.com\/avatar\/c7164ed6fdec453195284ad24a5ae5b6e1eed2b848477fa2a4787ba9adf39a41?s=96&d=mm&r=g","url":"https:\/\/secure.gravatar.com\/avatar\/c7164ed6fdec453195284ad24a5ae5b6e1eed2b848477fa2a4787ba9adf39a41?s=96&d=mm&r=g","contentUrl":"https:\/\/secure.gravatar.com\/avatar\/c7164ed6fdec453195284ad24a5ae5b6e1eed2b848477fa2a4787ba9adf39a41?s=96&d=mm&r=g","caption":"Redacci\u00f3n QP"},"url":"https:\/\/quehacerpolitico.mx\/?author=2"}]}},"featured_image_urls":{"full":["https:\/\/quehacerpolitico.mx\/wp-content\/uploads\/2023\/09\/IMG_0381.jpeg",1284,701,false],"thumbnail":["https:\/\/quehacerpolitico.mx\/wp-content\/uploads\/2023\/09\/IMG_0381-150x150.jpeg",150,150,true],"medium":["https:\/\/quehacerpolitico.mx\/wp-content\/uploads\/2023\/09\/IMG_0381-300x164.jpeg",300,164,true],"medium_large":["https:\/\/quehacerpolitico.mx\/wp-content\/uploads\/2023\/09\/IMG_0381-768x419.jpeg",640,349,true],"large":["https:\/\/quehacerpolitico.mx\/wp-content\/uploads\/2023\/09\/IMG_0381-1024x559.jpeg",640,349,true],"1536x1536":["https:\/\/quehacerpolitico.mx\/wp-content\/uploads\/2023\/09\/IMG_0381.jpeg",1284,701,false],"2048x2048":["https:\/\/quehacerpolitico.mx\/wp-content\/uploads\/2023\/09\/IMG_0381.jpeg",1284,701,false],"covernews-featured":["https:\/\/quehacerpolitico.mx\/wp-content\/uploads\/2023\/09\/IMG_0381.jpeg",1024,559,false],"covernews-medium":["https:\/\/quehacerpolitico.mx\/wp-content\/uploads\/2023\/09\/IMG_0381.jpeg",540,295,false]},"author_info":{"display_name":"Redacci\u00f3n QP","author_link":"https:\/\/quehacerpolitico.mx\/?author=2"},"category_info":"<a href=\"https:\/\/quehacerpolitico.mx\/?cat=58\" rel=\"category\">Cultura y Entretenimiento<\/a>","tag_info":"Cultura y Entretenimiento","comment_count":"0","_links":{"self":[{"href":"https:\/\/quehacerpolitico.mx\/index.php?rest_route=\/wp\/v2\/posts\/104396","targetHints":{"allow":["GET"]}}],"collection":[{"href":"https:\/\/quehacerpolitico.mx\/index.php?rest_route=\/wp\/v2\/posts"}],"about":[{"href":"https:\/\/quehacerpolitico.mx\/index.php?rest_route=\/wp\/v2\/types\/post"}],"author":[{"embeddable":true,"href":"https:\/\/quehacerpolitico.mx\/index.php?rest_route=\/wp\/v2\/users\/2"}],"replies":[{"embeddable":true,"href":"https:\/\/quehacerpolitico.mx\/index.php?rest_route=%2Fwp%2Fv2%2Fcomments&post=104396"}],"version-history":[{"count":1,"href":"https:\/\/quehacerpolitico.mx\/index.php?rest_route=\/wp\/v2\/posts\/104396\/revisions"}],"predecessor-version":[{"id":104398,"href":"https:\/\/quehacerpolitico.mx\/index.php?rest_route=\/wp\/v2\/posts\/104396\/revisions\/104398"}],"wp:featuredmedia":[{"embeddable":true,"href":"https:\/\/quehacerpolitico.mx\/index.php?rest_route=\/wp\/v2\/media\/104397"}],"wp:attachment":[{"href":"https:\/\/quehacerpolitico.mx\/index.php?rest_route=%2Fwp%2Fv2%2Fmedia&parent=104396"}],"wp:term":[{"taxonomy":"category","embeddable":true,"href":"https:\/\/quehacerpolitico.mx\/index.php?rest_route=%2Fwp%2Fv2%2Fcategories&post=104396"},{"taxonomy":"post_tag","embeddable":true,"href":"https:\/\/quehacerpolitico.mx\/index.php?rest_route=%2Fwp%2Fv2%2Ftags&post=104396"}],"curies":[{"name":"wp","href":"https:\/\/api.w.org\/{rel}","templated":true}]}}