{"id":104325,"date":"2023-09-01T20:15:24","date_gmt":"2023-09-01T20:15:24","guid":{"rendered":"https:\/\/quehacerpolitico.mx\/?p=104325"},"modified":"2023-09-01T20:15:28","modified_gmt":"2023-09-01T20:15:28","slug":"por-crisis-forense-desaparecidos-localizados-en-fosas-multiples-no-han-sido-entregados-a-familiares","status":"publish","type":"post","link":"https:\/\/quehacerpolitico.mx\/?p=104325","title":{"rendered":"Por crisis forense\u00a0desaparecidos\u00a0localizados en fosas m\u00faltiples no han sido entregados a familiares"},"content":{"rendered":"\n<p>\u201cEs un gran universo\u00a0que se sabe\u00a0d\u00f3nde desaparecieron,\u00a0pero no\u00a0d\u00f3nde van a\u00a0aparecer\u201d<\/p>\n\n\n\n<p>Por Nidia S\u00e1nchez<\/p>\n\n\n\n<p>Los hallazgos de restos humanos empezaron all\u00e1 por 2016, han pasado 7 a\u00f1os y la Fiscal\u00eda General del Estado no ha entregado resultados de perfiles gen\u00e9ticos, la crisis forense en Veracruz es total y revictimiza a los familiares de desaparecidos.<\/p>\n\n\n\n<p>M\u00e1s de 400 familias de todo el pa\u00eds deber\u00edan tener consigo los restos humanos de sus familiares, localizados por integrantes del Colectivo Solecito en fosas m\u00faltiples y clandestinas en el predio Colinas de Santa Fe, en el puerto de Veracruz, as\u00ed como Arbolillo y Punta&nbsp;Puquita, en Alvarado, regi\u00f3n cercana al citado puerto, en hallazgos que comenzaron en 2016 y trabajaron durante tres a\u00f1os; lamentablemente, la mayor\u00eda de las pruebas forenses como el ADN y otras, est\u00e1n en el limbo. \u00bfD\u00f3nde estaban las autoridades si a todos ellos los trasladaron por carretera vivos o muertos?; hay complicidad y la mano del crimen organizado, nos revela en entrevista la doctora Rosal\u00eda Castro&nbsp;Toss, madre buscadora y cofundadora de este colectivo.<\/p>\n\n\n\n<p>\u201cUna ONG de\u00a0Suiza\u00a0nos prepar\u00f3\u00a0listones\u00a0que hemos personalizado para formar el\u00a0<em>Bosque de la esperanza,\u00a0<\/em>los vamos a colocar en un \u00e1rbol en el puerto de Veracruz\u00a0el 30 de agosto D\u00eda Internacional de las V\u00edctimas de Desapariciones Forzadas, adem\u00e1s de la marcha. Este es un proyecto con otros\u00a0estadosy\u00a0nos vamos a unir todos\u201d.<\/p>\n\n\n\n<figure class=\"wp-block-image size-large\"><img loading=\"lazy\" decoding=\"async\" width=\"1024\" height=\"768\" src=\"https:\/\/quehacerpolitico.mx\/wp-content\/uploads\/2023\/09\/image-3-1024x768.jpeg\" alt=\"\" class=\"wp-image-104327\" srcset=\"https:\/\/quehacerpolitico.mx\/wp-content\/uploads\/2023\/09\/image-3-1024x768.jpeg 1024w, https:\/\/quehacerpolitico.mx\/wp-content\/uploads\/2023\/09\/image-3-300x225.jpeg 300w, https:\/\/quehacerpolitico.mx\/wp-content\/uploads\/2023\/09\/image-3-768x576.jpeg 768w, https:\/\/quehacerpolitico.mx\/wp-content\/uploads\/2023\/09\/image-3-1536x1152.jpeg 1536w, https:\/\/quehacerpolitico.mx\/wp-content\/uploads\/2023\/09\/image-3-195x146.jpeg 195w, https:\/\/quehacerpolitico.mx\/wp-content\/uploads\/2023\/09\/image-3-50x38.jpeg 50w, https:\/\/quehacerpolitico.mx\/wp-content\/uploads\/2023\/09\/image-3-100x75.jpeg 100w, https:\/\/quehacerpolitico.mx\/wp-content\/uploads\/2023\/09\/image-3-960x720.jpeg 960w, https:\/\/quehacerpolitico.mx\/wp-content\/uploads\/2023\/09\/image-3.jpeg 1600w\" sizes=\"auto, (max-width: 1024px) 100vw, 1024px\" \/><\/figure>\n\n\n\n<p>Con m\u00e1s de 111 mil desaparecidos en nuestro pa\u00eds, el estado de Veracruz tiene a 40 colectivos.<\/p>\n\n\n\n<p>El arduo trabajo de b\u00fasquedas que realiza el Colectivo Solecito de Veracruz es porque alguien los est\u00e1 esperando,&nbsp;es&nbsp;dar un poco de paz a las&nbsp;familias, que tengan un lugar dignodonde descansar, expresa tras un largo suspiro la activista Castro&nbsp;Toss.<\/p>\n\n\n\n<p>A Veracruz trasladaron y sembraron desaparecidos de Tijuana, Michoac\u00e1n, Quer\u00e9taro, Morelia, Tamaulipas, parte de una larga lista de lugares.<\/p>\n\n\n\n<p><strong>EL HALLAZGO DE FOSAS M\u00daLTIPLES<\/strong><strong>&nbsp;EN VERACRUZ<\/strong><\/p>\n\n\n\n<p>\u201cPara todo este trabajo nos acercamos al grupo mexicano&nbsp;de antropolog\u00eda forense, al argentino, con el guatemalteco. Viajamos a&nbsp;Iguala, Guerrero&nbsp;para aprender, quer\u00edamos que nos ense\u00f1aran a buscar\u201d.<\/p>\n\n\n\n<p>\u201cDe esta necesidad nace comenzar a reunir recursos, a los expertos forenses que se trasladaron&nbsp;les dimos hospedaje,&nbsp;alimentos y pago semanal, a veces entre Luc\u00ed y yo complet\u00e1bamos los pagos. El caso era que&nbsp;aprendi\u00e9ramos en nuestro territorio\u201d.<\/p>\n\n\n\n<p>\u201cEntramos, pero como la fiscal\u00eda ten\u00eda sus zonas de b\u00fasqueda ah\u00ed mismo en Colinas de Santa Fe, nos indicaban&nbsp;de aqu\u00ed para all\u00e1pueden trabajar&nbsp;y&nbsp;m\u00e1s&nbsp;all\u00e1 no pueden\u201d.&nbsp;<\/p>\n\n\n\n<p>\u201cNuestro mayor logro&nbsp;es haber encontrado a&nbsp;<em>tesoros<\/em>&nbsp;en&nbsp;Colinas de Santa Fe, en el puerto de Veracruz, donde estuvimos trabajando tres a\u00f1os sin ayuda del gobierno,&nbsp;desde&nbsp;2016,&nbsp;y&nbsp;donde&nbsp;hallamos&nbsp;a&nbsp;300&nbsp;personas&nbsp;completas y 4 cuerpos sin cabeza, de los que&nbsp;se han identificado como a 40, \u00fanicamente\u201d.<\/p>\n\n\n\n<p>Ah\u00ed se encontraron credenciales de diez estados de&nbsp;la rep\u00fablica.<\/p>\n\n\n\n<p>\u201cHubo cuerpos con piel,\u00a0en descomposici\u00f3n, algunos se conservaron todav\u00eda,\u00a0esqueletos.En Colinas de Santa Fe hubo m\u00faltiples fosas, una que los mismos peritos le llamaron\u00a0<em>la alberca<\/em>,\u00a0hab\u00eda\u00a020\u00a0cabezas y\u00a0cuerpos revueltos,diseccionados\u201d.<\/p>\n\n\n\n<figure class=\"wp-block-image size-large\"><img loading=\"lazy\" decoding=\"async\" width=\"768\" height=\"1024\" src=\"https:\/\/quehacerpolitico.mx\/wp-content\/uploads\/2023\/09\/image-4-768x1024.jpeg\" alt=\"\" class=\"wp-image-104328\" srcset=\"https:\/\/quehacerpolitico.mx\/wp-content\/uploads\/2023\/09\/image-4-768x1024.jpeg 768w, https:\/\/quehacerpolitico.mx\/wp-content\/uploads\/2023\/09\/image-4-225x300.jpeg 225w, https:\/\/quehacerpolitico.mx\/wp-content\/uploads\/2023\/09\/image-4-110x146.jpeg 110w, https:\/\/quehacerpolitico.mx\/wp-content\/uploads\/2023\/09\/image-4-38x50.jpeg 38w, https:\/\/quehacerpolitico.mx\/wp-content\/uploads\/2023\/09\/image-4-56x75.jpeg 56w, https:\/\/quehacerpolitico.mx\/wp-content\/uploads\/2023\/09\/image-4.jpeg 780w\" sizes=\"auto, (max-width: 768px) 100vw, 768px\" \/><\/figure>\n\n\n\n<p>\u201cMi sorpresa es que el de Tijuana hab\u00eda&nbsp;desaparecido&nbsp;all\u00e1, \u00bfqu\u00e9 ten\u00eda qu\u00e9 hacer en este predio?;&nbsp;el de Tamaulipas&nbsp;tambi\u00e9n desaparecido en su estado, el de Michoac\u00e1n&nbsp;all\u00e1, los casos de lugares como Morelia&nbsp;o Aguascalientes&nbsp;tambi\u00e9n,&nbsp;de ninguno hab\u00eda un registro que hubieran llegado a pasear al puerto de Veracruz\u201d.<\/p>\n\n\n\n<p>\u201cEst\u00e1&nbsp;involucrado el crimen organizado. \u00bfC\u00f3mo los llevaban a ese lugar ?; el de Tijuana&nbsp;c\u00f3mo lo trasladan&nbsp;con vida,posiblemente,&nbsp;o sin vida;&nbsp;\u00bfQu\u00e9 pasa en las casetas de nuestro pa\u00eds?, entonces&nbsp;no hay revisiones. Es&nbsp;el crimen y las autoridades\u201d.&nbsp;<\/p>\n\n\n\n<p>\u201cA m\u00ed, por ejemplo, me detienen en revisiones, piden que abra la cajuela y revisan todo, entonces\u00a0esas carreteras\u00a0que\u00a0son importantes\u00a0en el norte, es casi el paso a Estados Unidos, vemos tristemente que todo est\u00e1 igual\u201d.<\/p>\n\n\n\n<p>\u201cDe las 37 credenciales que se publicarontodos sus familiares&nbsp;se comunicaron&nbsp;y los enviamos a la fiscal\u00eda, los acercamos&nbsp;con&nbsp;la Direcci\u00f3n General de Servicios&nbsp;Periciales, sabemos que les entregaron los restos en algunos casos\u201d.&nbsp;<\/p>\n\n\n\n<p>\u201cHicimos un trabajo exhaustivo, estamos seguras que en&nbsp;Colinas&nbsp;de Santa Fe revisamos&nbsp;el 99.9&nbsp;de&nbsp;todo, fueron&nbsp;tres a\u00f1os&nbsp;y&nbsp;una inversi\u00f3n de 3 millones de esos que salieron&nbsp;del&nbsp;Colectivo&nbsp;Solecito\u201d.<\/p>\n\n\n\n<p>\u201cColinas de Santa Fe est\u00e1 a 15 minutos del centro del puerto de Veracruz, necesit\u00e1bamos llevar un botiqu\u00edn de emergencia, agua, comprar ant\u00eddotos. Tenemos toda la herramienta para hacer la b\u00fasqueda sin la ayuda de las autoridades\u201d.<\/p>\n\n\n\n<p>\u201cLuego nos trasladamos en una segunda etapa a&nbsp;Arbolillo,&nbsp;municipio de&nbsp;Alvarado, Veracruz, una zona de manglares y humedales, al principio como no dejaron entrar a ning\u00fan colectivo, nosotros nos quedamos con la duda, acudimos a esta&nbsp;administraci\u00f3n&nbsp;y nos dijeron que ya hab\u00eda sido explorado, les pedimos que nos dejaran quitarnos la duda, y cu\u00e1l fue nuestra sorpresa, le demostramos a la autoridad que hab\u00edan hecho un trabajo desaseado, porque encontramos 18 fosas m\u00faltiples m\u00e1s con 70<em>&nbsp;<\/em>restos humanos de personas, ah\u00ed entramos en 2019, en la pandemia tuvimos que suspender una parte del a\u00f1o 2019&nbsp;y 2020, regresamos en el 2021 y continuamos hasta terminar el trabajo\u201d.<\/p>\n\n\n\n<p>\u201cEn\u00a0Arbolillo\u00a0hab\u00eda humedad,\u00a0hubo cuerpos que se conservaron\u00a0casi enteros, pero se ve que ya ten\u00edan tiempo, la parte que eligieron estos maleantes ten\u00eda muchos \u00e1rboles.\u00a0Nos interesa\u00a0saber\u00a0cu\u00e1ntas confrontas\u00a0han hecho, si ya los identificaron, saber\u00a0qu\u00e9\u00a0tiempo tienen de desaparecidos\u201d.<\/p>\n\n\n\n<figure class=\"wp-block-image size-large\"><img loading=\"lazy\" decoding=\"async\" width=\"576\" height=\"1024\" src=\"https:\/\/quehacerpolitico.mx\/wp-content\/uploads\/2023\/09\/IMG_0319-576x1024.jpeg\" alt=\"\" class=\"wp-image-104329\" srcset=\"https:\/\/quehacerpolitico.mx\/wp-content\/uploads\/2023\/09\/IMG_0319-576x1024.jpeg 576w, https:\/\/quehacerpolitico.mx\/wp-content\/uploads\/2023\/09\/IMG_0319-169x300.jpeg 169w, https:\/\/quehacerpolitico.mx\/wp-content\/uploads\/2023\/09\/IMG_0319-768x1365.jpeg 768w, https:\/\/quehacerpolitico.mx\/wp-content\/uploads\/2023\/09\/IMG_0319-864x1536.jpeg 864w, https:\/\/quehacerpolitico.mx\/wp-content\/uploads\/2023\/09\/IMG_0319-82x146.jpeg 82w, https:\/\/quehacerpolitico.mx\/wp-content\/uploads\/2023\/09\/IMG_0319-28x50.jpeg 28w, https:\/\/quehacerpolitico.mx\/wp-content\/uploads\/2023\/09\/IMG_0319-42x75.jpeg 42w, https:\/\/quehacerpolitico.mx\/wp-content\/uploads\/2023\/09\/IMG_0319.jpeg 900w\" sizes=\"auto, (max-width: 576px) 100vw, 576px\" \/><\/figure>\n\n\n\n<p>\u201cEst\u00e1 el caso de\u00a0una chica, abrimos una fosa, se sac\u00f3 la varilla, se ve un brazo, el\u00a0pelo pintado, la mitad del rostro conservado entero y la otra mitad en esqueleto,\u00a0la dentadura\u2026\u201d.<\/p>\n\n\n\n<p>\u201cEste a\u00f1o entramos&nbsp;tambi\u00e9n a un predio que est\u00e1&nbsp;en&nbsp;el municipio de Alvarado, denominadoPunta&nbsp;Puquita, una isla a la que&nbsp;se&nbsp;llega&nbsp;en lancha,&nbsp;ah\u00ed&nbsp;encontramos&nbsp;15 fosas m\u00faltiples con&nbsp;25&nbsp;personas, que&nbsp;todav\u00eda no han sido identificados,&nbsp;realizamos&nbsp;una prospecci\u00f3n,&nbsp;encontramos indicios,&nbsp;una&nbsp;cartera&nbsp;y varias cosas que no ten\u00edan que estar en ese lugar,&nbsp;aunque muchos llevaban identificaci\u00f3n, credenciales con direcciones, eso compete a la autoridad ponerse a&nbsp;trabajar. En este lugar ya se hab\u00edan encontrado restos<em>,<\/em>&nbsp;entonces suman m\u00e1s de 30\u201d.<\/p>\n\n\n\n<p>\u201cA m\u00ed me sorprende c\u00f3mo se conservan las etiquetas de la ropa\u201d.<\/p>\n\n\n\n<p>\u201cEn el gobierno de&nbsp;Javier Duarte&nbsp;fue lo peor que nos pudo haber pasado, porque&nbsp;est\u00e1bamos amenazadas, con el gobierno de Miguel \u00c1ngel Yunes tambi\u00e9n&nbsp;no pod\u00edamos trabajar, entra este gobierno y&nbsp;nos han tratado mejor\u201d.&nbsp;<\/p>\n\n\n\n<p>\u201cPedimos el permiso para subir las credenciales a nuestra p\u00e1gina Colectivo Solecito Oficial AC y&nbsp;estar pendiente a trav\u00e9s de&nbsp;la l\u00ednea&nbsp;Solecito&nbsp;para quienes se quisieran comunicar con nosotros\u201d.<\/p>\n\n\n\n<p>\u201cLos que hallamos en&nbsp;Punta&nbsp;Puquita,&nbsp;Alvarado(Veracruz) ten\u00edan credenciales,&nbsp;direcciones&nbsp;y nosotros preguntamos: \u00bfPor qu\u00e9 no se trasladan sus&nbsp;familiares?.&nbsp;Nosotros har\u00edamos mejor el trabajo, en ese sentido, la respuesta fue que no, porque deb\u00edan tener primero&nbsp;el&nbsp;ADN, y con explicaciones de parte de los investigadores: -Qu\u00e9 tal si se las robaron a otras personas y se las colocaron a \u00e9stos. En el colectivo hacemos hasta donde nosotros tenemos permitido\u201d.<\/p>\n","protected":false},"excerpt":{"rendered":"<p>\u201cEs un gran universo\u00a0que se sabe\u00a0d\u00f3nde desaparecieron,\u00a0pero no\u00a0d\u00f3nde van a\u00a0aparecer\u201d Por Nidia S\u00e1nchez Los hallazgos&#8230;<\/p>\n","protected":false},"author":2,"featured_media":104326,"comment_status":"open","ping_status":"open","sticky":false,"template":"","format":"standard","meta":{"_monsterinsights_skip_tracking":false,"_monsterinsights_sitenote_active":false,"_monsterinsights_sitenote_note":"","_monsterinsights_sitenote_category":0,"footnotes":""},"categories":[2],"tags":[],"class_list":["post-104325","post","type-post","status-publish","format-standard","has-post-thumbnail","hentry","category-noticias"],"yoast_head":"<!-- This site is optimized with the Yoast SEO plugin v27.3 - https:\/\/yoast.com\/product\/yoast-seo-wordpress\/ -->\n<title>Por crisis forense\u00a0desaparecidos\u00a0localizados en fosas m\u00faltiples no han sido entregados a familiares -<\/title>\n<meta name=\"robots\" content=\"index, follow, max-snippet:-1, max-image-preview:large, max-video-preview:-1\" \/>\n<link rel=\"canonical\" href=\"https:\/\/quehacerpolitico.mx\/?p=104325\" \/>\n<meta property=\"og:locale\" content=\"es_MX\" \/>\n<meta property=\"og:type\" content=\"article\" \/>\n<meta property=\"og:title\" content=\"Por crisis forense\u00a0desaparecidos\u00a0localizados en fosas m\u00faltiples no han sido entregados a familiares -\" \/>\n<meta property=\"og:description\" content=\"\u201cEs un gran universo\u00a0que se sabe\u00a0d\u00f3nde desaparecieron,\u00a0pero no\u00a0d\u00f3nde van a\u00a0aparecer\u201d Por Nidia S\u00e1nchez Los hallazgos...\" \/>\n<meta property=\"og:url\" content=\"https:\/\/quehacerpolitico.mx\/?p=104325\" \/>\n<meta property=\"article:published_time\" content=\"2023-09-01T20:15:24+00:00\" \/>\n<meta property=\"article:modified_time\" content=\"2023-09-01T20:15:28+00:00\" \/>\n<meta property=\"og:image\" content=\"https:\/\/quehacerpolitico.mx\/wp-content\/uploads\/2023\/09\/IMG_0320.jpeg\" \/>\n\t<meta property=\"og:image:width\" content=\"1280\" \/>\n\t<meta property=\"og:image:height\" content=\"720\" \/>\n\t<meta property=\"og:image:type\" content=\"image\/jpeg\" \/>\n<meta name=\"author\" content=\"Redacci\u00f3n QP\" \/>\n<meta name=\"twitter:card\" content=\"summary_large_image\" \/>\n<meta name=\"twitter:label1\" content=\"Escrito por\" \/>\n\t<meta name=\"twitter:data1\" content=\"Redacci\u00f3n QP\" \/>\n\t<meta name=\"twitter:label2\" content=\"Tiempo de lectura\" \/>\n\t<meta name=\"twitter:data2\" content=\"7 minutos\" \/>\n<script type=\"application\/ld+json\" class=\"yoast-schema-graph\">{\"@context\":\"https:\\\/\\\/schema.org\",\"@graph\":[{\"@type\":\"Article\",\"@id\":\"https:\\\/\\\/quehacerpolitico.mx\\\/?p=104325#article\",\"isPartOf\":{\"@id\":\"https:\\\/\\\/quehacerpolitico.mx\\\/?p=104325\"},\"author\":{\"name\":\"Redacci\u00f3n QP\",\"@id\":\"https:\\\/\\\/quehacerpolitico.mx\\\/#\\\/schema\\\/person\\\/496d8ad2d1d3f8036101dca7ee39e585\"},\"headline\":\"Por crisis forense\u00a0desaparecidos\u00a0localizados en fosas m\u00faltiples no han sido entregados a familiares\",\"datePublished\":\"2023-09-01T20:15:24+00:00\",\"dateModified\":\"2023-09-01T20:15:28+00:00\",\"mainEntityOfPage\":{\"@id\":\"https:\\\/\\\/quehacerpolitico.mx\\\/?p=104325\"},\"wordCount\":1363,\"commentCount\":0,\"image\":{\"@id\":\"https:\\\/\\\/quehacerpolitico.mx\\\/?p=104325#primaryimage\"},\"thumbnailUrl\":\"https:\\\/\\\/quehacerpolitico.mx\\\/wp-content\\\/uploads\\\/2023\\\/09\\\/IMG_0320.jpeg\",\"articleSection\":[\"Noticias\"],\"inLanguage\":\"es\",\"potentialAction\":[{\"@type\":\"CommentAction\",\"name\":\"Comment\",\"target\":[\"https:\\\/\\\/quehacerpolitico.mx\\\/?p=104325#respond\"]}]},{\"@type\":\"WebPage\",\"@id\":\"https:\\\/\\\/quehacerpolitico.mx\\\/?p=104325\",\"url\":\"https:\\\/\\\/quehacerpolitico.mx\\\/?p=104325\",\"name\":\"Por crisis forense\u00a0desaparecidos\u00a0localizados en fosas m\u00faltiples no han sido entregados a familiares -\",\"isPartOf\":{\"@id\":\"https:\\\/\\\/quehacerpolitico.mx\\\/#website\"},\"primaryImageOfPage\":{\"@id\":\"https:\\\/\\\/quehacerpolitico.mx\\\/?p=104325#primaryimage\"},\"image\":{\"@id\":\"https:\\\/\\\/quehacerpolitico.mx\\\/?p=104325#primaryimage\"},\"thumbnailUrl\":\"https:\\\/\\\/quehacerpolitico.mx\\\/wp-content\\\/uploads\\\/2023\\\/09\\\/IMG_0320.jpeg\",\"datePublished\":\"2023-09-01T20:15:24+00:00\",\"dateModified\":\"2023-09-01T20:15:28+00:00\",\"author\":{\"@id\":\"https:\\\/\\\/quehacerpolitico.mx\\\/#\\\/schema\\\/person\\\/496d8ad2d1d3f8036101dca7ee39e585\"},\"breadcrumb\":{\"@id\":\"https:\\\/\\\/quehacerpolitico.mx\\\/?p=104325#breadcrumb\"},\"inLanguage\":\"es\",\"potentialAction\":[{\"@type\":\"ReadAction\",\"target\":[\"https:\\\/\\\/quehacerpolitico.mx\\\/?p=104325\"]}]},{\"@type\":\"ImageObject\",\"inLanguage\":\"es\",\"@id\":\"https:\\\/\\\/quehacerpolitico.mx\\\/?p=104325#primaryimage\",\"url\":\"https:\\\/\\\/quehacerpolitico.mx\\\/wp-content\\\/uploads\\\/2023\\\/09\\\/IMG_0320.jpeg\",\"contentUrl\":\"https:\\\/\\\/quehacerpolitico.mx\\\/wp-content\\\/uploads\\\/2023\\\/09\\\/IMG_0320.jpeg\",\"width\":1280,\"height\":720},{\"@type\":\"BreadcrumbList\",\"@id\":\"https:\\\/\\\/quehacerpolitico.mx\\\/?p=104325#breadcrumb\",\"itemListElement\":[{\"@type\":\"ListItem\",\"position\":1,\"name\":\"Inicio\",\"item\":\"https:\\\/\\\/quehacerpolitico.mx\\\/\"},{\"@type\":\"ListItem\",\"position\":2,\"name\":\"Por crisis forense\u00a0desaparecidos\u00a0localizados en fosas m\u00faltiples no han sido entregados a familiares\"}]},{\"@type\":\"WebSite\",\"@id\":\"https:\\\/\\\/quehacerpolitico.mx\\\/#website\",\"url\":\"https:\\\/\\\/quehacerpolitico.mx\\\/\",\"name\":\"\",\"description\":\"\",\"potentialAction\":[{\"@type\":\"SearchAction\",\"target\":{\"@type\":\"EntryPoint\",\"urlTemplate\":\"https:\\\/\\\/quehacerpolitico.mx\\\/?s={search_term_string}\"},\"query-input\":{\"@type\":\"PropertyValueSpecification\",\"valueRequired\":true,\"valueName\":\"search_term_string\"}}],\"inLanguage\":\"es\"},{\"@type\":\"Person\",\"@id\":\"https:\\\/\\\/quehacerpolitico.mx\\\/#\\\/schema\\\/person\\\/496d8ad2d1d3f8036101dca7ee39e585\",\"name\":\"Redacci\u00f3n QP\",\"image\":{\"@type\":\"ImageObject\",\"inLanguage\":\"es\",\"@id\":\"https:\\\/\\\/secure.gravatar.com\\\/avatar\\\/c7164ed6fdec453195284ad24a5ae5b6e1eed2b848477fa2a4787ba9adf39a41?s=96&d=mm&r=g\",\"url\":\"https:\\\/\\\/secure.gravatar.com\\\/avatar\\\/c7164ed6fdec453195284ad24a5ae5b6e1eed2b848477fa2a4787ba9adf39a41?s=96&d=mm&r=g\",\"contentUrl\":\"https:\\\/\\\/secure.gravatar.com\\\/avatar\\\/c7164ed6fdec453195284ad24a5ae5b6e1eed2b848477fa2a4787ba9adf39a41?s=96&d=mm&r=g\",\"caption\":\"Redacci\u00f3n QP\"},\"url\":\"https:\\\/\\\/quehacerpolitico.mx\\\/?author=2\"}]}<\/script>\n<!-- \/ Yoast SEO plugin. -->","yoast_head_json":{"title":"Por crisis forense\u00a0desaparecidos\u00a0localizados en fosas m\u00faltiples no han sido entregados a familiares -","robots":{"index":"index","follow":"follow","max-snippet":"max-snippet:-1","max-image-preview":"max-image-preview:large","max-video-preview":"max-video-preview:-1"},"canonical":"https:\/\/quehacerpolitico.mx\/?p=104325","og_locale":"es_MX","og_type":"article","og_title":"Por crisis forense\u00a0desaparecidos\u00a0localizados en fosas m\u00faltiples no han sido entregados a familiares -","og_description":"\u201cEs un gran universo\u00a0que se sabe\u00a0d\u00f3nde desaparecieron,\u00a0pero no\u00a0d\u00f3nde van a\u00a0aparecer\u201d Por Nidia S\u00e1nchez Los hallazgos...","og_url":"https:\/\/quehacerpolitico.mx\/?p=104325","article_published_time":"2023-09-01T20:15:24+00:00","article_modified_time":"2023-09-01T20:15:28+00:00","og_image":[{"width":1280,"height":720,"url":"https:\/\/quehacerpolitico.mx\/wp-content\/uploads\/2023\/09\/IMG_0320.jpeg","type":"image\/jpeg"}],"author":"Redacci\u00f3n QP","twitter_card":"summary_large_image","twitter_misc":{"Escrito por":"Redacci\u00f3n QP","Tiempo de lectura":"7 minutos"},"schema":{"@context":"https:\/\/schema.org","@graph":[{"@type":"Article","@id":"https:\/\/quehacerpolitico.mx\/?p=104325#article","isPartOf":{"@id":"https:\/\/quehacerpolitico.mx\/?p=104325"},"author":{"name":"Redacci\u00f3n QP","@id":"https:\/\/quehacerpolitico.mx\/#\/schema\/person\/496d8ad2d1d3f8036101dca7ee39e585"},"headline":"Por crisis forense\u00a0desaparecidos\u00a0localizados en fosas m\u00faltiples no han sido entregados a familiares","datePublished":"2023-09-01T20:15:24+00:00","dateModified":"2023-09-01T20:15:28+00:00","mainEntityOfPage":{"@id":"https:\/\/quehacerpolitico.mx\/?p=104325"},"wordCount":1363,"commentCount":0,"image":{"@id":"https:\/\/quehacerpolitico.mx\/?p=104325#primaryimage"},"thumbnailUrl":"https:\/\/quehacerpolitico.mx\/wp-content\/uploads\/2023\/09\/IMG_0320.jpeg","articleSection":["Noticias"],"inLanguage":"es","potentialAction":[{"@type":"CommentAction","name":"Comment","target":["https:\/\/quehacerpolitico.mx\/?p=104325#respond"]}]},{"@type":"WebPage","@id":"https:\/\/quehacerpolitico.mx\/?p=104325","url":"https:\/\/quehacerpolitico.mx\/?p=104325","name":"Por crisis forense\u00a0desaparecidos\u00a0localizados en fosas m\u00faltiples no han sido entregados a familiares -","isPartOf":{"@id":"https:\/\/quehacerpolitico.mx\/#website"},"primaryImageOfPage":{"@id":"https:\/\/quehacerpolitico.mx\/?p=104325#primaryimage"},"image":{"@id":"https:\/\/quehacerpolitico.mx\/?p=104325#primaryimage"},"thumbnailUrl":"https:\/\/quehacerpolitico.mx\/wp-content\/uploads\/2023\/09\/IMG_0320.jpeg","datePublished":"2023-09-01T20:15:24+00:00","dateModified":"2023-09-01T20:15:28+00:00","author":{"@id":"https:\/\/quehacerpolitico.mx\/#\/schema\/person\/496d8ad2d1d3f8036101dca7ee39e585"},"breadcrumb":{"@id":"https:\/\/quehacerpolitico.mx\/?p=104325#breadcrumb"},"inLanguage":"es","potentialAction":[{"@type":"ReadAction","target":["https:\/\/quehacerpolitico.mx\/?p=104325"]}]},{"@type":"ImageObject","inLanguage":"es","@id":"https:\/\/quehacerpolitico.mx\/?p=104325#primaryimage","url":"https:\/\/quehacerpolitico.mx\/wp-content\/uploads\/2023\/09\/IMG_0320.jpeg","contentUrl":"https:\/\/quehacerpolitico.mx\/wp-content\/uploads\/2023\/09\/IMG_0320.jpeg","width":1280,"height":720},{"@type":"BreadcrumbList","@id":"https:\/\/quehacerpolitico.mx\/?p=104325#breadcrumb","itemListElement":[{"@type":"ListItem","position":1,"name":"Inicio","item":"https:\/\/quehacerpolitico.mx\/"},{"@type":"ListItem","position":2,"name":"Por crisis forense\u00a0desaparecidos\u00a0localizados en fosas m\u00faltiples no han sido entregados a familiares"}]},{"@type":"WebSite","@id":"https:\/\/quehacerpolitico.mx\/#website","url":"https:\/\/quehacerpolitico.mx\/","name":"","description":"","potentialAction":[{"@type":"SearchAction","target":{"@type":"EntryPoint","urlTemplate":"https:\/\/quehacerpolitico.mx\/?s={search_term_string}"},"query-input":{"@type":"PropertyValueSpecification","valueRequired":true,"valueName":"search_term_string"}}],"inLanguage":"es"},{"@type":"Person","@id":"https:\/\/quehacerpolitico.mx\/#\/schema\/person\/496d8ad2d1d3f8036101dca7ee39e585","name":"Redacci\u00f3n QP","image":{"@type":"ImageObject","inLanguage":"es","@id":"https:\/\/secure.gravatar.com\/avatar\/c7164ed6fdec453195284ad24a5ae5b6e1eed2b848477fa2a4787ba9adf39a41?s=96&d=mm&r=g","url":"https:\/\/secure.gravatar.com\/avatar\/c7164ed6fdec453195284ad24a5ae5b6e1eed2b848477fa2a4787ba9adf39a41?s=96&d=mm&r=g","contentUrl":"https:\/\/secure.gravatar.com\/avatar\/c7164ed6fdec453195284ad24a5ae5b6e1eed2b848477fa2a4787ba9adf39a41?s=96&d=mm&r=g","caption":"Redacci\u00f3n QP"},"url":"https:\/\/quehacerpolitico.mx\/?author=2"}]}},"featured_image_urls":{"full":["https:\/\/quehacerpolitico.mx\/wp-content\/uploads\/2023\/09\/IMG_0320.jpeg",1280,720,false],"thumbnail":["https:\/\/quehacerpolitico.mx\/wp-content\/uploads\/2023\/09\/IMG_0320-150x150.jpeg",150,150,true],"medium":["https:\/\/quehacerpolitico.mx\/wp-content\/uploads\/2023\/09\/IMG_0320-300x169.jpeg",300,169,true],"medium_large":["https:\/\/quehacerpolitico.mx\/wp-content\/uploads\/2023\/09\/IMG_0320-768x432.jpeg",640,360,true],"large":["https:\/\/quehacerpolitico.mx\/wp-content\/uploads\/2023\/09\/IMG_0320-1024x576.jpeg",640,360,true],"1536x1536":["https:\/\/quehacerpolitico.mx\/wp-content\/uploads\/2023\/09\/IMG_0320.jpeg",1280,720,false],"2048x2048":["https:\/\/quehacerpolitico.mx\/wp-content\/uploads\/2023\/09\/IMG_0320.jpeg",1280,720,false],"covernews-featured":["https:\/\/quehacerpolitico.mx\/wp-content\/uploads\/2023\/09\/IMG_0320.jpeg",1024,576,false],"covernews-medium":["https:\/\/quehacerpolitico.mx\/wp-content\/uploads\/2023\/09\/IMG_0320.jpeg",540,304,false]},"author_info":{"display_name":"Redacci\u00f3n QP","author_link":"https:\/\/quehacerpolitico.mx\/?author=2"},"category_info":"<a href=\"https:\/\/quehacerpolitico.mx\/?cat=2\" rel=\"category\">Noticias<\/a>","tag_info":"Noticias","comment_count":"0","_links":{"self":[{"href":"https:\/\/quehacerpolitico.mx\/index.php?rest_route=\/wp\/v2\/posts\/104325","targetHints":{"allow":["GET"]}}],"collection":[{"href":"https:\/\/quehacerpolitico.mx\/index.php?rest_route=\/wp\/v2\/posts"}],"about":[{"href":"https:\/\/quehacerpolitico.mx\/index.php?rest_route=\/wp\/v2\/types\/post"}],"author":[{"embeddable":true,"href":"https:\/\/quehacerpolitico.mx\/index.php?rest_route=\/wp\/v2\/users\/2"}],"replies":[{"embeddable":true,"href":"https:\/\/quehacerpolitico.mx\/index.php?rest_route=%2Fwp%2Fv2%2Fcomments&post=104325"}],"version-history":[{"count":1,"href":"https:\/\/quehacerpolitico.mx\/index.php?rest_route=\/wp\/v2\/posts\/104325\/revisions"}],"predecessor-version":[{"id":104330,"href":"https:\/\/quehacerpolitico.mx\/index.php?rest_route=\/wp\/v2\/posts\/104325\/revisions\/104330"}],"wp:featuredmedia":[{"embeddable":true,"href":"https:\/\/quehacerpolitico.mx\/index.php?rest_route=\/wp\/v2\/media\/104326"}],"wp:attachment":[{"href":"https:\/\/quehacerpolitico.mx\/index.php?rest_route=%2Fwp%2Fv2%2Fmedia&parent=104325"}],"wp:term":[{"taxonomy":"category","embeddable":true,"href":"https:\/\/quehacerpolitico.mx\/index.php?rest_route=%2Fwp%2Fv2%2Fcategories&post=104325"},{"taxonomy":"post_tag","embeddable":true,"href":"https:\/\/quehacerpolitico.mx\/index.php?rest_route=%2Fwp%2Fv2%2Ftags&post=104325"}],"curies":[{"name":"wp","href":"https:\/\/api.w.org\/{rel}","templated":true}]}}