{"id":104322,"date":"2023-09-01T19:48:20","date_gmt":"2023-09-01T19:48:20","guid":{"rendered":"https:\/\/quehacerpolitico.mx\/?p=104322"},"modified":"2023-09-01T19:48:22","modified_gmt":"2023-09-01T19:48:22","slug":"sevilla-y-rayados-de-monterrey-han-acordado-el-traspaso-al-club-mexicano-del-extremo-derecho-jesus-tecatito-corona","status":"publish","type":"post","link":"https:\/\/quehacerpolitico.mx\/?p=104322","title":{"rendered":"Sevilla y Rayados de Monterrey\u00a0han acordado el\u00a0traspaso\u00a0al club mexicano del extremo derecho\u00a0Jes\u00fas\u00a0Tecatito\u00a0Corona"},"content":{"rendered":"\n<p>Por Redacci\u00f3n QP<\/p>\n\n\n\n<p>Los t\u00e9rminos del acuerdo entre clubes estaban cerrados desde hace d\u00edas a la espera de que Corona y Rayados cerrasen el contrato<\/p>\n\n\n\n<p>El\u00a0<strong>Sevilla y Rayados de Monterrey<\/strong>\u00a0han acordado el\u00a0<strong>traspaso<\/strong>\u00a0al club mexicano del extremo derecho\u00a0<strong>Jes\u00fas\u00a0<em>Tecatito<\/em>\u00a0Corona<\/strong>, por quien los sevillistas percibir\u00e1n alrededor de\u00a0<strong>3,5 millones de euros<\/strong>, seg\u00fan han confirmado a EFE fuentes de la operaci\u00f3n.<\/p>\n\n\n\n<p>Los t\u00e9rminos del acuerdo entre ambos clubes estaban cerrados desde hace d\u00edas a la espera de que&nbsp;<em>Tecatito<\/em>&nbsp;Corona y Rayados cerrasen las condiciones del contrato del futbolista, que firmar\u00e1 por<strong>&nbsp;tres temporadas<\/strong>&nbsp;y que finiquita la operaci\u00f3n en la tarde de este viernes en el S\u00e1nchez-Pizju\u00e1n.<\/p>\n\n\n\n<p>El jugador sonorense, de 30 a\u00f1os e internacional absoluto con M\u00e9xico en 71 ocasiones, regresar\u00e1 de este modo al club en el que debut\u00f3 como profesional en 2010 y desde el que dio el salto a Europa tres a\u00f1os m\u00e1s tarde para iniciar un periplo que lo llev\u00f3 al Twente neerland\u00e9s, el Oporto portugu\u00e9s y, desde enero de 2022, el Sevilla.<\/p>\n\n\n\n<p>En su primera media temporada en el Sevilla,&nbsp;<em>Tecatito<\/em>&nbsp;Corona jug\u00f3 veintid\u00f3s partidos en los que marc\u00f3 dos goles y dispens\u00f3 cuatro asistencias, pero su campa\u00f1a 22\/23 qued\u00f3 casi en blanco -cuatro partidos, un gol- por una grave lesi\u00f3n de tobillo que ha precipitado su salida del club andaluz.<\/p>\n\n\n\n<p>Con informaci\u00f3n de EFE<\/p>\n","protected":false},"excerpt":{"rendered":"<p>Por Redacci\u00f3n QP Los t\u00e9rminos del acuerdo entre clubes estaban cerrados desde hace d\u00edas a&#8230;<\/p>\n","protected":false},"author":2,"featured_media":104323,"comment_status":"open","ping_status":"open","sticky":false,"template":"","format":"standard","meta":{"_monsterinsights_skip_tracking":false,"_monsterinsights_sitenote_active":false,"_monsterinsights_sitenote_note":"","_monsterinsights_sitenote_category":0,"footnotes":""},"categories":[54],"tags":[],"class_list":["post-104322","post","type-post","status-publish","format-standard","has-post-thumbnail","hentry","category-deportes"],"yoast_head":"<!-- This site is optimized with the Yoast SEO plugin v27.3 - https:\/\/yoast.com\/product\/yoast-seo-wordpress\/ -->\n<title>Sevilla y Rayados de Monterrey\u00a0han acordado el\u00a0traspaso\u00a0al club mexicano del extremo derecho\u00a0Jes\u00fas\u00a0Tecatito\u00a0Corona -<\/title>\n<meta name=\"robots\" content=\"index, follow, max-snippet:-1, max-image-preview:large, max-video-preview:-1\" \/>\n<link rel=\"canonical\" href=\"https:\/\/quehacerpolitico.mx\/?p=104322\" \/>\n<meta property=\"og:locale\" content=\"es_MX\" \/>\n<meta property=\"og:type\" content=\"article\" \/>\n<meta property=\"og:title\" content=\"Sevilla y Rayados de Monterrey\u00a0han acordado el\u00a0traspaso\u00a0al club mexicano del extremo derecho\u00a0Jes\u00fas\u00a0Tecatito\u00a0Corona -\" \/>\n<meta property=\"og:description\" content=\"Por Redacci\u00f3n QP Los t\u00e9rminos del acuerdo entre clubes estaban cerrados desde hace d\u00edas a...\" \/>\n<meta property=\"og:url\" content=\"https:\/\/quehacerpolitico.mx\/?p=104322\" \/>\n<meta property=\"article:published_time\" content=\"2023-09-01T19:48:20+00:00\" \/>\n<meta property=\"article:modified_time\" content=\"2023-09-01T19:48:22+00:00\" \/>\n<meta property=\"og:image\" content=\"https:\/\/quehacerpolitico.mx\/wp-content\/uploads\/2023\/09\/IMG_0316.jpeg\" \/>\n\t<meta property=\"og:image:width\" content=\"739\" \/>\n\t<meta property=\"og:image:height\" content=\"415\" \/>\n\t<meta property=\"og:image:type\" content=\"image\/jpeg\" \/>\n<meta name=\"author\" content=\"Redacci\u00f3n QP\" \/>\n<meta name=\"twitter:card\" content=\"summary_large_image\" \/>\n<meta name=\"twitter:label1\" content=\"Escrito por\" \/>\n\t<meta name=\"twitter:data1\" content=\"Redacci\u00f3n QP\" \/>\n\t<meta name=\"twitter:label2\" content=\"Tiempo de lectura\" \/>\n\t<meta name=\"twitter:data2\" content=\"1 minuto\" \/>\n<script type=\"application\/ld+json\" class=\"yoast-schema-graph\">{\"@context\":\"https:\\\/\\\/schema.org\",\"@graph\":[{\"@type\":\"Article\",\"@id\":\"https:\\\/\\\/quehacerpolitico.mx\\\/?p=104322#article\",\"isPartOf\":{\"@id\":\"https:\\\/\\\/quehacerpolitico.mx\\\/?p=104322\"},\"author\":{\"name\":\"Redacci\u00f3n QP\",\"@id\":\"https:\\\/\\\/quehacerpolitico.mx\\\/#\\\/schema\\\/person\\\/496d8ad2d1d3f8036101dca7ee39e585\"},\"headline\":\"Sevilla y Rayados de Monterrey\u00a0han acordado el\u00a0traspaso\u00a0al club mexicano del extremo derecho\u00a0Jes\u00fas\u00a0Tecatito\u00a0Corona\",\"datePublished\":\"2023-09-01T19:48:20+00:00\",\"dateModified\":\"2023-09-01T19:48:22+00:00\",\"mainEntityOfPage\":{\"@id\":\"https:\\\/\\\/quehacerpolitico.mx\\\/?p=104322\"},\"wordCount\":266,\"commentCount\":0,\"image\":{\"@id\":\"https:\\\/\\\/quehacerpolitico.mx\\\/?p=104322#primaryimage\"},\"thumbnailUrl\":\"https:\\\/\\\/quehacerpolitico.mx\\\/wp-content\\\/uploads\\\/2023\\\/09\\\/IMG_0316.jpeg\",\"articleSection\":[\"Deportes\"],\"inLanguage\":\"es\",\"potentialAction\":[{\"@type\":\"CommentAction\",\"name\":\"Comment\",\"target\":[\"https:\\\/\\\/quehacerpolitico.mx\\\/?p=104322#respond\"]}]},{\"@type\":\"WebPage\",\"@id\":\"https:\\\/\\\/quehacerpolitico.mx\\\/?p=104322\",\"url\":\"https:\\\/\\\/quehacerpolitico.mx\\\/?p=104322\",\"name\":\"Sevilla y Rayados de Monterrey\u00a0han acordado el\u00a0traspaso\u00a0al club mexicano del extremo derecho\u00a0Jes\u00fas\u00a0Tecatito\u00a0Corona -\",\"isPartOf\":{\"@id\":\"https:\\\/\\\/quehacerpolitico.mx\\\/#website\"},\"primaryImageOfPage\":{\"@id\":\"https:\\\/\\\/quehacerpolitico.mx\\\/?p=104322#primaryimage\"},\"image\":{\"@id\":\"https:\\\/\\\/quehacerpolitico.mx\\\/?p=104322#primaryimage\"},\"thumbnailUrl\":\"https:\\\/\\\/quehacerpolitico.mx\\\/wp-content\\\/uploads\\\/2023\\\/09\\\/IMG_0316.jpeg\",\"datePublished\":\"2023-09-01T19:48:20+00:00\",\"dateModified\":\"2023-09-01T19:48:22+00:00\",\"author\":{\"@id\":\"https:\\\/\\\/quehacerpolitico.mx\\\/#\\\/schema\\\/person\\\/496d8ad2d1d3f8036101dca7ee39e585\"},\"breadcrumb\":{\"@id\":\"https:\\\/\\\/quehacerpolitico.mx\\\/?p=104322#breadcrumb\"},\"inLanguage\":\"es\",\"potentialAction\":[{\"@type\":\"ReadAction\",\"target\":[\"https:\\\/\\\/quehacerpolitico.mx\\\/?p=104322\"]}]},{\"@type\":\"ImageObject\",\"inLanguage\":\"es\",\"@id\":\"https:\\\/\\\/quehacerpolitico.mx\\\/?p=104322#primaryimage\",\"url\":\"https:\\\/\\\/quehacerpolitico.mx\\\/wp-content\\\/uploads\\\/2023\\\/09\\\/IMG_0316.jpeg\",\"contentUrl\":\"https:\\\/\\\/quehacerpolitico.mx\\\/wp-content\\\/uploads\\\/2023\\\/09\\\/IMG_0316.jpeg\",\"width\":739,\"height\":415},{\"@type\":\"BreadcrumbList\",\"@id\":\"https:\\\/\\\/quehacerpolitico.mx\\\/?p=104322#breadcrumb\",\"itemListElement\":[{\"@type\":\"ListItem\",\"position\":1,\"name\":\"Inicio\",\"item\":\"https:\\\/\\\/quehacerpolitico.mx\\\/\"},{\"@type\":\"ListItem\",\"position\":2,\"name\":\"Sevilla y Rayados de Monterrey\u00a0han acordado el\u00a0traspaso\u00a0al club mexicano del extremo derecho\u00a0Jes\u00fas\u00a0Tecatito\u00a0Corona\"}]},{\"@type\":\"WebSite\",\"@id\":\"https:\\\/\\\/quehacerpolitico.mx\\\/#website\",\"url\":\"https:\\\/\\\/quehacerpolitico.mx\\\/\",\"name\":\"\",\"description\":\"\",\"potentialAction\":[{\"@type\":\"SearchAction\",\"target\":{\"@type\":\"EntryPoint\",\"urlTemplate\":\"https:\\\/\\\/quehacerpolitico.mx\\\/?s={search_term_string}\"},\"query-input\":{\"@type\":\"PropertyValueSpecification\",\"valueRequired\":true,\"valueName\":\"search_term_string\"}}],\"inLanguage\":\"es\"},{\"@type\":\"Person\",\"@id\":\"https:\\\/\\\/quehacerpolitico.mx\\\/#\\\/schema\\\/person\\\/496d8ad2d1d3f8036101dca7ee39e585\",\"name\":\"Redacci\u00f3n QP\",\"image\":{\"@type\":\"ImageObject\",\"inLanguage\":\"es\",\"@id\":\"https:\\\/\\\/secure.gravatar.com\\\/avatar\\\/c7164ed6fdec453195284ad24a5ae5b6e1eed2b848477fa2a4787ba9adf39a41?s=96&d=mm&r=g\",\"url\":\"https:\\\/\\\/secure.gravatar.com\\\/avatar\\\/c7164ed6fdec453195284ad24a5ae5b6e1eed2b848477fa2a4787ba9adf39a41?s=96&d=mm&r=g\",\"contentUrl\":\"https:\\\/\\\/secure.gravatar.com\\\/avatar\\\/c7164ed6fdec453195284ad24a5ae5b6e1eed2b848477fa2a4787ba9adf39a41?s=96&d=mm&r=g\",\"caption\":\"Redacci\u00f3n QP\"},\"url\":\"https:\\\/\\\/quehacerpolitico.mx\\\/?author=2\"}]}<\/script>\n<!-- \/ Yoast SEO plugin. -->","yoast_head_json":{"title":"Sevilla y Rayados de Monterrey\u00a0han acordado el\u00a0traspaso\u00a0al club mexicano del extremo derecho\u00a0Jes\u00fas\u00a0Tecatito\u00a0Corona -","robots":{"index":"index","follow":"follow","max-snippet":"max-snippet:-1","max-image-preview":"max-image-preview:large","max-video-preview":"max-video-preview:-1"},"canonical":"https:\/\/quehacerpolitico.mx\/?p=104322","og_locale":"es_MX","og_type":"article","og_title":"Sevilla y Rayados de Monterrey\u00a0han acordado el\u00a0traspaso\u00a0al club mexicano del extremo derecho\u00a0Jes\u00fas\u00a0Tecatito\u00a0Corona -","og_description":"Por Redacci\u00f3n QP Los t\u00e9rminos del acuerdo entre clubes estaban cerrados desde hace d\u00edas a...","og_url":"https:\/\/quehacerpolitico.mx\/?p=104322","article_published_time":"2023-09-01T19:48:20+00:00","article_modified_time":"2023-09-01T19:48:22+00:00","og_image":[{"width":739,"height":415,"url":"https:\/\/quehacerpolitico.mx\/wp-content\/uploads\/2023\/09\/IMG_0316.jpeg","type":"image\/jpeg"}],"author":"Redacci\u00f3n QP","twitter_card":"summary_large_image","twitter_misc":{"Escrito por":"Redacci\u00f3n QP","Tiempo de lectura":"1 minuto"},"schema":{"@context":"https:\/\/schema.org","@graph":[{"@type":"Article","@id":"https:\/\/quehacerpolitico.mx\/?p=104322#article","isPartOf":{"@id":"https:\/\/quehacerpolitico.mx\/?p=104322"},"author":{"name":"Redacci\u00f3n QP","@id":"https:\/\/quehacerpolitico.mx\/#\/schema\/person\/496d8ad2d1d3f8036101dca7ee39e585"},"headline":"Sevilla y Rayados de Monterrey\u00a0han acordado el\u00a0traspaso\u00a0al club mexicano del extremo derecho\u00a0Jes\u00fas\u00a0Tecatito\u00a0Corona","datePublished":"2023-09-01T19:48:20+00:00","dateModified":"2023-09-01T19:48:22+00:00","mainEntityOfPage":{"@id":"https:\/\/quehacerpolitico.mx\/?p=104322"},"wordCount":266,"commentCount":0,"image":{"@id":"https:\/\/quehacerpolitico.mx\/?p=104322#primaryimage"},"thumbnailUrl":"https:\/\/quehacerpolitico.mx\/wp-content\/uploads\/2023\/09\/IMG_0316.jpeg","articleSection":["Deportes"],"inLanguage":"es","potentialAction":[{"@type":"CommentAction","name":"Comment","target":["https:\/\/quehacerpolitico.mx\/?p=104322#respond"]}]},{"@type":"WebPage","@id":"https:\/\/quehacerpolitico.mx\/?p=104322","url":"https:\/\/quehacerpolitico.mx\/?p=104322","name":"Sevilla y Rayados de Monterrey\u00a0han acordado el\u00a0traspaso\u00a0al club mexicano del extremo derecho\u00a0Jes\u00fas\u00a0Tecatito\u00a0Corona -","isPartOf":{"@id":"https:\/\/quehacerpolitico.mx\/#website"},"primaryImageOfPage":{"@id":"https:\/\/quehacerpolitico.mx\/?p=104322#primaryimage"},"image":{"@id":"https:\/\/quehacerpolitico.mx\/?p=104322#primaryimage"},"thumbnailUrl":"https:\/\/quehacerpolitico.mx\/wp-content\/uploads\/2023\/09\/IMG_0316.jpeg","datePublished":"2023-09-01T19:48:20+00:00","dateModified":"2023-09-01T19:48:22+00:00","author":{"@id":"https:\/\/quehacerpolitico.mx\/#\/schema\/person\/496d8ad2d1d3f8036101dca7ee39e585"},"breadcrumb":{"@id":"https:\/\/quehacerpolitico.mx\/?p=104322#breadcrumb"},"inLanguage":"es","potentialAction":[{"@type":"ReadAction","target":["https:\/\/quehacerpolitico.mx\/?p=104322"]}]},{"@type":"ImageObject","inLanguage":"es","@id":"https:\/\/quehacerpolitico.mx\/?p=104322#primaryimage","url":"https:\/\/quehacerpolitico.mx\/wp-content\/uploads\/2023\/09\/IMG_0316.jpeg","contentUrl":"https:\/\/quehacerpolitico.mx\/wp-content\/uploads\/2023\/09\/IMG_0316.jpeg","width":739,"height":415},{"@type":"BreadcrumbList","@id":"https:\/\/quehacerpolitico.mx\/?p=104322#breadcrumb","itemListElement":[{"@type":"ListItem","position":1,"name":"Inicio","item":"https:\/\/quehacerpolitico.mx\/"},{"@type":"ListItem","position":2,"name":"Sevilla y Rayados de Monterrey\u00a0han acordado el\u00a0traspaso\u00a0al club mexicano del extremo derecho\u00a0Jes\u00fas\u00a0Tecatito\u00a0Corona"}]},{"@type":"WebSite","@id":"https:\/\/quehacerpolitico.mx\/#website","url":"https:\/\/quehacerpolitico.mx\/","name":"","description":"","potentialAction":[{"@type":"SearchAction","target":{"@type":"EntryPoint","urlTemplate":"https:\/\/quehacerpolitico.mx\/?s={search_term_string}"},"query-input":{"@type":"PropertyValueSpecification","valueRequired":true,"valueName":"search_term_string"}}],"inLanguage":"es"},{"@type":"Person","@id":"https:\/\/quehacerpolitico.mx\/#\/schema\/person\/496d8ad2d1d3f8036101dca7ee39e585","name":"Redacci\u00f3n QP","image":{"@type":"ImageObject","inLanguage":"es","@id":"https:\/\/secure.gravatar.com\/avatar\/c7164ed6fdec453195284ad24a5ae5b6e1eed2b848477fa2a4787ba9adf39a41?s=96&d=mm&r=g","url":"https:\/\/secure.gravatar.com\/avatar\/c7164ed6fdec453195284ad24a5ae5b6e1eed2b848477fa2a4787ba9adf39a41?s=96&d=mm&r=g","contentUrl":"https:\/\/secure.gravatar.com\/avatar\/c7164ed6fdec453195284ad24a5ae5b6e1eed2b848477fa2a4787ba9adf39a41?s=96&d=mm&r=g","caption":"Redacci\u00f3n QP"},"url":"https:\/\/quehacerpolitico.mx\/?author=2"}]}},"featured_image_urls":{"full":["https:\/\/quehacerpolitico.mx\/wp-content\/uploads\/2023\/09\/IMG_0316.jpeg",739,415,false],"thumbnail":["https:\/\/quehacerpolitico.mx\/wp-content\/uploads\/2023\/09\/IMG_0316-150x150.jpeg",150,150,true],"medium":["https:\/\/quehacerpolitico.mx\/wp-content\/uploads\/2023\/09\/IMG_0316-300x168.jpeg",300,168,true],"medium_large":["https:\/\/quehacerpolitico.mx\/wp-content\/uploads\/2023\/09\/IMG_0316.jpeg",640,359,false],"large":["https:\/\/quehacerpolitico.mx\/wp-content\/uploads\/2023\/09\/IMG_0316.jpeg",640,359,false],"1536x1536":["https:\/\/quehacerpolitico.mx\/wp-content\/uploads\/2023\/09\/IMG_0316.jpeg",739,415,false],"2048x2048":["https:\/\/quehacerpolitico.mx\/wp-content\/uploads\/2023\/09\/IMG_0316.jpeg",739,415,false],"covernews-featured":["https:\/\/quehacerpolitico.mx\/wp-content\/uploads\/2023\/09\/IMG_0316.jpeg",739,415,false],"covernews-medium":["https:\/\/quehacerpolitico.mx\/wp-content\/uploads\/2023\/09\/IMG_0316.jpeg",540,303,false]},"author_info":{"display_name":"Redacci\u00f3n QP","author_link":"https:\/\/quehacerpolitico.mx\/?author=2"},"category_info":"<a href=\"https:\/\/quehacerpolitico.mx\/?cat=54\" rel=\"category\">Deportes<\/a>","tag_info":"Deportes","comment_count":"0","_links":{"self":[{"href":"https:\/\/quehacerpolitico.mx\/index.php?rest_route=\/wp\/v2\/posts\/104322","targetHints":{"allow":["GET"]}}],"collection":[{"href":"https:\/\/quehacerpolitico.mx\/index.php?rest_route=\/wp\/v2\/posts"}],"about":[{"href":"https:\/\/quehacerpolitico.mx\/index.php?rest_route=\/wp\/v2\/types\/post"}],"author":[{"embeddable":true,"href":"https:\/\/quehacerpolitico.mx\/index.php?rest_route=\/wp\/v2\/users\/2"}],"replies":[{"embeddable":true,"href":"https:\/\/quehacerpolitico.mx\/index.php?rest_route=%2Fwp%2Fv2%2Fcomments&post=104322"}],"version-history":[{"count":1,"href":"https:\/\/quehacerpolitico.mx\/index.php?rest_route=\/wp\/v2\/posts\/104322\/revisions"}],"predecessor-version":[{"id":104324,"href":"https:\/\/quehacerpolitico.mx\/index.php?rest_route=\/wp\/v2\/posts\/104322\/revisions\/104324"}],"wp:featuredmedia":[{"embeddable":true,"href":"https:\/\/quehacerpolitico.mx\/index.php?rest_route=\/wp\/v2\/media\/104323"}],"wp:attachment":[{"href":"https:\/\/quehacerpolitico.mx\/index.php?rest_route=%2Fwp%2Fv2%2Fmedia&parent=104322"}],"wp:term":[{"taxonomy":"category","embeddable":true,"href":"https:\/\/quehacerpolitico.mx\/index.php?rest_route=%2Fwp%2Fv2%2Fcategories&post=104322"},{"taxonomy":"post_tag","embeddable":true,"href":"https:\/\/quehacerpolitico.mx\/index.php?rest_route=%2Fwp%2Fv2%2Ftags&post=104322"}],"curies":[{"name":"wp","href":"https:\/\/api.w.org\/{rel}","templated":true}]}}