{"id":104280,"date":"2023-08-31T19:30:26","date_gmt":"2023-08-31T19:30:26","guid":{"rendered":"https:\/\/quehacerpolitico.mx\/?p=104280"},"modified":"2023-08-31T19:30:29","modified_gmt":"2023-08-31T19:30:29","slug":"internacionales-carolina-alonso-romei-el-primer-ministro-de-japon-fumio-kishida-protagonizo-el-momento-viral-de-ayer-miercoles-luego-de-que-apareciera-en-un-video-en-el-que-se-le-ve-comiend","status":"publish","type":"post","link":"https:\/\/quehacerpolitico.mx\/?p=104280","title":{"rendered":"Internacionales\/\/\/Carolina Alonso Romei\/\/\/El primer ministro de\u00a0Jap\u00f3n, Fumio Kishida, protagoniz\u00f3 el momento viral de ayer mi\u00e9rcoles luego de que apareciera en un video en el que se le ve comiendo pescado y mariscos de Fukushima"},"content":{"rendered":"\n<p>Por Carolina Alonso Romei<\/p>\n\n\n\n<p>Internacionalista <\/p>\n\n\n\n<p>El primer ministro de Jap\u00f3n, Fumio Kishida, protagoniz\u00f3 el momento viral de ayer mi\u00e9rcoles; esto fue lo que pas\u00f3<\/p>\n\n\n\n<p>El primer ministro de\u00a0Jap\u00f3n, Fumio Kishida, protagoniz\u00f3 el momento viral de ayer mi\u00e9rcoles luego de que apareciera en un video en el que se le ve comiendo pescado y mariscos de Fukushima.\u00a0<strong>Con la escena, autoridades buscan demostrar que el mar en el que fueron vertidas aguas de la central nuclear la semana pasada es seguro.<\/strong><\/p>\n\n\n\n<p>El video fue difundido por el gobierno de Jap\u00f3n, y en la grabaci\u00f3n est\u00e1n Kishida junto a 3 de sus ministros.<\/p>\n\n\n\n<figure class=\"wp-block-embed is-type-video is-provider-youtube wp-block-embed-youtube wp-embed-aspect-16-9 wp-has-aspect-ratio\"><div class=\"wp-block-embed__wrapper\">\n<iframe loading=\"lazy\" title=\"Primer ministro de Jap\u00f3n come pescado de Fukushima, a pesar de agua radiactiva en el oc\u00e9ano\" width=\"640\" height=\"360\" src=\"https:\/\/www.youtube.com\/embed\/YbMka0j5v-E?feature=oembed\" frameborder=\"0\" allow=\"accelerometer; autoplay; clipboard-write; encrypted-media; gyroscope; picture-in-picture; web-share\" referrerpolicy=\"strict-origin-when-cross-origin\" allowfullscreen><\/iframe>\n<\/div><\/figure>\n\n\n\n<p><strong>&#8220;Es muy bueno&#8221;<\/strong>, dice Fumio Kishida, llamando a las personas a comer los productos del oc\u00e9ano Pac\u00edfico japon\u00e9s.<\/p>\n\n\n\n<h2 class=\"wp-block-heading\">\u00bfQu\u00e9 pas\u00f3 en Fukushima y por qu\u00e9 el ministro comi\u00f3 pescado del mar?<\/h2>\n\n\n\n<p>La semana pasada, Jap\u00f3n comenz\u00f3 a verter en el oc\u00e9ano Pac\u00edfico&nbsp;<strong>agua de los reactores que fueron da\u00f1ados por el sismo del 11 de marzo de 2011, que fue seguido de un poderoso tsunami.<\/strong><\/p>\n\n\n\n<p>Tras la acci\u00f3n, las personas en\u00a0redes sociales comenzaron a mostrar su molestia, y miembros de la industria pesquera de aquel pa\u00eds expresaron su preocupaci\u00f3n ante el impacto que la informaci\u00f3n supondr\u00eda.<\/p>\n\n\n\n<p>China suspendi\u00f3 entonces la importaci\u00f3n de productos del mar japon\u00e9s, aunque estos \u00faltimos se han asegurado de decir que no hay riesgo para el medio ambiente ni tampoco para la salud de las personas.<\/p>\n\n\n\n<figure class=\"wp-block-embed is-type-video is-provider-youtube wp-block-embed-youtube wp-embed-aspect-16-9 wp-has-aspect-ratio\"><div class=\"wp-block-embed__wrapper\">\nhttps:\/\/youtu.be\/bNKSt4vNik0?si=F8MdP08yKCONXiOK\n<\/div><\/figure>\n\n\n\n<h2 class=\"wp-block-heading\">La acci\u00f3n de Kishida desata los memes en redes sociales<\/h2>\n\n\n\n<p>La pol\u00e9mica acci\u00f3n realizada por el primer ministro de Jap\u00f3n llev\u00f3 a que se desatara un debate en las redes sociales. Algunos usuarios recordaron escenas vistas en la televisi\u00f3n. Hubo quienes incluso\u00a0dijeron que fue otra de las cosas que predijeron\u00a0<em>&#8220;Los Simpsons&#8221;<\/em>, y publicaron im\u00e1genes del cap\u00edtulo en el que el personaje del &#8220;Sr. Burns&#8221; defiende a un pez de tres ojos que &#8220;Lisa&#8221; y &#8220;Bart&#8221; encontraron en un lago cercano a la planta nuclear de la que \u00e9l es due\u00f1o.<\/p>\n\n\n\n<p>Con informaci\u00f3n de AFP<\/p>\n","protected":false},"excerpt":{"rendered":"<p>Por Carolina Alonso Romei Internacionalista El primer ministro de Jap\u00f3n, Fumio Kishida, protagoniz\u00f3 el momento&#8230;<\/p>\n","protected":false},"author":2,"featured_media":104281,"comment_status":"open","ping_status":"open","sticky":false,"template":"","format":"standard","meta":{"_monsterinsights_skip_tracking":false,"_monsterinsights_sitenote_active":false,"_monsterinsights_sitenote_note":"","_monsterinsights_sitenote_category":0,"footnotes":""},"categories":[1],"tags":[],"class_list":["post-104280","post","type-post","status-publish","format-standard","has-post-thumbnail","hentry","category-sin-categoria"],"yoast_head":"<!-- This site is optimized with the Yoast SEO plugin v27.3 - https:\/\/yoast.com\/product\/yoast-seo-wordpress\/ -->\n<title>Internacionales\/\/\/Carolina Alonso Romei\/\/\/El primer ministro de\u00a0Jap\u00f3n, Fumio Kishida, protagoniz\u00f3 el momento viral de ayer mi\u00e9rcoles luego de que apareciera en un video en el que se le ve comiendo pescado y mariscos de Fukushima -<\/title>\n<meta name=\"robots\" content=\"index, follow, max-snippet:-1, max-image-preview:large, max-video-preview:-1\" \/>\n<link rel=\"canonical\" href=\"https:\/\/quehacerpolitico.mx\/?p=104280\" \/>\n<meta property=\"og:locale\" content=\"es_MX\" \/>\n<meta property=\"og:type\" content=\"article\" \/>\n<meta property=\"og:title\" content=\"Internacionales\/\/\/Carolina Alonso Romei\/\/\/El primer ministro de\u00a0Jap\u00f3n, Fumio Kishida, protagoniz\u00f3 el momento viral de ayer mi\u00e9rcoles luego de que apareciera en un video en el que se le ve comiendo pescado y mariscos de Fukushima -\" \/>\n<meta property=\"og:description\" content=\"Por Carolina Alonso Romei Internacionalista El primer ministro de Jap\u00f3n, Fumio Kishida, protagoniz\u00f3 el momento...\" \/>\n<meta property=\"og:url\" content=\"https:\/\/quehacerpolitico.mx\/?p=104280\" \/>\n<meta property=\"article:published_time\" content=\"2023-08-31T19:30:26+00:00\" \/>\n<meta property=\"article:modified_time\" content=\"2023-08-31T19:30:29+00:00\" \/>\n<meta property=\"og:image\" content=\"https:\/\/quehacerpolitico.mx\/wp-content\/uploads\/2023\/08\/IMG_0290.webp\" \/>\n\t<meta property=\"og:image:width\" content=\"355\" \/>\n\t<meta property=\"og:image:height\" content=\"223\" \/>\n\t<meta property=\"og:image:type\" content=\"image\/webp\" \/>\n<meta name=\"author\" content=\"Redacci\u00f3n QP\" \/>\n<meta name=\"twitter:card\" content=\"summary_large_image\" \/>\n<meta name=\"twitter:label1\" content=\"Escrito por\" \/>\n\t<meta name=\"twitter:data1\" content=\"Redacci\u00f3n QP\" \/>\n\t<meta name=\"twitter:label2\" content=\"Tiempo de lectura\" \/>\n\t<meta name=\"twitter:data2\" content=\"2 minutos\" \/>\n<script type=\"application\/ld+json\" class=\"yoast-schema-graph\">{\"@context\":\"https:\\\/\\\/schema.org\",\"@graph\":[{\"@type\":\"Article\",\"@id\":\"https:\\\/\\\/quehacerpolitico.mx\\\/?p=104280#article\",\"isPartOf\":{\"@id\":\"https:\\\/\\\/quehacerpolitico.mx\\\/?p=104280\"},\"author\":{\"name\":\"Redacci\u00f3n QP\",\"@id\":\"https:\\\/\\\/quehacerpolitico.mx\\\/#\\\/schema\\\/person\\\/496d8ad2d1d3f8036101dca7ee39e585\"},\"headline\":\"Internacionales\\\/\\\/\\\/Carolina Alonso Romei\\\/\\\/\\\/El primer ministro de\u00a0Jap\u00f3n, Fumio Kishida, protagoniz\u00f3 el momento viral de ayer mi\u00e9rcoles luego de que apareciera en un video en el que se le ve comiendo pescado y mariscos de Fukushima\",\"datePublished\":\"2023-08-31T19:30:26+00:00\",\"dateModified\":\"2023-08-31T19:30:29+00:00\",\"mainEntityOfPage\":{\"@id\":\"https:\\\/\\\/quehacerpolitico.mx\\\/?p=104280\"},\"wordCount\":414,\"commentCount\":0,\"image\":{\"@id\":\"https:\\\/\\\/quehacerpolitico.mx\\\/?p=104280#primaryimage\"},\"thumbnailUrl\":\"https:\\\/\\\/quehacerpolitico.mx\\\/wp-content\\\/uploads\\\/2023\\\/08\\\/IMG_0290.webp\",\"articleSection\":[\"Internacionales\"],\"inLanguage\":\"es\",\"potentialAction\":[{\"@type\":\"CommentAction\",\"name\":\"Comment\",\"target\":[\"https:\\\/\\\/quehacerpolitico.mx\\\/?p=104280#respond\"]}]},{\"@type\":\"WebPage\",\"@id\":\"https:\\\/\\\/quehacerpolitico.mx\\\/?p=104280\",\"url\":\"https:\\\/\\\/quehacerpolitico.mx\\\/?p=104280\",\"name\":\"Internacionales\\\/\\\/\\\/Carolina Alonso Romei\\\/\\\/\\\/El primer ministro de\u00a0Jap\u00f3n, Fumio Kishida, protagoniz\u00f3 el momento viral de ayer mi\u00e9rcoles luego de que apareciera en un video en el que se le ve comiendo pescado y mariscos de Fukushima -\",\"isPartOf\":{\"@id\":\"https:\\\/\\\/quehacerpolitico.mx\\\/#website\"},\"primaryImageOfPage\":{\"@id\":\"https:\\\/\\\/quehacerpolitico.mx\\\/?p=104280#primaryimage\"},\"image\":{\"@id\":\"https:\\\/\\\/quehacerpolitico.mx\\\/?p=104280#primaryimage\"},\"thumbnailUrl\":\"https:\\\/\\\/quehacerpolitico.mx\\\/wp-content\\\/uploads\\\/2023\\\/08\\\/IMG_0290.webp\",\"datePublished\":\"2023-08-31T19:30:26+00:00\",\"dateModified\":\"2023-08-31T19:30:29+00:00\",\"author\":{\"@id\":\"https:\\\/\\\/quehacerpolitico.mx\\\/#\\\/schema\\\/person\\\/496d8ad2d1d3f8036101dca7ee39e585\"},\"breadcrumb\":{\"@id\":\"https:\\\/\\\/quehacerpolitico.mx\\\/?p=104280#breadcrumb\"},\"inLanguage\":\"es\",\"potentialAction\":[{\"@type\":\"ReadAction\",\"target\":[\"https:\\\/\\\/quehacerpolitico.mx\\\/?p=104280\"]}]},{\"@type\":\"ImageObject\",\"inLanguage\":\"es\",\"@id\":\"https:\\\/\\\/quehacerpolitico.mx\\\/?p=104280#primaryimage\",\"url\":\"https:\\\/\\\/quehacerpolitico.mx\\\/wp-content\\\/uploads\\\/2023\\\/08\\\/IMG_0290.webp\",\"contentUrl\":\"https:\\\/\\\/quehacerpolitico.mx\\\/wp-content\\\/uploads\\\/2023\\\/08\\\/IMG_0290.webp\",\"width\":355,\"height\":223},{\"@type\":\"BreadcrumbList\",\"@id\":\"https:\\\/\\\/quehacerpolitico.mx\\\/?p=104280#breadcrumb\",\"itemListElement\":[{\"@type\":\"ListItem\",\"position\":1,\"name\":\"Inicio\",\"item\":\"https:\\\/\\\/quehacerpolitico.mx\\\/\"},{\"@type\":\"ListItem\",\"position\":2,\"name\":\"Internacionales\\\/\\\/\\\/Carolina Alonso Romei\\\/\\\/\\\/El primer ministro de\u00a0Jap\u00f3n, Fumio Kishida, protagoniz\u00f3 el momento viral de ayer mi\u00e9rcoles luego de que apareciera en un video en el que se le ve comiendo pescado y mariscos de Fukushima\"}]},{\"@type\":\"WebSite\",\"@id\":\"https:\\\/\\\/quehacerpolitico.mx\\\/#website\",\"url\":\"https:\\\/\\\/quehacerpolitico.mx\\\/\",\"name\":\"\",\"description\":\"\",\"potentialAction\":[{\"@type\":\"SearchAction\",\"target\":{\"@type\":\"EntryPoint\",\"urlTemplate\":\"https:\\\/\\\/quehacerpolitico.mx\\\/?s={search_term_string}\"},\"query-input\":{\"@type\":\"PropertyValueSpecification\",\"valueRequired\":true,\"valueName\":\"search_term_string\"}}],\"inLanguage\":\"es\"},{\"@type\":\"Person\",\"@id\":\"https:\\\/\\\/quehacerpolitico.mx\\\/#\\\/schema\\\/person\\\/496d8ad2d1d3f8036101dca7ee39e585\",\"name\":\"Redacci\u00f3n QP\",\"image\":{\"@type\":\"ImageObject\",\"inLanguage\":\"es\",\"@id\":\"https:\\\/\\\/secure.gravatar.com\\\/avatar\\\/c7164ed6fdec453195284ad24a5ae5b6e1eed2b848477fa2a4787ba9adf39a41?s=96&d=mm&r=g\",\"url\":\"https:\\\/\\\/secure.gravatar.com\\\/avatar\\\/c7164ed6fdec453195284ad24a5ae5b6e1eed2b848477fa2a4787ba9adf39a41?s=96&d=mm&r=g\",\"contentUrl\":\"https:\\\/\\\/secure.gravatar.com\\\/avatar\\\/c7164ed6fdec453195284ad24a5ae5b6e1eed2b848477fa2a4787ba9adf39a41?s=96&d=mm&r=g\",\"caption\":\"Redacci\u00f3n QP\"},\"url\":\"https:\\\/\\\/quehacerpolitico.mx\\\/?author=2\"}]}<\/script>\n<!-- \/ Yoast SEO plugin. -->","yoast_head_json":{"title":"Internacionales\/\/\/Carolina Alonso Romei\/\/\/El primer ministro de\u00a0Jap\u00f3n, Fumio Kishida, protagoniz\u00f3 el momento viral de ayer mi\u00e9rcoles luego de que apareciera en un video en el que se le ve comiendo pescado y mariscos de Fukushima -","robots":{"index":"index","follow":"follow","max-snippet":"max-snippet:-1","max-image-preview":"max-image-preview:large","max-video-preview":"max-video-preview:-1"},"canonical":"https:\/\/quehacerpolitico.mx\/?p=104280","og_locale":"es_MX","og_type":"article","og_title":"Internacionales\/\/\/Carolina Alonso Romei\/\/\/El primer ministro de\u00a0Jap\u00f3n, Fumio Kishida, protagoniz\u00f3 el momento viral de ayer mi\u00e9rcoles luego de que apareciera en un video en el que se le ve comiendo pescado y mariscos de Fukushima -","og_description":"Por Carolina Alonso Romei Internacionalista El primer ministro de Jap\u00f3n, Fumio Kishida, protagoniz\u00f3 el momento...","og_url":"https:\/\/quehacerpolitico.mx\/?p=104280","article_published_time":"2023-08-31T19:30:26+00:00","article_modified_time":"2023-08-31T19:30:29+00:00","og_image":[{"width":355,"height":223,"url":"https:\/\/quehacerpolitico.mx\/wp-content\/uploads\/2023\/08\/IMG_0290.webp","type":"image\/webp"}],"author":"Redacci\u00f3n QP","twitter_card":"summary_large_image","twitter_misc":{"Escrito por":"Redacci\u00f3n QP","Tiempo de lectura":"2 minutos"},"schema":{"@context":"https:\/\/schema.org","@graph":[{"@type":"Article","@id":"https:\/\/quehacerpolitico.mx\/?p=104280#article","isPartOf":{"@id":"https:\/\/quehacerpolitico.mx\/?p=104280"},"author":{"name":"Redacci\u00f3n QP","@id":"https:\/\/quehacerpolitico.mx\/#\/schema\/person\/496d8ad2d1d3f8036101dca7ee39e585"},"headline":"Internacionales\/\/\/Carolina Alonso Romei\/\/\/El primer ministro de\u00a0Jap\u00f3n, Fumio Kishida, protagoniz\u00f3 el momento viral de ayer mi\u00e9rcoles luego de que apareciera en un video en el que se le ve comiendo pescado y mariscos de Fukushima","datePublished":"2023-08-31T19:30:26+00:00","dateModified":"2023-08-31T19:30:29+00:00","mainEntityOfPage":{"@id":"https:\/\/quehacerpolitico.mx\/?p=104280"},"wordCount":414,"commentCount":0,"image":{"@id":"https:\/\/quehacerpolitico.mx\/?p=104280#primaryimage"},"thumbnailUrl":"https:\/\/quehacerpolitico.mx\/wp-content\/uploads\/2023\/08\/IMG_0290.webp","articleSection":["Internacionales"],"inLanguage":"es","potentialAction":[{"@type":"CommentAction","name":"Comment","target":["https:\/\/quehacerpolitico.mx\/?p=104280#respond"]}]},{"@type":"WebPage","@id":"https:\/\/quehacerpolitico.mx\/?p=104280","url":"https:\/\/quehacerpolitico.mx\/?p=104280","name":"Internacionales\/\/\/Carolina Alonso Romei\/\/\/El primer ministro de\u00a0Jap\u00f3n, Fumio Kishida, protagoniz\u00f3 el momento viral de ayer mi\u00e9rcoles luego de que apareciera en un video en el que se le ve comiendo pescado y mariscos de Fukushima -","isPartOf":{"@id":"https:\/\/quehacerpolitico.mx\/#website"},"primaryImageOfPage":{"@id":"https:\/\/quehacerpolitico.mx\/?p=104280#primaryimage"},"image":{"@id":"https:\/\/quehacerpolitico.mx\/?p=104280#primaryimage"},"thumbnailUrl":"https:\/\/quehacerpolitico.mx\/wp-content\/uploads\/2023\/08\/IMG_0290.webp","datePublished":"2023-08-31T19:30:26+00:00","dateModified":"2023-08-31T19:30:29+00:00","author":{"@id":"https:\/\/quehacerpolitico.mx\/#\/schema\/person\/496d8ad2d1d3f8036101dca7ee39e585"},"breadcrumb":{"@id":"https:\/\/quehacerpolitico.mx\/?p=104280#breadcrumb"},"inLanguage":"es","potentialAction":[{"@type":"ReadAction","target":["https:\/\/quehacerpolitico.mx\/?p=104280"]}]},{"@type":"ImageObject","inLanguage":"es","@id":"https:\/\/quehacerpolitico.mx\/?p=104280#primaryimage","url":"https:\/\/quehacerpolitico.mx\/wp-content\/uploads\/2023\/08\/IMG_0290.webp","contentUrl":"https:\/\/quehacerpolitico.mx\/wp-content\/uploads\/2023\/08\/IMG_0290.webp","width":355,"height":223},{"@type":"BreadcrumbList","@id":"https:\/\/quehacerpolitico.mx\/?p=104280#breadcrumb","itemListElement":[{"@type":"ListItem","position":1,"name":"Inicio","item":"https:\/\/quehacerpolitico.mx\/"},{"@type":"ListItem","position":2,"name":"Internacionales\/\/\/Carolina Alonso Romei\/\/\/El primer ministro de\u00a0Jap\u00f3n, Fumio Kishida, protagoniz\u00f3 el momento viral de ayer mi\u00e9rcoles luego de que apareciera en un video en el que se le ve comiendo pescado y mariscos de Fukushima"}]},{"@type":"WebSite","@id":"https:\/\/quehacerpolitico.mx\/#website","url":"https:\/\/quehacerpolitico.mx\/","name":"","description":"","potentialAction":[{"@type":"SearchAction","target":{"@type":"EntryPoint","urlTemplate":"https:\/\/quehacerpolitico.mx\/?s={search_term_string}"},"query-input":{"@type":"PropertyValueSpecification","valueRequired":true,"valueName":"search_term_string"}}],"inLanguage":"es"},{"@type":"Person","@id":"https:\/\/quehacerpolitico.mx\/#\/schema\/person\/496d8ad2d1d3f8036101dca7ee39e585","name":"Redacci\u00f3n QP","image":{"@type":"ImageObject","inLanguage":"es","@id":"https:\/\/secure.gravatar.com\/avatar\/c7164ed6fdec453195284ad24a5ae5b6e1eed2b848477fa2a4787ba9adf39a41?s=96&d=mm&r=g","url":"https:\/\/secure.gravatar.com\/avatar\/c7164ed6fdec453195284ad24a5ae5b6e1eed2b848477fa2a4787ba9adf39a41?s=96&d=mm&r=g","contentUrl":"https:\/\/secure.gravatar.com\/avatar\/c7164ed6fdec453195284ad24a5ae5b6e1eed2b848477fa2a4787ba9adf39a41?s=96&d=mm&r=g","caption":"Redacci\u00f3n QP"},"url":"https:\/\/quehacerpolitico.mx\/?author=2"}]}},"featured_image_urls":{"full":["https:\/\/quehacerpolitico.mx\/wp-content\/uploads\/2023\/08\/IMG_0290.webp",355,223,false],"thumbnail":["https:\/\/quehacerpolitico.mx\/wp-content\/uploads\/2023\/08\/IMG_0290-150x150.webp",150,150,true],"medium":["https:\/\/quehacerpolitico.mx\/wp-content\/uploads\/2023\/08\/IMG_0290-300x188.webp",300,188,true],"medium_large":["https:\/\/quehacerpolitico.mx\/wp-content\/uploads\/2023\/08\/IMG_0290.webp",355,223,false],"large":["https:\/\/quehacerpolitico.mx\/wp-content\/uploads\/2023\/08\/IMG_0290.webp",355,223,false],"1536x1536":["https:\/\/quehacerpolitico.mx\/wp-content\/uploads\/2023\/08\/IMG_0290.webp",355,223,false],"2048x2048":["https:\/\/quehacerpolitico.mx\/wp-content\/uploads\/2023\/08\/IMG_0290.webp",355,223,false],"covernews-featured":["https:\/\/quehacerpolitico.mx\/wp-content\/uploads\/2023\/08\/IMG_0290.webp",355,223,false],"covernews-medium":["https:\/\/quehacerpolitico.mx\/wp-content\/uploads\/2023\/08\/IMG_0290.webp",355,223,false]},"author_info":{"display_name":"Redacci\u00f3n QP","author_link":"https:\/\/quehacerpolitico.mx\/?author=2"},"category_info":"<a href=\"https:\/\/quehacerpolitico.mx\/?cat=1\" rel=\"category\">Internacionales<\/a>","tag_info":"Internacionales","comment_count":"0","_links":{"self":[{"href":"https:\/\/quehacerpolitico.mx\/index.php?rest_route=\/wp\/v2\/posts\/104280","targetHints":{"allow":["GET"]}}],"collection":[{"href":"https:\/\/quehacerpolitico.mx\/index.php?rest_route=\/wp\/v2\/posts"}],"about":[{"href":"https:\/\/quehacerpolitico.mx\/index.php?rest_route=\/wp\/v2\/types\/post"}],"author":[{"embeddable":true,"href":"https:\/\/quehacerpolitico.mx\/index.php?rest_route=\/wp\/v2\/users\/2"}],"replies":[{"embeddable":true,"href":"https:\/\/quehacerpolitico.mx\/index.php?rest_route=%2Fwp%2Fv2%2Fcomments&post=104280"}],"version-history":[{"count":1,"href":"https:\/\/quehacerpolitico.mx\/index.php?rest_route=\/wp\/v2\/posts\/104280\/revisions"}],"predecessor-version":[{"id":104282,"href":"https:\/\/quehacerpolitico.mx\/index.php?rest_route=\/wp\/v2\/posts\/104280\/revisions\/104282"}],"wp:featuredmedia":[{"embeddable":true,"href":"https:\/\/quehacerpolitico.mx\/index.php?rest_route=\/wp\/v2\/media\/104281"}],"wp:attachment":[{"href":"https:\/\/quehacerpolitico.mx\/index.php?rest_route=%2Fwp%2Fv2%2Fmedia&parent=104280"}],"wp:term":[{"taxonomy":"category","embeddable":true,"href":"https:\/\/quehacerpolitico.mx\/index.php?rest_route=%2Fwp%2Fv2%2Fcategories&post=104280"},{"taxonomy":"post_tag","embeddable":true,"href":"https:\/\/quehacerpolitico.mx\/index.php?rest_route=%2Fwp%2Fv2%2Ftags&post=104280"}],"curies":[{"name":"wp","href":"https:\/\/api.w.org\/{rel}","templated":true}]}}