{"id":104267,"date":"2023-08-31T15:46:00","date_gmt":"2023-08-31T15:46:00","guid":{"rendered":"https:\/\/quehacerpolitico.mx\/?p=104267"},"modified":"2023-08-31T15:46:04","modified_gmt":"2023-08-31T15:46:04","slug":"lopez-obrador-presumio-que-gano-la-apuesta-luego-de-que-xochitl-galvez-fuera-respaldada-para-obtener-la-candidatura-presidencial-del-frenteampliopormexico","status":"publish","type":"post","link":"https:\/\/quehacerpolitico.mx\/?p=104267","title":{"rendered":"L\u00f3pez Obrador\u00a0presumi\u00f3 que\u00a0gan\u00f3 la apuesta\u00a0luego de que\u00a0X\u00f3chitl G\u00e1lvez\u00a0fuera respaldada para obtener la\u00a0candidatura presidencial\u00a0del\u00a0#FrenteAmplioporM\u00e9xico"},"content":{"rendered":"\n<p>Por Redacci\u00f3n QP<\/p>\n\n\n\n<p>L\u00f3pez Obrador dijo que la elecci\u00f3n de X\u00f3chitl G\u00e1lvez como candidata presidencial del Frente Amplio por M\u00e9xico fue \u201cun asunto cupular\u201d<\/p>\n\n\n\n<p>El presidente\u00a0<strong>Andr\u00e9s Manuel\u00a0L\u00f3pez Obrador<\/strong>\u00a0presumi\u00f3 que\u00a0<strong>gan\u00f3 la apuesta<\/strong>\u00a0luego de que\u00a0<strong>X\u00f3chitl G\u00e1lvez<\/strong>\u00a0fuera respaldada para obtener la\u00a0<strong>candidatura presidencial<\/strong>\u00a0del\u00a0<strong>Frente Amplio por M\u00e9xic<\/strong>o (<strong>FAM<\/strong>).<\/p>\n\n\n\n<p>En la conferencia matutina de\u00a0<strong>Palacio Nacional<\/strong>,\u00a0<strong>L\u00f3pez Obrador<\/strong> arremeti\u00f3 contra el bloque opositor integrado por el PAN-PRI-PRD oor no terminar su proceso para definir al candidato presidencial y que nada m\u00e1s fue \u201cpura declinaci\u00f3n\u201d.<\/p>\n\n\n\n<p>\u00a1Gan\u00e9 la apuesta!\u201d, no vayan a decir de que no sab\u00eda yo de lo que se trataba, lo tienen que reconocer\u201d, dijo esta ma\u00f1ana en el Sal\u00f3n Tesorer\u00eda.<\/p>\n\n\n\n<figure class=\"wp-block-embed is-type-video is-provider-youtube wp-block-embed-youtube wp-embed-aspect-16-9 wp-has-aspect-ratio\"><div class=\"wp-block-embed__wrapper\">\nhttps:\/\/youtu.be\/HLUZ3R1JF5E?si=RN2aD4Hq494Y_Phf\n<\/div><\/figure>\n\n\n\n<p>\u201cNada m\u00e1s es decir que es lamentable porque es un asunto cupular, arriba, es el gerente Claudio (X. Gonz\u00e1lez), nunca se hab\u00eda visto esto en la historia, as\u00ed tan claro, tan descarado, porque ni siquiera terminaron su proceso, fue pura declinaci\u00f3n. Se los dije, se los dije.<\/p>\n\n\n\n<p>El Partido Revolucionario Institucional (<strong>PRI<\/strong>) decidi\u00f3 este mi\u00e9rcoles abanderar a la senadora paaanista X\u00f3chitl G\u00e1lvez como la \u00fanica candidata presidencial de la oposici\u00f3n rumbo a las elecciones de junio de 2024.<\/p>\n\n\n\n<p>Con la decisi\u00f3n anunciada desde la sede nacional del PRI en Ciudad de M\u00e9xico, por su dirigente&nbsp;<strong>Alejandro&nbsp;<em>Alito<\/em>&nbsp;Moreno<\/strong>, G\u00e1lvez suma el apoyo de los tres partidos integrados en el Frente Amplio por M\u00e9xico: PRI, Partido Acci\u00f3n Nacional (<strong>PAN<\/strong>) y del Partido de la Revoluci\u00f3n Democr\u00e1tica (<strong>PRD<\/strong>).<\/p>\n\n\n\n<p>\u201cLa informaci\u00f3n indica una ventaja amplia y consolidada por parte de nuestra compa\u00f1era y parte del Frente Amplio por M\u00e9xico, X\u00f3chitl G\u00e1lvez\u201d, dijo Moreno C\u00e1rdenas,\u00a0luego de revelarse un sondeo que posicionaba a la senadora panista sobre su competidora priista\u00a0<strong>Beatriz Paredes<\/strong>, con el 57.58 por ciento de las preferencias.<\/p>\n\n\n\n<figure class=\"wp-block-embed is-type-video is-provider-youtube wp-block-embed-youtube wp-embed-aspect-16-9 wp-has-aspect-ratio\"><div class=\"wp-block-embed__wrapper\">\nhttps:\/\/youtu.be\/DcQKUIIj9UQ?si=R60NMxQetSgmMVzU\n<\/div><\/figure>\n\n\n\n<p>Los resultados de la encuesta se dieron a conocer previo al pr\u00f3ximo domingo cuando se ten\u00eda previsto que se revelaran, as\u00ed como antes del arranque de un proceso de elecci\u00f3n interna organizada por la oposici\u00f3n y organizaciones civiles.<\/p>\n\n\n\n<p>Este levantamiento le dio el 57.58 por ciento a la aspirante G\u00e1lvez Ruiz, por encima del 42.42 por ciento de Paredes Rangel, quien hab\u00eda decidido mantenerse en el proceso interno pese al apoyo previo del PRD y PAN, as\u00ed como por el resultado desfavorable de una primera encuesta definitoria.<\/p>\n\n\n\n<p>Minutos despu\u00e9s <strong>Beatriz Paredes<\/strong>\u00a0reconoci\u00f3 que\u00a0<strong>X\u00f3chitl G\u00e1lvez<\/strong> tiene una ventaja \u201c<strong>irreversible<\/strong>\u201d en el proceso interno de la alianza opositora, por lo que dio por concluida su aspiraci\u00f3n en la contienda adem\u00e1s de que dej\u00f3 en claro que no aspirar\u00e1 a \u201cninguna candidatura en las pr\u00f3ximas elecciones\u201d.<\/p>\n","protected":false},"excerpt":{"rendered":"<p>Por Redacci\u00f3n QP L\u00f3pez Obrador dijo que la elecci\u00f3n de X\u00f3chitl G\u00e1lvez como candidata presidencial&#8230;<\/p>\n","protected":false},"author":2,"featured_media":104268,"comment_status":"open","ping_status":"open","sticky":false,"template":"","format":"standard","meta":{"_monsterinsights_skip_tracking":false,"_monsterinsights_sitenote_active":false,"_monsterinsights_sitenote_note":"","_monsterinsights_sitenote_category":0,"footnotes":""},"categories":[2],"tags":[],"class_list":["post-104267","post","type-post","status-publish","format-standard","has-post-thumbnail","hentry","category-noticias"],"yoast_head":"<!-- This site is optimized with the Yoast SEO plugin v27.3 - https:\/\/yoast.com\/product\/yoast-seo-wordpress\/ -->\n<title>L\u00f3pez Obrador\u00a0presumi\u00f3 que\u00a0gan\u00f3 la apuesta\u00a0luego de que\u00a0X\u00f3chitl G\u00e1lvez\u00a0fuera respaldada para obtener la\u00a0candidatura presidencial\u00a0del\u00a0#FrenteAmplioporM\u00e9xico -<\/title>\n<meta name=\"robots\" content=\"index, follow, max-snippet:-1, max-image-preview:large, max-video-preview:-1\" \/>\n<link rel=\"canonical\" href=\"https:\/\/quehacerpolitico.mx\/?p=104267\" \/>\n<meta property=\"og:locale\" content=\"es_MX\" \/>\n<meta property=\"og:type\" content=\"article\" \/>\n<meta property=\"og:title\" content=\"L\u00f3pez Obrador\u00a0presumi\u00f3 que\u00a0gan\u00f3 la apuesta\u00a0luego de que\u00a0X\u00f3chitl G\u00e1lvez\u00a0fuera respaldada para obtener la\u00a0candidatura presidencial\u00a0del\u00a0#FrenteAmplioporM\u00e9xico -\" \/>\n<meta property=\"og:description\" content=\"Por Redacci\u00f3n QP L\u00f3pez Obrador dijo que la elecci\u00f3n de X\u00f3chitl G\u00e1lvez como candidata presidencial...\" \/>\n<meta property=\"og:url\" content=\"https:\/\/quehacerpolitico.mx\/?p=104267\" \/>\n<meta property=\"article:published_time\" content=\"2023-08-31T15:46:00+00:00\" \/>\n<meta property=\"article:modified_time\" content=\"2023-08-31T15:46:04+00:00\" \/>\n<meta property=\"og:image\" content=\"https:\/\/quehacerpolitico.mx\/wp-content\/uploads\/2023\/08\/IMG_0280.jpeg\" \/>\n\t<meta property=\"og:image:width\" content=\"1284\" \/>\n\t<meta property=\"og:image:height\" content=\"708\" \/>\n\t<meta property=\"og:image:type\" content=\"image\/jpeg\" \/>\n<meta name=\"author\" content=\"Redacci\u00f3n QP\" \/>\n<meta name=\"twitter:card\" content=\"summary_large_image\" \/>\n<meta name=\"twitter:label1\" content=\"Escrito por\" \/>\n\t<meta name=\"twitter:data1\" content=\"Redacci\u00f3n QP\" \/>\n\t<meta name=\"twitter:label2\" content=\"Tiempo de lectura\" \/>\n\t<meta name=\"twitter:data2\" content=\"2 minutos\" \/>\n<script type=\"application\/ld+json\" class=\"yoast-schema-graph\">{\"@context\":\"https:\\\/\\\/schema.org\",\"@graph\":[{\"@type\":\"Article\",\"@id\":\"https:\\\/\\\/quehacerpolitico.mx\\\/?p=104267#article\",\"isPartOf\":{\"@id\":\"https:\\\/\\\/quehacerpolitico.mx\\\/?p=104267\"},\"author\":{\"name\":\"Redacci\u00f3n QP\",\"@id\":\"https:\\\/\\\/quehacerpolitico.mx\\\/#\\\/schema\\\/person\\\/496d8ad2d1d3f8036101dca7ee39e585\"},\"headline\":\"L\u00f3pez Obrador\u00a0presumi\u00f3 que\u00a0gan\u00f3 la apuesta\u00a0luego de que\u00a0X\u00f3chitl G\u00e1lvez\u00a0fuera respaldada para obtener la\u00a0candidatura presidencial\u00a0del\u00a0#FrenteAmplioporM\u00e9xico\",\"datePublished\":\"2023-08-31T15:46:00+00:00\",\"dateModified\":\"2023-08-31T15:46:04+00:00\",\"mainEntityOfPage\":{\"@id\":\"https:\\\/\\\/quehacerpolitico.mx\\\/?p=104267\"},\"wordCount\":522,\"commentCount\":0,\"image\":{\"@id\":\"https:\\\/\\\/quehacerpolitico.mx\\\/?p=104267#primaryimage\"},\"thumbnailUrl\":\"https:\\\/\\\/quehacerpolitico.mx\\\/wp-content\\\/uploads\\\/2023\\\/08\\\/IMG_0280.jpeg\",\"articleSection\":[\"Noticias\"],\"inLanguage\":\"es\",\"potentialAction\":[{\"@type\":\"CommentAction\",\"name\":\"Comment\",\"target\":[\"https:\\\/\\\/quehacerpolitico.mx\\\/?p=104267#respond\"]}]},{\"@type\":\"WebPage\",\"@id\":\"https:\\\/\\\/quehacerpolitico.mx\\\/?p=104267\",\"url\":\"https:\\\/\\\/quehacerpolitico.mx\\\/?p=104267\",\"name\":\"L\u00f3pez Obrador\u00a0presumi\u00f3 que\u00a0gan\u00f3 la apuesta\u00a0luego de que\u00a0X\u00f3chitl G\u00e1lvez\u00a0fuera respaldada para obtener la\u00a0candidatura presidencial\u00a0del\u00a0#FrenteAmplioporM\u00e9xico -\",\"isPartOf\":{\"@id\":\"https:\\\/\\\/quehacerpolitico.mx\\\/#website\"},\"primaryImageOfPage\":{\"@id\":\"https:\\\/\\\/quehacerpolitico.mx\\\/?p=104267#primaryimage\"},\"image\":{\"@id\":\"https:\\\/\\\/quehacerpolitico.mx\\\/?p=104267#primaryimage\"},\"thumbnailUrl\":\"https:\\\/\\\/quehacerpolitico.mx\\\/wp-content\\\/uploads\\\/2023\\\/08\\\/IMG_0280.jpeg\",\"datePublished\":\"2023-08-31T15:46:00+00:00\",\"dateModified\":\"2023-08-31T15:46:04+00:00\",\"author\":{\"@id\":\"https:\\\/\\\/quehacerpolitico.mx\\\/#\\\/schema\\\/person\\\/496d8ad2d1d3f8036101dca7ee39e585\"},\"breadcrumb\":{\"@id\":\"https:\\\/\\\/quehacerpolitico.mx\\\/?p=104267#breadcrumb\"},\"inLanguage\":\"es\",\"potentialAction\":[{\"@type\":\"ReadAction\",\"target\":[\"https:\\\/\\\/quehacerpolitico.mx\\\/?p=104267\"]}]},{\"@type\":\"ImageObject\",\"inLanguage\":\"es\",\"@id\":\"https:\\\/\\\/quehacerpolitico.mx\\\/?p=104267#primaryimage\",\"url\":\"https:\\\/\\\/quehacerpolitico.mx\\\/wp-content\\\/uploads\\\/2023\\\/08\\\/IMG_0280.jpeg\",\"contentUrl\":\"https:\\\/\\\/quehacerpolitico.mx\\\/wp-content\\\/uploads\\\/2023\\\/08\\\/IMG_0280.jpeg\",\"width\":1284,\"height\":708},{\"@type\":\"BreadcrumbList\",\"@id\":\"https:\\\/\\\/quehacerpolitico.mx\\\/?p=104267#breadcrumb\",\"itemListElement\":[{\"@type\":\"ListItem\",\"position\":1,\"name\":\"Inicio\",\"item\":\"https:\\\/\\\/quehacerpolitico.mx\\\/\"},{\"@type\":\"ListItem\",\"position\":2,\"name\":\"L\u00f3pez Obrador\u00a0presumi\u00f3 que\u00a0gan\u00f3 la apuesta\u00a0luego de que\u00a0X\u00f3chitl G\u00e1lvez\u00a0fuera respaldada para obtener la\u00a0candidatura presidencial\u00a0del\u00a0#FrenteAmplioporM\u00e9xico\"}]},{\"@type\":\"WebSite\",\"@id\":\"https:\\\/\\\/quehacerpolitico.mx\\\/#website\",\"url\":\"https:\\\/\\\/quehacerpolitico.mx\\\/\",\"name\":\"\",\"description\":\"\",\"potentialAction\":[{\"@type\":\"SearchAction\",\"target\":{\"@type\":\"EntryPoint\",\"urlTemplate\":\"https:\\\/\\\/quehacerpolitico.mx\\\/?s={search_term_string}\"},\"query-input\":{\"@type\":\"PropertyValueSpecification\",\"valueRequired\":true,\"valueName\":\"search_term_string\"}}],\"inLanguage\":\"es\"},{\"@type\":\"Person\",\"@id\":\"https:\\\/\\\/quehacerpolitico.mx\\\/#\\\/schema\\\/person\\\/496d8ad2d1d3f8036101dca7ee39e585\",\"name\":\"Redacci\u00f3n QP\",\"image\":{\"@type\":\"ImageObject\",\"inLanguage\":\"es\",\"@id\":\"https:\\\/\\\/secure.gravatar.com\\\/avatar\\\/c7164ed6fdec453195284ad24a5ae5b6e1eed2b848477fa2a4787ba9adf39a41?s=96&d=mm&r=g\",\"url\":\"https:\\\/\\\/secure.gravatar.com\\\/avatar\\\/c7164ed6fdec453195284ad24a5ae5b6e1eed2b848477fa2a4787ba9adf39a41?s=96&d=mm&r=g\",\"contentUrl\":\"https:\\\/\\\/secure.gravatar.com\\\/avatar\\\/c7164ed6fdec453195284ad24a5ae5b6e1eed2b848477fa2a4787ba9adf39a41?s=96&d=mm&r=g\",\"caption\":\"Redacci\u00f3n QP\"},\"url\":\"https:\\\/\\\/quehacerpolitico.mx\\\/?author=2\"}]}<\/script>\n<!-- \/ Yoast SEO plugin. -->","yoast_head_json":{"title":"L\u00f3pez Obrador\u00a0presumi\u00f3 que\u00a0gan\u00f3 la apuesta\u00a0luego de que\u00a0X\u00f3chitl G\u00e1lvez\u00a0fuera respaldada para obtener la\u00a0candidatura presidencial\u00a0del\u00a0#FrenteAmplioporM\u00e9xico -","robots":{"index":"index","follow":"follow","max-snippet":"max-snippet:-1","max-image-preview":"max-image-preview:large","max-video-preview":"max-video-preview:-1"},"canonical":"https:\/\/quehacerpolitico.mx\/?p=104267","og_locale":"es_MX","og_type":"article","og_title":"L\u00f3pez Obrador\u00a0presumi\u00f3 que\u00a0gan\u00f3 la apuesta\u00a0luego de que\u00a0X\u00f3chitl G\u00e1lvez\u00a0fuera respaldada para obtener la\u00a0candidatura presidencial\u00a0del\u00a0#FrenteAmplioporM\u00e9xico -","og_description":"Por Redacci\u00f3n QP L\u00f3pez Obrador dijo que la elecci\u00f3n de X\u00f3chitl G\u00e1lvez como candidata presidencial...","og_url":"https:\/\/quehacerpolitico.mx\/?p=104267","article_published_time":"2023-08-31T15:46:00+00:00","article_modified_time":"2023-08-31T15:46:04+00:00","og_image":[{"width":1284,"height":708,"url":"https:\/\/quehacerpolitico.mx\/wp-content\/uploads\/2023\/08\/IMG_0280.jpeg","type":"image\/jpeg"}],"author":"Redacci\u00f3n QP","twitter_card":"summary_large_image","twitter_misc":{"Escrito por":"Redacci\u00f3n QP","Tiempo de lectura":"2 minutos"},"schema":{"@context":"https:\/\/schema.org","@graph":[{"@type":"Article","@id":"https:\/\/quehacerpolitico.mx\/?p=104267#article","isPartOf":{"@id":"https:\/\/quehacerpolitico.mx\/?p=104267"},"author":{"name":"Redacci\u00f3n QP","@id":"https:\/\/quehacerpolitico.mx\/#\/schema\/person\/496d8ad2d1d3f8036101dca7ee39e585"},"headline":"L\u00f3pez Obrador\u00a0presumi\u00f3 que\u00a0gan\u00f3 la apuesta\u00a0luego de que\u00a0X\u00f3chitl G\u00e1lvez\u00a0fuera respaldada para obtener la\u00a0candidatura presidencial\u00a0del\u00a0#FrenteAmplioporM\u00e9xico","datePublished":"2023-08-31T15:46:00+00:00","dateModified":"2023-08-31T15:46:04+00:00","mainEntityOfPage":{"@id":"https:\/\/quehacerpolitico.mx\/?p=104267"},"wordCount":522,"commentCount":0,"image":{"@id":"https:\/\/quehacerpolitico.mx\/?p=104267#primaryimage"},"thumbnailUrl":"https:\/\/quehacerpolitico.mx\/wp-content\/uploads\/2023\/08\/IMG_0280.jpeg","articleSection":["Noticias"],"inLanguage":"es","potentialAction":[{"@type":"CommentAction","name":"Comment","target":["https:\/\/quehacerpolitico.mx\/?p=104267#respond"]}]},{"@type":"WebPage","@id":"https:\/\/quehacerpolitico.mx\/?p=104267","url":"https:\/\/quehacerpolitico.mx\/?p=104267","name":"L\u00f3pez Obrador\u00a0presumi\u00f3 que\u00a0gan\u00f3 la apuesta\u00a0luego de que\u00a0X\u00f3chitl G\u00e1lvez\u00a0fuera respaldada para obtener la\u00a0candidatura presidencial\u00a0del\u00a0#FrenteAmplioporM\u00e9xico -","isPartOf":{"@id":"https:\/\/quehacerpolitico.mx\/#website"},"primaryImageOfPage":{"@id":"https:\/\/quehacerpolitico.mx\/?p=104267#primaryimage"},"image":{"@id":"https:\/\/quehacerpolitico.mx\/?p=104267#primaryimage"},"thumbnailUrl":"https:\/\/quehacerpolitico.mx\/wp-content\/uploads\/2023\/08\/IMG_0280.jpeg","datePublished":"2023-08-31T15:46:00+00:00","dateModified":"2023-08-31T15:46:04+00:00","author":{"@id":"https:\/\/quehacerpolitico.mx\/#\/schema\/person\/496d8ad2d1d3f8036101dca7ee39e585"},"breadcrumb":{"@id":"https:\/\/quehacerpolitico.mx\/?p=104267#breadcrumb"},"inLanguage":"es","potentialAction":[{"@type":"ReadAction","target":["https:\/\/quehacerpolitico.mx\/?p=104267"]}]},{"@type":"ImageObject","inLanguage":"es","@id":"https:\/\/quehacerpolitico.mx\/?p=104267#primaryimage","url":"https:\/\/quehacerpolitico.mx\/wp-content\/uploads\/2023\/08\/IMG_0280.jpeg","contentUrl":"https:\/\/quehacerpolitico.mx\/wp-content\/uploads\/2023\/08\/IMG_0280.jpeg","width":1284,"height":708},{"@type":"BreadcrumbList","@id":"https:\/\/quehacerpolitico.mx\/?p=104267#breadcrumb","itemListElement":[{"@type":"ListItem","position":1,"name":"Inicio","item":"https:\/\/quehacerpolitico.mx\/"},{"@type":"ListItem","position":2,"name":"L\u00f3pez Obrador\u00a0presumi\u00f3 que\u00a0gan\u00f3 la apuesta\u00a0luego de que\u00a0X\u00f3chitl G\u00e1lvez\u00a0fuera respaldada para obtener la\u00a0candidatura presidencial\u00a0del\u00a0#FrenteAmplioporM\u00e9xico"}]},{"@type":"WebSite","@id":"https:\/\/quehacerpolitico.mx\/#website","url":"https:\/\/quehacerpolitico.mx\/","name":"","description":"","potentialAction":[{"@type":"SearchAction","target":{"@type":"EntryPoint","urlTemplate":"https:\/\/quehacerpolitico.mx\/?s={search_term_string}"},"query-input":{"@type":"PropertyValueSpecification","valueRequired":true,"valueName":"search_term_string"}}],"inLanguage":"es"},{"@type":"Person","@id":"https:\/\/quehacerpolitico.mx\/#\/schema\/person\/496d8ad2d1d3f8036101dca7ee39e585","name":"Redacci\u00f3n QP","image":{"@type":"ImageObject","inLanguage":"es","@id":"https:\/\/secure.gravatar.com\/avatar\/c7164ed6fdec453195284ad24a5ae5b6e1eed2b848477fa2a4787ba9adf39a41?s=96&d=mm&r=g","url":"https:\/\/secure.gravatar.com\/avatar\/c7164ed6fdec453195284ad24a5ae5b6e1eed2b848477fa2a4787ba9adf39a41?s=96&d=mm&r=g","contentUrl":"https:\/\/secure.gravatar.com\/avatar\/c7164ed6fdec453195284ad24a5ae5b6e1eed2b848477fa2a4787ba9adf39a41?s=96&d=mm&r=g","caption":"Redacci\u00f3n QP"},"url":"https:\/\/quehacerpolitico.mx\/?author=2"}]}},"featured_image_urls":{"full":["https:\/\/quehacerpolitico.mx\/wp-content\/uploads\/2023\/08\/IMG_0280.jpeg",1284,708,false],"thumbnail":["https:\/\/quehacerpolitico.mx\/wp-content\/uploads\/2023\/08\/IMG_0280-150x150.jpeg",150,150,true],"medium":["https:\/\/quehacerpolitico.mx\/wp-content\/uploads\/2023\/08\/IMG_0280-300x165.jpeg",300,165,true],"medium_large":["https:\/\/quehacerpolitico.mx\/wp-content\/uploads\/2023\/08\/IMG_0280-768x423.jpeg",640,353,true],"large":["https:\/\/quehacerpolitico.mx\/wp-content\/uploads\/2023\/08\/IMG_0280-1024x565.jpeg",640,353,true],"1536x1536":["https:\/\/quehacerpolitico.mx\/wp-content\/uploads\/2023\/08\/IMG_0280.jpeg",1284,708,false],"2048x2048":["https:\/\/quehacerpolitico.mx\/wp-content\/uploads\/2023\/08\/IMG_0280.jpeg",1284,708,false],"covernews-featured":["https:\/\/quehacerpolitico.mx\/wp-content\/uploads\/2023\/08\/IMG_0280.jpeg",1024,565,false],"covernews-medium":["https:\/\/quehacerpolitico.mx\/wp-content\/uploads\/2023\/08\/IMG_0280.jpeg",540,298,false]},"author_info":{"display_name":"Redacci\u00f3n QP","author_link":"https:\/\/quehacerpolitico.mx\/?author=2"},"category_info":"<a href=\"https:\/\/quehacerpolitico.mx\/?cat=2\" rel=\"category\">Noticias<\/a>","tag_info":"Noticias","comment_count":"0","_links":{"self":[{"href":"https:\/\/quehacerpolitico.mx\/index.php?rest_route=\/wp\/v2\/posts\/104267","targetHints":{"allow":["GET"]}}],"collection":[{"href":"https:\/\/quehacerpolitico.mx\/index.php?rest_route=\/wp\/v2\/posts"}],"about":[{"href":"https:\/\/quehacerpolitico.mx\/index.php?rest_route=\/wp\/v2\/types\/post"}],"author":[{"embeddable":true,"href":"https:\/\/quehacerpolitico.mx\/index.php?rest_route=\/wp\/v2\/users\/2"}],"replies":[{"embeddable":true,"href":"https:\/\/quehacerpolitico.mx\/index.php?rest_route=%2Fwp%2Fv2%2Fcomments&post=104267"}],"version-history":[{"count":1,"href":"https:\/\/quehacerpolitico.mx\/index.php?rest_route=\/wp\/v2\/posts\/104267\/revisions"}],"predecessor-version":[{"id":104269,"href":"https:\/\/quehacerpolitico.mx\/index.php?rest_route=\/wp\/v2\/posts\/104267\/revisions\/104269"}],"wp:featuredmedia":[{"embeddable":true,"href":"https:\/\/quehacerpolitico.mx\/index.php?rest_route=\/wp\/v2\/media\/104268"}],"wp:attachment":[{"href":"https:\/\/quehacerpolitico.mx\/index.php?rest_route=%2Fwp%2Fv2%2Fmedia&parent=104267"}],"wp:term":[{"taxonomy":"category","embeddable":true,"href":"https:\/\/quehacerpolitico.mx\/index.php?rest_route=%2Fwp%2Fv2%2Fcategories&post=104267"},{"taxonomy":"post_tag","embeddable":true,"href":"https:\/\/quehacerpolitico.mx\/index.php?rest_route=%2Fwp%2Fv2%2Ftags&post=104267"}],"curies":[{"name":"wp","href":"https:\/\/api.w.org\/{rel}","templated":true}]}}