{"id":10423,"date":"2018-11-28T17:32:14","date_gmt":"2018-11-28T17:32:14","guid":{"rendered":"http:\/\/quehacerpolitico.mx\/ex-director-del-altiplano-acusado-por-la-fuga-de-el-chapo-guzman-es-puesto-en-libertad\/"},"modified":"2018-11-28T17:32:14","modified_gmt":"2018-11-28T17:32:14","slug":"ex-director-del-altiplano-acusado-por-la-fuga-de-el-chapo-guzman-es-puesto-en-libertad","status":"publish","type":"post","link":"https:\/\/quehacerpolitico.mx\/?p=10423","title":{"rendered":"Ex director del Altiplano, acusado por la fuga de \u201cEl Chapo\u201d Guzm\u00e1n, es puesto en libertad"},"content":{"rendered":"<h1>Ex director del Altiplano, acusado por la fuga de \u201cEl Chapo\u201d Guzm\u00e1n, es puesto en libertad<\/h1>\n<p>Por Redacci\u00f3n QP<\/p>\n<p><strong>Valent\u00edn C\u00e1rdenas Lerma,<\/strong>quien permanec\u00eda preso acusado por la fuga del capo <strong>Joaqu\u00edn \u201cEl Chapo\u201d Guzm\u00e1n<\/strong>, fue liberado el d\u00eda de ayer cerca de las 23:30 horas.<\/p>\n<p>El ex director del penal del Altiplano, en el Estado de M\u00e9xico, estaba encarcelado en el penal federal de \u201cEl Rinc\u00f3n\u201d, en Tepic, Nayarit, donde purgaba <strong>prisi\u00f3n preventiva<\/strong>luego de que la Procuradur\u00eda General de la Rep\u00fablica lo se\u00f1alara como responsable de la <strong>fuga del capo<\/strong>.<\/p>\n<p>Los abogados Alberto del R\u00edo Azuara y Jes\u00fas Moreno de Leija, confirmaron la liberaci\u00f3n de <strong>C\u00e1rdenas Lerma<\/strong> tras una resoluci\u00f3n del tribunal federal emitida el jueves pasado, la cual le otorg\u00f3 un amparo que obligaba a revocar el auto de formal prisi\u00f3n dictado en su contra.<\/p>\n<p>La sentencia del Quinto Tribunal Unitario Penal de Toluca tambi\u00e9n ordena dictar un nuevo auto de libertad por falta de elementos para procesar al implicado, lo cual permiti\u00f3 a Cardenas volver con su familia la noche de ayer.<\/p>\n<p><strong>C\u00e1rdenas<\/strong> permaneci\u00f3 en prisi\u00f3n durante poco m\u00e1s de tres a\u00f1os, procesado por evasi\u00f3n del preso ocurrida el 11 de julio de 2015.<\/p>\n<p>Mientras el ex director del penal goza ya de libertad, varios ex elementos policiacos permanecen detenidos en el penal acusados por la misma causa, raz\u00f3n por la que los abogados no est\u00e1n en disposici\u00f3n de otorgar mayores detalles sobre el caso.<\/p>\n<p>Fue el 18 de septiembre de 2015 que la <strong>PGR<\/strong>detuvo a 13 funcionarios por su presunta implicaci\u00f3n en la fuga del l\u00edder del c\u00e1rtel de Sinaloa, <strong>Joaqu\u00edn \u201cEl Chapo\u201d Guzm\u00e1n<\/strong> del <strong>penal del Altiplano.<\/strong><\/p>\n<p>Entre los detenidos se encontraban la entonces coordinadora nacional de los Centros Federales de Readaptaci\u00f3n Social, Celina Oseguera, y el director t\u00e9cnico del penal, Librado Carmona Garc\u00eda, ambos destituidos tras la fuga del capo.<\/p>\n<p>Adem\u00e1s un juez dict\u00f3 auto de formal prisi\u00f3n contra <strong>Valent\u00edn C\u00e1rdenas<\/strong>, ex director general del penal.<\/p>\n<p>El 11 de julio de ese a\u00f1o, <strong>Guzm\u00e1n Loera<\/strong> se fug\u00f3 de la c\u00e1rcel a trav\u00e9s de un t\u00fanel de un kil\u00f3metro y medio que iba desde la misma celda del reo hasta una casa en construcci\u00f3n afuera del penal.<\/p>\n<p>Se trat\u00f3 de la segunda ocasi\u00f3n que el l\u00edder del c\u00e1rtel de Sinaloa se fug\u00f3 de un penal de m\u00e1xima seguridad en M\u00e9xico despu\u00e9s de que en enero de 2001 se escapara de la c\u00e1rcel de Puente Grande, en el occidental estado de Jalisco.<\/p>\n","protected":false},"excerpt":{"rendered":"<p>Ex director del Altiplano, acusado por la fuga de \u201cEl Chapo\u201d Guzm\u00e1n, es puesto en libertad<br \/>\nPor Redacci\u00f3n QP<\/p>\n","protected":false},"author":2,"featured_media":10422,"comment_status":"open","ping_status":"open","sticky":false,"template":"","format":"standard","meta":{"_monsterinsights_skip_tracking":false,"_monsterinsights_sitenote_active":false,"_monsterinsights_sitenote_note":"","_monsterinsights_sitenote_category":0,"footnotes":""},"categories":[2],"tags":[],"class_list":["post-10423","post","type-post","status-publish","format-standard","has-post-thumbnail","hentry","category-noticias"],"yoast_head":"<!-- This site is optimized with the Yoast SEO plugin v27.3 - https:\/\/yoast.com\/product\/yoast-seo-wordpress\/ -->\n<title>Ex director del Altiplano, acusado por la fuga de \u201cEl Chapo\u201d Guzm\u00e1n, es puesto en libertad -<\/title>\n<meta name=\"robots\" content=\"index, follow, max-snippet:-1, max-image-preview:large, max-video-preview:-1\" \/>\n<link rel=\"canonical\" href=\"https:\/\/quehacerpolitico.mx\/?p=10423\" \/>\n<meta property=\"og:locale\" content=\"es_MX\" \/>\n<meta property=\"og:type\" content=\"article\" \/>\n<meta property=\"og:title\" content=\"Ex director del Altiplano, acusado por la fuga de \u201cEl Chapo\u201d Guzm\u00e1n, es puesto en libertad -\" \/>\n<meta property=\"og:description\" content=\"Ex director del Altiplano, acusado por la fuga de \u201cEl Chapo\u201d Guzm\u00e1n, es puesto en libertad Por Redacci\u00f3n QP\" \/>\n<meta property=\"og:url\" content=\"https:\/\/quehacerpolitico.mx\/?p=10423\" \/>\n<meta property=\"article:published_time\" content=\"2018-11-28T17:32:14+00:00\" \/>\n<meta name=\"author\" content=\"Redacci\u00f3n QP\" \/>\n<meta name=\"twitter:card\" content=\"summary_large_image\" \/>\n<meta name=\"twitter:label1\" content=\"Escrito por\" \/>\n\t<meta name=\"twitter:data1\" content=\"Redacci\u00f3n QP\" \/>\n\t<meta name=\"twitter:label2\" content=\"Tiempo de lectura\" \/>\n\t<meta name=\"twitter:data2\" content=\"2 minutos\" \/>\n<script type=\"application\/ld+json\" class=\"yoast-schema-graph\">{\"@context\":\"https:\\\/\\\/schema.org\",\"@graph\":[{\"@type\":\"Article\",\"@id\":\"https:\\\/\\\/quehacerpolitico.mx\\\/?p=10423#article\",\"isPartOf\":{\"@id\":\"https:\\\/\\\/quehacerpolitico.mx\\\/?p=10423\"},\"author\":{\"name\":\"Redacci\u00f3n QP\",\"@id\":\"https:\\\/\\\/quehacerpolitico.mx\\\/#\\\/schema\\\/person\\\/496d8ad2d1d3f8036101dca7ee39e585\"},\"headline\":\"Ex director del Altiplano, acusado por la fuga de \u201cEl Chapo\u201d Guzm\u00e1n, es puesto en libertad\",\"datePublished\":\"2018-11-28T17:32:14+00:00\",\"mainEntityOfPage\":{\"@id\":\"https:\\\/\\\/quehacerpolitico.mx\\\/?p=10423\"},\"wordCount\":470,\"commentCount\":0,\"image\":{\"@id\":\"https:\\\/\\\/quehacerpolitico.mx\\\/?p=10423#primaryimage\"},\"thumbnailUrl\":\"\",\"articleSection\":[\"Noticias\"],\"inLanguage\":\"es\",\"potentialAction\":[{\"@type\":\"CommentAction\",\"name\":\"Comment\",\"target\":[\"https:\\\/\\\/quehacerpolitico.mx\\\/?p=10423#respond\"]}]},{\"@type\":\"WebPage\",\"@id\":\"https:\\\/\\\/quehacerpolitico.mx\\\/?p=10423\",\"url\":\"https:\\\/\\\/quehacerpolitico.mx\\\/?p=10423\",\"name\":\"Ex director del Altiplano, acusado por la fuga de \u201cEl Chapo\u201d Guzm\u00e1n, es puesto en libertad -\",\"isPartOf\":{\"@id\":\"https:\\\/\\\/quehacerpolitico.mx\\\/#website\"},\"primaryImageOfPage\":{\"@id\":\"https:\\\/\\\/quehacerpolitico.mx\\\/?p=10423#primaryimage\"},\"image\":{\"@id\":\"https:\\\/\\\/quehacerpolitico.mx\\\/?p=10423#primaryimage\"},\"thumbnailUrl\":\"\",\"datePublished\":\"2018-11-28T17:32:14+00:00\",\"author\":{\"@id\":\"https:\\\/\\\/quehacerpolitico.mx\\\/#\\\/schema\\\/person\\\/496d8ad2d1d3f8036101dca7ee39e585\"},\"breadcrumb\":{\"@id\":\"https:\\\/\\\/quehacerpolitico.mx\\\/?p=10423#breadcrumb\"},\"inLanguage\":\"es\",\"potentialAction\":[{\"@type\":\"ReadAction\",\"target\":[\"https:\\\/\\\/quehacerpolitico.mx\\\/?p=10423\"]}]},{\"@type\":\"ImageObject\",\"inLanguage\":\"es\",\"@id\":\"https:\\\/\\\/quehacerpolitico.mx\\\/?p=10423#primaryimage\",\"url\":\"\",\"contentUrl\":\"\"},{\"@type\":\"BreadcrumbList\",\"@id\":\"https:\\\/\\\/quehacerpolitico.mx\\\/?p=10423#breadcrumb\",\"itemListElement\":[{\"@type\":\"ListItem\",\"position\":1,\"name\":\"Inicio\",\"item\":\"https:\\\/\\\/quehacerpolitico.mx\\\/\"},{\"@type\":\"ListItem\",\"position\":2,\"name\":\"Ex director del Altiplano, acusado por la fuga de \u201cEl Chapo\u201d Guzm\u00e1n, es puesto en libertad\"}]},{\"@type\":\"WebSite\",\"@id\":\"https:\\\/\\\/quehacerpolitico.mx\\\/#website\",\"url\":\"https:\\\/\\\/quehacerpolitico.mx\\\/\",\"name\":\"\",\"description\":\"\",\"potentialAction\":[{\"@type\":\"SearchAction\",\"target\":{\"@type\":\"EntryPoint\",\"urlTemplate\":\"https:\\\/\\\/quehacerpolitico.mx\\\/?s={search_term_string}\"},\"query-input\":{\"@type\":\"PropertyValueSpecification\",\"valueRequired\":true,\"valueName\":\"search_term_string\"}}],\"inLanguage\":\"es\"},{\"@type\":\"Person\",\"@id\":\"https:\\\/\\\/quehacerpolitico.mx\\\/#\\\/schema\\\/person\\\/496d8ad2d1d3f8036101dca7ee39e585\",\"name\":\"Redacci\u00f3n QP\",\"image\":{\"@type\":\"ImageObject\",\"inLanguage\":\"es\",\"@id\":\"https:\\\/\\\/secure.gravatar.com\\\/avatar\\\/c7164ed6fdec453195284ad24a5ae5b6e1eed2b848477fa2a4787ba9adf39a41?s=96&d=mm&r=g\",\"url\":\"https:\\\/\\\/secure.gravatar.com\\\/avatar\\\/c7164ed6fdec453195284ad24a5ae5b6e1eed2b848477fa2a4787ba9adf39a41?s=96&d=mm&r=g\",\"contentUrl\":\"https:\\\/\\\/secure.gravatar.com\\\/avatar\\\/c7164ed6fdec453195284ad24a5ae5b6e1eed2b848477fa2a4787ba9adf39a41?s=96&d=mm&r=g\",\"caption\":\"Redacci\u00f3n QP\"},\"url\":\"https:\\\/\\\/quehacerpolitico.mx\\\/?author=2\"}]}<\/script>\n<!-- \/ Yoast SEO plugin. -->","yoast_head_json":{"title":"Ex director del Altiplano, acusado por la fuga de \u201cEl Chapo\u201d Guzm\u00e1n, es puesto en libertad -","robots":{"index":"index","follow":"follow","max-snippet":"max-snippet:-1","max-image-preview":"max-image-preview:large","max-video-preview":"max-video-preview:-1"},"canonical":"https:\/\/quehacerpolitico.mx\/?p=10423","og_locale":"es_MX","og_type":"article","og_title":"Ex director del Altiplano, acusado por la fuga de \u201cEl Chapo\u201d Guzm\u00e1n, es puesto en libertad -","og_description":"Ex director del Altiplano, acusado por la fuga de \u201cEl Chapo\u201d Guzm\u00e1n, es puesto en libertad Por Redacci\u00f3n QP","og_url":"https:\/\/quehacerpolitico.mx\/?p=10423","article_published_time":"2018-11-28T17:32:14+00:00","author":"Redacci\u00f3n QP","twitter_card":"summary_large_image","twitter_misc":{"Escrito por":"Redacci\u00f3n QP","Tiempo de lectura":"2 minutos"},"schema":{"@context":"https:\/\/schema.org","@graph":[{"@type":"Article","@id":"https:\/\/quehacerpolitico.mx\/?p=10423#article","isPartOf":{"@id":"https:\/\/quehacerpolitico.mx\/?p=10423"},"author":{"name":"Redacci\u00f3n QP","@id":"https:\/\/quehacerpolitico.mx\/#\/schema\/person\/496d8ad2d1d3f8036101dca7ee39e585"},"headline":"Ex director del Altiplano, acusado por la fuga de \u201cEl Chapo\u201d Guzm\u00e1n, es puesto en libertad","datePublished":"2018-11-28T17:32:14+00:00","mainEntityOfPage":{"@id":"https:\/\/quehacerpolitico.mx\/?p=10423"},"wordCount":470,"commentCount":0,"image":{"@id":"https:\/\/quehacerpolitico.mx\/?p=10423#primaryimage"},"thumbnailUrl":"","articleSection":["Noticias"],"inLanguage":"es","potentialAction":[{"@type":"CommentAction","name":"Comment","target":["https:\/\/quehacerpolitico.mx\/?p=10423#respond"]}]},{"@type":"WebPage","@id":"https:\/\/quehacerpolitico.mx\/?p=10423","url":"https:\/\/quehacerpolitico.mx\/?p=10423","name":"Ex director del Altiplano, acusado por la fuga de \u201cEl Chapo\u201d Guzm\u00e1n, es puesto en libertad -","isPartOf":{"@id":"https:\/\/quehacerpolitico.mx\/#website"},"primaryImageOfPage":{"@id":"https:\/\/quehacerpolitico.mx\/?p=10423#primaryimage"},"image":{"@id":"https:\/\/quehacerpolitico.mx\/?p=10423#primaryimage"},"thumbnailUrl":"","datePublished":"2018-11-28T17:32:14+00:00","author":{"@id":"https:\/\/quehacerpolitico.mx\/#\/schema\/person\/496d8ad2d1d3f8036101dca7ee39e585"},"breadcrumb":{"@id":"https:\/\/quehacerpolitico.mx\/?p=10423#breadcrumb"},"inLanguage":"es","potentialAction":[{"@type":"ReadAction","target":["https:\/\/quehacerpolitico.mx\/?p=10423"]}]},{"@type":"ImageObject","inLanguage":"es","@id":"https:\/\/quehacerpolitico.mx\/?p=10423#primaryimage","url":"","contentUrl":""},{"@type":"BreadcrumbList","@id":"https:\/\/quehacerpolitico.mx\/?p=10423#breadcrumb","itemListElement":[{"@type":"ListItem","position":1,"name":"Inicio","item":"https:\/\/quehacerpolitico.mx\/"},{"@type":"ListItem","position":2,"name":"Ex director del Altiplano, acusado por la fuga de \u201cEl Chapo\u201d Guzm\u00e1n, es puesto en libertad"}]},{"@type":"WebSite","@id":"https:\/\/quehacerpolitico.mx\/#website","url":"https:\/\/quehacerpolitico.mx\/","name":"","description":"","potentialAction":[{"@type":"SearchAction","target":{"@type":"EntryPoint","urlTemplate":"https:\/\/quehacerpolitico.mx\/?s={search_term_string}"},"query-input":{"@type":"PropertyValueSpecification","valueRequired":true,"valueName":"search_term_string"}}],"inLanguage":"es"},{"@type":"Person","@id":"https:\/\/quehacerpolitico.mx\/#\/schema\/person\/496d8ad2d1d3f8036101dca7ee39e585","name":"Redacci\u00f3n QP","image":{"@type":"ImageObject","inLanguage":"es","@id":"https:\/\/secure.gravatar.com\/avatar\/c7164ed6fdec453195284ad24a5ae5b6e1eed2b848477fa2a4787ba9adf39a41?s=96&d=mm&r=g","url":"https:\/\/secure.gravatar.com\/avatar\/c7164ed6fdec453195284ad24a5ae5b6e1eed2b848477fa2a4787ba9adf39a41?s=96&d=mm&r=g","contentUrl":"https:\/\/secure.gravatar.com\/avatar\/c7164ed6fdec453195284ad24a5ae5b6e1eed2b848477fa2a4787ba9adf39a41?s=96&d=mm&r=g","caption":"Redacci\u00f3n QP"},"url":"https:\/\/quehacerpolitico.mx\/?author=2"}]}},"featured_image_urls":{"full":"","thumbnail":"","medium":"","medium_large":"","large":"","1536x1536":"","2048x2048":"","covernews-featured":"","covernews-medium":""},"author_info":{"display_name":"Redacci\u00f3n QP","author_link":"https:\/\/quehacerpolitico.mx\/?author=2"},"category_info":"<a href=\"https:\/\/quehacerpolitico.mx\/?cat=2\" rel=\"category\">Noticias<\/a>","tag_info":"Noticias","comment_count":"0","_links":{"self":[{"href":"https:\/\/quehacerpolitico.mx\/index.php?rest_route=\/wp\/v2\/posts\/10423","targetHints":{"allow":["GET"]}}],"collection":[{"href":"https:\/\/quehacerpolitico.mx\/index.php?rest_route=\/wp\/v2\/posts"}],"about":[{"href":"https:\/\/quehacerpolitico.mx\/index.php?rest_route=\/wp\/v2\/types\/post"}],"author":[{"embeddable":true,"href":"https:\/\/quehacerpolitico.mx\/index.php?rest_route=\/wp\/v2\/users\/2"}],"replies":[{"embeddable":true,"href":"https:\/\/quehacerpolitico.mx\/index.php?rest_route=%2Fwp%2Fv2%2Fcomments&post=10423"}],"version-history":[{"count":0,"href":"https:\/\/quehacerpolitico.mx\/index.php?rest_route=\/wp\/v2\/posts\/10423\/revisions"}],"wp:featuredmedia":[{"embeddable":true,"href":"https:\/\/quehacerpolitico.mx\/index.php?rest_route=\/"}],"wp:attachment":[{"href":"https:\/\/quehacerpolitico.mx\/index.php?rest_route=%2Fwp%2Fv2%2Fmedia&parent=10423"}],"wp:term":[{"taxonomy":"category","embeddable":true,"href":"https:\/\/quehacerpolitico.mx\/index.php?rest_route=%2Fwp%2Fv2%2Fcategories&post=10423"},{"taxonomy":"post_tag","embeddable":true,"href":"https:\/\/quehacerpolitico.mx\/index.php?rest_route=%2Fwp%2Fv2%2Ftags&post=10423"}],"curies":[{"name":"wp","href":"https:\/\/api.w.org\/{rel}","templated":true}]}}