{"id":104213,"date":"2023-08-30T15:50:29","date_gmt":"2023-08-30T15:50:29","guid":{"rendered":"https:\/\/quehacerpolitico.mx\/?p=104213"},"modified":"2023-08-30T15:50:32","modified_gmt":"2023-08-30T15:50:32","slug":"la-economia-estadounidense-crecio-0-5-por-ciento-en-el-segundo-trimestre-de-este-ano-con-respecto-al-trimestre-anterior","status":"publish","type":"post","link":"https:\/\/quehacerpolitico.mx\/?p=104213","title":{"rendered":"La\u00a0econom\u00eda estadounidense\u00a0creci\u00f3 0.5 por ciento en el segundo trimestre de este a\u00f1o con respecto al trimestre anterior"},"content":{"rendered":"\n<p>Por Redacci\u00f3n QP<\/p>\n\n\n\n<p>EE.UU. redujo tambi\u00e9n la cifra del ritmo anual de crecimiento entre abril y junio y estim\u00f3 que fue de 2.1 por ciento<\/p>\n\n\n\n<p>La&nbsp;<strong>econom\u00eda estadounidense<\/strong>&nbsp;creci\u00f3 0.5 por ciento en el segundo trimestre de este a\u00f1o con respecto al trimestre anterior, una d\u00e9cima menos de lo estimado el pasado mes de julio, cuando se public\u00f3 el dato adelantado del Producto Interno Bruto (PIB).<\/p>\n\n\n\n<p>La Oficina de Estad\u00edsticas Econ\u00f3micas (BEA, en ingl\u00e9s) public\u00f3 la\u00a0primera revisi\u00f3n del indicador, la segunda de las tres cifras que ofrece del PIB. El pr\u00f3ximo 28 de septiembre se publicar\u00e1 la definitiva.<\/p>\n\n\n\n<p>El crecimiento de medio punto del segundo trimestre es la misma cifra que el pa\u00eds registr\u00f3 en el primer trimestre del a\u00f1o.<\/p>\n\n\n\n<p>El organismo redujo tambi\u00e9n la cifra del ritmo anual de crecimiento entre abril y junio y estim\u00f3 que fue de 2.1 por ciento, tres d\u00e9cimas menos de lo estimado previamente. Un dato casi similar a la registrada en el primer trimestre, 2 por ciento.<\/p>\n\n\n\n<p>Los cambios de estas cifras a la baja se debieron a revisiones a la baja de la&nbsp;<strong>inversi\u00f3n privada<\/strong>&nbsp;en inventarios y de la<strong>&nbsp;inversi\u00f3n fija no residencial<\/strong>, que fueron parcialmente compensadas por revisiones al alza del gasto de los gobiernos estatales y locales. Las importaciones se revisaron al alza.<\/p>\n\n\n\n<p>Los datos se conocen en un momento en el que se examinan de cerca los efectos que est\u00e1n teniendo en la econom\u00eda las once subidas de&nbsp;<strong>tipos de inter\u00e9s&nbsp;<\/strong>que ha llevado a cabo la Reserva Federal (Fed) durante el \u00faltimo a\u00f1o y medio.<\/p>\n\n\n\n<p>Cifras como el&nbsp;<strong>PIB<\/strong>, el&nbsp;<strong>desempleo<\/strong>&nbsp;o la&nbsp;<strong>inflaci\u00f3n<\/strong>&nbsp;ser\u00e1n determinantes para que el regulador decida, en su pr\u00f3xima reuni\u00f3n del mes de septiembre, si contin\u00faa subiendo los tipos o se toma una pausa.<\/p>\n\n\n\n<p>Con informaci\u00f3n de EFE<\/p>\n","protected":false},"excerpt":{"rendered":"<p>Por Redacci\u00f3n QP EE.UU. redujo tambi\u00e9n la cifra del ritmo anual de crecimiento entre abril&#8230;<\/p>\n","protected":false},"author":2,"featured_media":104214,"comment_status":"open","ping_status":"open","sticky":false,"template":"","format":"standard","meta":{"_monsterinsights_skip_tracking":false,"_monsterinsights_sitenote_active":false,"_monsterinsights_sitenote_note":"","_monsterinsights_sitenote_category":0,"footnotes":""},"categories":[56],"tags":[],"class_list":["post-104213","post","type-post","status-publish","format-standard","has-post-thumbnail","hentry","category-economia"],"yoast_head":"<!-- This site is optimized with the Yoast SEO plugin v27.3 - https:\/\/yoast.com\/product\/yoast-seo-wordpress\/ -->\n<title>La\u00a0econom\u00eda estadounidense\u00a0creci\u00f3 0.5 por ciento en el segundo trimestre de este a\u00f1o con respecto al trimestre anterior -<\/title>\n<meta name=\"robots\" content=\"index, follow, max-snippet:-1, max-image-preview:large, max-video-preview:-1\" \/>\n<link rel=\"canonical\" href=\"https:\/\/quehacerpolitico.mx\/?p=104213\" \/>\n<meta property=\"og:locale\" content=\"es_MX\" \/>\n<meta property=\"og:type\" content=\"article\" \/>\n<meta property=\"og:title\" content=\"La\u00a0econom\u00eda estadounidense\u00a0creci\u00f3 0.5 por ciento en el segundo trimestre de este a\u00f1o con respecto al trimestre anterior -\" \/>\n<meta property=\"og:description\" content=\"Por Redacci\u00f3n QP EE.UU. redujo tambi\u00e9n la cifra del ritmo anual de crecimiento entre abril...\" \/>\n<meta property=\"og:url\" content=\"https:\/\/quehacerpolitico.mx\/?p=104213\" \/>\n<meta property=\"article:published_time\" content=\"2023-08-30T15:50:29+00:00\" \/>\n<meta property=\"article:modified_time\" content=\"2023-08-30T15:50:32+00:00\" \/>\n<meta property=\"og:image\" content=\"https:\/\/quehacerpolitico.mx\/wp-content\/uploads\/2023\/08\/IMG_0224.jpeg\" \/>\n\t<meta property=\"og:image:width\" content=\"739\" \/>\n\t<meta property=\"og:image:height\" content=\"415\" \/>\n\t<meta property=\"og:image:type\" content=\"image\/jpeg\" \/>\n<meta name=\"author\" content=\"Redacci\u00f3n QP\" \/>\n<meta name=\"twitter:card\" content=\"summary_large_image\" \/>\n<meta name=\"twitter:label1\" content=\"Escrito por\" \/>\n\t<meta name=\"twitter:data1\" content=\"Redacci\u00f3n QP\" \/>\n\t<meta name=\"twitter:label2\" content=\"Tiempo de lectura\" \/>\n\t<meta name=\"twitter:data2\" content=\"2 minutos\" \/>\n<script type=\"application\/ld+json\" class=\"yoast-schema-graph\">{\"@context\":\"https:\\\/\\\/schema.org\",\"@graph\":[{\"@type\":\"Article\",\"@id\":\"https:\\\/\\\/quehacerpolitico.mx\\\/?p=104213#article\",\"isPartOf\":{\"@id\":\"https:\\\/\\\/quehacerpolitico.mx\\\/?p=104213\"},\"author\":{\"name\":\"Redacci\u00f3n QP\",\"@id\":\"https:\\\/\\\/quehacerpolitico.mx\\\/#\\\/schema\\\/person\\\/496d8ad2d1d3f8036101dca7ee39e585\"},\"headline\":\"La\u00a0econom\u00eda estadounidense\u00a0creci\u00f3 0.5 por ciento en el segundo trimestre de este a\u00f1o con respecto al trimestre anterior\",\"datePublished\":\"2023-08-30T15:50:29+00:00\",\"dateModified\":\"2023-08-30T15:50:32+00:00\",\"mainEntityOfPage\":{\"@id\":\"https:\\\/\\\/quehacerpolitico.mx\\\/?p=104213\"},\"wordCount\":351,\"commentCount\":0,\"image\":{\"@id\":\"https:\\\/\\\/quehacerpolitico.mx\\\/?p=104213#primaryimage\"},\"thumbnailUrl\":\"https:\\\/\\\/quehacerpolitico.mx\\\/wp-content\\\/uploads\\\/2023\\\/08\\\/IMG_0224.jpeg\",\"articleSection\":[\"Econom\u00eda\"],\"inLanguage\":\"es\",\"potentialAction\":[{\"@type\":\"CommentAction\",\"name\":\"Comment\",\"target\":[\"https:\\\/\\\/quehacerpolitico.mx\\\/?p=104213#respond\"]}]},{\"@type\":\"WebPage\",\"@id\":\"https:\\\/\\\/quehacerpolitico.mx\\\/?p=104213\",\"url\":\"https:\\\/\\\/quehacerpolitico.mx\\\/?p=104213\",\"name\":\"La\u00a0econom\u00eda estadounidense\u00a0creci\u00f3 0.5 por ciento en el segundo trimestre de este a\u00f1o con respecto al trimestre anterior -\",\"isPartOf\":{\"@id\":\"https:\\\/\\\/quehacerpolitico.mx\\\/#website\"},\"primaryImageOfPage\":{\"@id\":\"https:\\\/\\\/quehacerpolitico.mx\\\/?p=104213#primaryimage\"},\"image\":{\"@id\":\"https:\\\/\\\/quehacerpolitico.mx\\\/?p=104213#primaryimage\"},\"thumbnailUrl\":\"https:\\\/\\\/quehacerpolitico.mx\\\/wp-content\\\/uploads\\\/2023\\\/08\\\/IMG_0224.jpeg\",\"datePublished\":\"2023-08-30T15:50:29+00:00\",\"dateModified\":\"2023-08-30T15:50:32+00:00\",\"author\":{\"@id\":\"https:\\\/\\\/quehacerpolitico.mx\\\/#\\\/schema\\\/person\\\/496d8ad2d1d3f8036101dca7ee39e585\"},\"breadcrumb\":{\"@id\":\"https:\\\/\\\/quehacerpolitico.mx\\\/?p=104213#breadcrumb\"},\"inLanguage\":\"es\",\"potentialAction\":[{\"@type\":\"ReadAction\",\"target\":[\"https:\\\/\\\/quehacerpolitico.mx\\\/?p=104213\"]}]},{\"@type\":\"ImageObject\",\"inLanguage\":\"es\",\"@id\":\"https:\\\/\\\/quehacerpolitico.mx\\\/?p=104213#primaryimage\",\"url\":\"https:\\\/\\\/quehacerpolitico.mx\\\/wp-content\\\/uploads\\\/2023\\\/08\\\/IMG_0224.jpeg\",\"contentUrl\":\"https:\\\/\\\/quehacerpolitico.mx\\\/wp-content\\\/uploads\\\/2023\\\/08\\\/IMG_0224.jpeg\",\"width\":739,\"height\":415},{\"@type\":\"BreadcrumbList\",\"@id\":\"https:\\\/\\\/quehacerpolitico.mx\\\/?p=104213#breadcrumb\",\"itemListElement\":[{\"@type\":\"ListItem\",\"position\":1,\"name\":\"Inicio\",\"item\":\"https:\\\/\\\/quehacerpolitico.mx\\\/\"},{\"@type\":\"ListItem\",\"position\":2,\"name\":\"La\u00a0econom\u00eda estadounidense\u00a0creci\u00f3 0.5 por ciento en el segundo trimestre de este a\u00f1o con respecto al trimestre anterior\"}]},{\"@type\":\"WebSite\",\"@id\":\"https:\\\/\\\/quehacerpolitico.mx\\\/#website\",\"url\":\"https:\\\/\\\/quehacerpolitico.mx\\\/\",\"name\":\"\",\"description\":\"\",\"potentialAction\":[{\"@type\":\"SearchAction\",\"target\":{\"@type\":\"EntryPoint\",\"urlTemplate\":\"https:\\\/\\\/quehacerpolitico.mx\\\/?s={search_term_string}\"},\"query-input\":{\"@type\":\"PropertyValueSpecification\",\"valueRequired\":true,\"valueName\":\"search_term_string\"}}],\"inLanguage\":\"es\"},{\"@type\":\"Person\",\"@id\":\"https:\\\/\\\/quehacerpolitico.mx\\\/#\\\/schema\\\/person\\\/496d8ad2d1d3f8036101dca7ee39e585\",\"name\":\"Redacci\u00f3n QP\",\"image\":{\"@type\":\"ImageObject\",\"inLanguage\":\"es\",\"@id\":\"https:\\\/\\\/secure.gravatar.com\\\/avatar\\\/c7164ed6fdec453195284ad24a5ae5b6e1eed2b848477fa2a4787ba9adf39a41?s=96&d=mm&r=g\",\"url\":\"https:\\\/\\\/secure.gravatar.com\\\/avatar\\\/c7164ed6fdec453195284ad24a5ae5b6e1eed2b848477fa2a4787ba9adf39a41?s=96&d=mm&r=g\",\"contentUrl\":\"https:\\\/\\\/secure.gravatar.com\\\/avatar\\\/c7164ed6fdec453195284ad24a5ae5b6e1eed2b848477fa2a4787ba9adf39a41?s=96&d=mm&r=g\",\"caption\":\"Redacci\u00f3n QP\"},\"url\":\"https:\\\/\\\/quehacerpolitico.mx\\\/?author=2\"}]}<\/script>\n<!-- \/ Yoast SEO plugin. -->","yoast_head_json":{"title":"La\u00a0econom\u00eda estadounidense\u00a0creci\u00f3 0.5 por ciento en el segundo trimestre de este a\u00f1o con respecto al trimestre anterior -","robots":{"index":"index","follow":"follow","max-snippet":"max-snippet:-1","max-image-preview":"max-image-preview:large","max-video-preview":"max-video-preview:-1"},"canonical":"https:\/\/quehacerpolitico.mx\/?p=104213","og_locale":"es_MX","og_type":"article","og_title":"La\u00a0econom\u00eda estadounidense\u00a0creci\u00f3 0.5 por ciento en el segundo trimestre de este a\u00f1o con respecto al trimestre anterior -","og_description":"Por Redacci\u00f3n QP EE.UU. redujo tambi\u00e9n la cifra del ritmo anual de crecimiento entre abril...","og_url":"https:\/\/quehacerpolitico.mx\/?p=104213","article_published_time":"2023-08-30T15:50:29+00:00","article_modified_time":"2023-08-30T15:50:32+00:00","og_image":[{"width":739,"height":415,"url":"https:\/\/quehacerpolitico.mx\/wp-content\/uploads\/2023\/08\/IMG_0224.jpeg","type":"image\/jpeg"}],"author":"Redacci\u00f3n QP","twitter_card":"summary_large_image","twitter_misc":{"Escrito por":"Redacci\u00f3n QP","Tiempo de lectura":"2 minutos"},"schema":{"@context":"https:\/\/schema.org","@graph":[{"@type":"Article","@id":"https:\/\/quehacerpolitico.mx\/?p=104213#article","isPartOf":{"@id":"https:\/\/quehacerpolitico.mx\/?p=104213"},"author":{"name":"Redacci\u00f3n QP","@id":"https:\/\/quehacerpolitico.mx\/#\/schema\/person\/496d8ad2d1d3f8036101dca7ee39e585"},"headline":"La\u00a0econom\u00eda estadounidense\u00a0creci\u00f3 0.5 por ciento en el segundo trimestre de este a\u00f1o con respecto al trimestre anterior","datePublished":"2023-08-30T15:50:29+00:00","dateModified":"2023-08-30T15:50:32+00:00","mainEntityOfPage":{"@id":"https:\/\/quehacerpolitico.mx\/?p=104213"},"wordCount":351,"commentCount":0,"image":{"@id":"https:\/\/quehacerpolitico.mx\/?p=104213#primaryimage"},"thumbnailUrl":"https:\/\/quehacerpolitico.mx\/wp-content\/uploads\/2023\/08\/IMG_0224.jpeg","articleSection":["Econom\u00eda"],"inLanguage":"es","potentialAction":[{"@type":"CommentAction","name":"Comment","target":["https:\/\/quehacerpolitico.mx\/?p=104213#respond"]}]},{"@type":"WebPage","@id":"https:\/\/quehacerpolitico.mx\/?p=104213","url":"https:\/\/quehacerpolitico.mx\/?p=104213","name":"La\u00a0econom\u00eda estadounidense\u00a0creci\u00f3 0.5 por ciento en el segundo trimestre de este a\u00f1o con respecto al trimestre anterior -","isPartOf":{"@id":"https:\/\/quehacerpolitico.mx\/#website"},"primaryImageOfPage":{"@id":"https:\/\/quehacerpolitico.mx\/?p=104213#primaryimage"},"image":{"@id":"https:\/\/quehacerpolitico.mx\/?p=104213#primaryimage"},"thumbnailUrl":"https:\/\/quehacerpolitico.mx\/wp-content\/uploads\/2023\/08\/IMG_0224.jpeg","datePublished":"2023-08-30T15:50:29+00:00","dateModified":"2023-08-30T15:50:32+00:00","author":{"@id":"https:\/\/quehacerpolitico.mx\/#\/schema\/person\/496d8ad2d1d3f8036101dca7ee39e585"},"breadcrumb":{"@id":"https:\/\/quehacerpolitico.mx\/?p=104213#breadcrumb"},"inLanguage":"es","potentialAction":[{"@type":"ReadAction","target":["https:\/\/quehacerpolitico.mx\/?p=104213"]}]},{"@type":"ImageObject","inLanguage":"es","@id":"https:\/\/quehacerpolitico.mx\/?p=104213#primaryimage","url":"https:\/\/quehacerpolitico.mx\/wp-content\/uploads\/2023\/08\/IMG_0224.jpeg","contentUrl":"https:\/\/quehacerpolitico.mx\/wp-content\/uploads\/2023\/08\/IMG_0224.jpeg","width":739,"height":415},{"@type":"BreadcrumbList","@id":"https:\/\/quehacerpolitico.mx\/?p=104213#breadcrumb","itemListElement":[{"@type":"ListItem","position":1,"name":"Inicio","item":"https:\/\/quehacerpolitico.mx\/"},{"@type":"ListItem","position":2,"name":"La\u00a0econom\u00eda estadounidense\u00a0creci\u00f3 0.5 por ciento en el segundo trimestre de este a\u00f1o con respecto al trimestre anterior"}]},{"@type":"WebSite","@id":"https:\/\/quehacerpolitico.mx\/#website","url":"https:\/\/quehacerpolitico.mx\/","name":"","description":"","potentialAction":[{"@type":"SearchAction","target":{"@type":"EntryPoint","urlTemplate":"https:\/\/quehacerpolitico.mx\/?s={search_term_string}"},"query-input":{"@type":"PropertyValueSpecification","valueRequired":true,"valueName":"search_term_string"}}],"inLanguage":"es"},{"@type":"Person","@id":"https:\/\/quehacerpolitico.mx\/#\/schema\/person\/496d8ad2d1d3f8036101dca7ee39e585","name":"Redacci\u00f3n QP","image":{"@type":"ImageObject","inLanguage":"es","@id":"https:\/\/secure.gravatar.com\/avatar\/c7164ed6fdec453195284ad24a5ae5b6e1eed2b848477fa2a4787ba9adf39a41?s=96&d=mm&r=g","url":"https:\/\/secure.gravatar.com\/avatar\/c7164ed6fdec453195284ad24a5ae5b6e1eed2b848477fa2a4787ba9adf39a41?s=96&d=mm&r=g","contentUrl":"https:\/\/secure.gravatar.com\/avatar\/c7164ed6fdec453195284ad24a5ae5b6e1eed2b848477fa2a4787ba9adf39a41?s=96&d=mm&r=g","caption":"Redacci\u00f3n QP"},"url":"https:\/\/quehacerpolitico.mx\/?author=2"}]}},"featured_image_urls":{"full":["https:\/\/quehacerpolitico.mx\/wp-content\/uploads\/2023\/08\/IMG_0224.jpeg",739,415,false],"thumbnail":["https:\/\/quehacerpolitico.mx\/wp-content\/uploads\/2023\/08\/IMG_0224-150x150.jpeg",150,150,true],"medium":["https:\/\/quehacerpolitico.mx\/wp-content\/uploads\/2023\/08\/IMG_0224-300x168.jpeg",300,168,true],"medium_large":["https:\/\/quehacerpolitico.mx\/wp-content\/uploads\/2023\/08\/IMG_0224.jpeg",640,359,false],"large":["https:\/\/quehacerpolitico.mx\/wp-content\/uploads\/2023\/08\/IMG_0224.jpeg",640,359,false],"1536x1536":["https:\/\/quehacerpolitico.mx\/wp-content\/uploads\/2023\/08\/IMG_0224.jpeg",739,415,false],"2048x2048":["https:\/\/quehacerpolitico.mx\/wp-content\/uploads\/2023\/08\/IMG_0224.jpeg",739,415,false],"covernews-featured":["https:\/\/quehacerpolitico.mx\/wp-content\/uploads\/2023\/08\/IMG_0224.jpeg",739,415,false],"covernews-medium":["https:\/\/quehacerpolitico.mx\/wp-content\/uploads\/2023\/08\/IMG_0224.jpeg",540,303,false]},"author_info":{"display_name":"Redacci\u00f3n QP","author_link":"https:\/\/quehacerpolitico.mx\/?author=2"},"category_info":"<a href=\"https:\/\/quehacerpolitico.mx\/?cat=56\" rel=\"category\">Econom\u00eda<\/a>","tag_info":"Econom\u00eda","comment_count":"0","_links":{"self":[{"href":"https:\/\/quehacerpolitico.mx\/index.php?rest_route=\/wp\/v2\/posts\/104213","targetHints":{"allow":["GET"]}}],"collection":[{"href":"https:\/\/quehacerpolitico.mx\/index.php?rest_route=\/wp\/v2\/posts"}],"about":[{"href":"https:\/\/quehacerpolitico.mx\/index.php?rest_route=\/wp\/v2\/types\/post"}],"author":[{"embeddable":true,"href":"https:\/\/quehacerpolitico.mx\/index.php?rest_route=\/wp\/v2\/users\/2"}],"replies":[{"embeddable":true,"href":"https:\/\/quehacerpolitico.mx\/index.php?rest_route=%2Fwp%2Fv2%2Fcomments&post=104213"}],"version-history":[{"count":1,"href":"https:\/\/quehacerpolitico.mx\/index.php?rest_route=\/wp\/v2\/posts\/104213\/revisions"}],"predecessor-version":[{"id":104215,"href":"https:\/\/quehacerpolitico.mx\/index.php?rest_route=\/wp\/v2\/posts\/104213\/revisions\/104215"}],"wp:featuredmedia":[{"embeddable":true,"href":"https:\/\/quehacerpolitico.mx\/index.php?rest_route=\/wp\/v2\/media\/104214"}],"wp:attachment":[{"href":"https:\/\/quehacerpolitico.mx\/index.php?rest_route=%2Fwp%2Fv2%2Fmedia&parent=104213"}],"wp:term":[{"taxonomy":"category","embeddable":true,"href":"https:\/\/quehacerpolitico.mx\/index.php?rest_route=%2Fwp%2Fv2%2Fcategories&post=104213"},{"taxonomy":"post_tag","embeddable":true,"href":"https:\/\/quehacerpolitico.mx\/index.php?rest_route=%2Fwp%2Fv2%2Ftags&post=104213"}],"curies":[{"name":"wp","href":"https:\/\/api.w.org\/{rel}","templated":true}]}}