{"id":10421,"date":"2018-11-28T16:35:55","date_gmt":"2018-11-28T16:35:55","guid":{"rendered":"http:\/\/quehacerpolitico.mx\/internacionales-carolina-alonso-romei-mexico-habria-perdido-millones-de-empleos-sin-kushner-alega-videgaray-las-criticas-no-cesan\/"},"modified":"2018-11-28T16:35:55","modified_gmt":"2018-11-28T16:35:55","slug":"internacionales-carolina-alonso-romei-mexico-habria-perdido-millones-de-empleos-sin-kushner-alega-videgaray-las-criticas-no-cesan","status":"publish","type":"post","link":"https:\/\/quehacerpolitico.mx\/?p=10421","title":{"rendered":"Internacionales\/\/\/Carolina Alonso Romei\/\/\/M\u00e9xico habr\u00eda perdido millones de empleos sin Kushner, alega Videgaray; las cr\u00edticas no cesan"},"content":{"rendered":"<h1>M\u00e9xico habr\u00eda perdido millones de empleos sin Kushner, alega Videgaray; las cr\u00edticas no cesan<\/h1>\n<p>Por Carolina Alonso Romei<\/p>\n<p>Internacionalista<\/p>\n<p><strong>Luis Videgaray Caso<\/strong>, titular de la <strong>Secretar\u00eda de Relaciones Exteriores<\/strong>(SRE), justific\u00f3 esta ma\u00f1ana la decisi\u00f3n del <strong>Gobierno mexicano<\/strong> de entregar la <strong>Orden del \u00c1guila Azteca<\/strong> a <strong>Jared Kushner<\/strong>, yerno del Presidente <strong>Donald Trump<\/strong> y asesor en la Casa Blanca. Sin Kushner, dijo el Canciller, \u201choy no tendr\u00edamos el tratado de libre comercio con Estados Unidos y Canad\u00e1\u201d y <strong>M\u00e9xico habr\u00eda perdido<\/strong> \u201c<strong>millones de empleos<\/strong>\u201c.<\/p>\n<p>La decisi\u00f3n de entregar la medalla al esposo de Ivanka Trump ha generado una ola de repudio en las <strong>redes sociales<\/strong>, que cumple ya casi 24 horas, contra el propio Videgaray Caso y contra el a\u00fan Presidente Enrique Pe\u00f1a Nieto.<\/p>\n<p>Al respecto, el Presidente electo, <strong>Andr\u00e9s Manuel L\u00f3pez Obrador<\/strong>, calific\u00f3 como \u201cajustada a la realidad\u201d la decisi\u00f3n del Gobierno de Enrique Pe\u00f1a Nieto y dijo que cada Gobierno federal toma sus decisiones.<\/p>\n<p>Consultado por La Jornada, L\u00f3pez Obrador detall\u00f3 que si la decisi\u00f3n se tom\u00f3 por la aportaci\u00f3n del yerno del mandatario estadounidense en la negociaci\u00f3n del T-MEC fue apegada a la realidad, porque Kushner \u201csiempre estuvo presente\u201d en las negociaciones del acuerdo comercial.<\/p>\n<blockquote>\n<p>\u201c\u00c9l ayud\u00f3 en la negociaci\u00f3n durante el tratado. Si ese es el argumento que est\u00e1 utilizando el Gobierno mexicano, considero que es algo apegado a la realidad, o que se ajusta a la realidad. En las negociaciones del tratado siempre estuvo \u00e9l presente\u201d, dijo el Presidente electo al diario.<\/p>\n<p>\u201cCada gobierno tiene su forma de actuar; para ellos (el Gobierno de Pe\u00f1a) fue importante la participaci\u00f3n de este se\u00f1or, ese es un enfoque, por eso el reconocimiento. Ellos lo han tratado m\u00e1s, yo no tengo nada en contra de \u00e9l, nada en contra del postulado a la medalla\u201d, a\u00f1adi\u00f3.<\/p>\n<\/blockquote>\n<div id=\"attachment_3503646\" class=\"wp-caption alignnone\"><img loading=\"lazy\" decoding=\"async\" class=\"size-full wp-image-3503646\" src=\"https:\/\/www.sinembargo.mx\/wp-content\/uploads\/2018\/11\/videgaray_reunio769n_eeuu-1-1.jpg\" sizes=\"auto, (max-width: 700px) 100vw, 700px\" srcset=\"https:\/\/www.sinembargo.mx\/wp-content\/uploads\/2018\/11\/videgaray_reunio769n_eeuu-1-1.jpg 700w, https:\/\/www.sinembargo.mx\/wp-content\/uploads\/2018\/11\/videgaray_reunio769n_eeuu-1-1-300x200.jpg 300w\" alt=\"\" width=\"700\" height=\"467\" \/><\/p>\n<p class=\"wp-caption-text\">El Canciller mexicano, y amigo de Kushner, Luis Videgaray Caso, dijo que las cr\u00edticas contra el anuncio de la condecoraci\u00f3n es porque se desconoce el \u201ctrabajo tan arduo\u201d que el yerno de Trump hizo por M\u00e9xico. Foto: Cuartoscuro<\/p>\n<\/div>\n<p>En entrevista con Carlos Loret de Mola, el Canciller mexicano y amigo de Kushner, Luis Videgaray Caso, dijo que las cr\u00edticas contra el anuncio de la condecoraci\u00f3n es porque se desconoce el \u201ctrabajo tan arduo\u201d que el yerno de Trump hizo en la negociaci\u00f3n del acuerdo comercial.<\/p>\n<p>Asegur\u00f3 que la participaci\u00f3n del esposo de Ivanka Trump fue muy importante lograr un nuevo acuerdo con Estados Unidos.<\/p>\n<p>Incluso dijo que sin Kushner \u201choy no tendr\u00edamos el tratado de libre comercio con Estados Unidos y Canad\u00e1\u201d.<\/p>\n<blockquote>\n<p>\u201cFue gracias a su intervenci\u00f3n en momentos muy dif\u00edciles, de gran incertidumbre, que se logr\u00f3 que Estados Unidos en lugar de salirse del tratado, como lo pensaba Trump, y as\u00ed lo hab\u00eda anunciado durante su campa\u00f1a, optara por intentar una negociaci\u00f3n\u201d, precis\u00f3 el Canciller mexicano.<\/p>\n<\/blockquote>\n<p>Videgaray tambi\u00e9n destac\u00f3 que sin la participaci\u00f3n de Kushner \u201cen M\u00e9xico se hubieran perdido millones de empleos que dependen de nuestra capacidad de exportar libremente a Estados Unidos\u201d.<\/p>\n<p><strong>LA CR\u00cdTICAS<\/strong><\/p>\n<p>Esta ma\u00f1ana contin\u00faa como tendencia el hashtag <strong>#\u00c1guilaAzteca<\/strong>, con el que decenas de usuarios se suman a las cr\u00edticas en contra de que se entregue la m\u00e1xima condecoraci\u00f3n de M\u00e9xico a un extranjero a Jared Kushner.<\/p>\n<p>Desde este martes, el anuncio de que el Presidente Enrique Pe\u00f1a Nieto entregar\u00e1 la condecoraci\u00f3n a Kushner en el marco de la reuni\u00f3n del G20 en Buenos Aires, Argentina, ha desatado una ola de repudio en las redes sociales, donde intelectuales, periodistas, l\u00edderes de opini\u00f3n y usuarios en general, calificaron de \u201cc\u00ednica\u201d la decisi\u00f3n del Jefe del Ejecutivo federal.<\/p>\n<blockquote>\n<p>\u201cLa indignidad y el cinismo del gobierno que encabezaron, en t\u00e1ndem, los se\u00f1ores @epn y @LVidegaray encuentra su culminaci\u00f3n con la condecoraci\u00f3n a Jared Kushner, mano derecha de Donald Trump, presidente nativista y anti-mexicano. Repugnante\u201d, escribi\u00f3 Le\u00f3n Krauze (@leonkrauze), uno de los usuarios m\u00e1s trascendentes de la discusi\u00f3n.<\/p>\n<\/blockquote>\n<p>Tambi\u00e9n la periodista mexicana Dolia Est\u00e9vez, quien por a\u00f1os ha cubierto la relaci\u00f3n M\u00e9xico-Estados Unidos desde Washington, DC, reaccion\u00f3 al anuncio desde su cuenta en Twitter.<\/p>\n<blockquote>\n<p>@EPN premiar\u00e1 con el \u00c1guila Azteca al yerno de Trump, Jared Kushner, amigo de @LVidegaray, dicen fuentes de Presidencia. V\u00eda @SinEmbargoMx. ((Wow! Se van como llegaron atropellando la dignidad nacional.<\/p>\n<\/blockquote>\n<p>Jes\u00fas Silva-Herzog M\u00e1rquez, polit\u00f3logo mexicano, fue implacable: \u201c\u00bfEl \u00e1guila azteca a Kushner? \u00bfDe verdad? As\u00ed se despide el gobierno de la indignidad. Perfecta corona de su indecencia\u201d, escribi\u00f3 desde su cuenta (@jshm00).<\/p>\n<p>Pol\u00edtico y acad\u00e9mico, Agust\u00edn Basave Ben\u00edtez escribi\u00f3: \u201cSi se confirma la noticia de que @EPN entregar\u00e1 el \u00c1guila Azteca a Kushner, ser\u00e1 el \u00faltimo escupitajo del presidente y su alter ego @LVidegaray a la dignidad nacional\u201d.<\/p>\n<p>\u201cQu\u00e9 nivel de humillaci\u00f3n auto infligida, demeritando cualquier valor agregado que esa condecoraci\u00f3n pudiera tener. Verg\u00fcenza. Tremenda. Y ni se diga del encabronamiento que nos causa\u201d, escribi\u00f3 al respecto Gael Garc\u00eda Bernal, actor mexicano.<\/p>\n<div id=\"attachment_3503645\" class=\"wp-caption alignnone\"><img loading=\"lazy\" decoding=\"async\" class=\"size-full wp-image-3503645\" src=\"https:\/\/www.sinembargo.mx\/wp-content\/uploads\/2018\/11\/jared-1.jpg\" sizes=\"auto, (max-width: 700px) 100vw, 700px\" srcset=\"https:\/\/www.sinembargo.mx\/wp-content\/uploads\/2018\/11\/jared-1.jpg 700w, https:\/\/www.sinembargo.mx\/wp-content\/uploads\/2018\/11\/jared-1-300x199.jpg 300w\" alt=\"\" width=\"700\" height=\"465\" \/><\/p>\n<p class=\"wp-caption-text\">Kushner ha visitado p\u00fablicamente M\u00e9xico en dos ocasiones. Foto: Cuartoscuro<\/p>\n<\/div>\n<p><strong>LA CONDECORACI\u00d3N<\/strong><\/p>\n<p>La decisi\u00f3n fue confirmada por la Secretar\u00eda de Relaciones Exteriores (SRE) quien asegur\u00f3 que \u201cel se\u00f1or Kushner desempe\u00f1\u00f3 un papel fundamental a lo largo de todo el proceso, apoyando de manera decidida el desarrollo de las conversaciones comerciales entre ambos pa\u00edses, logr\u00e1ndose con ello resultados satisfactorios en un nuevo acuerdo en materia econ\u00f3mica para los tres pa\u00edses\u201d.<\/p>\n<p>El yerno de Trump mantiene desde la campa\u00f1a electoral estadounidense de 2016 una cercana relaci\u00f3n con el Canciller de M\u00e9xico, Luis Videgaray, quien suele reunirse con \u00e9l en sus frecuentes visitas a Washington.<\/p>\n<p>Kushner ha visitado p\u00fablicamente M\u00e9xico en dos ocasiones, la primera en marzo cuando mantuvo un encuentro con el Presidente Enrique Pe\u00f1a Nieto en el que abordaron asuntos migratorios y una posible reuni\u00f3n entre el mandatario mexicano y Trump, que nunca se lleg\u00f3 a concretar.<\/p>\n<p>Y la segunda en julio, cuando Kushner regres\u00f3 al pa\u00eds junto a una delegaci\u00f3n de altos funcionarios que se encontraron con el presidente electo Andr\u00e9s Manuel L\u00f3pez Obrador, quien asumir\u00e1 la Presidencia este s\u00e1bado.<\/p>\n<p><strong>\u00bfQUI\u00c9NES HAN RECIBIDO LA ORDEN?<\/strong><\/p>\n<p>La Orden Mexicana del \u00c1guila Azteca es la m\u00e1s alta distinci\u00f3n que se les otorga a los extranjeros en M\u00e9xico por servicios prestados al pa\u00eds, seg\u00fan la Ley de Premios, Est\u00edmulos y Recompensas Civiles.<\/p>\n<p>La condecoraci\u00f3n fue otorgada al ex l\u00edder cubano Fidel Castro; al escritor y Premio Nobel de literatura, Gabriel Garc\u00eda M\u00e1rquez; el Rey Felipe VI de Espa\u00f1a; al ex Presidente de Estados Unidos Dwight D. Eisenhower; a la reina Isabel II del Reino Unido; al ex Presidente de Uruguay, Jos\u00e9 Mujica, y a la ex Presidenta de Brasil, Dilma Rousseff.<\/p>\n<p>Tambi\u00e9n han sido galardonados el escritor Mario Vargas Llosa, la activista Rigoberta Mench\u00fa, los directores de cine Walt Disney y James Cameron, y el empresario Bill Gates y su esposa Melinda Gates.<\/p>\n<p><em>Con informaci\u00f3n de EFE y AP<\/em><\/p>\n","protected":false},"excerpt":{"rendered":"<p>M\u00e9xico habr\u00eda perdido millones de empleos sin Kushner, alega Videgaray; las cr\u00edticas no cesan<br \/>\nPor Carolina Alonso Romei<br \/>\nInternacionalista<\/p>\n","protected":false},"author":2,"featured_media":10420,"comment_status":"open","ping_status":"open","sticky":false,"template":"","format":"standard","meta":{"_monsterinsights_skip_tracking":false,"_monsterinsights_sitenote_active":false,"_monsterinsights_sitenote_note":"","_monsterinsights_sitenote_category":0,"footnotes":""},"categories":[1],"tags":[],"class_list":["post-10421","post","type-post","status-publish","format-standard","has-post-thumbnail","hentry","category-sin-categoria"],"yoast_head":"<!-- This site is optimized with the Yoast SEO plugin v27.3 - https:\/\/yoast.com\/product\/yoast-seo-wordpress\/ -->\n<title>Internacionales\/\/\/Carolina Alonso Romei\/\/\/M\u00e9xico habr\u00eda perdido millones de empleos sin Kushner, alega Videgaray; las cr\u00edticas no cesan -<\/title>\n<meta name=\"robots\" content=\"index, follow, max-snippet:-1, max-image-preview:large, max-video-preview:-1\" \/>\n<link rel=\"canonical\" href=\"https:\/\/quehacerpolitico.mx\/?p=10421\" \/>\n<meta property=\"og:locale\" content=\"es_MX\" \/>\n<meta property=\"og:type\" content=\"article\" \/>\n<meta property=\"og:title\" content=\"Internacionales\/\/\/Carolina Alonso Romei\/\/\/M\u00e9xico habr\u00eda perdido millones de empleos sin Kushner, alega Videgaray; las cr\u00edticas no cesan -\" \/>\n<meta property=\"og:description\" content=\"M\u00e9xico habr\u00eda perdido millones de empleos sin Kushner, alega Videgaray; las cr\u00edticas no cesan Por Carolina Alonso Romei Internacionalista\" \/>\n<meta property=\"og:url\" content=\"https:\/\/quehacerpolitico.mx\/?p=10421\" \/>\n<meta property=\"article:published_time\" content=\"2018-11-28T16:35:55+00:00\" \/>\n<meta name=\"author\" content=\"Redacci\u00f3n QP\" \/>\n<meta name=\"twitter:card\" content=\"summary_large_image\" \/>\n<meta name=\"twitter:label1\" content=\"Escrito por\" \/>\n\t<meta name=\"twitter:data1\" content=\"Redacci\u00f3n QP\" \/>\n\t<meta name=\"twitter:label2\" content=\"Tiempo de lectura\" \/>\n\t<meta name=\"twitter:data2\" content=\"6 minutos\" \/>\n<script type=\"application\/ld+json\" class=\"yoast-schema-graph\">{\"@context\":\"https:\\\/\\\/schema.org\",\"@graph\":[{\"@type\":\"Article\",\"@id\":\"https:\\\/\\\/quehacerpolitico.mx\\\/?p=10421#article\",\"isPartOf\":{\"@id\":\"https:\\\/\\\/quehacerpolitico.mx\\\/?p=10421\"},\"author\":{\"name\":\"Redacci\u00f3n QP\",\"@id\":\"https:\\\/\\\/quehacerpolitico.mx\\\/#\\\/schema\\\/person\\\/496d8ad2d1d3f8036101dca7ee39e585\"},\"headline\":\"Internacionales\\\/\\\/\\\/Carolina Alonso Romei\\\/\\\/\\\/M\u00e9xico habr\u00eda perdido millones de empleos sin Kushner, alega Videgaray; las cr\u00edticas no cesan\",\"datePublished\":\"2018-11-28T16:35:55+00:00\",\"mainEntityOfPage\":{\"@id\":\"https:\\\/\\\/quehacerpolitico.mx\\\/?p=10421\"},\"wordCount\":1246,\"commentCount\":0,\"image\":{\"@id\":\"https:\\\/\\\/quehacerpolitico.mx\\\/?p=10421#primaryimage\"},\"thumbnailUrl\":\"\",\"articleSection\":[\"Internacionales\"],\"inLanguage\":\"es\",\"potentialAction\":[{\"@type\":\"CommentAction\",\"name\":\"Comment\",\"target\":[\"https:\\\/\\\/quehacerpolitico.mx\\\/?p=10421#respond\"]}]},{\"@type\":\"WebPage\",\"@id\":\"https:\\\/\\\/quehacerpolitico.mx\\\/?p=10421\",\"url\":\"https:\\\/\\\/quehacerpolitico.mx\\\/?p=10421\",\"name\":\"Internacionales\\\/\\\/\\\/Carolina Alonso Romei\\\/\\\/\\\/M\u00e9xico habr\u00eda perdido millones de empleos sin Kushner, alega Videgaray; las cr\u00edticas no cesan -\",\"isPartOf\":{\"@id\":\"https:\\\/\\\/quehacerpolitico.mx\\\/#website\"},\"primaryImageOfPage\":{\"@id\":\"https:\\\/\\\/quehacerpolitico.mx\\\/?p=10421#primaryimage\"},\"image\":{\"@id\":\"https:\\\/\\\/quehacerpolitico.mx\\\/?p=10421#primaryimage\"},\"thumbnailUrl\":\"\",\"datePublished\":\"2018-11-28T16:35:55+00:00\",\"author\":{\"@id\":\"https:\\\/\\\/quehacerpolitico.mx\\\/#\\\/schema\\\/person\\\/496d8ad2d1d3f8036101dca7ee39e585\"},\"breadcrumb\":{\"@id\":\"https:\\\/\\\/quehacerpolitico.mx\\\/?p=10421#breadcrumb\"},\"inLanguage\":\"es\",\"potentialAction\":[{\"@type\":\"ReadAction\",\"target\":[\"https:\\\/\\\/quehacerpolitico.mx\\\/?p=10421\"]}]},{\"@type\":\"ImageObject\",\"inLanguage\":\"es\",\"@id\":\"https:\\\/\\\/quehacerpolitico.mx\\\/?p=10421#primaryimage\",\"url\":\"\",\"contentUrl\":\"\"},{\"@type\":\"BreadcrumbList\",\"@id\":\"https:\\\/\\\/quehacerpolitico.mx\\\/?p=10421#breadcrumb\",\"itemListElement\":[{\"@type\":\"ListItem\",\"position\":1,\"name\":\"Inicio\",\"item\":\"https:\\\/\\\/quehacerpolitico.mx\\\/\"},{\"@type\":\"ListItem\",\"position\":2,\"name\":\"Internacionales\\\/\\\/\\\/Carolina Alonso Romei\\\/\\\/\\\/M\u00e9xico habr\u00eda perdido millones de empleos sin Kushner, alega Videgaray; las cr\u00edticas no cesan\"}]},{\"@type\":\"WebSite\",\"@id\":\"https:\\\/\\\/quehacerpolitico.mx\\\/#website\",\"url\":\"https:\\\/\\\/quehacerpolitico.mx\\\/\",\"name\":\"\",\"description\":\"\",\"potentialAction\":[{\"@type\":\"SearchAction\",\"target\":{\"@type\":\"EntryPoint\",\"urlTemplate\":\"https:\\\/\\\/quehacerpolitico.mx\\\/?s={search_term_string}\"},\"query-input\":{\"@type\":\"PropertyValueSpecification\",\"valueRequired\":true,\"valueName\":\"search_term_string\"}}],\"inLanguage\":\"es\"},{\"@type\":\"Person\",\"@id\":\"https:\\\/\\\/quehacerpolitico.mx\\\/#\\\/schema\\\/person\\\/496d8ad2d1d3f8036101dca7ee39e585\",\"name\":\"Redacci\u00f3n QP\",\"image\":{\"@type\":\"ImageObject\",\"inLanguage\":\"es\",\"@id\":\"https:\\\/\\\/secure.gravatar.com\\\/avatar\\\/c7164ed6fdec453195284ad24a5ae5b6e1eed2b848477fa2a4787ba9adf39a41?s=96&d=mm&r=g\",\"url\":\"https:\\\/\\\/secure.gravatar.com\\\/avatar\\\/c7164ed6fdec453195284ad24a5ae5b6e1eed2b848477fa2a4787ba9adf39a41?s=96&d=mm&r=g\",\"contentUrl\":\"https:\\\/\\\/secure.gravatar.com\\\/avatar\\\/c7164ed6fdec453195284ad24a5ae5b6e1eed2b848477fa2a4787ba9adf39a41?s=96&d=mm&r=g\",\"caption\":\"Redacci\u00f3n QP\"},\"url\":\"https:\\\/\\\/quehacerpolitico.mx\\\/?author=2\"}]}<\/script>\n<!-- \/ Yoast SEO plugin. -->","yoast_head_json":{"title":"Internacionales\/\/\/Carolina Alonso Romei\/\/\/M\u00e9xico habr\u00eda perdido millones de empleos sin Kushner, alega Videgaray; las cr\u00edticas no cesan -","robots":{"index":"index","follow":"follow","max-snippet":"max-snippet:-1","max-image-preview":"max-image-preview:large","max-video-preview":"max-video-preview:-1"},"canonical":"https:\/\/quehacerpolitico.mx\/?p=10421","og_locale":"es_MX","og_type":"article","og_title":"Internacionales\/\/\/Carolina Alonso Romei\/\/\/M\u00e9xico habr\u00eda perdido millones de empleos sin Kushner, alega Videgaray; las cr\u00edticas no cesan -","og_description":"M\u00e9xico habr\u00eda perdido millones de empleos sin Kushner, alega Videgaray; las cr\u00edticas no cesan Por Carolina Alonso Romei Internacionalista","og_url":"https:\/\/quehacerpolitico.mx\/?p=10421","article_published_time":"2018-11-28T16:35:55+00:00","author":"Redacci\u00f3n QP","twitter_card":"summary_large_image","twitter_misc":{"Escrito por":"Redacci\u00f3n QP","Tiempo de lectura":"6 minutos"},"schema":{"@context":"https:\/\/schema.org","@graph":[{"@type":"Article","@id":"https:\/\/quehacerpolitico.mx\/?p=10421#article","isPartOf":{"@id":"https:\/\/quehacerpolitico.mx\/?p=10421"},"author":{"name":"Redacci\u00f3n QP","@id":"https:\/\/quehacerpolitico.mx\/#\/schema\/person\/496d8ad2d1d3f8036101dca7ee39e585"},"headline":"Internacionales\/\/\/Carolina Alonso Romei\/\/\/M\u00e9xico habr\u00eda perdido millones de empleos sin Kushner, alega Videgaray; las cr\u00edticas no cesan","datePublished":"2018-11-28T16:35:55+00:00","mainEntityOfPage":{"@id":"https:\/\/quehacerpolitico.mx\/?p=10421"},"wordCount":1246,"commentCount":0,"image":{"@id":"https:\/\/quehacerpolitico.mx\/?p=10421#primaryimage"},"thumbnailUrl":"","articleSection":["Internacionales"],"inLanguage":"es","potentialAction":[{"@type":"CommentAction","name":"Comment","target":["https:\/\/quehacerpolitico.mx\/?p=10421#respond"]}]},{"@type":"WebPage","@id":"https:\/\/quehacerpolitico.mx\/?p=10421","url":"https:\/\/quehacerpolitico.mx\/?p=10421","name":"Internacionales\/\/\/Carolina Alonso Romei\/\/\/M\u00e9xico habr\u00eda perdido millones de empleos sin Kushner, alega Videgaray; las cr\u00edticas no cesan -","isPartOf":{"@id":"https:\/\/quehacerpolitico.mx\/#website"},"primaryImageOfPage":{"@id":"https:\/\/quehacerpolitico.mx\/?p=10421#primaryimage"},"image":{"@id":"https:\/\/quehacerpolitico.mx\/?p=10421#primaryimage"},"thumbnailUrl":"","datePublished":"2018-11-28T16:35:55+00:00","author":{"@id":"https:\/\/quehacerpolitico.mx\/#\/schema\/person\/496d8ad2d1d3f8036101dca7ee39e585"},"breadcrumb":{"@id":"https:\/\/quehacerpolitico.mx\/?p=10421#breadcrumb"},"inLanguage":"es","potentialAction":[{"@type":"ReadAction","target":["https:\/\/quehacerpolitico.mx\/?p=10421"]}]},{"@type":"ImageObject","inLanguage":"es","@id":"https:\/\/quehacerpolitico.mx\/?p=10421#primaryimage","url":"","contentUrl":""},{"@type":"BreadcrumbList","@id":"https:\/\/quehacerpolitico.mx\/?p=10421#breadcrumb","itemListElement":[{"@type":"ListItem","position":1,"name":"Inicio","item":"https:\/\/quehacerpolitico.mx\/"},{"@type":"ListItem","position":2,"name":"Internacionales\/\/\/Carolina Alonso Romei\/\/\/M\u00e9xico habr\u00eda perdido millones de empleos sin Kushner, alega Videgaray; las cr\u00edticas no cesan"}]},{"@type":"WebSite","@id":"https:\/\/quehacerpolitico.mx\/#website","url":"https:\/\/quehacerpolitico.mx\/","name":"","description":"","potentialAction":[{"@type":"SearchAction","target":{"@type":"EntryPoint","urlTemplate":"https:\/\/quehacerpolitico.mx\/?s={search_term_string}"},"query-input":{"@type":"PropertyValueSpecification","valueRequired":true,"valueName":"search_term_string"}}],"inLanguage":"es"},{"@type":"Person","@id":"https:\/\/quehacerpolitico.mx\/#\/schema\/person\/496d8ad2d1d3f8036101dca7ee39e585","name":"Redacci\u00f3n QP","image":{"@type":"ImageObject","inLanguage":"es","@id":"https:\/\/secure.gravatar.com\/avatar\/c7164ed6fdec453195284ad24a5ae5b6e1eed2b848477fa2a4787ba9adf39a41?s=96&d=mm&r=g","url":"https:\/\/secure.gravatar.com\/avatar\/c7164ed6fdec453195284ad24a5ae5b6e1eed2b848477fa2a4787ba9adf39a41?s=96&d=mm&r=g","contentUrl":"https:\/\/secure.gravatar.com\/avatar\/c7164ed6fdec453195284ad24a5ae5b6e1eed2b848477fa2a4787ba9adf39a41?s=96&d=mm&r=g","caption":"Redacci\u00f3n QP"},"url":"https:\/\/quehacerpolitico.mx\/?author=2"}]}},"featured_image_urls":{"full":"","thumbnail":"","medium":"","medium_large":"","large":"","1536x1536":"","2048x2048":"","covernews-featured":"","covernews-medium":""},"author_info":{"display_name":"Redacci\u00f3n QP","author_link":"https:\/\/quehacerpolitico.mx\/?author=2"},"category_info":"<a href=\"https:\/\/quehacerpolitico.mx\/?cat=1\" rel=\"category\">Internacionales<\/a>","tag_info":"Internacionales","comment_count":"0","_links":{"self":[{"href":"https:\/\/quehacerpolitico.mx\/index.php?rest_route=\/wp\/v2\/posts\/10421","targetHints":{"allow":["GET"]}}],"collection":[{"href":"https:\/\/quehacerpolitico.mx\/index.php?rest_route=\/wp\/v2\/posts"}],"about":[{"href":"https:\/\/quehacerpolitico.mx\/index.php?rest_route=\/wp\/v2\/types\/post"}],"author":[{"embeddable":true,"href":"https:\/\/quehacerpolitico.mx\/index.php?rest_route=\/wp\/v2\/users\/2"}],"replies":[{"embeddable":true,"href":"https:\/\/quehacerpolitico.mx\/index.php?rest_route=%2Fwp%2Fv2%2Fcomments&post=10421"}],"version-history":[{"count":0,"href":"https:\/\/quehacerpolitico.mx\/index.php?rest_route=\/wp\/v2\/posts\/10421\/revisions"}],"wp:featuredmedia":[{"embeddable":true,"href":"https:\/\/quehacerpolitico.mx\/index.php?rest_route=\/"}],"wp:attachment":[{"href":"https:\/\/quehacerpolitico.mx\/index.php?rest_route=%2Fwp%2Fv2%2Fmedia&parent=10421"}],"wp:term":[{"taxonomy":"category","embeddable":true,"href":"https:\/\/quehacerpolitico.mx\/index.php?rest_route=%2Fwp%2Fv2%2Fcategories&post=10421"},{"taxonomy":"post_tag","embeddable":true,"href":"https:\/\/quehacerpolitico.mx\/index.php?rest_route=%2Fwp%2Fv2%2Ftags&post=10421"}],"curies":[{"name":"wp","href":"https:\/\/api.w.org\/{rel}","templated":true}]}}