{"id":104202,"date":"2023-08-29T17:06:27","date_gmt":"2023-08-29T17:06:27","guid":{"rendered":"https:\/\/quehacerpolitico.mx\/?p=104202"},"modified":"2023-08-29T17:06:30","modified_gmt":"2023-08-29T17:06:30","slug":"envian-mil-200-efectivos-de-la-guardia-nacional-gn-y-el-ejercito-mexicano-para-reforzar-la-seguridad-en-el-estado-de-michoacan","status":"publish","type":"post","link":"https:\/\/quehacerpolitico.mx\/?p=104202","title":{"rendered":"Env\u00edan mil 200 efectivos\u00a0de la\u00a0Guardia Nacional\u00a0(GN) y el\u00a0Ej\u00e9rcito mexicano\u00a0para reforzar la seguridad en el estado de\u00a0Michoac\u00e1n"},"content":{"rendered":"\n<p>Por Redacci\u00f3n QP<\/p>\n\n\n\n<p>Los mil 200 elementos tienen la misi\u00f3n de colaborar con autoridades para \u201cinvestigar y localizar a los responsables de bloqueos\u201d en Michoac\u00e1n<\/p>\n\n\n\n<p>La\u00a0<strong>Secretar\u00eda de la Defensa Nacional<\/strong>\u00a0(<strong>Sedena<\/strong>)\u00a0inform\u00f3 el lunes que <strong>mil 200 efectivos<\/strong>\u00a0de la\u00a0<strong>Guardia Nacional<\/strong>\u00a0(GN) y el\u00a0<strong>Ej\u00e9rcito mexicano<\/strong>\u00a0para reforzar la seguridad en el estado de\u00a0<strong>Michoac\u00e1n<\/strong>, luego de la\u00a0<strong>violencia y bloqueo<\/strong>s del fin de semana pasado que afect\u00f3 la zona de\u00a0<strong>Tierra Caliente<\/strong>.<\/p>\n\n\n\n<p>Los mil 200 efectivos que reforzar\u00e1n la seguridad en citada entidad federativa son integrantes de la Fuerza de Tarea Conjunta M\u00e9xico, conformada por personal del Ej\u00e9rcito Mexicano y de la Guardia Nacional\u201d, se lee en el comunicado.<\/p>\n\n\n\n<figure class=\"wp-block-image size-large\"><img loading=\"lazy\" decoding=\"async\" width=\"592\" height=\"1024\" src=\"https:\/\/quehacerpolitico.mx\/wp-content\/uploads\/2023\/08\/image-93-592x1024.jpeg\" alt=\"\" class=\"wp-image-104203\" srcset=\"https:\/\/quehacerpolitico.mx\/wp-content\/uploads\/2023\/08\/image-93-592x1024.jpeg 592w, https:\/\/quehacerpolitico.mx\/wp-content\/uploads\/2023\/08\/image-93-173x300.jpeg 173w, https:\/\/quehacerpolitico.mx\/wp-content\/uploads\/2023\/08\/image-93-768x1328.jpeg 768w, https:\/\/quehacerpolitico.mx\/wp-content\/uploads\/2023\/08\/image-93-888x1536.jpeg 888w, https:\/\/quehacerpolitico.mx\/wp-content\/uploads\/2023\/08\/image-93-84x146.jpeg 84w, https:\/\/quehacerpolitico.mx\/wp-content\/uploads\/2023\/08\/image-93-29x50.jpeg 29w, https:\/\/quehacerpolitico.mx\/wp-content\/uploads\/2023\/08\/image-93-43x75.jpeg 43w, https:\/\/quehacerpolitico.mx\/wp-content\/uploads\/2023\/08\/image-93.jpeg 1184w\" sizes=\"auto, (max-width: 592px) 100vw, 592px\" \/><\/figure>\n\n\n\n<p>Se apunt\u00f3 que dichos elementos tienen la misi\u00f3n de colaborar con las autoridades locales para \u201cinvestigar y localizar a los responsables de los bloqueos, inhibir las actividades de la delincuencia organizada, as\u00ed como preservar y garantizar la libertad, el orden y la paz p\u00fablica\u201d, buscando con ello que existan condiciones para que la poblaci\u00f3n realice sus actividades habituales con normalidad.<\/p>\n\n\n\n<p>\u201cLa<strong>&nbsp;Fuerza de Tarea Conjunta M\u00e9xico<\/strong>&nbsp;destaca por su movilidad y flexibilidad que le permite explotar oportunamente productos de inteligencia, contando con gran capacidad de despliegue, armamento, material, equipo y adiestramiento especializado para realizar operaciones interinstitucionales en coordinaci\u00f3n con autoridades federales, estatales y municipales\u201d, se indic\u00f3.<\/p>\n\n\n\n<p>Michoac\u00e1n vivi\u00f3 este domingo una jornada de caos luego de que se registraron distintos ataques a comercios y veh\u00edculos, perpetrados por grupos de presuntos sicarios al servicio de grupos del narcotr\u00e1fico.<\/p>\n\n\n\n<p>La Polic\u00eda local report\u00f3 la detenci\u00f3n de seis hombres, en poder de bidones con gasolina, como presuntos responsables de los ataques.<\/p>\n\n\n\n<p>La&nbsp;<strong>Guardia Civil<\/strong>&nbsp;(Polic\u00eda Estatal) confirm\u00f3 a EFE que la ola de violencia comenz\u00f3 alrededor de las 06:30 h en el municipio de&nbsp;<strong>Apatzing\u00e1n<\/strong>, donde hombres armados atacaron con bombas caseras (c\u00f3cteles molotov) dos sucursales de la cadena de tiendas Oxxo.<\/p>\n\n\n\n<p>Estos establecimientos se ubican en las avenidas Constituci\u00f3n de 1814 y Joaqu\u00edn Amaro, en la zona centro de Apatzing\u00e1n, el principal municipio de la regi\u00f3n de Tierra Caliente de Michoac\u00e1n.<\/p>\n\n\n\n<p>Adem\u00e1s, grupos de hombres armados tambi\u00e9n incendiaron un tractocami\u00f3n, dos camionetas de carga y un autob\u00fas de pasajeros, que utilizaron para bloquear dos carreteras que comunican Apatzing\u00e1n con el municipio de Buenavista Tomatl\u00e1n, uno de los bastiones de la organizaci\u00f3n criminal autodenominada como \u201cC\u00e1rteles Unidos\u201d.<\/p>\n\n\n\n<p>Dos horas m\u00e1s tarde, cerca de las 08:30 h, hombres encapuchados incendiaron otra tienda Oxxo en el boulevard Industrial de la ciudad de Uruapan, cerca del penal \u201cEduardo Ruiz\u201d. Este municipio se ubica a 100 kil\u00f3metros de Apatzing\u00e1n.<\/p>\n\n\n\n<p>En tato, en la ciudad de&nbsp;<strong>Uruapan<\/strong>, hombres armados tambi\u00e9n prendieron fuego a una camioneta propiedad de una empresa de frituras, as\u00ed como a un comercio farmac\u00e9utico, en plena zona centro.<\/p>\n\n\n\n<p><strong>Andres Manuel L\u00f3pez Obrador<\/strong>, presidente de M\u00e9xico, calific\u00f3 la violencia del fin de semana en la entidad como un \u201c<strong>acto publicitario y propagand\u00edstico<\/strong>\u201d \u00a0por parte de grupos del\u00a0<strong>crimen organizado<\/strong>, pero que ya se recobr\u00f3 la paz y la tranquilidad.<\/p>\n\n\n\n<p>Bueno, lo de Michoac\u00e1n ya se est\u00e1 atendiendo, fue un acto pues tambi\u00e9n m\u00e1s que nada\u00a0<strong>publicitario, propagand\u00edstico\u201d, declar\u00f3<\/strong>.<\/p>\n","protected":false},"excerpt":{"rendered":"<p>Por Redacci\u00f3n QP Los mil 200 elementos tienen la misi\u00f3n de colaborar con autoridades para&#8230;<\/p>\n","protected":false},"author":2,"featured_media":104204,"comment_status":"open","ping_status":"open","sticky":false,"template":"","format":"standard","meta":{"_monsterinsights_skip_tracking":false,"_monsterinsights_sitenote_active":false,"_monsterinsights_sitenote_note":"","_monsterinsights_sitenote_category":0,"footnotes":""},"categories":[2],"tags":[],"class_list":["post-104202","post","type-post","status-publish","format-standard","has-post-thumbnail","hentry","category-noticias"],"yoast_head":"<!-- This site is optimized with the Yoast SEO plugin v27.3 - https:\/\/yoast.com\/product\/yoast-seo-wordpress\/ -->\n<title>Env\u00edan mil 200 efectivos\u00a0de la\u00a0Guardia Nacional\u00a0(GN) y el\u00a0Ej\u00e9rcito mexicano\u00a0para reforzar la seguridad en el estado de\u00a0Michoac\u00e1n -<\/title>\n<meta name=\"robots\" content=\"index, follow, max-snippet:-1, max-image-preview:large, max-video-preview:-1\" \/>\n<link rel=\"canonical\" href=\"https:\/\/quehacerpolitico.mx\/?p=104202\" \/>\n<meta property=\"og:locale\" content=\"es_MX\" \/>\n<meta property=\"og:type\" content=\"article\" \/>\n<meta property=\"og:title\" content=\"Env\u00edan mil 200 efectivos\u00a0de la\u00a0Guardia Nacional\u00a0(GN) y el\u00a0Ej\u00e9rcito mexicano\u00a0para reforzar la seguridad en el estado de\u00a0Michoac\u00e1n -\" \/>\n<meta property=\"og:description\" content=\"Por Redacci\u00f3n QP Los mil 200 elementos tienen la misi\u00f3n de colaborar con autoridades para...\" \/>\n<meta property=\"og:url\" content=\"https:\/\/quehacerpolitico.mx\/?p=104202\" \/>\n<meta property=\"article:published_time\" content=\"2023-08-29T17:06:27+00:00\" \/>\n<meta property=\"article:modified_time\" content=\"2023-08-29T17:06:30+00:00\" \/>\n<meta property=\"og:image\" content=\"https:\/\/quehacerpolitico.mx\/wp-content\/uploads\/2023\/08\/IMG_0198.jpeg\" \/>\n\t<meta property=\"og:image:width\" content=\"1184\" \/>\n\t<meta property=\"og:image:height\" content=\"693\" \/>\n\t<meta property=\"og:image:type\" content=\"image\/jpeg\" \/>\n<meta name=\"author\" content=\"Redacci\u00f3n QP\" \/>\n<meta name=\"twitter:card\" content=\"summary_large_image\" \/>\n<meta name=\"twitter:label1\" content=\"Escrito por\" \/>\n\t<meta name=\"twitter:data1\" content=\"Redacci\u00f3n QP\" \/>\n\t<meta name=\"twitter:label2\" content=\"Tiempo de lectura\" \/>\n\t<meta name=\"twitter:data2\" content=\"3 minutos\" \/>\n<script type=\"application\/ld+json\" class=\"yoast-schema-graph\">{\"@context\":\"https:\\\/\\\/schema.org\",\"@graph\":[{\"@type\":\"Article\",\"@id\":\"https:\\\/\\\/quehacerpolitico.mx\\\/?p=104202#article\",\"isPartOf\":{\"@id\":\"https:\\\/\\\/quehacerpolitico.mx\\\/?p=104202\"},\"author\":{\"name\":\"Redacci\u00f3n QP\",\"@id\":\"https:\\\/\\\/quehacerpolitico.mx\\\/#\\\/schema\\\/person\\\/496d8ad2d1d3f8036101dca7ee39e585\"},\"headline\":\"Env\u00edan mil 200 efectivos\u00a0de la\u00a0Guardia Nacional\u00a0(GN) y el\u00a0Ej\u00e9rcito mexicano\u00a0para reforzar la seguridad en el estado de\u00a0Michoac\u00e1n\",\"datePublished\":\"2023-08-29T17:06:27+00:00\",\"dateModified\":\"2023-08-29T17:06:30+00:00\",\"mainEntityOfPage\":{\"@id\":\"https:\\\/\\\/quehacerpolitico.mx\\\/?p=104202\"},\"wordCount\":584,\"commentCount\":0,\"image\":{\"@id\":\"https:\\\/\\\/quehacerpolitico.mx\\\/?p=104202#primaryimage\"},\"thumbnailUrl\":\"https:\\\/\\\/quehacerpolitico.mx\\\/wp-content\\\/uploads\\\/2023\\\/08\\\/IMG_0198.jpeg\",\"articleSection\":[\"Noticias\"],\"inLanguage\":\"es\",\"potentialAction\":[{\"@type\":\"CommentAction\",\"name\":\"Comment\",\"target\":[\"https:\\\/\\\/quehacerpolitico.mx\\\/?p=104202#respond\"]}]},{\"@type\":\"WebPage\",\"@id\":\"https:\\\/\\\/quehacerpolitico.mx\\\/?p=104202\",\"url\":\"https:\\\/\\\/quehacerpolitico.mx\\\/?p=104202\",\"name\":\"Env\u00edan mil 200 efectivos\u00a0de la\u00a0Guardia Nacional\u00a0(GN) y el\u00a0Ej\u00e9rcito mexicano\u00a0para reforzar la seguridad en el estado de\u00a0Michoac\u00e1n -\",\"isPartOf\":{\"@id\":\"https:\\\/\\\/quehacerpolitico.mx\\\/#website\"},\"primaryImageOfPage\":{\"@id\":\"https:\\\/\\\/quehacerpolitico.mx\\\/?p=104202#primaryimage\"},\"image\":{\"@id\":\"https:\\\/\\\/quehacerpolitico.mx\\\/?p=104202#primaryimage\"},\"thumbnailUrl\":\"https:\\\/\\\/quehacerpolitico.mx\\\/wp-content\\\/uploads\\\/2023\\\/08\\\/IMG_0198.jpeg\",\"datePublished\":\"2023-08-29T17:06:27+00:00\",\"dateModified\":\"2023-08-29T17:06:30+00:00\",\"author\":{\"@id\":\"https:\\\/\\\/quehacerpolitico.mx\\\/#\\\/schema\\\/person\\\/496d8ad2d1d3f8036101dca7ee39e585\"},\"breadcrumb\":{\"@id\":\"https:\\\/\\\/quehacerpolitico.mx\\\/?p=104202#breadcrumb\"},\"inLanguage\":\"es\",\"potentialAction\":[{\"@type\":\"ReadAction\",\"target\":[\"https:\\\/\\\/quehacerpolitico.mx\\\/?p=104202\"]}]},{\"@type\":\"ImageObject\",\"inLanguage\":\"es\",\"@id\":\"https:\\\/\\\/quehacerpolitico.mx\\\/?p=104202#primaryimage\",\"url\":\"https:\\\/\\\/quehacerpolitico.mx\\\/wp-content\\\/uploads\\\/2023\\\/08\\\/IMG_0198.jpeg\",\"contentUrl\":\"https:\\\/\\\/quehacerpolitico.mx\\\/wp-content\\\/uploads\\\/2023\\\/08\\\/IMG_0198.jpeg\",\"width\":1184,\"height\":693},{\"@type\":\"BreadcrumbList\",\"@id\":\"https:\\\/\\\/quehacerpolitico.mx\\\/?p=104202#breadcrumb\",\"itemListElement\":[{\"@type\":\"ListItem\",\"position\":1,\"name\":\"Inicio\",\"item\":\"https:\\\/\\\/quehacerpolitico.mx\\\/\"},{\"@type\":\"ListItem\",\"position\":2,\"name\":\"Env\u00edan mil 200 efectivos\u00a0de la\u00a0Guardia Nacional\u00a0(GN) y el\u00a0Ej\u00e9rcito mexicano\u00a0para reforzar la seguridad en el estado de\u00a0Michoac\u00e1n\"}]},{\"@type\":\"WebSite\",\"@id\":\"https:\\\/\\\/quehacerpolitico.mx\\\/#website\",\"url\":\"https:\\\/\\\/quehacerpolitico.mx\\\/\",\"name\":\"\",\"description\":\"\",\"potentialAction\":[{\"@type\":\"SearchAction\",\"target\":{\"@type\":\"EntryPoint\",\"urlTemplate\":\"https:\\\/\\\/quehacerpolitico.mx\\\/?s={search_term_string}\"},\"query-input\":{\"@type\":\"PropertyValueSpecification\",\"valueRequired\":true,\"valueName\":\"search_term_string\"}}],\"inLanguage\":\"es\"},{\"@type\":\"Person\",\"@id\":\"https:\\\/\\\/quehacerpolitico.mx\\\/#\\\/schema\\\/person\\\/496d8ad2d1d3f8036101dca7ee39e585\",\"name\":\"Redacci\u00f3n QP\",\"image\":{\"@type\":\"ImageObject\",\"inLanguage\":\"es\",\"@id\":\"https:\\\/\\\/secure.gravatar.com\\\/avatar\\\/c7164ed6fdec453195284ad24a5ae5b6e1eed2b848477fa2a4787ba9adf39a41?s=96&d=mm&r=g\",\"url\":\"https:\\\/\\\/secure.gravatar.com\\\/avatar\\\/c7164ed6fdec453195284ad24a5ae5b6e1eed2b848477fa2a4787ba9adf39a41?s=96&d=mm&r=g\",\"contentUrl\":\"https:\\\/\\\/secure.gravatar.com\\\/avatar\\\/c7164ed6fdec453195284ad24a5ae5b6e1eed2b848477fa2a4787ba9adf39a41?s=96&d=mm&r=g\",\"caption\":\"Redacci\u00f3n QP\"},\"url\":\"https:\\\/\\\/quehacerpolitico.mx\\\/?author=2\"}]}<\/script>\n<!-- \/ Yoast SEO plugin. -->","yoast_head_json":{"title":"Env\u00edan mil 200 efectivos\u00a0de la\u00a0Guardia Nacional\u00a0(GN) y el\u00a0Ej\u00e9rcito mexicano\u00a0para reforzar la seguridad en el estado de\u00a0Michoac\u00e1n -","robots":{"index":"index","follow":"follow","max-snippet":"max-snippet:-1","max-image-preview":"max-image-preview:large","max-video-preview":"max-video-preview:-1"},"canonical":"https:\/\/quehacerpolitico.mx\/?p=104202","og_locale":"es_MX","og_type":"article","og_title":"Env\u00edan mil 200 efectivos\u00a0de la\u00a0Guardia Nacional\u00a0(GN) y el\u00a0Ej\u00e9rcito mexicano\u00a0para reforzar la seguridad en el estado de\u00a0Michoac\u00e1n -","og_description":"Por Redacci\u00f3n QP Los mil 200 elementos tienen la misi\u00f3n de colaborar con autoridades para...","og_url":"https:\/\/quehacerpolitico.mx\/?p=104202","article_published_time":"2023-08-29T17:06:27+00:00","article_modified_time":"2023-08-29T17:06:30+00:00","og_image":[{"width":1184,"height":693,"url":"https:\/\/quehacerpolitico.mx\/wp-content\/uploads\/2023\/08\/IMG_0198.jpeg","type":"image\/jpeg"}],"author":"Redacci\u00f3n QP","twitter_card":"summary_large_image","twitter_misc":{"Escrito por":"Redacci\u00f3n QP","Tiempo de lectura":"3 minutos"},"schema":{"@context":"https:\/\/schema.org","@graph":[{"@type":"Article","@id":"https:\/\/quehacerpolitico.mx\/?p=104202#article","isPartOf":{"@id":"https:\/\/quehacerpolitico.mx\/?p=104202"},"author":{"name":"Redacci\u00f3n QP","@id":"https:\/\/quehacerpolitico.mx\/#\/schema\/person\/496d8ad2d1d3f8036101dca7ee39e585"},"headline":"Env\u00edan mil 200 efectivos\u00a0de la\u00a0Guardia Nacional\u00a0(GN) y el\u00a0Ej\u00e9rcito mexicano\u00a0para reforzar la seguridad en el estado de\u00a0Michoac\u00e1n","datePublished":"2023-08-29T17:06:27+00:00","dateModified":"2023-08-29T17:06:30+00:00","mainEntityOfPage":{"@id":"https:\/\/quehacerpolitico.mx\/?p=104202"},"wordCount":584,"commentCount":0,"image":{"@id":"https:\/\/quehacerpolitico.mx\/?p=104202#primaryimage"},"thumbnailUrl":"https:\/\/quehacerpolitico.mx\/wp-content\/uploads\/2023\/08\/IMG_0198.jpeg","articleSection":["Noticias"],"inLanguage":"es","potentialAction":[{"@type":"CommentAction","name":"Comment","target":["https:\/\/quehacerpolitico.mx\/?p=104202#respond"]}]},{"@type":"WebPage","@id":"https:\/\/quehacerpolitico.mx\/?p=104202","url":"https:\/\/quehacerpolitico.mx\/?p=104202","name":"Env\u00edan mil 200 efectivos\u00a0de la\u00a0Guardia Nacional\u00a0(GN) y el\u00a0Ej\u00e9rcito mexicano\u00a0para reforzar la seguridad en el estado de\u00a0Michoac\u00e1n -","isPartOf":{"@id":"https:\/\/quehacerpolitico.mx\/#website"},"primaryImageOfPage":{"@id":"https:\/\/quehacerpolitico.mx\/?p=104202#primaryimage"},"image":{"@id":"https:\/\/quehacerpolitico.mx\/?p=104202#primaryimage"},"thumbnailUrl":"https:\/\/quehacerpolitico.mx\/wp-content\/uploads\/2023\/08\/IMG_0198.jpeg","datePublished":"2023-08-29T17:06:27+00:00","dateModified":"2023-08-29T17:06:30+00:00","author":{"@id":"https:\/\/quehacerpolitico.mx\/#\/schema\/person\/496d8ad2d1d3f8036101dca7ee39e585"},"breadcrumb":{"@id":"https:\/\/quehacerpolitico.mx\/?p=104202#breadcrumb"},"inLanguage":"es","potentialAction":[{"@type":"ReadAction","target":["https:\/\/quehacerpolitico.mx\/?p=104202"]}]},{"@type":"ImageObject","inLanguage":"es","@id":"https:\/\/quehacerpolitico.mx\/?p=104202#primaryimage","url":"https:\/\/quehacerpolitico.mx\/wp-content\/uploads\/2023\/08\/IMG_0198.jpeg","contentUrl":"https:\/\/quehacerpolitico.mx\/wp-content\/uploads\/2023\/08\/IMG_0198.jpeg","width":1184,"height":693},{"@type":"BreadcrumbList","@id":"https:\/\/quehacerpolitico.mx\/?p=104202#breadcrumb","itemListElement":[{"@type":"ListItem","position":1,"name":"Inicio","item":"https:\/\/quehacerpolitico.mx\/"},{"@type":"ListItem","position":2,"name":"Env\u00edan mil 200 efectivos\u00a0de la\u00a0Guardia Nacional\u00a0(GN) y el\u00a0Ej\u00e9rcito mexicano\u00a0para reforzar la seguridad en el estado de\u00a0Michoac\u00e1n"}]},{"@type":"WebSite","@id":"https:\/\/quehacerpolitico.mx\/#website","url":"https:\/\/quehacerpolitico.mx\/","name":"","description":"","potentialAction":[{"@type":"SearchAction","target":{"@type":"EntryPoint","urlTemplate":"https:\/\/quehacerpolitico.mx\/?s={search_term_string}"},"query-input":{"@type":"PropertyValueSpecification","valueRequired":true,"valueName":"search_term_string"}}],"inLanguage":"es"},{"@type":"Person","@id":"https:\/\/quehacerpolitico.mx\/#\/schema\/person\/496d8ad2d1d3f8036101dca7ee39e585","name":"Redacci\u00f3n QP","image":{"@type":"ImageObject","inLanguage":"es","@id":"https:\/\/secure.gravatar.com\/avatar\/c7164ed6fdec453195284ad24a5ae5b6e1eed2b848477fa2a4787ba9adf39a41?s=96&d=mm&r=g","url":"https:\/\/secure.gravatar.com\/avatar\/c7164ed6fdec453195284ad24a5ae5b6e1eed2b848477fa2a4787ba9adf39a41?s=96&d=mm&r=g","contentUrl":"https:\/\/secure.gravatar.com\/avatar\/c7164ed6fdec453195284ad24a5ae5b6e1eed2b848477fa2a4787ba9adf39a41?s=96&d=mm&r=g","caption":"Redacci\u00f3n QP"},"url":"https:\/\/quehacerpolitico.mx\/?author=2"}]}},"featured_image_urls":{"full":["https:\/\/quehacerpolitico.mx\/wp-content\/uploads\/2023\/08\/IMG_0198.jpeg",1184,693,false],"thumbnail":["https:\/\/quehacerpolitico.mx\/wp-content\/uploads\/2023\/08\/IMG_0198-150x150.jpeg",150,150,true],"medium":["https:\/\/quehacerpolitico.mx\/wp-content\/uploads\/2023\/08\/IMG_0198-300x176.jpeg",300,176,true],"medium_large":["https:\/\/quehacerpolitico.mx\/wp-content\/uploads\/2023\/08\/IMG_0198-768x450.jpeg",640,375,true],"large":["https:\/\/quehacerpolitico.mx\/wp-content\/uploads\/2023\/08\/IMG_0198-1024x599.jpeg",640,374,true],"1536x1536":["https:\/\/quehacerpolitico.mx\/wp-content\/uploads\/2023\/08\/IMG_0198.jpeg",1184,693,false],"2048x2048":["https:\/\/quehacerpolitico.mx\/wp-content\/uploads\/2023\/08\/IMG_0198.jpeg",1184,693,false],"covernews-featured":["https:\/\/quehacerpolitico.mx\/wp-content\/uploads\/2023\/08\/IMG_0198.jpeg",1024,599,false],"covernews-medium":["https:\/\/quehacerpolitico.mx\/wp-content\/uploads\/2023\/08\/IMG_0198.jpeg",540,316,false]},"author_info":{"display_name":"Redacci\u00f3n QP","author_link":"https:\/\/quehacerpolitico.mx\/?author=2"},"category_info":"<a href=\"https:\/\/quehacerpolitico.mx\/?cat=2\" rel=\"category\">Noticias<\/a>","tag_info":"Noticias","comment_count":"0","_links":{"self":[{"href":"https:\/\/quehacerpolitico.mx\/index.php?rest_route=\/wp\/v2\/posts\/104202","targetHints":{"allow":["GET"]}}],"collection":[{"href":"https:\/\/quehacerpolitico.mx\/index.php?rest_route=\/wp\/v2\/posts"}],"about":[{"href":"https:\/\/quehacerpolitico.mx\/index.php?rest_route=\/wp\/v2\/types\/post"}],"author":[{"embeddable":true,"href":"https:\/\/quehacerpolitico.mx\/index.php?rest_route=\/wp\/v2\/users\/2"}],"replies":[{"embeddable":true,"href":"https:\/\/quehacerpolitico.mx\/index.php?rest_route=%2Fwp%2Fv2%2Fcomments&post=104202"}],"version-history":[{"count":1,"href":"https:\/\/quehacerpolitico.mx\/index.php?rest_route=\/wp\/v2\/posts\/104202\/revisions"}],"predecessor-version":[{"id":104205,"href":"https:\/\/quehacerpolitico.mx\/index.php?rest_route=\/wp\/v2\/posts\/104202\/revisions\/104205"}],"wp:featuredmedia":[{"embeddable":true,"href":"https:\/\/quehacerpolitico.mx\/index.php?rest_route=\/wp\/v2\/media\/104204"}],"wp:attachment":[{"href":"https:\/\/quehacerpolitico.mx\/index.php?rest_route=%2Fwp%2Fv2%2Fmedia&parent=104202"}],"wp:term":[{"taxonomy":"category","embeddable":true,"href":"https:\/\/quehacerpolitico.mx\/index.php?rest_route=%2Fwp%2Fv2%2Fcategories&post=104202"},{"taxonomy":"post_tag","embeddable":true,"href":"https:\/\/quehacerpolitico.mx\/index.php?rest_route=%2Fwp%2Fv2%2Ftags&post=104202"}],"curies":[{"name":"wp","href":"https:\/\/api.w.org\/{rel}","templated":true}]}}