{"id":104112,"date":"2023-08-28T15:42:56","date_gmt":"2023-08-28T15:42:56","guid":{"rendered":"https:\/\/quehacerpolitico.mx\/?p=104112"},"modified":"2023-08-28T15:43:00","modified_gmt":"2023-08-28T15:43:00","slug":"al-rededor-de-24-4-millones-de-estudiantes-de-educacion-basicapreescolar-primaria-y-secundaria-regresaran-a-clases-este-lunes-en-mexico","status":"publish","type":"post","link":"https:\/\/quehacerpolitico.mx\/?p=104112","title":{"rendered":"Al rededor de 24.4 millones de estudiantes\u00a0de\u00a0educaci\u00f3n b\u00e1sica(preescolar, primaria y secundaria) regresar\u00e1n a\u00a0clases\u00a0este lunes en\u00a0M\u00e9xico"},"content":{"rendered":"\n<p>Por Redacci\u00f3n QP<\/p>\n\n\n\n<p>Seg\u00fan la SEP esta cifra de estudiantes de educaci\u00f3n b\u00e1sica regresar\u00e1n a clases este lunes y ser\u00e1n instruidos por 1.22 millones de maestros<\/p>\n\n\n\n<p>Unos<strong>&nbsp;24.4 millones de estudiantes<\/strong>&nbsp;de&nbsp;<strong>educaci\u00f3n b\u00e1sica<\/strong>(preescolar, primaria y secundaria) regresar\u00e1n a&nbsp;<strong>clases<\/strong>&nbsp;este lunes en&nbsp;<strong>M\u00e9xico<\/strong>&nbsp;para dar inicio al&nbsp;<strong>ciclo escolar 2023-2024<\/strong>&nbsp;en medio de una intensa pol\u00e9mica que ha desatado la entrega de nuevos&nbsp;<strong>libros de texto gratuitos<\/strong>, debido principalmente a sus contenidos y elaboraci\u00f3n.<\/p>\n\n\n\n<p>Seg\u00fan datos de la\u00a0<strong>Secretar\u00eda de Educaci\u00f3n P\u00fablica<\/strong>\u00a0(SEP), esa cifra de estudiantes de educaci\u00f3n b\u00e1sica regresar\u00e1n a las aulas y ser\u00e1n instruidos a lo largo del a\u00f1o escolar por\u00a0<strong>1.22 millones de maestros<\/strong>, quienes trabajan en\u00a0<strong>232 mil 966 escuelas<\/strong>.<\/p>\n\n\n\n<p>La pol\u00e9mica sobre los libros que la SEP distribuir\u00e1 para el nuevo curso escolar, que comienza este lunes, comenz\u00f3 porque, seg\u00fan algunos detractores, los textos buscan \u201cadoctrinar\u201d a los ni\u00f1os con ideas asociadas al \u201ccomunismo y socialismo\u201d con contenido af\u00edn a la ideolog\u00eda del presidente mexicano,\u00a0<strong>Andres Manuel L\u00f3pez Obrador<\/strong>.<\/p>\n\n\n\n<p>Mientras que la conservadora&nbsp;<strong>Uni\u00f3n Nacional de Padres de Familia<\/strong>&nbsp;(<strong>UNPF<\/strong>) interpuso un recurso de amparo judicial en mayo al cuestionar que los nuevos libros contengan educaci\u00f3n sobre diversidad sexual, familias diversas y \u00f3rganos reproductivos, mientras que otros grupos han criticado que los materiales incluyen referencias en contra del \u201cneoliberalismo\u201d.<\/p>\n\n\n\n<p>Hasta hace unos d\u00edas en ocho estados del pa\u00eds:&nbsp;<strong>Aguascalientes, Chihuahua, Coahuila, Guanajuato, Jalisco, Nuevo Le\u00f3n, Quer\u00e9taro&nbsp;<\/strong>y<strong>&nbsp;Yucat\u00e1n<\/strong>, las autoridades de gobierno y educativas decidieron no distribuir los libros de texto gratuitos, esto hasta que se resolviera un amparo interpuesto sobre el asunto.<\/p>\n\n\n\n<p>Esto luego de que la<strong>&nbsp;Suprema Corte de Justicia de la Naci\u00f3n<\/strong>(<strong>SCJN<\/strong>) admitiera algunas controversias presentadas por los gobiernos de&nbsp;<strong>Chihuahua<\/strong>&nbsp;y&nbsp;<strong>Coahuila<\/strong>&nbsp;contra los nuevos materiales educativos y un amparo definitivo concedido por una juez federal a la UNPF.<\/p>\n\n\n\n<p>Antes de la pol\u00e9mica, la SEP dijo que distribuir\u00eda casi 100 millones de los nuevos libros de texto gratuitos a los almacenes regionales de los 32 estados del pa\u00eds.<\/p>\n\n\n\n<p>El ciclo escolar 2023-2024 en M\u00e9xico tendr\u00e1 190 d\u00edas efectivos de clases. El inicio de clases ocurre este 26 de agosto y el fin de cursos ser\u00e1 el 16 de julio de 2024, con dos periodos vacacionales.<\/p>\n\n\n\n<p>En la&nbsp;<strong>Ciudad de M\u00e9xico<\/strong>, se espera que este lunes cerca de tres millones de estudiantes y docentes regresen a la aulas y para ello el Gobierno capitalino emprender\u00e1 distintas acciones para garantizar la seguridad y movilidad de los alumnos, maestros y padres de familia.<\/p>\n\n\n\n<p>La&nbsp;<strong>Secretar\u00eda de Seguridad Ciudadana<\/strong>&nbsp;(<strong>SSC CDMX<\/strong>) de la&nbsp;<strong>Ciudad de M\u00e9xico<\/strong>&nbsp;inform\u00f3 que utilizar\u00e1 a 6 mil 500 agentes en las 16 alcald\u00edas que integran la capital mexicana para implementar una estrategia de seguridad, de movilidad y tr\u00e1nsito, cuyo objetivo es ayudar a que ni\u00f1as, ni\u00f1os, adolescentes, j\u00f3venes, trabajadores, docentes, lleguen puntuales a sus escuelas.<\/p>\n\n\n\n<p>Con informaci\u00f3n de EFE<\/p>\n","protected":false},"excerpt":{"rendered":"<p>Por Redacci\u00f3n QP Seg\u00fan la SEP esta cifra de estudiantes de educaci\u00f3n b\u00e1sica regresar\u00e1n a&#8230;<\/p>\n","protected":false},"author":2,"featured_media":104113,"comment_status":"open","ping_status":"open","sticky":false,"template":"","format":"standard","meta":{"_monsterinsights_skip_tracking":false,"_monsterinsights_sitenote_active":false,"_monsterinsights_sitenote_note":"","_monsterinsights_sitenote_category":0,"footnotes":""},"categories":[2],"tags":[],"class_list":["post-104112","post","type-post","status-publish","format-standard","has-post-thumbnail","hentry","category-noticias"],"yoast_head":"<!-- This site is optimized with the Yoast SEO plugin v27.3 - https:\/\/yoast.com\/product\/yoast-seo-wordpress\/ -->\n<title>Al rededor de 24.4 millones de estudiantes\u00a0de\u00a0educaci\u00f3n b\u00e1sica(preescolar, primaria y secundaria) regresar\u00e1n a\u00a0clases\u00a0este lunes en\u00a0M\u00e9xico -<\/title>\n<meta name=\"robots\" content=\"index, follow, max-snippet:-1, max-image-preview:large, max-video-preview:-1\" \/>\n<link rel=\"canonical\" href=\"https:\/\/quehacerpolitico.mx\/?p=104112\" \/>\n<meta property=\"og:locale\" content=\"es_MX\" \/>\n<meta property=\"og:type\" content=\"article\" \/>\n<meta property=\"og:title\" content=\"Al rededor de 24.4 millones de estudiantes\u00a0de\u00a0educaci\u00f3n b\u00e1sica(preescolar, primaria y secundaria) regresar\u00e1n a\u00a0clases\u00a0este lunes en\u00a0M\u00e9xico -\" \/>\n<meta property=\"og:description\" content=\"Por Redacci\u00f3n QP Seg\u00fan la SEP esta cifra de estudiantes de educaci\u00f3n b\u00e1sica regresar\u00e1n a...\" \/>\n<meta property=\"og:url\" content=\"https:\/\/quehacerpolitico.mx\/?p=104112\" \/>\n<meta property=\"article:published_time\" content=\"2023-08-28T15:42:56+00:00\" \/>\n<meta property=\"article:modified_time\" content=\"2023-08-28T15:43:00+00:00\" \/>\n<meta property=\"og:image\" content=\"https:\/\/quehacerpolitico.mx\/wp-content\/uploads\/2023\/08\/IMG_0145.jpeg\" \/>\n\t<meta property=\"og:image:width\" content=\"715\" \/>\n\t<meta property=\"og:image:height\" content=\"429\" \/>\n\t<meta property=\"og:image:type\" content=\"image\/jpeg\" \/>\n<meta name=\"author\" content=\"Redacci\u00f3n QP\" \/>\n<meta name=\"twitter:card\" content=\"summary_large_image\" \/>\n<meta name=\"twitter:label1\" content=\"Escrito por\" \/>\n\t<meta name=\"twitter:data1\" content=\"Redacci\u00f3n QP\" \/>\n\t<meta name=\"twitter:label2\" content=\"Tiempo de lectura\" \/>\n\t<meta name=\"twitter:data2\" content=\"3 minutos\" \/>\n<script type=\"application\/ld+json\" class=\"yoast-schema-graph\">{\"@context\":\"https:\\\/\\\/schema.org\",\"@graph\":[{\"@type\":\"Article\",\"@id\":\"https:\\\/\\\/quehacerpolitico.mx\\\/?p=104112#article\",\"isPartOf\":{\"@id\":\"https:\\\/\\\/quehacerpolitico.mx\\\/?p=104112\"},\"author\":{\"name\":\"Redacci\u00f3n QP\",\"@id\":\"https:\\\/\\\/quehacerpolitico.mx\\\/#\\\/schema\\\/person\\\/496d8ad2d1d3f8036101dca7ee39e585\"},\"headline\":\"Al rededor de 24.4 millones de estudiantes\u00a0de\u00a0educaci\u00f3n b\u00e1sica(preescolar, primaria y secundaria) regresar\u00e1n a\u00a0clases\u00a0este lunes en\u00a0M\u00e9xico\",\"datePublished\":\"2023-08-28T15:42:56+00:00\",\"dateModified\":\"2023-08-28T15:43:00+00:00\",\"mainEntityOfPage\":{\"@id\":\"https:\\\/\\\/quehacerpolitico.mx\\\/?p=104112\"},\"wordCount\":557,\"commentCount\":0,\"image\":{\"@id\":\"https:\\\/\\\/quehacerpolitico.mx\\\/?p=104112#primaryimage\"},\"thumbnailUrl\":\"https:\\\/\\\/quehacerpolitico.mx\\\/wp-content\\\/uploads\\\/2023\\\/08\\\/IMG_0145.jpeg\",\"articleSection\":[\"Noticias\"],\"inLanguage\":\"es\",\"potentialAction\":[{\"@type\":\"CommentAction\",\"name\":\"Comment\",\"target\":[\"https:\\\/\\\/quehacerpolitico.mx\\\/?p=104112#respond\"]}]},{\"@type\":\"WebPage\",\"@id\":\"https:\\\/\\\/quehacerpolitico.mx\\\/?p=104112\",\"url\":\"https:\\\/\\\/quehacerpolitico.mx\\\/?p=104112\",\"name\":\"Al rededor de 24.4 millones de estudiantes\u00a0de\u00a0educaci\u00f3n b\u00e1sica(preescolar, primaria y secundaria) regresar\u00e1n a\u00a0clases\u00a0este lunes en\u00a0M\u00e9xico -\",\"isPartOf\":{\"@id\":\"https:\\\/\\\/quehacerpolitico.mx\\\/#website\"},\"primaryImageOfPage\":{\"@id\":\"https:\\\/\\\/quehacerpolitico.mx\\\/?p=104112#primaryimage\"},\"image\":{\"@id\":\"https:\\\/\\\/quehacerpolitico.mx\\\/?p=104112#primaryimage\"},\"thumbnailUrl\":\"https:\\\/\\\/quehacerpolitico.mx\\\/wp-content\\\/uploads\\\/2023\\\/08\\\/IMG_0145.jpeg\",\"datePublished\":\"2023-08-28T15:42:56+00:00\",\"dateModified\":\"2023-08-28T15:43:00+00:00\",\"author\":{\"@id\":\"https:\\\/\\\/quehacerpolitico.mx\\\/#\\\/schema\\\/person\\\/496d8ad2d1d3f8036101dca7ee39e585\"},\"breadcrumb\":{\"@id\":\"https:\\\/\\\/quehacerpolitico.mx\\\/?p=104112#breadcrumb\"},\"inLanguage\":\"es\",\"potentialAction\":[{\"@type\":\"ReadAction\",\"target\":[\"https:\\\/\\\/quehacerpolitico.mx\\\/?p=104112\"]}]},{\"@type\":\"ImageObject\",\"inLanguage\":\"es\",\"@id\":\"https:\\\/\\\/quehacerpolitico.mx\\\/?p=104112#primaryimage\",\"url\":\"https:\\\/\\\/quehacerpolitico.mx\\\/wp-content\\\/uploads\\\/2023\\\/08\\\/IMG_0145.jpeg\",\"contentUrl\":\"https:\\\/\\\/quehacerpolitico.mx\\\/wp-content\\\/uploads\\\/2023\\\/08\\\/IMG_0145.jpeg\",\"width\":715,\"height\":429},{\"@type\":\"BreadcrumbList\",\"@id\":\"https:\\\/\\\/quehacerpolitico.mx\\\/?p=104112#breadcrumb\",\"itemListElement\":[{\"@type\":\"ListItem\",\"position\":1,\"name\":\"Inicio\",\"item\":\"https:\\\/\\\/quehacerpolitico.mx\\\/\"},{\"@type\":\"ListItem\",\"position\":2,\"name\":\"Al rededor de 24.4 millones de estudiantes\u00a0de\u00a0educaci\u00f3n b\u00e1sica(preescolar, primaria y secundaria) regresar\u00e1n a\u00a0clases\u00a0este lunes en\u00a0M\u00e9xico\"}]},{\"@type\":\"WebSite\",\"@id\":\"https:\\\/\\\/quehacerpolitico.mx\\\/#website\",\"url\":\"https:\\\/\\\/quehacerpolitico.mx\\\/\",\"name\":\"\",\"description\":\"\",\"potentialAction\":[{\"@type\":\"SearchAction\",\"target\":{\"@type\":\"EntryPoint\",\"urlTemplate\":\"https:\\\/\\\/quehacerpolitico.mx\\\/?s={search_term_string}\"},\"query-input\":{\"@type\":\"PropertyValueSpecification\",\"valueRequired\":true,\"valueName\":\"search_term_string\"}}],\"inLanguage\":\"es\"},{\"@type\":\"Person\",\"@id\":\"https:\\\/\\\/quehacerpolitico.mx\\\/#\\\/schema\\\/person\\\/496d8ad2d1d3f8036101dca7ee39e585\",\"name\":\"Redacci\u00f3n QP\",\"image\":{\"@type\":\"ImageObject\",\"inLanguage\":\"es\",\"@id\":\"https:\\\/\\\/secure.gravatar.com\\\/avatar\\\/c7164ed6fdec453195284ad24a5ae5b6e1eed2b848477fa2a4787ba9adf39a41?s=96&d=mm&r=g\",\"url\":\"https:\\\/\\\/secure.gravatar.com\\\/avatar\\\/c7164ed6fdec453195284ad24a5ae5b6e1eed2b848477fa2a4787ba9adf39a41?s=96&d=mm&r=g\",\"contentUrl\":\"https:\\\/\\\/secure.gravatar.com\\\/avatar\\\/c7164ed6fdec453195284ad24a5ae5b6e1eed2b848477fa2a4787ba9adf39a41?s=96&d=mm&r=g\",\"caption\":\"Redacci\u00f3n QP\"},\"url\":\"https:\\\/\\\/quehacerpolitico.mx\\\/?author=2\"}]}<\/script>\n<!-- \/ Yoast SEO plugin. -->","yoast_head_json":{"title":"Al rededor de 24.4 millones de estudiantes\u00a0de\u00a0educaci\u00f3n b\u00e1sica(preescolar, primaria y secundaria) regresar\u00e1n a\u00a0clases\u00a0este lunes en\u00a0M\u00e9xico -","robots":{"index":"index","follow":"follow","max-snippet":"max-snippet:-1","max-image-preview":"max-image-preview:large","max-video-preview":"max-video-preview:-1"},"canonical":"https:\/\/quehacerpolitico.mx\/?p=104112","og_locale":"es_MX","og_type":"article","og_title":"Al rededor de 24.4 millones de estudiantes\u00a0de\u00a0educaci\u00f3n b\u00e1sica(preescolar, primaria y secundaria) regresar\u00e1n a\u00a0clases\u00a0este lunes en\u00a0M\u00e9xico -","og_description":"Por Redacci\u00f3n QP Seg\u00fan la SEP esta cifra de estudiantes de educaci\u00f3n b\u00e1sica regresar\u00e1n a...","og_url":"https:\/\/quehacerpolitico.mx\/?p=104112","article_published_time":"2023-08-28T15:42:56+00:00","article_modified_time":"2023-08-28T15:43:00+00:00","og_image":[{"width":715,"height":429,"url":"https:\/\/quehacerpolitico.mx\/wp-content\/uploads\/2023\/08\/IMG_0145.jpeg","type":"image\/jpeg"}],"author":"Redacci\u00f3n QP","twitter_card":"summary_large_image","twitter_misc":{"Escrito por":"Redacci\u00f3n QP","Tiempo de lectura":"3 minutos"},"schema":{"@context":"https:\/\/schema.org","@graph":[{"@type":"Article","@id":"https:\/\/quehacerpolitico.mx\/?p=104112#article","isPartOf":{"@id":"https:\/\/quehacerpolitico.mx\/?p=104112"},"author":{"name":"Redacci\u00f3n QP","@id":"https:\/\/quehacerpolitico.mx\/#\/schema\/person\/496d8ad2d1d3f8036101dca7ee39e585"},"headline":"Al rededor de 24.4 millones de estudiantes\u00a0de\u00a0educaci\u00f3n b\u00e1sica(preescolar, primaria y secundaria) regresar\u00e1n a\u00a0clases\u00a0este lunes en\u00a0M\u00e9xico","datePublished":"2023-08-28T15:42:56+00:00","dateModified":"2023-08-28T15:43:00+00:00","mainEntityOfPage":{"@id":"https:\/\/quehacerpolitico.mx\/?p=104112"},"wordCount":557,"commentCount":0,"image":{"@id":"https:\/\/quehacerpolitico.mx\/?p=104112#primaryimage"},"thumbnailUrl":"https:\/\/quehacerpolitico.mx\/wp-content\/uploads\/2023\/08\/IMG_0145.jpeg","articleSection":["Noticias"],"inLanguage":"es","potentialAction":[{"@type":"CommentAction","name":"Comment","target":["https:\/\/quehacerpolitico.mx\/?p=104112#respond"]}]},{"@type":"WebPage","@id":"https:\/\/quehacerpolitico.mx\/?p=104112","url":"https:\/\/quehacerpolitico.mx\/?p=104112","name":"Al rededor de 24.4 millones de estudiantes\u00a0de\u00a0educaci\u00f3n b\u00e1sica(preescolar, primaria y secundaria) regresar\u00e1n a\u00a0clases\u00a0este lunes en\u00a0M\u00e9xico -","isPartOf":{"@id":"https:\/\/quehacerpolitico.mx\/#website"},"primaryImageOfPage":{"@id":"https:\/\/quehacerpolitico.mx\/?p=104112#primaryimage"},"image":{"@id":"https:\/\/quehacerpolitico.mx\/?p=104112#primaryimage"},"thumbnailUrl":"https:\/\/quehacerpolitico.mx\/wp-content\/uploads\/2023\/08\/IMG_0145.jpeg","datePublished":"2023-08-28T15:42:56+00:00","dateModified":"2023-08-28T15:43:00+00:00","author":{"@id":"https:\/\/quehacerpolitico.mx\/#\/schema\/person\/496d8ad2d1d3f8036101dca7ee39e585"},"breadcrumb":{"@id":"https:\/\/quehacerpolitico.mx\/?p=104112#breadcrumb"},"inLanguage":"es","potentialAction":[{"@type":"ReadAction","target":["https:\/\/quehacerpolitico.mx\/?p=104112"]}]},{"@type":"ImageObject","inLanguage":"es","@id":"https:\/\/quehacerpolitico.mx\/?p=104112#primaryimage","url":"https:\/\/quehacerpolitico.mx\/wp-content\/uploads\/2023\/08\/IMG_0145.jpeg","contentUrl":"https:\/\/quehacerpolitico.mx\/wp-content\/uploads\/2023\/08\/IMG_0145.jpeg","width":715,"height":429},{"@type":"BreadcrumbList","@id":"https:\/\/quehacerpolitico.mx\/?p=104112#breadcrumb","itemListElement":[{"@type":"ListItem","position":1,"name":"Inicio","item":"https:\/\/quehacerpolitico.mx\/"},{"@type":"ListItem","position":2,"name":"Al rededor de 24.4 millones de estudiantes\u00a0de\u00a0educaci\u00f3n b\u00e1sica(preescolar, primaria y secundaria) regresar\u00e1n a\u00a0clases\u00a0este lunes en\u00a0M\u00e9xico"}]},{"@type":"WebSite","@id":"https:\/\/quehacerpolitico.mx\/#website","url":"https:\/\/quehacerpolitico.mx\/","name":"","description":"","potentialAction":[{"@type":"SearchAction","target":{"@type":"EntryPoint","urlTemplate":"https:\/\/quehacerpolitico.mx\/?s={search_term_string}"},"query-input":{"@type":"PropertyValueSpecification","valueRequired":true,"valueName":"search_term_string"}}],"inLanguage":"es"},{"@type":"Person","@id":"https:\/\/quehacerpolitico.mx\/#\/schema\/person\/496d8ad2d1d3f8036101dca7ee39e585","name":"Redacci\u00f3n QP","image":{"@type":"ImageObject","inLanguage":"es","@id":"https:\/\/secure.gravatar.com\/avatar\/c7164ed6fdec453195284ad24a5ae5b6e1eed2b848477fa2a4787ba9adf39a41?s=96&d=mm&r=g","url":"https:\/\/secure.gravatar.com\/avatar\/c7164ed6fdec453195284ad24a5ae5b6e1eed2b848477fa2a4787ba9adf39a41?s=96&d=mm&r=g","contentUrl":"https:\/\/secure.gravatar.com\/avatar\/c7164ed6fdec453195284ad24a5ae5b6e1eed2b848477fa2a4787ba9adf39a41?s=96&d=mm&r=g","caption":"Redacci\u00f3n QP"},"url":"https:\/\/quehacerpolitico.mx\/?author=2"}]}},"featured_image_urls":{"full":["https:\/\/quehacerpolitico.mx\/wp-content\/uploads\/2023\/08\/IMG_0145.jpeg",715,429,false],"thumbnail":["https:\/\/quehacerpolitico.mx\/wp-content\/uploads\/2023\/08\/IMG_0145-150x150.jpeg",150,150,true],"medium":["https:\/\/quehacerpolitico.mx\/wp-content\/uploads\/2023\/08\/IMG_0145-300x180.jpeg",300,180,true],"medium_large":["https:\/\/quehacerpolitico.mx\/wp-content\/uploads\/2023\/08\/IMG_0145.jpeg",640,384,false],"large":["https:\/\/quehacerpolitico.mx\/wp-content\/uploads\/2023\/08\/IMG_0145.jpeg",640,384,false],"1536x1536":["https:\/\/quehacerpolitico.mx\/wp-content\/uploads\/2023\/08\/IMG_0145.jpeg",715,429,false],"2048x2048":["https:\/\/quehacerpolitico.mx\/wp-content\/uploads\/2023\/08\/IMG_0145.jpeg",715,429,false],"covernews-featured":["https:\/\/quehacerpolitico.mx\/wp-content\/uploads\/2023\/08\/IMG_0145.jpeg",715,429,false],"covernews-medium":["https:\/\/quehacerpolitico.mx\/wp-content\/uploads\/2023\/08\/IMG_0145.jpeg",540,324,false]},"author_info":{"display_name":"Redacci\u00f3n QP","author_link":"https:\/\/quehacerpolitico.mx\/?author=2"},"category_info":"<a href=\"https:\/\/quehacerpolitico.mx\/?cat=2\" rel=\"category\">Noticias<\/a>","tag_info":"Noticias","comment_count":"0","_links":{"self":[{"href":"https:\/\/quehacerpolitico.mx\/index.php?rest_route=\/wp\/v2\/posts\/104112","targetHints":{"allow":["GET"]}}],"collection":[{"href":"https:\/\/quehacerpolitico.mx\/index.php?rest_route=\/wp\/v2\/posts"}],"about":[{"href":"https:\/\/quehacerpolitico.mx\/index.php?rest_route=\/wp\/v2\/types\/post"}],"author":[{"embeddable":true,"href":"https:\/\/quehacerpolitico.mx\/index.php?rest_route=\/wp\/v2\/users\/2"}],"replies":[{"embeddable":true,"href":"https:\/\/quehacerpolitico.mx\/index.php?rest_route=%2Fwp%2Fv2%2Fcomments&post=104112"}],"version-history":[{"count":1,"href":"https:\/\/quehacerpolitico.mx\/index.php?rest_route=\/wp\/v2\/posts\/104112\/revisions"}],"predecessor-version":[{"id":104114,"href":"https:\/\/quehacerpolitico.mx\/index.php?rest_route=\/wp\/v2\/posts\/104112\/revisions\/104114"}],"wp:featuredmedia":[{"embeddable":true,"href":"https:\/\/quehacerpolitico.mx\/index.php?rest_route=\/wp\/v2\/media\/104113"}],"wp:attachment":[{"href":"https:\/\/quehacerpolitico.mx\/index.php?rest_route=%2Fwp%2Fv2%2Fmedia&parent=104112"}],"wp:term":[{"taxonomy":"category","embeddable":true,"href":"https:\/\/quehacerpolitico.mx\/index.php?rest_route=%2Fwp%2Fv2%2Fcategories&post=104112"},{"taxonomy":"post_tag","embeddable":true,"href":"https:\/\/quehacerpolitico.mx\/index.php?rest_route=%2Fwp%2Fv2%2Ftags&post=104112"}],"curies":[{"name":"wp","href":"https:\/\/api.w.org\/{rel}","templated":true}]}}