{"id":104103,"date":"2023-08-26T00:40:43","date_gmt":"2023-08-26T00:40:43","guid":{"rendered":"https:\/\/quehacerpolitico.mx\/?p=104103"},"modified":"2023-08-26T00:40:46","modified_gmt":"2023-08-26T00:40:46","slug":"autoridades-recuperaron-en-tepito-un-trailer-cargado-de-galletas-que-habia-sido-robado-en-la-alcaldia-azcapotzalco","status":"publish","type":"post","link":"https:\/\/quehacerpolitico.mx\/?p=104103","title":{"rendered":"Autoridades recuperaron en\u00a0Tepito\u00a0un\u00a0tr\u00e1iler\u00a0cargado de\u00a0galletas\u00a0que hab\u00eda sido\u00a0robado\u00a0en la\u00a0alcald\u00eda\u00a0Azcapotzalco"},"content":{"rendered":"\n<p>Por Redacci\u00f3n QP<\/p>\n\n\n\n<p>Polic\u00edas capitalinos detuvieron a seis hombres por el robo de un tr\u00e1iler cargado con m\u00e1s de medio mill\u00f3n de pesos en galletas<\/p>\n\n\n\n<p>Autoridades recuperaron en&nbsp;<strong>Tepito<\/strong>&nbsp;un&nbsp;<strong>tr\u00e1iler<\/strong>&nbsp;cargado de&nbsp;<strong>galletas<\/strong>&nbsp;que hab\u00eda sido&nbsp;<strong>robado<\/strong>&nbsp;en la&nbsp;<strong>alcald\u00eda<\/strong>&nbsp;<strong>Azcapotzalco<\/strong>.<\/p>\n\n\n\n<p>El apoderado legal de una\u00a0<strong>empresa de galletas<\/strong>\u00a0reporto el\u00a0<strong>robo<\/strong>de un\u00a0<strong>tractocami\u00f3n<\/strong>\u00a0de color rojo, acoplado a una caja seca de color blanco.<\/p>\n\n\n\n<p>Monitoristas del C2 Poniente alertaron a polic\u00edas en campo sobre el hecho y ubicaron la unidad en el barrio de&nbsp;<strong>Tepito<\/strong>.<\/p>\n\n\n\n<p>Al llegar los uniformados sorprendieron a varias personas descargando\u00a0<strong>cajas de galletas<\/strong>\u00a0del tr\u00e1iler, por lo que procedieron con su detenci\u00f3n.<\/p>\n\n\n\n<figure class=\"wp-block-image\" id=\"attachment_1555226\"><img decoding=\"async\" src=\"https:\/\/i0.wp.com\/lopezdoriga.com\/wp-content\/uploads\/2023\/08\/detenidos-en-tepito-por-robo-de-trailer-cargado-de-galletas.jpg?resize=980%2C552&amp;ssl=1\" alt=\"Recuperan en Tepito tr\u00e1iler robado cargado de galletas - detenidos-en-tepito-por-robo-de-trailer-cargado-de-galletas\" class=\"wp-image-1555226\" title=\"\"\/><figcaption class=\"wp-element-caption\">Detenidos en Tepito por robo de tr\u00e1iler cargado de galletas. Foto de SSC-CDMX<\/figcaption><\/figure>\n\n\n\n<p>Seis&nbsp;<strong>hombres<\/strong>&nbsp;de entre 18 y 63 a\u00f1os de edad fueron puestos a disposici\u00f3n del&nbsp;<strong>Ministerio P\u00fablico<\/strong>&nbsp;correspondiente para definir su situaci\u00f3n jur\u00eddica.<\/p>\n\n\n\n<p>La compa\u00f1\u00eda de galletas refiri\u00f3 que la&nbsp;<strong>mercanc\u00eda recuperada<\/strong>tiene un valor de m\u00e1s de&nbsp;<strong>medio mill\u00f3n de pesos<\/strong>&nbsp;y que ten\u00eda como destino los estados de Hidalgo y Chiapas.<\/p>\n","protected":false},"excerpt":{"rendered":"<p>Por Redacci\u00f3n QP Polic\u00edas capitalinos detuvieron a seis hombres por el robo de un tr\u00e1iler&#8230;<\/p>\n","protected":false},"author":2,"featured_media":104104,"comment_status":"open","ping_status":"open","sticky":false,"template":"","format":"standard","meta":{"_monsterinsights_skip_tracking":false,"_monsterinsights_sitenote_active":false,"_monsterinsights_sitenote_note":"","_monsterinsights_sitenote_category":0,"footnotes":""},"categories":[55],"tags":[],"class_list":["post-104103","post","type-post","status-publish","format-standard","has-post-thumbnail","hentry","category-cdmx"],"yoast_head":"<!-- This site is optimized with the Yoast SEO plugin v27.3 - https:\/\/yoast.com\/product\/yoast-seo-wordpress\/ -->\n<title>Autoridades recuperaron en\u00a0Tepito\u00a0un\u00a0tr\u00e1iler\u00a0cargado de\u00a0galletas\u00a0que hab\u00eda sido\u00a0robado\u00a0en la\u00a0alcald\u00eda\u00a0Azcapotzalco -<\/title>\n<meta name=\"robots\" content=\"index, follow, max-snippet:-1, max-image-preview:large, max-video-preview:-1\" \/>\n<link rel=\"canonical\" href=\"https:\/\/quehacerpolitico.mx\/?p=104103\" \/>\n<meta property=\"og:locale\" content=\"es_MX\" \/>\n<meta property=\"og:type\" content=\"article\" \/>\n<meta property=\"og:title\" content=\"Autoridades recuperaron en\u00a0Tepito\u00a0un\u00a0tr\u00e1iler\u00a0cargado de\u00a0galletas\u00a0que hab\u00eda sido\u00a0robado\u00a0en la\u00a0alcald\u00eda\u00a0Azcapotzalco -\" \/>\n<meta property=\"og:description\" content=\"Por Redacci\u00f3n QP Polic\u00edas capitalinos detuvieron a seis hombres por el robo de un tr\u00e1iler...\" \/>\n<meta property=\"og:url\" content=\"https:\/\/quehacerpolitico.mx\/?p=104103\" \/>\n<meta property=\"article:published_time\" content=\"2023-08-26T00:40:43+00:00\" \/>\n<meta property=\"article:modified_time\" content=\"2023-08-26T00:40:46+00:00\" \/>\n<meta property=\"og:image\" content=\"https:\/\/quehacerpolitico.mx\/wp-content\/uploads\/2023\/08\/IMG_0062.webp\" \/>\n\t<meta property=\"og:image:width\" content=\"1200\" \/>\n\t<meta property=\"og:image:height\" content=\"676\" \/>\n\t<meta property=\"og:image:type\" content=\"image\/webp\" \/>\n<meta name=\"author\" content=\"Redacci\u00f3n QP\" \/>\n<meta name=\"twitter:card\" content=\"summary_large_image\" \/>\n<meta name=\"twitter:label1\" content=\"Escrito por\" \/>\n\t<meta name=\"twitter:data1\" content=\"Redacci\u00f3n QP\" \/>\n\t<meta name=\"twitter:label2\" content=\"Tiempo de lectura\" \/>\n\t<meta name=\"twitter:data2\" content=\"1 minuto\" \/>\n<script type=\"application\/ld+json\" class=\"yoast-schema-graph\">{\"@context\":\"https:\\\/\\\/schema.org\",\"@graph\":[{\"@type\":\"Article\",\"@id\":\"https:\\\/\\\/quehacerpolitico.mx\\\/?p=104103#article\",\"isPartOf\":{\"@id\":\"https:\\\/\\\/quehacerpolitico.mx\\\/?p=104103\"},\"author\":{\"name\":\"Redacci\u00f3n QP\",\"@id\":\"https:\\\/\\\/quehacerpolitico.mx\\\/#\\\/schema\\\/person\\\/496d8ad2d1d3f8036101dca7ee39e585\"},\"headline\":\"Autoridades recuperaron en\u00a0Tepito\u00a0un\u00a0tr\u00e1iler\u00a0cargado de\u00a0galletas\u00a0que hab\u00eda sido\u00a0robado\u00a0en la\u00a0alcald\u00eda\u00a0Azcapotzalco\",\"datePublished\":\"2023-08-26T00:40:43+00:00\",\"dateModified\":\"2023-08-26T00:40:46+00:00\",\"mainEntityOfPage\":{\"@id\":\"https:\\\/\\\/quehacerpolitico.mx\\\/?p=104103\"},\"wordCount\":232,\"commentCount\":0,\"image\":{\"@id\":\"https:\\\/\\\/quehacerpolitico.mx\\\/?p=104103#primaryimage\"},\"thumbnailUrl\":\"https:\\\/\\\/quehacerpolitico.mx\\\/wp-content\\\/uploads\\\/2023\\\/08\\\/IMG_0062.webp\",\"articleSection\":[\"CDMX\"],\"inLanguage\":\"es\",\"potentialAction\":[{\"@type\":\"CommentAction\",\"name\":\"Comment\",\"target\":[\"https:\\\/\\\/quehacerpolitico.mx\\\/?p=104103#respond\"]}]},{\"@type\":\"WebPage\",\"@id\":\"https:\\\/\\\/quehacerpolitico.mx\\\/?p=104103\",\"url\":\"https:\\\/\\\/quehacerpolitico.mx\\\/?p=104103\",\"name\":\"Autoridades recuperaron en\u00a0Tepito\u00a0un\u00a0tr\u00e1iler\u00a0cargado de\u00a0galletas\u00a0que hab\u00eda sido\u00a0robado\u00a0en la\u00a0alcald\u00eda\u00a0Azcapotzalco -\",\"isPartOf\":{\"@id\":\"https:\\\/\\\/quehacerpolitico.mx\\\/#website\"},\"primaryImageOfPage\":{\"@id\":\"https:\\\/\\\/quehacerpolitico.mx\\\/?p=104103#primaryimage\"},\"image\":{\"@id\":\"https:\\\/\\\/quehacerpolitico.mx\\\/?p=104103#primaryimage\"},\"thumbnailUrl\":\"https:\\\/\\\/quehacerpolitico.mx\\\/wp-content\\\/uploads\\\/2023\\\/08\\\/IMG_0062.webp\",\"datePublished\":\"2023-08-26T00:40:43+00:00\",\"dateModified\":\"2023-08-26T00:40:46+00:00\",\"author\":{\"@id\":\"https:\\\/\\\/quehacerpolitico.mx\\\/#\\\/schema\\\/person\\\/496d8ad2d1d3f8036101dca7ee39e585\"},\"breadcrumb\":{\"@id\":\"https:\\\/\\\/quehacerpolitico.mx\\\/?p=104103#breadcrumb\"},\"inLanguage\":\"es\",\"potentialAction\":[{\"@type\":\"ReadAction\",\"target\":[\"https:\\\/\\\/quehacerpolitico.mx\\\/?p=104103\"]}]},{\"@type\":\"ImageObject\",\"inLanguage\":\"es\",\"@id\":\"https:\\\/\\\/quehacerpolitico.mx\\\/?p=104103#primaryimage\",\"url\":\"https:\\\/\\\/quehacerpolitico.mx\\\/wp-content\\\/uploads\\\/2023\\\/08\\\/IMG_0062.webp\",\"contentUrl\":\"https:\\\/\\\/quehacerpolitico.mx\\\/wp-content\\\/uploads\\\/2023\\\/08\\\/IMG_0062.webp\",\"width\":1200,\"height\":676},{\"@type\":\"BreadcrumbList\",\"@id\":\"https:\\\/\\\/quehacerpolitico.mx\\\/?p=104103#breadcrumb\",\"itemListElement\":[{\"@type\":\"ListItem\",\"position\":1,\"name\":\"Inicio\",\"item\":\"https:\\\/\\\/quehacerpolitico.mx\\\/\"},{\"@type\":\"ListItem\",\"position\":2,\"name\":\"Autoridades recuperaron en\u00a0Tepito\u00a0un\u00a0tr\u00e1iler\u00a0cargado de\u00a0galletas\u00a0que hab\u00eda sido\u00a0robado\u00a0en la\u00a0alcald\u00eda\u00a0Azcapotzalco\"}]},{\"@type\":\"WebSite\",\"@id\":\"https:\\\/\\\/quehacerpolitico.mx\\\/#website\",\"url\":\"https:\\\/\\\/quehacerpolitico.mx\\\/\",\"name\":\"\",\"description\":\"\",\"potentialAction\":[{\"@type\":\"SearchAction\",\"target\":{\"@type\":\"EntryPoint\",\"urlTemplate\":\"https:\\\/\\\/quehacerpolitico.mx\\\/?s={search_term_string}\"},\"query-input\":{\"@type\":\"PropertyValueSpecification\",\"valueRequired\":true,\"valueName\":\"search_term_string\"}}],\"inLanguage\":\"es\"},{\"@type\":\"Person\",\"@id\":\"https:\\\/\\\/quehacerpolitico.mx\\\/#\\\/schema\\\/person\\\/496d8ad2d1d3f8036101dca7ee39e585\",\"name\":\"Redacci\u00f3n QP\",\"image\":{\"@type\":\"ImageObject\",\"inLanguage\":\"es\",\"@id\":\"https:\\\/\\\/secure.gravatar.com\\\/avatar\\\/c7164ed6fdec453195284ad24a5ae5b6e1eed2b848477fa2a4787ba9adf39a41?s=96&d=mm&r=g\",\"url\":\"https:\\\/\\\/secure.gravatar.com\\\/avatar\\\/c7164ed6fdec453195284ad24a5ae5b6e1eed2b848477fa2a4787ba9adf39a41?s=96&d=mm&r=g\",\"contentUrl\":\"https:\\\/\\\/secure.gravatar.com\\\/avatar\\\/c7164ed6fdec453195284ad24a5ae5b6e1eed2b848477fa2a4787ba9adf39a41?s=96&d=mm&r=g\",\"caption\":\"Redacci\u00f3n QP\"},\"url\":\"https:\\\/\\\/quehacerpolitico.mx\\\/?author=2\"}]}<\/script>\n<!-- \/ Yoast SEO plugin. -->","yoast_head_json":{"title":"Autoridades recuperaron en\u00a0Tepito\u00a0un\u00a0tr\u00e1iler\u00a0cargado de\u00a0galletas\u00a0que hab\u00eda sido\u00a0robado\u00a0en la\u00a0alcald\u00eda\u00a0Azcapotzalco -","robots":{"index":"index","follow":"follow","max-snippet":"max-snippet:-1","max-image-preview":"max-image-preview:large","max-video-preview":"max-video-preview:-1"},"canonical":"https:\/\/quehacerpolitico.mx\/?p=104103","og_locale":"es_MX","og_type":"article","og_title":"Autoridades recuperaron en\u00a0Tepito\u00a0un\u00a0tr\u00e1iler\u00a0cargado de\u00a0galletas\u00a0que hab\u00eda sido\u00a0robado\u00a0en la\u00a0alcald\u00eda\u00a0Azcapotzalco -","og_description":"Por Redacci\u00f3n QP Polic\u00edas capitalinos detuvieron a seis hombres por el robo de un tr\u00e1iler...","og_url":"https:\/\/quehacerpolitico.mx\/?p=104103","article_published_time":"2023-08-26T00:40:43+00:00","article_modified_time":"2023-08-26T00:40:46+00:00","og_image":[{"width":1200,"height":676,"url":"https:\/\/quehacerpolitico.mx\/wp-content\/uploads\/2023\/08\/IMG_0062.webp","type":"image\/webp"}],"author":"Redacci\u00f3n QP","twitter_card":"summary_large_image","twitter_misc":{"Escrito por":"Redacci\u00f3n QP","Tiempo de lectura":"1 minuto"},"schema":{"@context":"https:\/\/schema.org","@graph":[{"@type":"Article","@id":"https:\/\/quehacerpolitico.mx\/?p=104103#article","isPartOf":{"@id":"https:\/\/quehacerpolitico.mx\/?p=104103"},"author":{"name":"Redacci\u00f3n QP","@id":"https:\/\/quehacerpolitico.mx\/#\/schema\/person\/496d8ad2d1d3f8036101dca7ee39e585"},"headline":"Autoridades recuperaron en\u00a0Tepito\u00a0un\u00a0tr\u00e1iler\u00a0cargado de\u00a0galletas\u00a0que hab\u00eda sido\u00a0robado\u00a0en la\u00a0alcald\u00eda\u00a0Azcapotzalco","datePublished":"2023-08-26T00:40:43+00:00","dateModified":"2023-08-26T00:40:46+00:00","mainEntityOfPage":{"@id":"https:\/\/quehacerpolitico.mx\/?p=104103"},"wordCount":232,"commentCount":0,"image":{"@id":"https:\/\/quehacerpolitico.mx\/?p=104103#primaryimage"},"thumbnailUrl":"https:\/\/quehacerpolitico.mx\/wp-content\/uploads\/2023\/08\/IMG_0062.webp","articleSection":["CDMX"],"inLanguage":"es","potentialAction":[{"@type":"CommentAction","name":"Comment","target":["https:\/\/quehacerpolitico.mx\/?p=104103#respond"]}]},{"@type":"WebPage","@id":"https:\/\/quehacerpolitico.mx\/?p=104103","url":"https:\/\/quehacerpolitico.mx\/?p=104103","name":"Autoridades recuperaron en\u00a0Tepito\u00a0un\u00a0tr\u00e1iler\u00a0cargado de\u00a0galletas\u00a0que hab\u00eda sido\u00a0robado\u00a0en la\u00a0alcald\u00eda\u00a0Azcapotzalco -","isPartOf":{"@id":"https:\/\/quehacerpolitico.mx\/#website"},"primaryImageOfPage":{"@id":"https:\/\/quehacerpolitico.mx\/?p=104103#primaryimage"},"image":{"@id":"https:\/\/quehacerpolitico.mx\/?p=104103#primaryimage"},"thumbnailUrl":"https:\/\/quehacerpolitico.mx\/wp-content\/uploads\/2023\/08\/IMG_0062.webp","datePublished":"2023-08-26T00:40:43+00:00","dateModified":"2023-08-26T00:40:46+00:00","author":{"@id":"https:\/\/quehacerpolitico.mx\/#\/schema\/person\/496d8ad2d1d3f8036101dca7ee39e585"},"breadcrumb":{"@id":"https:\/\/quehacerpolitico.mx\/?p=104103#breadcrumb"},"inLanguage":"es","potentialAction":[{"@type":"ReadAction","target":["https:\/\/quehacerpolitico.mx\/?p=104103"]}]},{"@type":"ImageObject","inLanguage":"es","@id":"https:\/\/quehacerpolitico.mx\/?p=104103#primaryimage","url":"https:\/\/quehacerpolitico.mx\/wp-content\/uploads\/2023\/08\/IMG_0062.webp","contentUrl":"https:\/\/quehacerpolitico.mx\/wp-content\/uploads\/2023\/08\/IMG_0062.webp","width":1200,"height":676},{"@type":"BreadcrumbList","@id":"https:\/\/quehacerpolitico.mx\/?p=104103#breadcrumb","itemListElement":[{"@type":"ListItem","position":1,"name":"Inicio","item":"https:\/\/quehacerpolitico.mx\/"},{"@type":"ListItem","position":2,"name":"Autoridades recuperaron en\u00a0Tepito\u00a0un\u00a0tr\u00e1iler\u00a0cargado de\u00a0galletas\u00a0que hab\u00eda sido\u00a0robado\u00a0en la\u00a0alcald\u00eda\u00a0Azcapotzalco"}]},{"@type":"WebSite","@id":"https:\/\/quehacerpolitico.mx\/#website","url":"https:\/\/quehacerpolitico.mx\/","name":"","description":"","potentialAction":[{"@type":"SearchAction","target":{"@type":"EntryPoint","urlTemplate":"https:\/\/quehacerpolitico.mx\/?s={search_term_string}"},"query-input":{"@type":"PropertyValueSpecification","valueRequired":true,"valueName":"search_term_string"}}],"inLanguage":"es"},{"@type":"Person","@id":"https:\/\/quehacerpolitico.mx\/#\/schema\/person\/496d8ad2d1d3f8036101dca7ee39e585","name":"Redacci\u00f3n QP","image":{"@type":"ImageObject","inLanguage":"es","@id":"https:\/\/secure.gravatar.com\/avatar\/c7164ed6fdec453195284ad24a5ae5b6e1eed2b848477fa2a4787ba9adf39a41?s=96&d=mm&r=g","url":"https:\/\/secure.gravatar.com\/avatar\/c7164ed6fdec453195284ad24a5ae5b6e1eed2b848477fa2a4787ba9adf39a41?s=96&d=mm&r=g","contentUrl":"https:\/\/secure.gravatar.com\/avatar\/c7164ed6fdec453195284ad24a5ae5b6e1eed2b848477fa2a4787ba9adf39a41?s=96&d=mm&r=g","caption":"Redacci\u00f3n QP"},"url":"https:\/\/quehacerpolitico.mx\/?author=2"}]}},"featured_image_urls":{"full":["https:\/\/quehacerpolitico.mx\/wp-content\/uploads\/2023\/08\/IMG_0062.webp",1200,676,false],"thumbnail":["https:\/\/quehacerpolitico.mx\/wp-content\/uploads\/2023\/08\/IMG_0062-150x150.webp",150,150,true],"medium":["https:\/\/quehacerpolitico.mx\/wp-content\/uploads\/2023\/08\/IMG_0062-300x169.webp",300,169,true],"medium_large":["https:\/\/quehacerpolitico.mx\/wp-content\/uploads\/2023\/08\/IMG_0062-768x433.webp",640,361,true],"large":["https:\/\/quehacerpolitico.mx\/wp-content\/uploads\/2023\/08\/IMG_0062-1024x577.webp",640,361,true],"1536x1536":["https:\/\/quehacerpolitico.mx\/wp-content\/uploads\/2023\/08\/IMG_0062.webp",1200,676,false],"2048x2048":["https:\/\/quehacerpolitico.mx\/wp-content\/uploads\/2023\/08\/IMG_0062.webp",1200,676,false],"covernews-featured":["https:\/\/quehacerpolitico.mx\/wp-content\/uploads\/2023\/08\/IMG_0062.webp",1024,577,false],"covernews-medium":["https:\/\/quehacerpolitico.mx\/wp-content\/uploads\/2023\/08\/IMG_0062.webp",540,304,false]},"author_info":{"display_name":"Redacci\u00f3n QP","author_link":"https:\/\/quehacerpolitico.mx\/?author=2"},"category_info":"<a href=\"https:\/\/quehacerpolitico.mx\/?cat=55\" rel=\"category\">CDMX<\/a>","tag_info":"CDMX","comment_count":"0","_links":{"self":[{"href":"https:\/\/quehacerpolitico.mx\/index.php?rest_route=\/wp\/v2\/posts\/104103","targetHints":{"allow":["GET"]}}],"collection":[{"href":"https:\/\/quehacerpolitico.mx\/index.php?rest_route=\/wp\/v2\/posts"}],"about":[{"href":"https:\/\/quehacerpolitico.mx\/index.php?rest_route=\/wp\/v2\/types\/post"}],"author":[{"embeddable":true,"href":"https:\/\/quehacerpolitico.mx\/index.php?rest_route=\/wp\/v2\/users\/2"}],"replies":[{"embeddable":true,"href":"https:\/\/quehacerpolitico.mx\/index.php?rest_route=%2Fwp%2Fv2%2Fcomments&post=104103"}],"version-history":[{"count":1,"href":"https:\/\/quehacerpolitico.mx\/index.php?rest_route=\/wp\/v2\/posts\/104103\/revisions"}],"predecessor-version":[{"id":104105,"href":"https:\/\/quehacerpolitico.mx\/index.php?rest_route=\/wp\/v2\/posts\/104103\/revisions\/104105"}],"wp:featuredmedia":[{"embeddable":true,"href":"https:\/\/quehacerpolitico.mx\/index.php?rest_route=\/wp\/v2\/media\/104104"}],"wp:attachment":[{"href":"https:\/\/quehacerpolitico.mx\/index.php?rest_route=%2Fwp%2Fv2%2Fmedia&parent=104103"}],"wp:term":[{"taxonomy":"category","embeddable":true,"href":"https:\/\/quehacerpolitico.mx\/index.php?rest_route=%2Fwp%2Fv2%2Fcategories&post=104103"},{"taxonomy":"post_tag","embeddable":true,"href":"https:\/\/quehacerpolitico.mx\/index.php?rest_route=%2Fwp%2Fv2%2Ftags&post=104103"}],"curies":[{"name":"wp","href":"https:\/\/api.w.org\/{rel}","templated":true}]}}