{"id":104097,"date":"2023-08-25T20:59:18","date_gmt":"2023-08-25T20:59:18","guid":{"rendered":"https:\/\/quehacerpolitico.mx\/?p=104097"},"modified":"2023-08-25T20:59:21","modified_gmt":"2023-08-25T20:59:21","slug":"internacionales-carolina-alonso-romei-kremlin-niega-que-putin-ordenara-muerte-de-prigozhin","status":"publish","type":"post","link":"https:\/\/quehacerpolitico.mx\/?p=104097","title":{"rendered":"Internacionales\/\/\/Carolina Alonso Romei\/\/\/Kremlin niega que Putin ordenara muerte de Prigozhin"},"content":{"rendered":"\n<p>Por Carolina Alonso Romei<\/p>\n\n\n\n<p>Internacionalista <\/p>\n\n\n\n<p>Dmitri Peskov acusa a Occidente de dedicarse a &#8220;especular&#8221; y presentar los hechos desde &#8220;un determinado \u00e1ngulo&#8221;<\/p>\n\n\n\n<p>El Kremlin sali\u00f3 hoy en defensa del presidente de Rusia,\u00a0Vladimir Putin considerado un\u00e1nimemente por la prensa independiente y la oposici\u00f3n el\u00a0<strong>principal sospechoso<\/strong>\u00a0tras la\u00a0ca\u00edda del avi\u00f3n jefe del grupo de mercenarios Wagner, Yevgueni Prigozhin.<\/p>\n\n\n\n<figure class=\"wp-block-embed is-type-video is-provider-youtube wp-block-embed-youtube wp-embed-aspect-16-9 wp-has-aspect-ratio\"><div class=\"wp-block-embed__wrapper\">\n<iframe loading=\"lazy\" title=\"El Kremlin niega implicaci\u00f3n en muerte de Prigozhin y encuadra a los paramilitares | AFP\" width=\"640\" height=\"360\" src=\"https:\/\/www.youtube.com\/embed\/YJnKeW5VhzQ?feature=oembed\" frameborder=\"0\" allow=\"accelerometer; autoplay; clipboard-write; encrypted-media; gyroscope; picture-in-picture; web-share\" referrerpolicy=\"strict-origin-when-cross-origin\" allowfullscreen><\/iframe>\n<\/div><\/figure>\n\n\n\n<p><strong>&#8220;Es todo mentira&#8221;,<\/strong>&nbsp;dijo el vocero de la Presidencia rusa, Dmitri Peskov, en su primera rueda de prensa telem\u00e1tica tras un par\u00e9ntesis de casi tres semanas.<\/p>\n\n\n\n<p>Putin ya hab\u00eda roto su silencio ayer,\u00a0transmitiendo sus condolencias por los diez fallecidos en la cat\u00e1strofe a\u00e9rea y alabando la figura de Prigozhin,\u00a0<strong>pese a haberle acusado de traici\u00f3n hace s\u00f3lo dos meses,<\/strong>\u00a0cuando se sublev\u00f3 contra el Kremlin.<\/p>\n\n\n\n<h2 class=\"wp-block-heading\">Blanquear la imagen de Putin<\/h2>\n\n\n\n<p>Dmitri Peskov acus\u00f3 a Occidente, que apoya a\u00a0Ucrania en la guerra con Rusia, de dedicarse a &#8220;especular&#8221; y presentar los hechos desde &#8220;un determinado \u00e1ngulo&#8221;.<\/p>\n\n\n\n<p><strong>&#8220;Al abordar ese tema, hay que basarse en hechos&#8221;<\/strong>, indic\u00f3, al tiempo que reconoci\u00f3 que \u00e9stos, por el momento, &#8220;no son muchos&#8221;, porque hay una investigaci\u00f3n en marcha. Y parafrase\u00f3 a Putin al asegurar que la investigaci\u00f3n concluir\u00e1 &#8220;en un futuro no muy lejano&#8221;.<\/p>\n\n\n\n<p>Le intent\u00f3 echar una mano el presidente de Bielorrusia, Alexandr Lukashenko: &#8220;No puedo decir qui\u00e9n lo hizo. No voy a hacer de abogado ni siquiera de mi hermano mayor. Pero conozco a Putin (&#8230;) Por eso no puedo imaginar que lo ha hecho Putin, que Putin sea culpable&#8221;.<\/p>\n\n\n\n<p>Lukashenko destac\u00f3 que Putin es una&nbsp;<strong>&#8220;persona calculadora, muy tranquila e incluso lenta a la hora de adoptar decisiones sobre cuestiones menos complejas&#8221;,<\/strong>&nbsp;y destac\u00f3 que, en caso de que se confirme que fue un asesinato, el trabajo hab\u00eda sido &#8220;poco profesional y excesivamente burdo&#8221;.<\/p>\n\n\n\n<h2 class=\"wp-block-heading\">Occidente lo tiene claro<\/h2>\n\n\n\n<p>Mientras, fuentes oficiales estadounidenses informaron al rotativo&nbsp;<em>Wall Street Journal<\/em>&nbsp;de que la cat\u00e1strofe fue, en realidad, un asesinato, pero no con un misil tierra-aire -algo que tambi\u00e9n ha descartado el Pent\u00e1gono-, sino&nbsp;<strong>un sabotaje con una bomba colocada en la aeronave.<\/strong><\/p>\n\n\n\n<p>El presidente de Estados Unidos, Joe Biden, tambi\u00e9n reconoci\u00f3 que no le hab\u00eda sorprendido la noticia, y dej\u00f3 clara su opini\u00f3n sobre el principal sospechoso. &#8220;No hay mucho que pase en\u00a0Rusia en lo que Putin no est\u00e9 detr\u00e1s&#8221;, dijo.<\/p>\n\n\n\n<p>Aunque la gran preocupaci\u00f3n de Occidente es qu\u00e9 pasar\u00e1 ahora con el grupo Wagner, que instruye desde hace semanas a unidades militares bielorrusas cerca de la frontera con Polonia y que reanud\u00f3 tambi\u00e9n sus operaciones en el Sahel, en \u00c1frica.<\/p>\n\n\n\n<p>El vocero del Servicio de Fronteras de Ucrania, Andr\u00ed Demechenko, asegur\u00f3 hoy a la televisi\u00f3n que\u00a0<strong>el n\u00famero de mercenarios wagneritas en Bielorrusia no ha dejado de disminuir en las \u00faltimas 48 horas.<\/strong><\/p>\n\n\n\n<figure class=\"wp-block-embed is-type-video is-provider-youtube wp-block-embed-youtube wp-embed-aspect-16-9 wp-has-aspect-ratio\"><div class=\"wp-block-embed__wrapper\">\n<iframe loading=\"lazy\" title=\"El Kremlin niega el asesinato de Yevgueni Prigozhin\" width=\"640\" height=\"360\" src=\"https:\/\/www.youtube.com\/embed\/MJP3s9hit0Y?feature=oembed\" frameborder=\"0\" allow=\"accelerometer; autoplay; clipboard-write; encrypted-media; gyroscope; picture-in-picture; web-share\" referrerpolicy=\"strict-origin-when-cross-origin\" allowfullscreen><\/iframe>\n<\/div><\/figure>\n\n\n\n<p>Al respecto, Lukashenko asegur\u00f3 que &#8220;Wagner est\u00e1 vivo y vivir\u00e1 en\u00a0Bielorrusia\u00a0por mucho que algunos no lo quieran&#8221;.<\/p>\n\n\n\n<p>Le rest\u00f3 importancia a las im\u00e1genes de sat\u00e9lite que muestran la disminuci\u00f3n del campamento de Wagner en la regi\u00f3n de Moguiliov e insisti\u00f3 en que el &#8220;n\u00facleo&#8221; del grupo permanecer\u00e1 en Bielorrusia.<\/p>\n\n\n\n<p>&#8220;En unos d\u00edas, todos estar\u00e1n aqu\u00ed, unas 10.000 personas&#8221;, recalc\u00f3 al se\u00f1alar que actualmente algunos wagneritas &#8220;est\u00e1n de vacaciones&#8221;.<\/p>\n\n\n\n<h2 class=\"wp-block-heading\">Retorno al estalinismo<\/h2>\n\n\n\n<p>Casi todos los medios independientes y opositores rusos apuntan en una sola direcci\u00f3n:&nbsp;<strong>s\u00f3lo el Kremlin pudo estar detr\u00e1s de la muerte de Prigozhin.<\/strong><\/p>\n\n\n\n<p>El investigador de la web de informaci\u00f3n&nbsp;<em>Bellingcat<\/em>, Christo Grozev, opin\u00f3 que la cat\u00e1strofe fue, en realidad, una operaci\u00f3n especial de la inteligencia militar rusa (GRU), quien habr\u00eda asumido el control de las actividades en el continente africano.<\/p>\n\n\n\n<p>En la misma l\u00ednea, el encarcelado l\u00edder opositor, Alex\u00e9i Navalni, habl\u00f3 de\u00a0<strong>&#8220;atentado que organiz\u00f3 Putin&#8221;<\/strong>\u00a0y alert\u00f3 sobre una futura\u00a0guerra civil en Rusia.<\/p>\n\n\n\n<p>El experto Alexandr Ba\u00fanov escribi\u00f3 en el proyecto Carnegie Politika que Putin ha adoptado las pr\u00e1cticas t\u00edpicas de los estados mafiosos y del terror estalinista, y recuerda que\u00a0<strong>ning\u00fan alto cargo ha acusado p\u00fablicamente a\u00a0Ucrania y Occidente del accidente.<\/strong><\/p>\n\n\n\n<p>&#8220;Al fin y al cabo, Iosif Stalin, al que cada vez m\u00e1s gente tiene respeto e incluso admiraci\u00f3n, era famoso por la misma crueldad hacia sus enemigos como hacia sus partidarios&#8221;, dijo Ba\u00fanov.<\/p>\n\n\n\n<p>Esa es tambi\u00e9n la opini\u00f3n del magnate Mija\u00edl Jodorkovski, quien critic\u00f3 a Prigozhin por desaprovechar la oportunidad de derrocar a Putin durante la fallida rebeli\u00f3n armada de junio pasado.<\/p>\n\n\n\n<p><strong>S\u00f3lo algunos medios sugieren la posibilidad de que el avi\u00f3n fuera derribado accidentalmente por un misil lanzado por una de las bater\u00edas antia\u00e9reas que protegen una de las residencias presidenciales,<\/strong>\u00a0Vald\u00e1i, en cuyas inmediaciones se estrell\u00f3 el avi\u00f3n Embraer en el que volaba Prigozhin.<\/p>\n\n\n\n<p>Con informaci\u00f3n de EFE<\/p>\n","protected":false},"excerpt":{"rendered":"<p>Por Carolina Alonso Romei Internacionalista Dmitri Peskov acusa a Occidente de dedicarse a &#8220;especular&#8221; y&#8230;<\/p>\n","protected":false},"author":2,"featured_media":104098,"comment_status":"open","ping_status":"open","sticky":false,"template":"","format":"standard","meta":{"_monsterinsights_skip_tracking":false,"_monsterinsights_sitenote_active":false,"_monsterinsights_sitenote_note":"","_monsterinsights_sitenote_category":0,"footnotes":""},"categories":[1],"tags":[],"class_list":["post-104097","post","type-post","status-publish","format-standard","has-post-thumbnail","hentry","category-sin-categoria"],"yoast_head":"<!-- This site is optimized with the Yoast SEO plugin v27.3 - https:\/\/yoast.com\/product\/yoast-seo-wordpress\/ -->\n<title>Internacionales\/\/\/Carolina Alonso Romei\/\/\/Kremlin niega que Putin ordenara muerte de Prigozhin -<\/title>\n<meta name=\"robots\" content=\"index, follow, max-snippet:-1, max-image-preview:large, max-video-preview:-1\" \/>\n<link rel=\"canonical\" href=\"https:\/\/quehacerpolitico.mx\/?p=104097\" \/>\n<meta property=\"og:locale\" content=\"es_MX\" \/>\n<meta property=\"og:type\" content=\"article\" \/>\n<meta property=\"og:title\" content=\"Internacionales\/\/\/Carolina Alonso Romei\/\/\/Kremlin niega que Putin ordenara muerte de Prigozhin -\" \/>\n<meta property=\"og:description\" content=\"Por Carolina Alonso Romei Internacionalista Dmitri Peskov acusa a Occidente de dedicarse a &#8220;especular&#8221; y...\" \/>\n<meta property=\"og:url\" content=\"https:\/\/quehacerpolitico.mx\/?p=104097\" \/>\n<meta property=\"article:published_time\" content=\"2023-08-25T20:59:18+00:00\" \/>\n<meta property=\"article:modified_time\" content=\"2023-08-25T20:59:21+00:00\" \/>\n<meta property=\"og:image\" content=\"https:\/\/quehacerpolitico.mx\/wp-content\/uploads\/2023\/08\/IMG_0050.jpeg\" \/>\n\t<meta property=\"og:image:width\" content=\"1284\" \/>\n\t<meta property=\"og:image:height\" content=\"626\" \/>\n\t<meta property=\"og:image:type\" content=\"image\/jpeg\" \/>\n<meta name=\"author\" content=\"Redacci\u00f3n QP\" \/>\n<meta name=\"twitter:card\" content=\"summary_large_image\" \/>\n<meta name=\"twitter:label1\" content=\"Escrito por\" \/>\n\t<meta name=\"twitter:data1\" content=\"Redacci\u00f3n QP\" \/>\n\t<meta name=\"twitter:label2\" content=\"Tiempo de lectura\" \/>\n\t<meta name=\"twitter:data2\" content=\"4 minutos\" \/>\n<script type=\"application\/ld+json\" class=\"yoast-schema-graph\">{\"@context\":\"https:\\\/\\\/schema.org\",\"@graph\":[{\"@type\":\"Article\",\"@id\":\"https:\\\/\\\/quehacerpolitico.mx\\\/?p=104097#article\",\"isPartOf\":{\"@id\":\"https:\\\/\\\/quehacerpolitico.mx\\\/?p=104097\"},\"author\":{\"name\":\"Redacci\u00f3n QP\",\"@id\":\"https:\\\/\\\/quehacerpolitico.mx\\\/#\\\/schema\\\/person\\\/496d8ad2d1d3f8036101dca7ee39e585\"},\"headline\":\"Internacionales\\\/\\\/\\\/Carolina Alonso Romei\\\/\\\/\\\/Kremlin niega que Putin ordenara muerte de Prigozhin\",\"datePublished\":\"2023-08-25T20:59:18+00:00\",\"dateModified\":\"2023-08-25T20:59:21+00:00\",\"mainEntityOfPage\":{\"@id\":\"https:\\\/\\\/quehacerpolitico.mx\\\/?p=104097\"},\"wordCount\":865,\"commentCount\":0,\"image\":{\"@id\":\"https:\\\/\\\/quehacerpolitico.mx\\\/?p=104097#primaryimage\"},\"thumbnailUrl\":\"https:\\\/\\\/quehacerpolitico.mx\\\/wp-content\\\/uploads\\\/2023\\\/08\\\/IMG_0050.jpeg\",\"articleSection\":[\"Internacionales\"],\"inLanguage\":\"es\",\"potentialAction\":[{\"@type\":\"CommentAction\",\"name\":\"Comment\",\"target\":[\"https:\\\/\\\/quehacerpolitico.mx\\\/?p=104097#respond\"]}]},{\"@type\":\"WebPage\",\"@id\":\"https:\\\/\\\/quehacerpolitico.mx\\\/?p=104097\",\"url\":\"https:\\\/\\\/quehacerpolitico.mx\\\/?p=104097\",\"name\":\"Internacionales\\\/\\\/\\\/Carolina Alonso Romei\\\/\\\/\\\/Kremlin niega que Putin ordenara muerte de Prigozhin -\",\"isPartOf\":{\"@id\":\"https:\\\/\\\/quehacerpolitico.mx\\\/#website\"},\"primaryImageOfPage\":{\"@id\":\"https:\\\/\\\/quehacerpolitico.mx\\\/?p=104097#primaryimage\"},\"image\":{\"@id\":\"https:\\\/\\\/quehacerpolitico.mx\\\/?p=104097#primaryimage\"},\"thumbnailUrl\":\"https:\\\/\\\/quehacerpolitico.mx\\\/wp-content\\\/uploads\\\/2023\\\/08\\\/IMG_0050.jpeg\",\"datePublished\":\"2023-08-25T20:59:18+00:00\",\"dateModified\":\"2023-08-25T20:59:21+00:00\",\"author\":{\"@id\":\"https:\\\/\\\/quehacerpolitico.mx\\\/#\\\/schema\\\/person\\\/496d8ad2d1d3f8036101dca7ee39e585\"},\"breadcrumb\":{\"@id\":\"https:\\\/\\\/quehacerpolitico.mx\\\/?p=104097#breadcrumb\"},\"inLanguage\":\"es\",\"potentialAction\":[{\"@type\":\"ReadAction\",\"target\":[\"https:\\\/\\\/quehacerpolitico.mx\\\/?p=104097\"]}]},{\"@type\":\"ImageObject\",\"inLanguage\":\"es\",\"@id\":\"https:\\\/\\\/quehacerpolitico.mx\\\/?p=104097#primaryimage\",\"url\":\"https:\\\/\\\/quehacerpolitico.mx\\\/wp-content\\\/uploads\\\/2023\\\/08\\\/IMG_0050.jpeg\",\"contentUrl\":\"https:\\\/\\\/quehacerpolitico.mx\\\/wp-content\\\/uploads\\\/2023\\\/08\\\/IMG_0050.jpeg\",\"width\":1284,\"height\":626},{\"@type\":\"BreadcrumbList\",\"@id\":\"https:\\\/\\\/quehacerpolitico.mx\\\/?p=104097#breadcrumb\",\"itemListElement\":[{\"@type\":\"ListItem\",\"position\":1,\"name\":\"Inicio\",\"item\":\"https:\\\/\\\/quehacerpolitico.mx\\\/\"},{\"@type\":\"ListItem\",\"position\":2,\"name\":\"Internacionales\\\/\\\/\\\/Carolina Alonso Romei\\\/\\\/\\\/Kremlin niega que Putin ordenara muerte de Prigozhin\"}]},{\"@type\":\"WebSite\",\"@id\":\"https:\\\/\\\/quehacerpolitico.mx\\\/#website\",\"url\":\"https:\\\/\\\/quehacerpolitico.mx\\\/\",\"name\":\"\",\"description\":\"\",\"potentialAction\":[{\"@type\":\"SearchAction\",\"target\":{\"@type\":\"EntryPoint\",\"urlTemplate\":\"https:\\\/\\\/quehacerpolitico.mx\\\/?s={search_term_string}\"},\"query-input\":{\"@type\":\"PropertyValueSpecification\",\"valueRequired\":true,\"valueName\":\"search_term_string\"}}],\"inLanguage\":\"es\"},{\"@type\":\"Person\",\"@id\":\"https:\\\/\\\/quehacerpolitico.mx\\\/#\\\/schema\\\/person\\\/496d8ad2d1d3f8036101dca7ee39e585\",\"name\":\"Redacci\u00f3n QP\",\"image\":{\"@type\":\"ImageObject\",\"inLanguage\":\"es\",\"@id\":\"https:\\\/\\\/secure.gravatar.com\\\/avatar\\\/c7164ed6fdec453195284ad24a5ae5b6e1eed2b848477fa2a4787ba9adf39a41?s=96&d=mm&r=g\",\"url\":\"https:\\\/\\\/secure.gravatar.com\\\/avatar\\\/c7164ed6fdec453195284ad24a5ae5b6e1eed2b848477fa2a4787ba9adf39a41?s=96&d=mm&r=g\",\"contentUrl\":\"https:\\\/\\\/secure.gravatar.com\\\/avatar\\\/c7164ed6fdec453195284ad24a5ae5b6e1eed2b848477fa2a4787ba9adf39a41?s=96&d=mm&r=g\",\"caption\":\"Redacci\u00f3n QP\"},\"url\":\"https:\\\/\\\/quehacerpolitico.mx\\\/?author=2\"}]}<\/script>\n<!-- \/ Yoast SEO plugin. -->","yoast_head_json":{"title":"Internacionales\/\/\/Carolina Alonso Romei\/\/\/Kremlin niega que Putin ordenara muerte de Prigozhin -","robots":{"index":"index","follow":"follow","max-snippet":"max-snippet:-1","max-image-preview":"max-image-preview:large","max-video-preview":"max-video-preview:-1"},"canonical":"https:\/\/quehacerpolitico.mx\/?p=104097","og_locale":"es_MX","og_type":"article","og_title":"Internacionales\/\/\/Carolina Alonso Romei\/\/\/Kremlin niega que Putin ordenara muerte de Prigozhin -","og_description":"Por Carolina Alonso Romei Internacionalista Dmitri Peskov acusa a Occidente de dedicarse a &#8220;especular&#8221; y...","og_url":"https:\/\/quehacerpolitico.mx\/?p=104097","article_published_time":"2023-08-25T20:59:18+00:00","article_modified_time":"2023-08-25T20:59:21+00:00","og_image":[{"width":1284,"height":626,"url":"https:\/\/quehacerpolitico.mx\/wp-content\/uploads\/2023\/08\/IMG_0050.jpeg","type":"image\/jpeg"}],"author":"Redacci\u00f3n QP","twitter_card":"summary_large_image","twitter_misc":{"Escrito por":"Redacci\u00f3n QP","Tiempo de lectura":"4 minutos"},"schema":{"@context":"https:\/\/schema.org","@graph":[{"@type":"Article","@id":"https:\/\/quehacerpolitico.mx\/?p=104097#article","isPartOf":{"@id":"https:\/\/quehacerpolitico.mx\/?p=104097"},"author":{"name":"Redacci\u00f3n QP","@id":"https:\/\/quehacerpolitico.mx\/#\/schema\/person\/496d8ad2d1d3f8036101dca7ee39e585"},"headline":"Internacionales\/\/\/Carolina Alonso Romei\/\/\/Kremlin niega que Putin ordenara muerte de Prigozhin","datePublished":"2023-08-25T20:59:18+00:00","dateModified":"2023-08-25T20:59:21+00:00","mainEntityOfPage":{"@id":"https:\/\/quehacerpolitico.mx\/?p=104097"},"wordCount":865,"commentCount":0,"image":{"@id":"https:\/\/quehacerpolitico.mx\/?p=104097#primaryimage"},"thumbnailUrl":"https:\/\/quehacerpolitico.mx\/wp-content\/uploads\/2023\/08\/IMG_0050.jpeg","articleSection":["Internacionales"],"inLanguage":"es","potentialAction":[{"@type":"CommentAction","name":"Comment","target":["https:\/\/quehacerpolitico.mx\/?p=104097#respond"]}]},{"@type":"WebPage","@id":"https:\/\/quehacerpolitico.mx\/?p=104097","url":"https:\/\/quehacerpolitico.mx\/?p=104097","name":"Internacionales\/\/\/Carolina Alonso Romei\/\/\/Kremlin niega que Putin ordenara muerte de Prigozhin -","isPartOf":{"@id":"https:\/\/quehacerpolitico.mx\/#website"},"primaryImageOfPage":{"@id":"https:\/\/quehacerpolitico.mx\/?p=104097#primaryimage"},"image":{"@id":"https:\/\/quehacerpolitico.mx\/?p=104097#primaryimage"},"thumbnailUrl":"https:\/\/quehacerpolitico.mx\/wp-content\/uploads\/2023\/08\/IMG_0050.jpeg","datePublished":"2023-08-25T20:59:18+00:00","dateModified":"2023-08-25T20:59:21+00:00","author":{"@id":"https:\/\/quehacerpolitico.mx\/#\/schema\/person\/496d8ad2d1d3f8036101dca7ee39e585"},"breadcrumb":{"@id":"https:\/\/quehacerpolitico.mx\/?p=104097#breadcrumb"},"inLanguage":"es","potentialAction":[{"@type":"ReadAction","target":["https:\/\/quehacerpolitico.mx\/?p=104097"]}]},{"@type":"ImageObject","inLanguage":"es","@id":"https:\/\/quehacerpolitico.mx\/?p=104097#primaryimage","url":"https:\/\/quehacerpolitico.mx\/wp-content\/uploads\/2023\/08\/IMG_0050.jpeg","contentUrl":"https:\/\/quehacerpolitico.mx\/wp-content\/uploads\/2023\/08\/IMG_0050.jpeg","width":1284,"height":626},{"@type":"BreadcrumbList","@id":"https:\/\/quehacerpolitico.mx\/?p=104097#breadcrumb","itemListElement":[{"@type":"ListItem","position":1,"name":"Inicio","item":"https:\/\/quehacerpolitico.mx\/"},{"@type":"ListItem","position":2,"name":"Internacionales\/\/\/Carolina Alonso Romei\/\/\/Kremlin niega que Putin ordenara muerte de Prigozhin"}]},{"@type":"WebSite","@id":"https:\/\/quehacerpolitico.mx\/#website","url":"https:\/\/quehacerpolitico.mx\/","name":"","description":"","potentialAction":[{"@type":"SearchAction","target":{"@type":"EntryPoint","urlTemplate":"https:\/\/quehacerpolitico.mx\/?s={search_term_string}"},"query-input":{"@type":"PropertyValueSpecification","valueRequired":true,"valueName":"search_term_string"}}],"inLanguage":"es"},{"@type":"Person","@id":"https:\/\/quehacerpolitico.mx\/#\/schema\/person\/496d8ad2d1d3f8036101dca7ee39e585","name":"Redacci\u00f3n QP","image":{"@type":"ImageObject","inLanguage":"es","@id":"https:\/\/secure.gravatar.com\/avatar\/c7164ed6fdec453195284ad24a5ae5b6e1eed2b848477fa2a4787ba9adf39a41?s=96&d=mm&r=g","url":"https:\/\/secure.gravatar.com\/avatar\/c7164ed6fdec453195284ad24a5ae5b6e1eed2b848477fa2a4787ba9adf39a41?s=96&d=mm&r=g","contentUrl":"https:\/\/secure.gravatar.com\/avatar\/c7164ed6fdec453195284ad24a5ae5b6e1eed2b848477fa2a4787ba9adf39a41?s=96&d=mm&r=g","caption":"Redacci\u00f3n QP"},"url":"https:\/\/quehacerpolitico.mx\/?author=2"}]}},"featured_image_urls":{"full":["https:\/\/quehacerpolitico.mx\/wp-content\/uploads\/2023\/08\/IMG_0050.jpeg",1284,626,false],"thumbnail":["https:\/\/quehacerpolitico.mx\/wp-content\/uploads\/2023\/08\/IMG_0050-150x150.jpeg",150,150,true],"medium":["https:\/\/quehacerpolitico.mx\/wp-content\/uploads\/2023\/08\/IMG_0050-300x146.jpeg",300,146,true],"medium_large":["https:\/\/quehacerpolitico.mx\/wp-content\/uploads\/2023\/08\/IMG_0050-768x374.jpeg",640,312,true],"large":["https:\/\/quehacerpolitico.mx\/wp-content\/uploads\/2023\/08\/IMG_0050-1024x499.jpeg",640,312,true],"1536x1536":["https:\/\/quehacerpolitico.mx\/wp-content\/uploads\/2023\/08\/IMG_0050.jpeg",1284,626,false],"2048x2048":["https:\/\/quehacerpolitico.mx\/wp-content\/uploads\/2023\/08\/IMG_0050.jpeg",1284,626,false],"covernews-featured":["https:\/\/quehacerpolitico.mx\/wp-content\/uploads\/2023\/08\/IMG_0050.jpeg",1024,499,false],"covernews-medium":["https:\/\/quehacerpolitico.mx\/wp-content\/uploads\/2023\/08\/IMG_0050.jpeg",540,263,false]},"author_info":{"display_name":"Redacci\u00f3n QP","author_link":"https:\/\/quehacerpolitico.mx\/?author=2"},"category_info":"<a href=\"https:\/\/quehacerpolitico.mx\/?cat=1\" rel=\"category\">Internacionales<\/a>","tag_info":"Internacionales","comment_count":"0","_links":{"self":[{"href":"https:\/\/quehacerpolitico.mx\/index.php?rest_route=\/wp\/v2\/posts\/104097","targetHints":{"allow":["GET"]}}],"collection":[{"href":"https:\/\/quehacerpolitico.mx\/index.php?rest_route=\/wp\/v2\/posts"}],"about":[{"href":"https:\/\/quehacerpolitico.mx\/index.php?rest_route=\/wp\/v2\/types\/post"}],"author":[{"embeddable":true,"href":"https:\/\/quehacerpolitico.mx\/index.php?rest_route=\/wp\/v2\/users\/2"}],"replies":[{"embeddable":true,"href":"https:\/\/quehacerpolitico.mx\/index.php?rest_route=%2Fwp%2Fv2%2Fcomments&post=104097"}],"version-history":[{"count":1,"href":"https:\/\/quehacerpolitico.mx\/index.php?rest_route=\/wp\/v2\/posts\/104097\/revisions"}],"predecessor-version":[{"id":104099,"href":"https:\/\/quehacerpolitico.mx\/index.php?rest_route=\/wp\/v2\/posts\/104097\/revisions\/104099"}],"wp:featuredmedia":[{"embeddable":true,"href":"https:\/\/quehacerpolitico.mx\/index.php?rest_route=\/wp\/v2\/media\/104098"}],"wp:attachment":[{"href":"https:\/\/quehacerpolitico.mx\/index.php?rest_route=%2Fwp%2Fv2%2Fmedia&parent=104097"}],"wp:term":[{"taxonomy":"category","embeddable":true,"href":"https:\/\/quehacerpolitico.mx\/index.php?rest_route=%2Fwp%2Fv2%2Fcategories&post=104097"},{"taxonomy":"post_tag","embeddable":true,"href":"https:\/\/quehacerpolitico.mx\/index.php?rest_route=%2Fwp%2Fv2%2Ftags&post=104097"}],"curies":[{"name":"wp","href":"https:\/\/api.w.org\/{rel}","templated":true}]}}