{"id":104088,"date":"2023-08-25T19:43:25","date_gmt":"2023-08-25T19:43:25","guid":{"rendered":"https:\/\/quehacerpolitico.mx\/?p=104088"},"modified":"2023-08-25T19:43:29","modified_gmt":"2023-08-25T19:43:29","slug":"internacionales-carolina-alonso-romei-oms-salio-a-pedir-a-los-paises-que-no-abandonen-la-vigilancia-del-virus-causante-de-covid-19","status":"publish","type":"post","link":"https:\/\/quehacerpolitico.mx\/?p=104088","title":{"rendered":"Internacionales\/\/\/Carolina Alonso Romei\/\/\/OMS sali\u00f3 a pedir a los pa\u00edses que no abandonen la\u00a0vigilancia\u00a0del virus causante de\u00a0COVID-19"},"content":{"rendered":"\n<p>Por Carolina Alonso Romei<\/p>\n\n\n\n<p>Internacionalista <\/p>\n\n\n\n<p>La OMS pidi\u00f3 a los pa\u00edses que refuercen la vigilancia, secuenciaci\u00f3n y notificaciones mientras se eval\u00faa el riesgo de nuevas variantes como EG.5 y BA.2.86<\/p>\n\n\n\n<p>La&nbsp;<strong>Organizaci\u00f3n Mundial de la Salud<\/strong>&nbsp;(OMS) sali\u00f3 a pedir a los pa\u00edses que no abandonen la&nbsp;<strong>vigilancia<\/strong>&nbsp;del virus causante de&nbsp;<strong>COVID-19<\/strong>, tras haber notado un aumento de hospitalizaciones, admisiones en unidades de cuidados intensivos y muertes en ciertos pa\u00edses.<\/p>\n\n\n\n<p>\u201cSeguimos pidiendo a todos los pa\u00edses que refuercen la vigilancia, la secuenciaci\u00f3n (gen\u00e9tica del virus) y las notificaciones para que podamos evaluar el riesgo de nuevas variantes como el\u00a0<strong>EG.5<\/strong>\u00a0y el\u00a0<strong>BA.2.86<\/strong>\u201c,\u00a0declar\u00f3 el director general de la organizaci\u00f3n, Tedros Adhanom Ghebreyesus.<\/p>\n\n\n\n<p>Ambos son\u00a0<strong>sublinajes<\/strong>\u00a0de la\u00a0<strong>variante \u00f3micron<\/strong>\u00a0que se identificaron recientemente, pero no hay evidencia de que representen un riesgo para la salud mayor que subvariantes que circularon anteriormente.<\/p>\n\n\n\n<p>La G.5 del coronavirus se ha convertido en la subvariante m\u00e1s frecuente en China, donde representa m\u00e1s del 70 por ciento de las infecciones por COVID-19, tras haberse reportado por primera vez el pasado febrero.<\/p>\n\n\n\n<p>Esa tendencia tambi\u00e9n se ha observado en algunos pa\u00edses de Am\u00e9rica, como Canad\u00e1, Colombia, Costa Rica, Estados Unidos y Rep\u00fablica Dominicana, aunque sin indicaciones de que haya cambios en la gravedad de la enfermedad, seg\u00fan la Organizaci\u00f3n Panamericana de la Salud.<\/p>\n\n\n\n<p>La BA.2.86 fue observada por primera vez el pasado mes y desde entonces se ha detectado sobre todo en Israel, Reino Unido y Estados Unidos.<\/p>\n\n\n\n<p>La OMS ha calificado a la&nbsp;<strong>G.5<\/strong>&nbsp;como una&nbsp;<strong>subvariante de inter\u00e9s<\/strong>y a la&nbsp;<strong>BA.2.86<\/strong>&nbsp;como&nbsp;<strong>variante bajo vigilancia<\/strong>&nbsp;por el n\u00famero considerable de mutaciones que tiene en los genes de la esp\u00edcula.<\/p>\n\n\n\n<p>De un total de 234 pa\u00edses y territorios, actualmente solo 19 notifican a la OMS sobre hospitalizaciones por COVID-19; adem\u00e1s, 17 aportan datos sobre ingresos en cuidados intensivos (UCI) y se tienen datos sobre muertes de 54 pa\u00edses, se\u00f1al\u00f3 a la prensa la responsable de la lucha contra la covid-19 en la OMS, Mar\u00eda Van Kherkov.<\/p>\n\n\n\n<p>\u201cAunque ciertamente no estamos en la misma situaci\u00f3n de pandemia que hace uno o dos a\u00f1os, el virus circula ahora mismo por todos los pa\u00edses y sigue causando un gran n\u00famero de infecciones y de hospitalizaciones, de ingresos en la UCI y de muerte\u201d, recalc\u00f3.<\/p>\n\n\n\n<p>A pesar de ello \u201cno tenemos una visibilidad de lo que est\u00e1 pasando\u201d, lament\u00f3.<\/p>\n\n\n\n<p>Con informaci\u00f3n de EFE<\/p>\n","protected":false},"excerpt":{"rendered":"<p>Por Carolina Alonso Romei Internacionalista La OMS pidi\u00f3 a los pa\u00edses que refuercen la vigilancia,&#8230;<\/p>\n","protected":false},"author":2,"featured_media":104089,"comment_status":"open","ping_status":"open","sticky":false,"template":"","format":"standard","meta":{"_monsterinsights_skip_tracking":false,"_monsterinsights_sitenote_active":false,"_monsterinsights_sitenote_note":"","_monsterinsights_sitenote_category":0,"footnotes":""},"categories":[1],"tags":[],"class_list":["post-104088","post","type-post","status-publish","format-standard","has-post-thumbnail","hentry","category-sin-categoria"],"yoast_head":"<!-- This site is optimized with the Yoast SEO plugin v27.3 - https:\/\/yoast.com\/product\/yoast-seo-wordpress\/ -->\n<title>Internacionales\/\/\/Carolina Alonso Romei\/\/\/OMS sali\u00f3 a pedir a los pa\u00edses que no abandonen la\u00a0vigilancia\u00a0del virus causante de\u00a0COVID-19 -<\/title>\n<meta name=\"robots\" content=\"index, follow, max-snippet:-1, max-image-preview:large, max-video-preview:-1\" \/>\n<link rel=\"canonical\" href=\"https:\/\/quehacerpolitico.mx\/?p=104088\" \/>\n<meta property=\"og:locale\" content=\"es_MX\" \/>\n<meta property=\"og:type\" content=\"article\" \/>\n<meta property=\"og:title\" content=\"Internacionales\/\/\/Carolina Alonso Romei\/\/\/OMS sali\u00f3 a pedir a los pa\u00edses que no abandonen la\u00a0vigilancia\u00a0del virus causante de\u00a0COVID-19 -\" \/>\n<meta property=\"og:description\" content=\"Por Carolina Alonso Romei Internacionalista La OMS pidi\u00f3 a los pa\u00edses que refuercen la vigilancia,...\" \/>\n<meta property=\"og:url\" content=\"https:\/\/quehacerpolitico.mx\/?p=104088\" \/>\n<meta property=\"article:published_time\" content=\"2023-08-25T19:43:25+00:00\" \/>\n<meta property=\"article:modified_time\" content=\"2023-08-25T19:43:29+00:00\" \/>\n<meta property=\"og:image\" content=\"https:\/\/quehacerpolitico.mx\/wp-content\/uploads\/2023\/08\/IMG_0047.jpeg\" \/>\n\t<meta property=\"og:image:width\" content=\"739\" \/>\n\t<meta property=\"og:image:height\" content=\"415\" \/>\n\t<meta property=\"og:image:type\" content=\"image\/jpeg\" \/>\n<meta name=\"author\" content=\"Redacci\u00f3n QP\" \/>\n<meta name=\"twitter:card\" content=\"summary_large_image\" \/>\n<meta name=\"twitter:label1\" content=\"Escrito por\" \/>\n\t<meta name=\"twitter:data1\" content=\"Redacci\u00f3n QP\" \/>\n\t<meta name=\"twitter:label2\" content=\"Tiempo de lectura\" \/>\n\t<meta name=\"twitter:data2\" content=\"2 minutos\" \/>\n<script type=\"application\/ld+json\" class=\"yoast-schema-graph\">{\"@context\":\"https:\\\/\\\/schema.org\",\"@graph\":[{\"@type\":\"Article\",\"@id\":\"https:\\\/\\\/quehacerpolitico.mx\\\/?p=104088#article\",\"isPartOf\":{\"@id\":\"https:\\\/\\\/quehacerpolitico.mx\\\/?p=104088\"},\"author\":{\"name\":\"Redacci\u00f3n QP\",\"@id\":\"https:\\\/\\\/quehacerpolitico.mx\\\/#\\\/schema\\\/person\\\/496d8ad2d1d3f8036101dca7ee39e585\"},\"headline\":\"Internacionales\\\/\\\/\\\/Carolina Alonso Romei\\\/\\\/\\\/OMS sali\u00f3 a pedir a los pa\u00edses que no abandonen la\u00a0vigilancia\u00a0del virus causante de\u00a0COVID-19\",\"datePublished\":\"2023-08-25T19:43:25+00:00\",\"dateModified\":\"2023-08-25T19:43:29+00:00\",\"mainEntityOfPage\":{\"@id\":\"https:\\\/\\\/quehacerpolitico.mx\\\/?p=104088\"},\"wordCount\":456,\"commentCount\":0,\"image\":{\"@id\":\"https:\\\/\\\/quehacerpolitico.mx\\\/?p=104088#primaryimage\"},\"thumbnailUrl\":\"https:\\\/\\\/quehacerpolitico.mx\\\/wp-content\\\/uploads\\\/2023\\\/08\\\/IMG_0047.jpeg\",\"articleSection\":[\"Internacionales\"],\"inLanguage\":\"es\",\"potentialAction\":[{\"@type\":\"CommentAction\",\"name\":\"Comment\",\"target\":[\"https:\\\/\\\/quehacerpolitico.mx\\\/?p=104088#respond\"]}]},{\"@type\":\"WebPage\",\"@id\":\"https:\\\/\\\/quehacerpolitico.mx\\\/?p=104088\",\"url\":\"https:\\\/\\\/quehacerpolitico.mx\\\/?p=104088\",\"name\":\"Internacionales\\\/\\\/\\\/Carolina Alonso Romei\\\/\\\/\\\/OMS sali\u00f3 a pedir a los pa\u00edses que no abandonen la\u00a0vigilancia\u00a0del virus causante de\u00a0COVID-19 -\",\"isPartOf\":{\"@id\":\"https:\\\/\\\/quehacerpolitico.mx\\\/#website\"},\"primaryImageOfPage\":{\"@id\":\"https:\\\/\\\/quehacerpolitico.mx\\\/?p=104088#primaryimage\"},\"image\":{\"@id\":\"https:\\\/\\\/quehacerpolitico.mx\\\/?p=104088#primaryimage\"},\"thumbnailUrl\":\"https:\\\/\\\/quehacerpolitico.mx\\\/wp-content\\\/uploads\\\/2023\\\/08\\\/IMG_0047.jpeg\",\"datePublished\":\"2023-08-25T19:43:25+00:00\",\"dateModified\":\"2023-08-25T19:43:29+00:00\",\"author\":{\"@id\":\"https:\\\/\\\/quehacerpolitico.mx\\\/#\\\/schema\\\/person\\\/496d8ad2d1d3f8036101dca7ee39e585\"},\"breadcrumb\":{\"@id\":\"https:\\\/\\\/quehacerpolitico.mx\\\/?p=104088#breadcrumb\"},\"inLanguage\":\"es\",\"potentialAction\":[{\"@type\":\"ReadAction\",\"target\":[\"https:\\\/\\\/quehacerpolitico.mx\\\/?p=104088\"]}]},{\"@type\":\"ImageObject\",\"inLanguage\":\"es\",\"@id\":\"https:\\\/\\\/quehacerpolitico.mx\\\/?p=104088#primaryimage\",\"url\":\"https:\\\/\\\/quehacerpolitico.mx\\\/wp-content\\\/uploads\\\/2023\\\/08\\\/IMG_0047.jpeg\",\"contentUrl\":\"https:\\\/\\\/quehacerpolitico.mx\\\/wp-content\\\/uploads\\\/2023\\\/08\\\/IMG_0047.jpeg\",\"width\":739,\"height\":415},{\"@type\":\"BreadcrumbList\",\"@id\":\"https:\\\/\\\/quehacerpolitico.mx\\\/?p=104088#breadcrumb\",\"itemListElement\":[{\"@type\":\"ListItem\",\"position\":1,\"name\":\"Inicio\",\"item\":\"https:\\\/\\\/quehacerpolitico.mx\\\/\"},{\"@type\":\"ListItem\",\"position\":2,\"name\":\"Internacionales\\\/\\\/\\\/Carolina Alonso Romei\\\/\\\/\\\/OMS sali\u00f3 a pedir a los pa\u00edses que no abandonen la\u00a0vigilancia\u00a0del virus causante de\u00a0COVID-19\"}]},{\"@type\":\"WebSite\",\"@id\":\"https:\\\/\\\/quehacerpolitico.mx\\\/#website\",\"url\":\"https:\\\/\\\/quehacerpolitico.mx\\\/\",\"name\":\"\",\"description\":\"\",\"potentialAction\":[{\"@type\":\"SearchAction\",\"target\":{\"@type\":\"EntryPoint\",\"urlTemplate\":\"https:\\\/\\\/quehacerpolitico.mx\\\/?s={search_term_string}\"},\"query-input\":{\"@type\":\"PropertyValueSpecification\",\"valueRequired\":true,\"valueName\":\"search_term_string\"}}],\"inLanguage\":\"es\"},{\"@type\":\"Person\",\"@id\":\"https:\\\/\\\/quehacerpolitico.mx\\\/#\\\/schema\\\/person\\\/496d8ad2d1d3f8036101dca7ee39e585\",\"name\":\"Redacci\u00f3n QP\",\"image\":{\"@type\":\"ImageObject\",\"inLanguage\":\"es\",\"@id\":\"https:\\\/\\\/secure.gravatar.com\\\/avatar\\\/c7164ed6fdec453195284ad24a5ae5b6e1eed2b848477fa2a4787ba9adf39a41?s=96&d=mm&r=g\",\"url\":\"https:\\\/\\\/secure.gravatar.com\\\/avatar\\\/c7164ed6fdec453195284ad24a5ae5b6e1eed2b848477fa2a4787ba9adf39a41?s=96&d=mm&r=g\",\"contentUrl\":\"https:\\\/\\\/secure.gravatar.com\\\/avatar\\\/c7164ed6fdec453195284ad24a5ae5b6e1eed2b848477fa2a4787ba9adf39a41?s=96&d=mm&r=g\",\"caption\":\"Redacci\u00f3n QP\"},\"url\":\"https:\\\/\\\/quehacerpolitico.mx\\\/?author=2\"}]}<\/script>\n<!-- \/ Yoast SEO plugin. -->","yoast_head_json":{"title":"Internacionales\/\/\/Carolina Alonso Romei\/\/\/OMS sali\u00f3 a pedir a los pa\u00edses que no abandonen la\u00a0vigilancia\u00a0del virus causante de\u00a0COVID-19 -","robots":{"index":"index","follow":"follow","max-snippet":"max-snippet:-1","max-image-preview":"max-image-preview:large","max-video-preview":"max-video-preview:-1"},"canonical":"https:\/\/quehacerpolitico.mx\/?p=104088","og_locale":"es_MX","og_type":"article","og_title":"Internacionales\/\/\/Carolina Alonso Romei\/\/\/OMS sali\u00f3 a pedir a los pa\u00edses que no abandonen la\u00a0vigilancia\u00a0del virus causante de\u00a0COVID-19 -","og_description":"Por Carolina Alonso Romei Internacionalista La OMS pidi\u00f3 a los pa\u00edses que refuercen la vigilancia,...","og_url":"https:\/\/quehacerpolitico.mx\/?p=104088","article_published_time":"2023-08-25T19:43:25+00:00","article_modified_time":"2023-08-25T19:43:29+00:00","og_image":[{"width":739,"height":415,"url":"https:\/\/quehacerpolitico.mx\/wp-content\/uploads\/2023\/08\/IMG_0047.jpeg","type":"image\/jpeg"}],"author":"Redacci\u00f3n QP","twitter_card":"summary_large_image","twitter_misc":{"Escrito por":"Redacci\u00f3n QP","Tiempo de lectura":"2 minutos"},"schema":{"@context":"https:\/\/schema.org","@graph":[{"@type":"Article","@id":"https:\/\/quehacerpolitico.mx\/?p=104088#article","isPartOf":{"@id":"https:\/\/quehacerpolitico.mx\/?p=104088"},"author":{"name":"Redacci\u00f3n QP","@id":"https:\/\/quehacerpolitico.mx\/#\/schema\/person\/496d8ad2d1d3f8036101dca7ee39e585"},"headline":"Internacionales\/\/\/Carolina Alonso Romei\/\/\/OMS sali\u00f3 a pedir a los pa\u00edses que no abandonen la\u00a0vigilancia\u00a0del virus causante de\u00a0COVID-19","datePublished":"2023-08-25T19:43:25+00:00","dateModified":"2023-08-25T19:43:29+00:00","mainEntityOfPage":{"@id":"https:\/\/quehacerpolitico.mx\/?p=104088"},"wordCount":456,"commentCount":0,"image":{"@id":"https:\/\/quehacerpolitico.mx\/?p=104088#primaryimage"},"thumbnailUrl":"https:\/\/quehacerpolitico.mx\/wp-content\/uploads\/2023\/08\/IMG_0047.jpeg","articleSection":["Internacionales"],"inLanguage":"es","potentialAction":[{"@type":"CommentAction","name":"Comment","target":["https:\/\/quehacerpolitico.mx\/?p=104088#respond"]}]},{"@type":"WebPage","@id":"https:\/\/quehacerpolitico.mx\/?p=104088","url":"https:\/\/quehacerpolitico.mx\/?p=104088","name":"Internacionales\/\/\/Carolina Alonso Romei\/\/\/OMS sali\u00f3 a pedir a los pa\u00edses que no abandonen la\u00a0vigilancia\u00a0del virus causante de\u00a0COVID-19 -","isPartOf":{"@id":"https:\/\/quehacerpolitico.mx\/#website"},"primaryImageOfPage":{"@id":"https:\/\/quehacerpolitico.mx\/?p=104088#primaryimage"},"image":{"@id":"https:\/\/quehacerpolitico.mx\/?p=104088#primaryimage"},"thumbnailUrl":"https:\/\/quehacerpolitico.mx\/wp-content\/uploads\/2023\/08\/IMG_0047.jpeg","datePublished":"2023-08-25T19:43:25+00:00","dateModified":"2023-08-25T19:43:29+00:00","author":{"@id":"https:\/\/quehacerpolitico.mx\/#\/schema\/person\/496d8ad2d1d3f8036101dca7ee39e585"},"breadcrumb":{"@id":"https:\/\/quehacerpolitico.mx\/?p=104088#breadcrumb"},"inLanguage":"es","potentialAction":[{"@type":"ReadAction","target":["https:\/\/quehacerpolitico.mx\/?p=104088"]}]},{"@type":"ImageObject","inLanguage":"es","@id":"https:\/\/quehacerpolitico.mx\/?p=104088#primaryimage","url":"https:\/\/quehacerpolitico.mx\/wp-content\/uploads\/2023\/08\/IMG_0047.jpeg","contentUrl":"https:\/\/quehacerpolitico.mx\/wp-content\/uploads\/2023\/08\/IMG_0047.jpeg","width":739,"height":415},{"@type":"BreadcrumbList","@id":"https:\/\/quehacerpolitico.mx\/?p=104088#breadcrumb","itemListElement":[{"@type":"ListItem","position":1,"name":"Inicio","item":"https:\/\/quehacerpolitico.mx\/"},{"@type":"ListItem","position":2,"name":"Internacionales\/\/\/Carolina Alonso Romei\/\/\/OMS sali\u00f3 a pedir a los pa\u00edses que no abandonen la\u00a0vigilancia\u00a0del virus causante de\u00a0COVID-19"}]},{"@type":"WebSite","@id":"https:\/\/quehacerpolitico.mx\/#website","url":"https:\/\/quehacerpolitico.mx\/","name":"","description":"","potentialAction":[{"@type":"SearchAction","target":{"@type":"EntryPoint","urlTemplate":"https:\/\/quehacerpolitico.mx\/?s={search_term_string}"},"query-input":{"@type":"PropertyValueSpecification","valueRequired":true,"valueName":"search_term_string"}}],"inLanguage":"es"},{"@type":"Person","@id":"https:\/\/quehacerpolitico.mx\/#\/schema\/person\/496d8ad2d1d3f8036101dca7ee39e585","name":"Redacci\u00f3n QP","image":{"@type":"ImageObject","inLanguage":"es","@id":"https:\/\/secure.gravatar.com\/avatar\/c7164ed6fdec453195284ad24a5ae5b6e1eed2b848477fa2a4787ba9adf39a41?s=96&d=mm&r=g","url":"https:\/\/secure.gravatar.com\/avatar\/c7164ed6fdec453195284ad24a5ae5b6e1eed2b848477fa2a4787ba9adf39a41?s=96&d=mm&r=g","contentUrl":"https:\/\/secure.gravatar.com\/avatar\/c7164ed6fdec453195284ad24a5ae5b6e1eed2b848477fa2a4787ba9adf39a41?s=96&d=mm&r=g","caption":"Redacci\u00f3n QP"},"url":"https:\/\/quehacerpolitico.mx\/?author=2"}]}},"featured_image_urls":{"full":["https:\/\/quehacerpolitico.mx\/wp-content\/uploads\/2023\/08\/IMG_0047.jpeg",739,415,false],"thumbnail":["https:\/\/quehacerpolitico.mx\/wp-content\/uploads\/2023\/08\/IMG_0047-150x150.jpeg",150,150,true],"medium":["https:\/\/quehacerpolitico.mx\/wp-content\/uploads\/2023\/08\/IMG_0047-300x168.jpeg",300,168,true],"medium_large":["https:\/\/quehacerpolitico.mx\/wp-content\/uploads\/2023\/08\/IMG_0047.jpeg",640,359,false],"large":["https:\/\/quehacerpolitico.mx\/wp-content\/uploads\/2023\/08\/IMG_0047.jpeg",640,359,false],"1536x1536":["https:\/\/quehacerpolitico.mx\/wp-content\/uploads\/2023\/08\/IMG_0047.jpeg",739,415,false],"2048x2048":["https:\/\/quehacerpolitico.mx\/wp-content\/uploads\/2023\/08\/IMG_0047.jpeg",739,415,false],"covernews-featured":["https:\/\/quehacerpolitico.mx\/wp-content\/uploads\/2023\/08\/IMG_0047.jpeg",739,415,false],"covernews-medium":["https:\/\/quehacerpolitico.mx\/wp-content\/uploads\/2023\/08\/IMG_0047.jpeg",540,303,false]},"author_info":{"display_name":"Redacci\u00f3n QP","author_link":"https:\/\/quehacerpolitico.mx\/?author=2"},"category_info":"<a href=\"https:\/\/quehacerpolitico.mx\/?cat=1\" rel=\"category\">Internacionales<\/a>","tag_info":"Internacionales","comment_count":"0","_links":{"self":[{"href":"https:\/\/quehacerpolitico.mx\/index.php?rest_route=\/wp\/v2\/posts\/104088","targetHints":{"allow":["GET"]}}],"collection":[{"href":"https:\/\/quehacerpolitico.mx\/index.php?rest_route=\/wp\/v2\/posts"}],"about":[{"href":"https:\/\/quehacerpolitico.mx\/index.php?rest_route=\/wp\/v2\/types\/post"}],"author":[{"embeddable":true,"href":"https:\/\/quehacerpolitico.mx\/index.php?rest_route=\/wp\/v2\/users\/2"}],"replies":[{"embeddable":true,"href":"https:\/\/quehacerpolitico.mx\/index.php?rest_route=%2Fwp%2Fv2%2Fcomments&post=104088"}],"version-history":[{"count":1,"href":"https:\/\/quehacerpolitico.mx\/index.php?rest_route=\/wp\/v2\/posts\/104088\/revisions"}],"predecessor-version":[{"id":104090,"href":"https:\/\/quehacerpolitico.mx\/index.php?rest_route=\/wp\/v2\/posts\/104088\/revisions\/104090"}],"wp:featuredmedia":[{"embeddable":true,"href":"https:\/\/quehacerpolitico.mx\/index.php?rest_route=\/wp\/v2\/media\/104089"}],"wp:attachment":[{"href":"https:\/\/quehacerpolitico.mx\/index.php?rest_route=%2Fwp%2Fv2%2Fmedia&parent=104088"}],"wp:term":[{"taxonomy":"category","embeddable":true,"href":"https:\/\/quehacerpolitico.mx\/index.php?rest_route=%2Fwp%2Fv2%2Fcategories&post=104088"},{"taxonomy":"post_tag","embeddable":true,"href":"https:\/\/quehacerpolitico.mx\/index.php?rest_route=%2Fwp%2Fv2%2Ftags&post=104088"}],"curies":[{"name":"wp","href":"https:\/\/api.w.org\/{rel}","templated":true}]}}