{"id":104077,"date":"2023-08-25T17:30:41","date_gmt":"2023-08-25T17:30:41","guid":{"rendered":"https:\/\/quehacerpolitico.mx\/?p=104077"},"modified":"2023-08-25T17:30:44","modified_gmt":"2023-08-25T17:30:44","slug":"canada-anuncio-que-participara-como-tercero-en-el-panel-de-controversias-solicitado-por-estados-unidos-por-las-restricciones-de-mexico-a-la-importacion-de-maiz-transgenico","status":"publish","type":"post","link":"https:\/\/quehacerpolitico.mx\/?p=104077","title":{"rendered":"Canad\u00e1\u00a0anunci\u00f3 que participar\u00e1 como tercero en el\u00a0panel de controversias\u00a0solicitado por Estados Unidos, por las restricciones de M\u00e9xico a la importaci\u00f3n de\u00a0ma\u00edz transg\u00e9nico"},"content":{"rendered":"\n<p>Por Redacci\u00f3n QP<\/p>\n\n\n\n<p>Canad\u00e1 considera que las medidas adoptadas por M\u00e9xico contra el ma\u00edz transg\u00e9nico pueden perturbar innecesariamente el comercio en el mercado norteamericano<\/p>\n\n\n\n<p>El Gobierno de&nbsp;<strong>Canad\u00e1<\/strong>&nbsp;anunci\u00f3 que participar\u00e1 como tercero en el&nbsp;<strong>panel de controversias<\/strong>&nbsp;solicitado por Estados Unidos, dentro del T-MEC, por las restricciones de M\u00e9xico a la importaci\u00f3n de&nbsp;<strong>ma\u00edz transg\u00e9nico<\/strong>.<\/p>\n\n\n\n<p>Los ministerios de Comercio Internacional y Agricultura y Agroalimentaci\u00f3n canadienses\u00a0apuntaron que M\u00e9xico no cumple con las obligaciones cient\u00edficas y de an\u00e1lisis de riesgos bajo el Cap\u00edtulo de Medidas Sanitarias y Fitosanitarias del T-MEC.<\/p>\n\n\n\n<p>De este modo, \u201cCanad\u00e1 considera que las medidas adoptadas por M\u00e9xico no cuentan con respaldo cient\u00edfico y tienen el potencial de perturbar innecesariamente el comercio en el mercado norteamericano\u201d.<\/p>\n\n\n\n<p>Tras recibir la solicitud del panel arbitral del\u00a0<strong>Cap\u00edtulo 31<\/strong>\u00a0del\u00a0<strong>T-MEC<\/strong>, la Secretar\u00eda de Econom\u00eda de M\u00e9xico\u00a0se dijo preparada para demostrar que la regulaci\u00f3n nacional sobre el\u00a0<strong>ma\u00edz transg\u00e9nico<\/strong>\u00a0es consistente con los compromisos suscritos en el tratado y que las medidas impugnadas no tienen afectaciones comerciales.<\/p>\n\n\n\n<p>Los roces han crecido desde el decreto que emiti\u00f3 el presidente&nbsp;<strong>Andr\u00e9s Manuel L\u00f3pez Obrador<\/strong>, quien&nbsp;<strong>impidi\u00f3<\/strong>&nbsp;usar&nbsp;<strong>ma\u00edz amarillo<\/strong>&nbsp;o&nbsp;<strong>transg\u00e9nico<\/strong>&nbsp;para&nbsp;<strong>consumo humano<\/strong>&nbsp;y fij\u00f3 un plazo de dos a\u00f1os para la llegada de este grano destinado a forraje.<\/p>\n\n\n\n<p>La siguiente etapa de la solicitud de EE.UU., y ahora de Canad\u00e1, es la designaci\u00f3n de los miembros del panel, que anunciar\u00eda su decisi\u00f3n en el transcurso de 2024.<\/p>\n","protected":false},"excerpt":{"rendered":"<p>Por Redacci\u00f3n QP Canad\u00e1 considera que las medidas adoptadas por M\u00e9xico contra el ma\u00edz transg\u00e9nico&#8230;<\/p>\n","protected":false},"author":2,"featured_media":104078,"comment_status":"open","ping_status":"open","sticky":false,"template":"","format":"standard","meta":{"_monsterinsights_skip_tracking":false,"_monsterinsights_sitenote_active":false,"_monsterinsights_sitenote_note":"","_monsterinsights_sitenote_category":0,"footnotes":""},"categories":[56],"tags":[],"class_list":["post-104077","post","type-post","status-publish","format-standard","has-post-thumbnail","hentry","category-economia"],"yoast_head":"<!-- This site is optimized with the Yoast SEO plugin v27.3 - https:\/\/yoast.com\/product\/yoast-seo-wordpress\/ -->\n<title>Canad\u00e1\u00a0anunci\u00f3 que participar\u00e1 como tercero en el\u00a0panel de controversias\u00a0solicitado por Estados Unidos, por las restricciones de M\u00e9xico a la importaci\u00f3n de\u00a0ma\u00edz transg\u00e9nico -<\/title>\n<meta name=\"robots\" content=\"index, follow, max-snippet:-1, max-image-preview:large, max-video-preview:-1\" \/>\n<link rel=\"canonical\" href=\"https:\/\/quehacerpolitico.mx\/?p=104077\" \/>\n<meta property=\"og:locale\" content=\"es_MX\" \/>\n<meta property=\"og:type\" content=\"article\" \/>\n<meta property=\"og:title\" content=\"Canad\u00e1\u00a0anunci\u00f3 que participar\u00e1 como tercero en el\u00a0panel de controversias\u00a0solicitado por Estados Unidos, por las restricciones de M\u00e9xico a la importaci\u00f3n de\u00a0ma\u00edz transg\u00e9nico -\" \/>\n<meta property=\"og:description\" content=\"Por Redacci\u00f3n QP Canad\u00e1 considera que las medidas adoptadas por M\u00e9xico contra el ma\u00edz transg\u00e9nico...\" \/>\n<meta property=\"og:url\" content=\"https:\/\/quehacerpolitico.mx\/?p=104077\" \/>\n<meta property=\"article:published_time\" content=\"2023-08-25T17:30:41+00:00\" \/>\n<meta property=\"article:modified_time\" content=\"2023-08-25T17:30:44+00:00\" \/>\n<meta property=\"og:image\" content=\"https:\/\/quehacerpolitico.mx\/wp-content\/uploads\/2023\/08\/IMG_0030.jpeg\" \/>\n\t<meta property=\"og:image:width\" content=\"715\" \/>\n\t<meta property=\"og:image:height\" content=\"429\" \/>\n\t<meta property=\"og:image:type\" content=\"image\/jpeg\" \/>\n<meta name=\"author\" content=\"Redacci\u00f3n QP\" \/>\n<meta name=\"twitter:card\" content=\"summary_large_image\" \/>\n<meta name=\"twitter:label1\" content=\"Escrito por\" \/>\n\t<meta name=\"twitter:data1\" content=\"Redacci\u00f3n QP\" \/>\n\t<meta name=\"twitter:label2\" content=\"Tiempo de lectura\" \/>\n\t<meta name=\"twitter:data2\" content=\"1 minuto\" \/>\n<script type=\"application\/ld+json\" class=\"yoast-schema-graph\">{\"@context\":\"https:\\\/\\\/schema.org\",\"@graph\":[{\"@type\":\"Article\",\"@id\":\"https:\\\/\\\/quehacerpolitico.mx\\\/?p=104077#article\",\"isPartOf\":{\"@id\":\"https:\\\/\\\/quehacerpolitico.mx\\\/?p=104077\"},\"author\":{\"name\":\"Redacci\u00f3n QP\",\"@id\":\"https:\\\/\\\/quehacerpolitico.mx\\\/#\\\/schema\\\/person\\\/496d8ad2d1d3f8036101dca7ee39e585\"},\"headline\":\"Canad\u00e1\u00a0anunci\u00f3 que participar\u00e1 como tercero en el\u00a0panel de controversias\u00a0solicitado por Estados Unidos, por las restricciones de M\u00e9xico a la importaci\u00f3n de\u00a0ma\u00edz transg\u00e9nico\",\"datePublished\":\"2023-08-25T17:30:41+00:00\",\"dateModified\":\"2023-08-25T17:30:44+00:00\",\"mainEntityOfPage\":{\"@id\":\"https:\\\/\\\/quehacerpolitico.mx\\\/?p=104077\"},\"wordCount\":311,\"commentCount\":0,\"image\":{\"@id\":\"https:\\\/\\\/quehacerpolitico.mx\\\/?p=104077#primaryimage\"},\"thumbnailUrl\":\"https:\\\/\\\/quehacerpolitico.mx\\\/wp-content\\\/uploads\\\/2023\\\/08\\\/IMG_0030.jpeg\",\"articleSection\":[\"Econom\u00eda\"],\"inLanguage\":\"es\",\"potentialAction\":[{\"@type\":\"CommentAction\",\"name\":\"Comment\",\"target\":[\"https:\\\/\\\/quehacerpolitico.mx\\\/?p=104077#respond\"]}]},{\"@type\":\"WebPage\",\"@id\":\"https:\\\/\\\/quehacerpolitico.mx\\\/?p=104077\",\"url\":\"https:\\\/\\\/quehacerpolitico.mx\\\/?p=104077\",\"name\":\"Canad\u00e1\u00a0anunci\u00f3 que participar\u00e1 como tercero en el\u00a0panel de controversias\u00a0solicitado por Estados Unidos, por las restricciones de M\u00e9xico a la importaci\u00f3n de\u00a0ma\u00edz transg\u00e9nico -\",\"isPartOf\":{\"@id\":\"https:\\\/\\\/quehacerpolitico.mx\\\/#website\"},\"primaryImageOfPage\":{\"@id\":\"https:\\\/\\\/quehacerpolitico.mx\\\/?p=104077#primaryimage\"},\"image\":{\"@id\":\"https:\\\/\\\/quehacerpolitico.mx\\\/?p=104077#primaryimage\"},\"thumbnailUrl\":\"https:\\\/\\\/quehacerpolitico.mx\\\/wp-content\\\/uploads\\\/2023\\\/08\\\/IMG_0030.jpeg\",\"datePublished\":\"2023-08-25T17:30:41+00:00\",\"dateModified\":\"2023-08-25T17:30:44+00:00\",\"author\":{\"@id\":\"https:\\\/\\\/quehacerpolitico.mx\\\/#\\\/schema\\\/person\\\/496d8ad2d1d3f8036101dca7ee39e585\"},\"breadcrumb\":{\"@id\":\"https:\\\/\\\/quehacerpolitico.mx\\\/?p=104077#breadcrumb\"},\"inLanguage\":\"es\",\"potentialAction\":[{\"@type\":\"ReadAction\",\"target\":[\"https:\\\/\\\/quehacerpolitico.mx\\\/?p=104077\"]}]},{\"@type\":\"ImageObject\",\"inLanguage\":\"es\",\"@id\":\"https:\\\/\\\/quehacerpolitico.mx\\\/?p=104077#primaryimage\",\"url\":\"https:\\\/\\\/quehacerpolitico.mx\\\/wp-content\\\/uploads\\\/2023\\\/08\\\/IMG_0030.jpeg\",\"contentUrl\":\"https:\\\/\\\/quehacerpolitico.mx\\\/wp-content\\\/uploads\\\/2023\\\/08\\\/IMG_0030.jpeg\",\"width\":715,\"height\":429},{\"@type\":\"BreadcrumbList\",\"@id\":\"https:\\\/\\\/quehacerpolitico.mx\\\/?p=104077#breadcrumb\",\"itemListElement\":[{\"@type\":\"ListItem\",\"position\":1,\"name\":\"Inicio\",\"item\":\"https:\\\/\\\/quehacerpolitico.mx\\\/\"},{\"@type\":\"ListItem\",\"position\":2,\"name\":\"Canad\u00e1\u00a0anunci\u00f3 que participar\u00e1 como tercero en el\u00a0panel de controversias\u00a0solicitado por Estados Unidos, por las restricciones de M\u00e9xico a la importaci\u00f3n de\u00a0ma\u00edz transg\u00e9nico\"}]},{\"@type\":\"WebSite\",\"@id\":\"https:\\\/\\\/quehacerpolitico.mx\\\/#website\",\"url\":\"https:\\\/\\\/quehacerpolitico.mx\\\/\",\"name\":\"\",\"description\":\"\",\"potentialAction\":[{\"@type\":\"SearchAction\",\"target\":{\"@type\":\"EntryPoint\",\"urlTemplate\":\"https:\\\/\\\/quehacerpolitico.mx\\\/?s={search_term_string}\"},\"query-input\":{\"@type\":\"PropertyValueSpecification\",\"valueRequired\":true,\"valueName\":\"search_term_string\"}}],\"inLanguage\":\"es\"},{\"@type\":\"Person\",\"@id\":\"https:\\\/\\\/quehacerpolitico.mx\\\/#\\\/schema\\\/person\\\/496d8ad2d1d3f8036101dca7ee39e585\",\"name\":\"Redacci\u00f3n QP\",\"image\":{\"@type\":\"ImageObject\",\"inLanguage\":\"es\",\"@id\":\"https:\\\/\\\/secure.gravatar.com\\\/avatar\\\/c7164ed6fdec453195284ad24a5ae5b6e1eed2b848477fa2a4787ba9adf39a41?s=96&d=mm&r=g\",\"url\":\"https:\\\/\\\/secure.gravatar.com\\\/avatar\\\/c7164ed6fdec453195284ad24a5ae5b6e1eed2b848477fa2a4787ba9adf39a41?s=96&d=mm&r=g\",\"contentUrl\":\"https:\\\/\\\/secure.gravatar.com\\\/avatar\\\/c7164ed6fdec453195284ad24a5ae5b6e1eed2b848477fa2a4787ba9adf39a41?s=96&d=mm&r=g\",\"caption\":\"Redacci\u00f3n QP\"},\"url\":\"https:\\\/\\\/quehacerpolitico.mx\\\/?author=2\"}]}<\/script>\n<!-- \/ Yoast SEO plugin. -->","yoast_head_json":{"title":"Canad\u00e1\u00a0anunci\u00f3 que participar\u00e1 como tercero en el\u00a0panel de controversias\u00a0solicitado por Estados Unidos, por las restricciones de M\u00e9xico a la importaci\u00f3n de\u00a0ma\u00edz transg\u00e9nico -","robots":{"index":"index","follow":"follow","max-snippet":"max-snippet:-1","max-image-preview":"max-image-preview:large","max-video-preview":"max-video-preview:-1"},"canonical":"https:\/\/quehacerpolitico.mx\/?p=104077","og_locale":"es_MX","og_type":"article","og_title":"Canad\u00e1\u00a0anunci\u00f3 que participar\u00e1 como tercero en el\u00a0panel de controversias\u00a0solicitado por Estados Unidos, por las restricciones de M\u00e9xico a la importaci\u00f3n de\u00a0ma\u00edz transg\u00e9nico -","og_description":"Por Redacci\u00f3n QP Canad\u00e1 considera que las medidas adoptadas por M\u00e9xico contra el ma\u00edz transg\u00e9nico...","og_url":"https:\/\/quehacerpolitico.mx\/?p=104077","article_published_time":"2023-08-25T17:30:41+00:00","article_modified_time":"2023-08-25T17:30:44+00:00","og_image":[{"width":715,"height":429,"url":"https:\/\/quehacerpolitico.mx\/wp-content\/uploads\/2023\/08\/IMG_0030.jpeg","type":"image\/jpeg"}],"author":"Redacci\u00f3n QP","twitter_card":"summary_large_image","twitter_misc":{"Escrito por":"Redacci\u00f3n QP","Tiempo de lectura":"1 minuto"},"schema":{"@context":"https:\/\/schema.org","@graph":[{"@type":"Article","@id":"https:\/\/quehacerpolitico.mx\/?p=104077#article","isPartOf":{"@id":"https:\/\/quehacerpolitico.mx\/?p=104077"},"author":{"name":"Redacci\u00f3n QP","@id":"https:\/\/quehacerpolitico.mx\/#\/schema\/person\/496d8ad2d1d3f8036101dca7ee39e585"},"headline":"Canad\u00e1\u00a0anunci\u00f3 que participar\u00e1 como tercero en el\u00a0panel de controversias\u00a0solicitado por Estados Unidos, por las restricciones de M\u00e9xico a la importaci\u00f3n de\u00a0ma\u00edz transg\u00e9nico","datePublished":"2023-08-25T17:30:41+00:00","dateModified":"2023-08-25T17:30:44+00:00","mainEntityOfPage":{"@id":"https:\/\/quehacerpolitico.mx\/?p=104077"},"wordCount":311,"commentCount":0,"image":{"@id":"https:\/\/quehacerpolitico.mx\/?p=104077#primaryimage"},"thumbnailUrl":"https:\/\/quehacerpolitico.mx\/wp-content\/uploads\/2023\/08\/IMG_0030.jpeg","articleSection":["Econom\u00eda"],"inLanguage":"es","potentialAction":[{"@type":"CommentAction","name":"Comment","target":["https:\/\/quehacerpolitico.mx\/?p=104077#respond"]}]},{"@type":"WebPage","@id":"https:\/\/quehacerpolitico.mx\/?p=104077","url":"https:\/\/quehacerpolitico.mx\/?p=104077","name":"Canad\u00e1\u00a0anunci\u00f3 que participar\u00e1 como tercero en el\u00a0panel de controversias\u00a0solicitado por Estados Unidos, por las restricciones de M\u00e9xico a la importaci\u00f3n de\u00a0ma\u00edz transg\u00e9nico -","isPartOf":{"@id":"https:\/\/quehacerpolitico.mx\/#website"},"primaryImageOfPage":{"@id":"https:\/\/quehacerpolitico.mx\/?p=104077#primaryimage"},"image":{"@id":"https:\/\/quehacerpolitico.mx\/?p=104077#primaryimage"},"thumbnailUrl":"https:\/\/quehacerpolitico.mx\/wp-content\/uploads\/2023\/08\/IMG_0030.jpeg","datePublished":"2023-08-25T17:30:41+00:00","dateModified":"2023-08-25T17:30:44+00:00","author":{"@id":"https:\/\/quehacerpolitico.mx\/#\/schema\/person\/496d8ad2d1d3f8036101dca7ee39e585"},"breadcrumb":{"@id":"https:\/\/quehacerpolitico.mx\/?p=104077#breadcrumb"},"inLanguage":"es","potentialAction":[{"@type":"ReadAction","target":["https:\/\/quehacerpolitico.mx\/?p=104077"]}]},{"@type":"ImageObject","inLanguage":"es","@id":"https:\/\/quehacerpolitico.mx\/?p=104077#primaryimage","url":"https:\/\/quehacerpolitico.mx\/wp-content\/uploads\/2023\/08\/IMG_0030.jpeg","contentUrl":"https:\/\/quehacerpolitico.mx\/wp-content\/uploads\/2023\/08\/IMG_0030.jpeg","width":715,"height":429},{"@type":"BreadcrumbList","@id":"https:\/\/quehacerpolitico.mx\/?p=104077#breadcrumb","itemListElement":[{"@type":"ListItem","position":1,"name":"Inicio","item":"https:\/\/quehacerpolitico.mx\/"},{"@type":"ListItem","position":2,"name":"Canad\u00e1\u00a0anunci\u00f3 que participar\u00e1 como tercero en el\u00a0panel de controversias\u00a0solicitado por Estados Unidos, por las restricciones de M\u00e9xico a la importaci\u00f3n de\u00a0ma\u00edz transg\u00e9nico"}]},{"@type":"WebSite","@id":"https:\/\/quehacerpolitico.mx\/#website","url":"https:\/\/quehacerpolitico.mx\/","name":"","description":"","potentialAction":[{"@type":"SearchAction","target":{"@type":"EntryPoint","urlTemplate":"https:\/\/quehacerpolitico.mx\/?s={search_term_string}"},"query-input":{"@type":"PropertyValueSpecification","valueRequired":true,"valueName":"search_term_string"}}],"inLanguage":"es"},{"@type":"Person","@id":"https:\/\/quehacerpolitico.mx\/#\/schema\/person\/496d8ad2d1d3f8036101dca7ee39e585","name":"Redacci\u00f3n QP","image":{"@type":"ImageObject","inLanguage":"es","@id":"https:\/\/secure.gravatar.com\/avatar\/c7164ed6fdec453195284ad24a5ae5b6e1eed2b848477fa2a4787ba9adf39a41?s=96&d=mm&r=g","url":"https:\/\/secure.gravatar.com\/avatar\/c7164ed6fdec453195284ad24a5ae5b6e1eed2b848477fa2a4787ba9adf39a41?s=96&d=mm&r=g","contentUrl":"https:\/\/secure.gravatar.com\/avatar\/c7164ed6fdec453195284ad24a5ae5b6e1eed2b848477fa2a4787ba9adf39a41?s=96&d=mm&r=g","caption":"Redacci\u00f3n QP"},"url":"https:\/\/quehacerpolitico.mx\/?author=2"}]}},"featured_image_urls":{"full":["https:\/\/quehacerpolitico.mx\/wp-content\/uploads\/2023\/08\/IMG_0030.jpeg",715,429,false],"thumbnail":["https:\/\/quehacerpolitico.mx\/wp-content\/uploads\/2023\/08\/IMG_0030-150x150.jpeg",150,150,true],"medium":["https:\/\/quehacerpolitico.mx\/wp-content\/uploads\/2023\/08\/IMG_0030-300x180.jpeg",300,180,true],"medium_large":["https:\/\/quehacerpolitico.mx\/wp-content\/uploads\/2023\/08\/IMG_0030.jpeg",640,384,false],"large":["https:\/\/quehacerpolitico.mx\/wp-content\/uploads\/2023\/08\/IMG_0030.jpeg",640,384,false],"1536x1536":["https:\/\/quehacerpolitico.mx\/wp-content\/uploads\/2023\/08\/IMG_0030.jpeg",715,429,false],"2048x2048":["https:\/\/quehacerpolitico.mx\/wp-content\/uploads\/2023\/08\/IMG_0030.jpeg",715,429,false],"covernews-featured":["https:\/\/quehacerpolitico.mx\/wp-content\/uploads\/2023\/08\/IMG_0030.jpeg",715,429,false],"covernews-medium":["https:\/\/quehacerpolitico.mx\/wp-content\/uploads\/2023\/08\/IMG_0030.jpeg",540,324,false]},"author_info":{"display_name":"Redacci\u00f3n QP","author_link":"https:\/\/quehacerpolitico.mx\/?author=2"},"category_info":"<a href=\"https:\/\/quehacerpolitico.mx\/?cat=56\" rel=\"category\">Econom\u00eda<\/a>","tag_info":"Econom\u00eda","comment_count":"0","_links":{"self":[{"href":"https:\/\/quehacerpolitico.mx\/index.php?rest_route=\/wp\/v2\/posts\/104077","targetHints":{"allow":["GET"]}}],"collection":[{"href":"https:\/\/quehacerpolitico.mx\/index.php?rest_route=\/wp\/v2\/posts"}],"about":[{"href":"https:\/\/quehacerpolitico.mx\/index.php?rest_route=\/wp\/v2\/types\/post"}],"author":[{"embeddable":true,"href":"https:\/\/quehacerpolitico.mx\/index.php?rest_route=\/wp\/v2\/users\/2"}],"replies":[{"embeddable":true,"href":"https:\/\/quehacerpolitico.mx\/index.php?rest_route=%2Fwp%2Fv2%2Fcomments&post=104077"}],"version-history":[{"count":1,"href":"https:\/\/quehacerpolitico.mx\/index.php?rest_route=\/wp\/v2\/posts\/104077\/revisions"}],"predecessor-version":[{"id":104079,"href":"https:\/\/quehacerpolitico.mx\/index.php?rest_route=\/wp\/v2\/posts\/104077\/revisions\/104079"}],"wp:featuredmedia":[{"embeddable":true,"href":"https:\/\/quehacerpolitico.mx\/index.php?rest_route=\/wp\/v2\/media\/104078"}],"wp:attachment":[{"href":"https:\/\/quehacerpolitico.mx\/index.php?rest_route=%2Fwp%2Fv2%2Fmedia&parent=104077"}],"wp:term":[{"taxonomy":"category","embeddable":true,"href":"https:\/\/quehacerpolitico.mx\/index.php?rest_route=%2Fwp%2Fv2%2Fcategories&post=104077"},{"taxonomy":"post_tag","embeddable":true,"href":"https:\/\/quehacerpolitico.mx\/index.php?rest_route=%2Fwp%2Fv2%2Ftags&post=104077"}],"curies":[{"name":"wp","href":"https:\/\/api.w.org\/{rel}","templated":true}]}}