{"id":104056,"date":"2023-08-24T19:26:02","date_gmt":"2023-08-24T19:26:02","guid":{"rendered":"https:\/\/quehacerpolitico.mx\/?p=104056"},"modified":"2023-08-24T19:26:05","modified_gmt":"2023-08-24T19:26:05","slug":"internacionales-carolina-alonso-romei-donald-trump-sera-fichado-este-jueves-por-las-autoridades-en-una-carcel-de-atlanta-en-georgia","status":"publish","type":"post","link":"https:\/\/quehacerpolitico.mx\/?p=104056","title":{"rendered":"Internacionales\/\/\/Carolina Alonso Romei\/\/\/Donald Trump ser\u00e1\u00a0fichado\u00a0este jueves por las autoridades en una\u00a0c\u00e1rcel de Atlanta, en\u00a0Georgia"},"content":{"rendered":"\n<p>Por Carolina Alonso Romei<\/p>\n\n\n\n<p>Internacionalista <\/p>\n\n\n\n<p>Donald Trump es acusado de 13 delitos por haber liderado un complot con 18 aliados para revertir los resultados electorales en Georgia<\/p>\n\n\n\n<p>Donald Trump, expresidente de Estados Unidos (2017-2021), ser\u00e1\u00a0<strong>fichado<\/strong>\u00a0este jueves por las autoridades en una\u00a0<strong>c\u00e1rcel de Atlanta<\/strong>, en\u00a0<strong>Georgia<\/strong>, tras haber sido imputado por su\u00a0<strong>intento<\/strong>\u00a0de\u00a0<strong>revertir<\/strong>\u00a0los\u00a0<strong>resultados electorales<\/strong>\u00a0de las presidenciales de\u00a0<strong>2020<\/strong>en ese estado.<\/p>\n\n\n\n<p>Se espera que el republicano quede en libertad despu\u00e9s de que el personal penitenciario le haya tomado las&nbsp;<strong>huellas dactilares y una fotograf\u00eda policial<\/strong>, y tras depositar los&nbsp;<strong>200 mil d\u00f3lares de fianza<\/strong>&nbsp;acordados con la Fiscal\u00eda.<\/p>\n\n\n\n<p>Trump viajar\u00e1 al mediod\u00eda en avi\u00f3n privado desde Nueva Jersey hasta la capital de Georgia, pero todav\u00eda se desconoce la hora de su llegada a la prisi\u00f3n del\u00a0<strong>condado de Fulton<\/strong>.<\/p>\n\n\n\n<p>La fiscal de Fulton\u00a0<strong>Fani Willis<\/strong>\u00a0acusa al republicano de 13 delitos por haber liderado un complot con 18 aliados para revertir los resultados electorales en Georgia, donde Trump perdi\u00f3 por un estrecho margen contra el actual presidente, el dem\u00f3crata Joe Biden.<\/p>\n\n\n\n<figure class=\"wp-block-embed is-type-video is-provider-youtube wp-block-embed-youtube wp-embed-aspect-16-9 wp-has-aspect-ratio\"><div class=\"wp-block-embed__wrapper\">\n<iframe loading=\"lazy\" title=\"Trump ser\u00e1 fichado este jueves en la c\u00e1rcel del condado de Fulton\" width=\"640\" height=\"360\" src=\"https:\/\/www.youtube.com\/embed\/7fK-6LkqefE?feature=oembed\" frameborder=\"0\" allow=\"accelerometer; autoplay; clipboard-write; encrypted-media; gyroscope; picture-in-picture; web-share\" referrerpolicy=\"strict-origin-when-cross-origin\" allowfullscreen><\/iframe>\n<\/div><\/figure>\n\n\n\n<p>El sheriff del condado,<strong>&nbsp;Pat Labat<\/strong>, dijo a la prensa que el expresidente deber\u00e1 pasar por el mismo procedimiento que el resto de personas, por lo que deber\u00e1 presentar una identificaci\u00f3n, se le tomar\u00e1n las huellas y se le har\u00e1 una foto frontal.<\/p>\n\n\n\n<p>Esta es la&nbsp;<strong>cuarta imputaci\u00f3n penal<\/strong>&nbsp;de Trump, pero la primera en que se le cita en una c\u00e1rcel y tambi\u00e9n la primera que se le toma una foto policial. En las tres anteriores, hab\u00eda comparecido en diferentes juzgados para la lectura de cargos.<\/p>\n\n\n\n<p>El principal delito que se le imputa en el estado de Georgia es el de violar la ley de asociaci\u00f3n delictiva (RICO, en ingl\u00e9s), usada tradicionalmente en contra de la mafia.<\/p>\n\n\n\n<p>Tambi\u00e9n se le acusa de haber conspirado para que ciertas personas se presentaran falsamente como delegados electorales para certificar la victoria de Trump en Georgia a sabiendas de que en realidad perdi\u00f3.<\/p>\n\n\n\n<p>De ser declarado culpable de todos los cargos, el expresidente republicano podr\u00eda ser condenado a hasta 76.5 a\u00f1os de c\u00e1rcel.<\/p>\n\n\n\n<p>Una de las principales pruebas en su contra es la grabaci\u00f3n de una llamada de enero de 2021 en la que pidi\u00f3 al secretario de Estado de Georgia,<strong>&nbsp;Brad Raffensperger<\/strong>, que le \u201cencontrara\u201d 11.780 votos, uno m\u00e1s de los que hab\u00eda conseguido Biden.<\/p>\n\n\n\n<p>Trump considera todos los casos en su contra una \u201ccacer\u00eda de brujas\u201d, y todav\u00eda hoy sigue sosteniendo que gan\u00f3 las elecciones de 2020.<\/p>\n\n\n\n<p>Nadie ha luchado tanto por la integridad de las elecciones como el presidente Donald J. Trump. Por eso, ma\u00f1ana ser\u00e9 arrestado con orgullo en Georgia\u201d, declar\u00f3 el republicano el mi\u00e9rcoles en redes sociales.<\/p>\n\n\n\n<p>Al menos nueve de los 19 imputados en esta supuesta trama mafiosa ya se han entregado en la prisi\u00f3n de Fulton y han salido en libertad tras pagar sendas fianzas.<\/p>\n\n\n\n<p>Ayer lo hizo el exabogado de Trump y exalcalde neoyorquino\u00a0Rudy Giuliani, quien tuvo que pagar 150 mil d\u00f3lares para salir libre.<\/p>\n\n\n\n<p>Mientras que Mark Meadows, antiguo jefe de gabinete de Trump en la Casa Blanca, deber\u00e1 hacerlo pronto despu\u00e9s de que un juez rechazara su petici\u00f3n de trasladar su caso a una corte federal.<\/p>\n\n\n\n<figure class=\"wp-block-embed is-type-video is-provider-youtube wp-block-embed-youtube wp-embed-aspect-16-9 wp-has-aspect-ratio\"><div class=\"wp-block-embed__wrapper\">\n<iframe loading=\"lazy\" title=\"Donald Trump ficha en prisi\u00f3n tras su imputaci\u00f3n en Georgia\" width=\"640\" height=\"360\" src=\"https:\/\/www.youtube.com\/embed\/8t4MHtlZo5o?feature=oembed\" frameborder=\"0\" allow=\"accelerometer; autoplay; clipboard-write; encrypted-media; gyroscope; picture-in-picture; web-share\" referrerpolicy=\"strict-origin-when-cross-origin\" allowfullscreen><\/iframe>\n<\/div><\/figure>\n\n\n\n<p>La de Georgia es la cuarta imputaci\u00f3n penal contra Trump, tras el caso del soborno a la actriz porno Stormy Daniels, el de los documentos clasificados que se llev\u00f3 de la Casa Blanca y el del asalto al Capitolio.<\/p>\n\n\n\n<p>No obstante, este caso ha cobrado gran relevancia porque, al ser un proceso judicial estatal en lugar de federal, Trump no podr\u00eda autoindultarse en caso de recuperar la Presidencia en 2025.<\/p>\n\n\n\n<p>Trump, gran favorito de las primarias republicanas del pr\u00f3ximo a\u00f1o, no particip\u00f3 el mi\u00e9rcoles en el primer debate de precandidatos del partido por la gran ventaja que le saca al resto de aspirantes en las encuestas, seg\u00fan explic\u00f3 \u00e9l mismo en una entrevista.<\/p>\n\n\n\n<p>Con informaci\u00f3n de EFE<\/p>\n","protected":false},"excerpt":{"rendered":"<p>Por Carolina Alonso Romei Internacionalista Donald Trump es acusado de 13 delitos por haber liderado&#8230;<\/p>\n","protected":false},"author":2,"featured_media":104057,"comment_status":"open","ping_status":"open","sticky":false,"template":"","format":"standard","meta":{"_monsterinsights_skip_tracking":false,"_monsterinsights_sitenote_active":false,"_monsterinsights_sitenote_note":"","_monsterinsights_sitenote_category":0,"footnotes":""},"categories":[1],"tags":[],"class_list":["post-104056","post","type-post","status-publish","format-standard","has-post-thumbnail","hentry","category-sin-categoria"],"yoast_head":"<!-- This site is optimized with the Yoast SEO plugin v27.3 - https:\/\/yoast.com\/product\/yoast-seo-wordpress\/ -->\n<title>Internacionales\/\/\/Carolina Alonso Romei\/\/\/Donald Trump ser\u00e1\u00a0fichado\u00a0este jueves por las autoridades en una\u00a0c\u00e1rcel de Atlanta, en\u00a0Georgia -<\/title>\n<meta name=\"robots\" content=\"index, follow, max-snippet:-1, max-image-preview:large, max-video-preview:-1\" \/>\n<link rel=\"canonical\" href=\"https:\/\/quehacerpolitico.mx\/?p=104056\" \/>\n<meta property=\"og:locale\" content=\"es_MX\" \/>\n<meta property=\"og:type\" content=\"article\" \/>\n<meta property=\"og:title\" content=\"Internacionales\/\/\/Carolina Alonso Romei\/\/\/Donald Trump ser\u00e1\u00a0fichado\u00a0este jueves por las autoridades en una\u00a0c\u00e1rcel de Atlanta, en\u00a0Georgia -\" \/>\n<meta property=\"og:description\" content=\"Por Carolina Alonso Romei Internacionalista Donald Trump es acusado de 13 delitos por haber liderado...\" \/>\n<meta property=\"og:url\" content=\"https:\/\/quehacerpolitico.mx\/?p=104056\" \/>\n<meta property=\"article:published_time\" content=\"2023-08-24T19:26:02+00:00\" \/>\n<meta property=\"article:modified_time\" content=\"2023-08-24T19:26:05+00:00\" \/>\n<meta property=\"og:image\" content=\"https:\/\/quehacerpolitico.mx\/wp-content\/uploads\/2023\/08\/IMG_0020.jpeg\" \/>\n\t<meta property=\"og:image:width\" content=\"698\" \/>\n\t<meta property=\"og:image:height\" content=\"439\" \/>\n\t<meta property=\"og:image:type\" content=\"image\/jpeg\" \/>\n<meta name=\"author\" content=\"Redacci\u00f3n QP\" \/>\n<meta name=\"twitter:card\" content=\"summary_large_image\" \/>\n<meta name=\"twitter:label1\" content=\"Escrito por\" \/>\n\t<meta name=\"twitter:data1\" content=\"Redacci\u00f3n QP\" \/>\n\t<meta name=\"twitter:label2\" content=\"Tiempo de lectura\" \/>\n\t<meta name=\"twitter:data2\" content=\"4 minutos\" \/>\n<script type=\"application\/ld+json\" class=\"yoast-schema-graph\">{\"@context\":\"https:\\\/\\\/schema.org\",\"@graph\":[{\"@type\":\"Article\",\"@id\":\"https:\\\/\\\/quehacerpolitico.mx\\\/?p=104056#article\",\"isPartOf\":{\"@id\":\"https:\\\/\\\/quehacerpolitico.mx\\\/?p=104056\"},\"author\":{\"name\":\"Redacci\u00f3n QP\",\"@id\":\"https:\\\/\\\/quehacerpolitico.mx\\\/#\\\/schema\\\/person\\\/496d8ad2d1d3f8036101dca7ee39e585\"},\"headline\":\"Internacionales\\\/\\\/\\\/Carolina Alonso Romei\\\/\\\/\\\/Donald Trump ser\u00e1\u00a0fichado\u00a0este jueves por las autoridades en una\u00a0c\u00e1rcel de Atlanta, en\u00a0Georgia\",\"datePublished\":\"2023-08-24T19:26:02+00:00\",\"dateModified\":\"2023-08-24T19:26:05+00:00\",\"mainEntityOfPage\":{\"@id\":\"https:\\\/\\\/quehacerpolitico.mx\\\/?p=104056\"},\"wordCount\":724,\"commentCount\":0,\"image\":{\"@id\":\"https:\\\/\\\/quehacerpolitico.mx\\\/?p=104056#primaryimage\"},\"thumbnailUrl\":\"https:\\\/\\\/quehacerpolitico.mx\\\/wp-content\\\/uploads\\\/2023\\\/08\\\/IMG_0020.jpeg\",\"articleSection\":[\"Internacionales\"],\"inLanguage\":\"es\",\"potentialAction\":[{\"@type\":\"CommentAction\",\"name\":\"Comment\",\"target\":[\"https:\\\/\\\/quehacerpolitico.mx\\\/?p=104056#respond\"]}]},{\"@type\":\"WebPage\",\"@id\":\"https:\\\/\\\/quehacerpolitico.mx\\\/?p=104056\",\"url\":\"https:\\\/\\\/quehacerpolitico.mx\\\/?p=104056\",\"name\":\"Internacionales\\\/\\\/\\\/Carolina Alonso Romei\\\/\\\/\\\/Donald Trump ser\u00e1\u00a0fichado\u00a0este jueves por las autoridades en una\u00a0c\u00e1rcel de Atlanta, en\u00a0Georgia -\",\"isPartOf\":{\"@id\":\"https:\\\/\\\/quehacerpolitico.mx\\\/#website\"},\"primaryImageOfPage\":{\"@id\":\"https:\\\/\\\/quehacerpolitico.mx\\\/?p=104056#primaryimage\"},\"image\":{\"@id\":\"https:\\\/\\\/quehacerpolitico.mx\\\/?p=104056#primaryimage\"},\"thumbnailUrl\":\"https:\\\/\\\/quehacerpolitico.mx\\\/wp-content\\\/uploads\\\/2023\\\/08\\\/IMG_0020.jpeg\",\"datePublished\":\"2023-08-24T19:26:02+00:00\",\"dateModified\":\"2023-08-24T19:26:05+00:00\",\"author\":{\"@id\":\"https:\\\/\\\/quehacerpolitico.mx\\\/#\\\/schema\\\/person\\\/496d8ad2d1d3f8036101dca7ee39e585\"},\"breadcrumb\":{\"@id\":\"https:\\\/\\\/quehacerpolitico.mx\\\/?p=104056#breadcrumb\"},\"inLanguage\":\"es\",\"potentialAction\":[{\"@type\":\"ReadAction\",\"target\":[\"https:\\\/\\\/quehacerpolitico.mx\\\/?p=104056\"]}]},{\"@type\":\"ImageObject\",\"inLanguage\":\"es\",\"@id\":\"https:\\\/\\\/quehacerpolitico.mx\\\/?p=104056#primaryimage\",\"url\":\"https:\\\/\\\/quehacerpolitico.mx\\\/wp-content\\\/uploads\\\/2023\\\/08\\\/IMG_0020.jpeg\",\"contentUrl\":\"https:\\\/\\\/quehacerpolitico.mx\\\/wp-content\\\/uploads\\\/2023\\\/08\\\/IMG_0020.jpeg\",\"width\":698,\"height\":439},{\"@type\":\"BreadcrumbList\",\"@id\":\"https:\\\/\\\/quehacerpolitico.mx\\\/?p=104056#breadcrumb\",\"itemListElement\":[{\"@type\":\"ListItem\",\"position\":1,\"name\":\"Inicio\",\"item\":\"https:\\\/\\\/quehacerpolitico.mx\\\/\"},{\"@type\":\"ListItem\",\"position\":2,\"name\":\"Internacionales\\\/\\\/\\\/Carolina Alonso Romei\\\/\\\/\\\/Donald Trump ser\u00e1\u00a0fichado\u00a0este jueves por las autoridades en una\u00a0c\u00e1rcel de Atlanta, en\u00a0Georgia\"}]},{\"@type\":\"WebSite\",\"@id\":\"https:\\\/\\\/quehacerpolitico.mx\\\/#website\",\"url\":\"https:\\\/\\\/quehacerpolitico.mx\\\/\",\"name\":\"\",\"description\":\"\",\"potentialAction\":[{\"@type\":\"SearchAction\",\"target\":{\"@type\":\"EntryPoint\",\"urlTemplate\":\"https:\\\/\\\/quehacerpolitico.mx\\\/?s={search_term_string}\"},\"query-input\":{\"@type\":\"PropertyValueSpecification\",\"valueRequired\":true,\"valueName\":\"search_term_string\"}}],\"inLanguage\":\"es\"},{\"@type\":\"Person\",\"@id\":\"https:\\\/\\\/quehacerpolitico.mx\\\/#\\\/schema\\\/person\\\/496d8ad2d1d3f8036101dca7ee39e585\",\"name\":\"Redacci\u00f3n QP\",\"image\":{\"@type\":\"ImageObject\",\"inLanguage\":\"es\",\"@id\":\"https:\\\/\\\/secure.gravatar.com\\\/avatar\\\/c7164ed6fdec453195284ad24a5ae5b6e1eed2b848477fa2a4787ba9adf39a41?s=96&d=mm&r=g\",\"url\":\"https:\\\/\\\/secure.gravatar.com\\\/avatar\\\/c7164ed6fdec453195284ad24a5ae5b6e1eed2b848477fa2a4787ba9adf39a41?s=96&d=mm&r=g\",\"contentUrl\":\"https:\\\/\\\/secure.gravatar.com\\\/avatar\\\/c7164ed6fdec453195284ad24a5ae5b6e1eed2b848477fa2a4787ba9adf39a41?s=96&d=mm&r=g\",\"caption\":\"Redacci\u00f3n QP\"},\"url\":\"https:\\\/\\\/quehacerpolitico.mx\\\/?author=2\"}]}<\/script>\n<!-- \/ Yoast SEO plugin. -->","yoast_head_json":{"title":"Internacionales\/\/\/Carolina Alonso Romei\/\/\/Donald Trump ser\u00e1\u00a0fichado\u00a0este jueves por las autoridades en una\u00a0c\u00e1rcel de Atlanta, en\u00a0Georgia -","robots":{"index":"index","follow":"follow","max-snippet":"max-snippet:-1","max-image-preview":"max-image-preview:large","max-video-preview":"max-video-preview:-1"},"canonical":"https:\/\/quehacerpolitico.mx\/?p=104056","og_locale":"es_MX","og_type":"article","og_title":"Internacionales\/\/\/Carolina Alonso Romei\/\/\/Donald Trump ser\u00e1\u00a0fichado\u00a0este jueves por las autoridades en una\u00a0c\u00e1rcel de Atlanta, en\u00a0Georgia -","og_description":"Por Carolina Alonso Romei Internacionalista Donald Trump es acusado de 13 delitos por haber liderado...","og_url":"https:\/\/quehacerpolitico.mx\/?p=104056","article_published_time":"2023-08-24T19:26:02+00:00","article_modified_time":"2023-08-24T19:26:05+00:00","og_image":[{"width":698,"height":439,"url":"https:\/\/quehacerpolitico.mx\/wp-content\/uploads\/2023\/08\/IMG_0020.jpeg","type":"image\/jpeg"}],"author":"Redacci\u00f3n QP","twitter_card":"summary_large_image","twitter_misc":{"Escrito por":"Redacci\u00f3n QP","Tiempo de lectura":"4 minutos"},"schema":{"@context":"https:\/\/schema.org","@graph":[{"@type":"Article","@id":"https:\/\/quehacerpolitico.mx\/?p=104056#article","isPartOf":{"@id":"https:\/\/quehacerpolitico.mx\/?p=104056"},"author":{"name":"Redacci\u00f3n QP","@id":"https:\/\/quehacerpolitico.mx\/#\/schema\/person\/496d8ad2d1d3f8036101dca7ee39e585"},"headline":"Internacionales\/\/\/Carolina Alonso Romei\/\/\/Donald Trump ser\u00e1\u00a0fichado\u00a0este jueves por las autoridades en una\u00a0c\u00e1rcel de Atlanta, en\u00a0Georgia","datePublished":"2023-08-24T19:26:02+00:00","dateModified":"2023-08-24T19:26:05+00:00","mainEntityOfPage":{"@id":"https:\/\/quehacerpolitico.mx\/?p=104056"},"wordCount":724,"commentCount":0,"image":{"@id":"https:\/\/quehacerpolitico.mx\/?p=104056#primaryimage"},"thumbnailUrl":"https:\/\/quehacerpolitico.mx\/wp-content\/uploads\/2023\/08\/IMG_0020.jpeg","articleSection":["Internacionales"],"inLanguage":"es","potentialAction":[{"@type":"CommentAction","name":"Comment","target":["https:\/\/quehacerpolitico.mx\/?p=104056#respond"]}]},{"@type":"WebPage","@id":"https:\/\/quehacerpolitico.mx\/?p=104056","url":"https:\/\/quehacerpolitico.mx\/?p=104056","name":"Internacionales\/\/\/Carolina Alonso Romei\/\/\/Donald Trump ser\u00e1\u00a0fichado\u00a0este jueves por las autoridades en una\u00a0c\u00e1rcel de Atlanta, en\u00a0Georgia -","isPartOf":{"@id":"https:\/\/quehacerpolitico.mx\/#website"},"primaryImageOfPage":{"@id":"https:\/\/quehacerpolitico.mx\/?p=104056#primaryimage"},"image":{"@id":"https:\/\/quehacerpolitico.mx\/?p=104056#primaryimage"},"thumbnailUrl":"https:\/\/quehacerpolitico.mx\/wp-content\/uploads\/2023\/08\/IMG_0020.jpeg","datePublished":"2023-08-24T19:26:02+00:00","dateModified":"2023-08-24T19:26:05+00:00","author":{"@id":"https:\/\/quehacerpolitico.mx\/#\/schema\/person\/496d8ad2d1d3f8036101dca7ee39e585"},"breadcrumb":{"@id":"https:\/\/quehacerpolitico.mx\/?p=104056#breadcrumb"},"inLanguage":"es","potentialAction":[{"@type":"ReadAction","target":["https:\/\/quehacerpolitico.mx\/?p=104056"]}]},{"@type":"ImageObject","inLanguage":"es","@id":"https:\/\/quehacerpolitico.mx\/?p=104056#primaryimage","url":"https:\/\/quehacerpolitico.mx\/wp-content\/uploads\/2023\/08\/IMG_0020.jpeg","contentUrl":"https:\/\/quehacerpolitico.mx\/wp-content\/uploads\/2023\/08\/IMG_0020.jpeg","width":698,"height":439},{"@type":"BreadcrumbList","@id":"https:\/\/quehacerpolitico.mx\/?p=104056#breadcrumb","itemListElement":[{"@type":"ListItem","position":1,"name":"Inicio","item":"https:\/\/quehacerpolitico.mx\/"},{"@type":"ListItem","position":2,"name":"Internacionales\/\/\/Carolina Alonso Romei\/\/\/Donald Trump ser\u00e1\u00a0fichado\u00a0este jueves por las autoridades en una\u00a0c\u00e1rcel de Atlanta, en\u00a0Georgia"}]},{"@type":"WebSite","@id":"https:\/\/quehacerpolitico.mx\/#website","url":"https:\/\/quehacerpolitico.mx\/","name":"","description":"","potentialAction":[{"@type":"SearchAction","target":{"@type":"EntryPoint","urlTemplate":"https:\/\/quehacerpolitico.mx\/?s={search_term_string}"},"query-input":{"@type":"PropertyValueSpecification","valueRequired":true,"valueName":"search_term_string"}}],"inLanguage":"es"},{"@type":"Person","@id":"https:\/\/quehacerpolitico.mx\/#\/schema\/person\/496d8ad2d1d3f8036101dca7ee39e585","name":"Redacci\u00f3n QP","image":{"@type":"ImageObject","inLanguage":"es","@id":"https:\/\/secure.gravatar.com\/avatar\/c7164ed6fdec453195284ad24a5ae5b6e1eed2b848477fa2a4787ba9adf39a41?s=96&d=mm&r=g","url":"https:\/\/secure.gravatar.com\/avatar\/c7164ed6fdec453195284ad24a5ae5b6e1eed2b848477fa2a4787ba9adf39a41?s=96&d=mm&r=g","contentUrl":"https:\/\/secure.gravatar.com\/avatar\/c7164ed6fdec453195284ad24a5ae5b6e1eed2b848477fa2a4787ba9adf39a41?s=96&d=mm&r=g","caption":"Redacci\u00f3n QP"},"url":"https:\/\/quehacerpolitico.mx\/?author=2"}]}},"featured_image_urls":{"full":["https:\/\/quehacerpolitico.mx\/wp-content\/uploads\/2023\/08\/IMG_0020.jpeg",698,439,false],"thumbnail":["https:\/\/quehacerpolitico.mx\/wp-content\/uploads\/2023\/08\/IMG_0020-150x150.jpeg",150,150,true],"medium":["https:\/\/quehacerpolitico.mx\/wp-content\/uploads\/2023\/08\/IMG_0020-300x189.jpeg",300,189,true],"medium_large":["https:\/\/quehacerpolitico.mx\/wp-content\/uploads\/2023\/08\/IMG_0020.jpeg",640,403,false],"large":["https:\/\/quehacerpolitico.mx\/wp-content\/uploads\/2023\/08\/IMG_0020.jpeg",640,403,false],"1536x1536":["https:\/\/quehacerpolitico.mx\/wp-content\/uploads\/2023\/08\/IMG_0020.jpeg",698,439,false],"2048x2048":["https:\/\/quehacerpolitico.mx\/wp-content\/uploads\/2023\/08\/IMG_0020.jpeg",698,439,false],"covernews-featured":["https:\/\/quehacerpolitico.mx\/wp-content\/uploads\/2023\/08\/IMG_0020.jpeg",698,439,false],"covernews-medium":["https:\/\/quehacerpolitico.mx\/wp-content\/uploads\/2023\/08\/IMG_0020.jpeg",540,340,false]},"author_info":{"display_name":"Redacci\u00f3n QP","author_link":"https:\/\/quehacerpolitico.mx\/?author=2"},"category_info":"<a href=\"https:\/\/quehacerpolitico.mx\/?cat=1\" rel=\"category\">Internacionales<\/a>","tag_info":"Internacionales","comment_count":"0","_links":{"self":[{"href":"https:\/\/quehacerpolitico.mx\/index.php?rest_route=\/wp\/v2\/posts\/104056","targetHints":{"allow":["GET"]}}],"collection":[{"href":"https:\/\/quehacerpolitico.mx\/index.php?rest_route=\/wp\/v2\/posts"}],"about":[{"href":"https:\/\/quehacerpolitico.mx\/index.php?rest_route=\/wp\/v2\/types\/post"}],"author":[{"embeddable":true,"href":"https:\/\/quehacerpolitico.mx\/index.php?rest_route=\/wp\/v2\/users\/2"}],"replies":[{"embeddable":true,"href":"https:\/\/quehacerpolitico.mx\/index.php?rest_route=%2Fwp%2Fv2%2Fcomments&post=104056"}],"version-history":[{"count":1,"href":"https:\/\/quehacerpolitico.mx\/index.php?rest_route=\/wp\/v2\/posts\/104056\/revisions"}],"predecessor-version":[{"id":104058,"href":"https:\/\/quehacerpolitico.mx\/index.php?rest_route=\/wp\/v2\/posts\/104056\/revisions\/104058"}],"wp:featuredmedia":[{"embeddable":true,"href":"https:\/\/quehacerpolitico.mx\/index.php?rest_route=\/wp\/v2\/media\/104057"}],"wp:attachment":[{"href":"https:\/\/quehacerpolitico.mx\/index.php?rest_route=%2Fwp%2Fv2%2Fmedia&parent=104056"}],"wp:term":[{"taxonomy":"category","embeddable":true,"href":"https:\/\/quehacerpolitico.mx\/index.php?rest_route=%2Fwp%2Fv2%2Fcategories&post=104056"},{"taxonomy":"post_tag","embeddable":true,"href":"https:\/\/quehacerpolitico.mx\/index.php?rest_route=%2Fwp%2Fv2%2Ftags&post=104056"}],"curies":[{"name":"wp","href":"https:\/\/api.w.org\/{rel}","templated":true}]}}