{"id":104053,"date":"2023-08-24T19:08:24","date_gmt":"2023-08-24T19:08:24","guid":{"rendered":"https:\/\/quehacerpolitico.mx\/?p=104053"},"modified":"2023-08-24T19:08:28","modified_gmt":"2023-08-24T19:08:28","slug":"lopez-obrador-confirmo-que-el-empresario-carlos-slim-estara-presente-en-el-recorrido-de-supervision-del-tren-maya-el-proximo-1-de-septiembre","status":"publish","type":"post","link":"https:\/\/quehacerpolitico.mx\/?p=104053","title":{"rendered":"L\u00f3pez Obrador, confirm\u00f3 que el empresario\u00a0Carlos Slim\u00a0estar\u00e1 presente en el recorrido de\u00a0supervisi\u00f3n\u00a0del\u00a0Tren Maya\u00a0el pr\u00f3ximo\u00a01 de Septiembre"},"content":{"rendered":"\n<p>Por Redacci\u00f3n QP<\/p>\n\n\n\n<p>L\u00f3pez Obrador tambi\u00e9n detall\u00f3 que estar\u00e1n presentes en dicho recorrido del Tren Maya directivos de las empresas Mota-Engil, Indi e ICA<\/p>\n\n\n\n<p><strong>Andres Manuel L\u00f3pez Obrador<\/strong>, presidente de M\u00e9xico, confirm\u00f3 que el empresario\u00a0<strong>Carlos Slim<\/strong>\u00a0estar\u00e1 presente en el recorrido de\u00a0<strong>supervisi\u00f3n<\/strong>\u00a0del\u00a0<strong>Tren Maya<\/strong>\u00a0el pr\u00f3ximo\u00a01 de Septiembre<\/p>\n\n\n\n<p>En la conferencia matutina de Palacio Nacional, L\u00f3pez Obrador tambi\u00e9n detall\u00f3 que estar\u00e1n presentes en dicho recorrido directivos de las empresas Mota-Engil, Indi e ICA.<\/p>\n\n\n\n<p>\u201cAdem\u00e1s de los encargados de los tramos por parte de las empresas, estoy invitando a los directivos, no me gusta decir due\u00f1os\u201d. apunt\u00f3 este jueves en el Sal\u00f3n Tesorer\u00eda.<\/p>\n\n\n\n<p>\u201cS\u00ed va a ir Carlos Slim\u201d, indic\u00f3 el tabasque\u00f1o <\/p>\n\n\n\n<p>El mandatario mexicano detall\u00f3 que este recorrido estar\u00e1 cerrado a los medios de comunicaci\u00f3n: lo que no quiero es que ya ven c\u00f3mo est\u00e1 el Reforma y los programas de radio, ni siquiera por nosotros (\u2026) Qu\u00e9 necesidad, mejor vamos a hacer la supervisi\u00f3n nosotros\u201d.<\/p>\n\n\n\n<figure class=\"wp-block-embed is-type-video is-provider-youtube wp-block-embed-youtube wp-embed-aspect-16-9 wp-has-aspect-ratio\"><div class=\"wp-block-embed__wrapper\">\n<iframe loading=\"lazy\" title=\"Recorrer\u00e1 AMLO y Slim, sin medios, el Tren Maya\" width=\"640\" height=\"360\" src=\"https:\/\/www.youtube.com\/embed\/JqSWSCwMheY?feature=oembed\" frameborder=\"0\" allow=\"accelerometer; autoplay; clipboard-write; encrypted-media; gyroscope; picture-in-picture; web-share\" referrerpolicy=\"strict-origin-when-cross-origin\" allowfullscreen><\/iframe>\n<\/div><\/figure>\n\n\n\n<p>Tras dar su Quinto Informe de Gobierno en Campeche, el presidente L\u00f3pez Obrador realizar\u00e1 su primer recorrido de supervisi\u00f3n del Tren Maya, obra considerada prioritaria para el Gobierno de la 4T, el cual ir\u00e1 de Campeche a M\u00e9rida.<\/p>\n\n\n\n<p>Dicha obra abarca los estados de Chiapas, Tabasco, Campeche, Yucat\u00e1n y Quintana Roo, donde se planea construir una ruta de mil 554 kil\u00f3metros de v\u00eda f\u00e9rrea.<\/p>\n\n\n\n<p>El Tren Maya es uno de los megaproyectos del presidente L\u00f3pez Obrador, con el que busca potenciar el desarrollo en el sureste mexicano, mientras que organizaciones nacionales e internacionales han manifestado su preocupaci\u00f3n por el posible impacto negativo a los derechos humanos de los pueblos ind\u00edgenas mexicanos y en el medioambiente de la zona.<\/p>\n","protected":false},"excerpt":{"rendered":"<p>Por Redacci\u00f3n QP L\u00f3pez Obrador tambi\u00e9n detall\u00f3 que estar\u00e1n presentes en dicho recorrido del Tren&#8230;<\/p>\n","protected":false},"author":2,"featured_media":104054,"comment_status":"open","ping_status":"open","sticky":false,"template":"","format":"standard","meta":{"_monsterinsights_skip_tracking":false,"_monsterinsights_sitenote_active":false,"_monsterinsights_sitenote_note":"","_monsterinsights_sitenote_category":0,"footnotes":""},"categories":[2],"tags":[],"class_list":["post-104053","post","type-post","status-publish","format-standard","has-post-thumbnail","hentry","category-noticias"],"yoast_head":"<!-- This site is optimized with the Yoast SEO plugin v27.3 - https:\/\/yoast.com\/product\/yoast-seo-wordpress\/ -->\n<title>L\u00f3pez Obrador, confirm\u00f3 que el empresario\u00a0Carlos Slim\u00a0estar\u00e1 presente en el recorrido de\u00a0supervisi\u00f3n\u00a0del\u00a0Tren Maya\u00a0el pr\u00f3ximo\u00a01 de Septiembre -<\/title>\n<meta name=\"robots\" content=\"index, follow, max-snippet:-1, max-image-preview:large, max-video-preview:-1\" \/>\n<link rel=\"canonical\" href=\"https:\/\/quehacerpolitico.mx\/?p=104053\" \/>\n<meta property=\"og:locale\" content=\"es_MX\" \/>\n<meta property=\"og:type\" content=\"article\" \/>\n<meta property=\"og:title\" content=\"L\u00f3pez Obrador, confirm\u00f3 que el empresario\u00a0Carlos Slim\u00a0estar\u00e1 presente en el recorrido de\u00a0supervisi\u00f3n\u00a0del\u00a0Tren Maya\u00a0el pr\u00f3ximo\u00a01 de Septiembre -\" \/>\n<meta property=\"og:description\" content=\"Por Redacci\u00f3n QP L\u00f3pez Obrador tambi\u00e9n detall\u00f3 que estar\u00e1n presentes en dicho recorrido del Tren...\" \/>\n<meta property=\"og:url\" content=\"https:\/\/quehacerpolitico.mx\/?p=104053\" \/>\n<meta property=\"article:published_time\" content=\"2023-08-24T19:08:24+00:00\" \/>\n<meta property=\"article:modified_time\" content=\"2023-08-24T19:08:28+00:00\" \/>\n<meta property=\"og:image\" content=\"https:\/\/quehacerpolitico.mx\/wp-content\/uploads\/2023\/08\/IMG_0019.jpeg\" \/>\n\t<meta property=\"og:image:width\" content=\"1000\" \/>\n\t<meta property=\"og:image:height\" content=\"600\" \/>\n\t<meta property=\"og:image:type\" content=\"image\/jpeg\" \/>\n<meta name=\"author\" content=\"Redacci\u00f3n QP\" \/>\n<meta name=\"twitter:card\" content=\"summary_large_image\" \/>\n<meta name=\"twitter:label1\" content=\"Escrito por\" \/>\n\t<meta name=\"twitter:data1\" content=\"Redacci\u00f3n QP\" \/>\n\t<meta name=\"twitter:label2\" content=\"Tiempo de lectura\" \/>\n\t<meta name=\"twitter:data2\" content=\"2 minutos\" \/>\n<script type=\"application\/ld+json\" class=\"yoast-schema-graph\">{\"@context\":\"https:\\\/\\\/schema.org\",\"@graph\":[{\"@type\":\"Article\",\"@id\":\"https:\\\/\\\/quehacerpolitico.mx\\\/?p=104053#article\",\"isPartOf\":{\"@id\":\"https:\\\/\\\/quehacerpolitico.mx\\\/?p=104053\"},\"author\":{\"name\":\"Redacci\u00f3n QP\",\"@id\":\"https:\\\/\\\/quehacerpolitico.mx\\\/#\\\/schema\\\/person\\\/496d8ad2d1d3f8036101dca7ee39e585\"},\"headline\":\"L\u00f3pez Obrador, confirm\u00f3 que el empresario\u00a0Carlos Slim\u00a0estar\u00e1 presente en el recorrido de\u00a0supervisi\u00f3n\u00a0del\u00a0Tren Maya\u00a0el pr\u00f3ximo\u00a01 de Septiembre\",\"datePublished\":\"2023-08-24T19:08:24+00:00\",\"dateModified\":\"2023-08-24T19:08:28+00:00\",\"mainEntityOfPage\":{\"@id\":\"https:\\\/\\\/quehacerpolitico.mx\\\/?p=104053\"},\"wordCount\":336,\"commentCount\":0,\"image\":{\"@id\":\"https:\\\/\\\/quehacerpolitico.mx\\\/?p=104053#primaryimage\"},\"thumbnailUrl\":\"https:\\\/\\\/quehacerpolitico.mx\\\/wp-content\\\/uploads\\\/2023\\\/08\\\/IMG_0019.jpeg\",\"articleSection\":[\"Noticias\"],\"inLanguage\":\"es\",\"potentialAction\":[{\"@type\":\"CommentAction\",\"name\":\"Comment\",\"target\":[\"https:\\\/\\\/quehacerpolitico.mx\\\/?p=104053#respond\"]}]},{\"@type\":\"WebPage\",\"@id\":\"https:\\\/\\\/quehacerpolitico.mx\\\/?p=104053\",\"url\":\"https:\\\/\\\/quehacerpolitico.mx\\\/?p=104053\",\"name\":\"L\u00f3pez Obrador, confirm\u00f3 que el empresario\u00a0Carlos Slim\u00a0estar\u00e1 presente en el recorrido de\u00a0supervisi\u00f3n\u00a0del\u00a0Tren Maya\u00a0el pr\u00f3ximo\u00a01 de Septiembre -\",\"isPartOf\":{\"@id\":\"https:\\\/\\\/quehacerpolitico.mx\\\/#website\"},\"primaryImageOfPage\":{\"@id\":\"https:\\\/\\\/quehacerpolitico.mx\\\/?p=104053#primaryimage\"},\"image\":{\"@id\":\"https:\\\/\\\/quehacerpolitico.mx\\\/?p=104053#primaryimage\"},\"thumbnailUrl\":\"https:\\\/\\\/quehacerpolitico.mx\\\/wp-content\\\/uploads\\\/2023\\\/08\\\/IMG_0019.jpeg\",\"datePublished\":\"2023-08-24T19:08:24+00:00\",\"dateModified\":\"2023-08-24T19:08:28+00:00\",\"author\":{\"@id\":\"https:\\\/\\\/quehacerpolitico.mx\\\/#\\\/schema\\\/person\\\/496d8ad2d1d3f8036101dca7ee39e585\"},\"breadcrumb\":{\"@id\":\"https:\\\/\\\/quehacerpolitico.mx\\\/?p=104053#breadcrumb\"},\"inLanguage\":\"es\",\"potentialAction\":[{\"@type\":\"ReadAction\",\"target\":[\"https:\\\/\\\/quehacerpolitico.mx\\\/?p=104053\"]}]},{\"@type\":\"ImageObject\",\"inLanguage\":\"es\",\"@id\":\"https:\\\/\\\/quehacerpolitico.mx\\\/?p=104053#primaryimage\",\"url\":\"https:\\\/\\\/quehacerpolitico.mx\\\/wp-content\\\/uploads\\\/2023\\\/08\\\/IMG_0019.jpeg\",\"contentUrl\":\"https:\\\/\\\/quehacerpolitico.mx\\\/wp-content\\\/uploads\\\/2023\\\/08\\\/IMG_0019.jpeg\",\"width\":1000,\"height\":600},{\"@type\":\"BreadcrumbList\",\"@id\":\"https:\\\/\\\/quehacerpolitico.mx\\\/?p=104053#breadcrumb\",\"itemListElement\":[{\"@type\":\"ListItem\",\"position\":1,\"name\":\"Inicio\",\"item\":\"https:\\\/\\\/quehacerpolitico.mx\\\/\"},{\"@type\":\"ListItem\",\"position\":2,\"name\":\"L\u00f3pez Obrador, confirm\u00f3 que el empresario\u00a0Carlos Slim\u00a0estar\u00e1 presente en el recorrido de\u00a0supervisi\u00f3n\u00a0del\u00a0Tren Maya\u00a0el pr\u00f3ximo\u00a01 de Septiembre\"}]},{\"@type\":\"WebSite\",\"@id\":\"https:\\\/\\\/quehacerpolitico.mx\\\/#website\",\"url\":\"https:\\\/\\\/quehacerpolitico.mx\\\/\",\"name\":\"\",\"description\":\"\",\"potentialAction\":[{\"@type\":\"SearchAction\",\"target\":{\"@type\":\"EntryPoint\",\"urlTemplate\":\"https:\\\/\\\/quehacerpolitico.mx\\\/?s={search_term_string}\"},\"query-input\":{\"@type\":\"PropertyValueSpecification\",\"valueRequired\":true,\"valueName\":\"search_term_string\"}}],\"inLanguage\":\"es\"},{\"@type\":\"Person\",\"@id\":\"https:\\\/\\\/quehacerpolitico.mx\\\/#\\\/schema\\\/person\\\/496d8ad2d1d3f8036101dca7ee39e585\",\"name\":\"Redacci\u00f3n QP\",\"image\":{\"@type\":\"ImageObject\",\"inLanguage\":\"es\",\"@id\":\"https:\\\/\\\/secure.gravatar.com\\\/avatar\\\/c7164ed6fdec453195284ad24a5ae5b6e1eed2b848477fa2a4787ba9adf39a41?s=96&d=mm&r=g\",\"url\":\"https:\\\/\\\/secure.gravatar.com\\\/avatar\\\/c7164ed6fdec453195284ad24a5ae5b6e1eed2b848477fa2a4787ba9adf39a41?s=96&d=mm&r=g\",\"contentUrl\":\"https:\\\/\\\/secure.gravatar.com\\\/avatar\\\/c7164ed6fdec453195284ad24a5ae5b6e1eed2b848477fa2a4787ba9adf39a41?s=96&d=mm&r=g\",\"caption\":\"Redacci\u00f3n QP\"},\"url\":\"https:\\\/\\\/quehacerpolitico.mx\\\/?author=2\"}]}<\/script>\n<!-- \/ Yoast SEO plugin. -->","yoast_head_json":{"title":"L\u00f3pez Obrador, confirm\u00f3 que el empresario\u00a0Carlos Slim\u00a0estar\u00e1 presente en el recorrido de\u00a0supervisi\u00f3n\u00a0del\u00a0Tren Maya\u00a0el pr\u00f3ximo\u00a01 de Septiembre -","robots":{"index":"index","follow":"follow","max-snippet":"max-snippet:-1","max-image-preview":"max-image-preview:large","max-video-preview":"max-video-preview:-1"},"canonical":"https:\/\/quehacerpolitico.mx\/?p=104053","og_locale":"es_MX","og_type":"article","og_title":"L\u00f3pez Obrador, confirm\u00f3 que el empresario\u00a0Carlos Slim\u00a0estar\u00e1 presente en el recorrido de\u00a0supervisi\u00f3n\u00a0del\u00a0Tren Maya\u00a0el pr\u00f3ximo\u00a01 de Septiembre -","og_description":"Por Redacci\u00f3n QP L\u00f3pez Obrador tambi\u00e9n detall\u00f3 que estar\u00e1n presentes en dicho recorrido del Tren...","og_url":"https:\/\/quehacerpolitico.mx\/?p=104053","article_published_time":"2023-08-24T19:08:24+00:00","article_modified_time":"2023-08-24T19:08:28+00:00","og_image":[{"width":1000,"height":600,"url":"https:\/\/quehacerpolitico.mx\/wp-content\/uploads\/2023\/08\/IMG_0019.jpeg","type":"image\/jpeg"}],"author":"Redacci\u00f3n QP","twitter_card":"summary_large_image","twitter_misc":{"Escrito por":"Redacci\u00f3n QP","Tiempo de lectura":"2 minutos"},"schema":{"@context":"https:\/\/schema.org","@graph":[{"@type":"Article","@id":"https:\/\/quehacerpolitico.mx\/?p=104053#article","isPartOf":{"@id":"https:\/\/quehacerpolitico.mx\/?p=104053"},"author":{"name":"Redacci\u00f3n QP","@id":"https:\/\/quehacerpolitico.mx\/#\/schema\/person\/496d8ad2d1d3f8036101dca7ee39e585"},"headline":"L\u00f3pez Obrador, confirm\u00f3 que el empresario\u00a0Carlos Slim\u00a0estar\u00e1 presente en el recorrido de\u00a0supervisi\u00f3n\u00a0del\u00a0Tren Maya\u00a0el pr\u00f3ximo\u00a01 de Septiembre","datePublished":"2023-08-24T19:08:24+00:00","dateModified":"2023-08-24T19:08:28+00:00","mainEntityOfPage":{"@id":"https:\/\/quehacerpolitico.mx\/?p=104053"},"wordCount":336,"commentCount":0,"image":{"@id":"https:\/\/quehacerpolitico.mx\/?p=104053#primaryimage"},"thumbnailUrl":"https:\/\/quehacerpolitico.mx\/wp-content\/uploads\/2023\/08\/IMG_0019.jpeg","articleSection":["Noticias"],"inLanguage":"es","potentialAction":[{"@type":"CommentAction","name":"Comment","target":["https:\/\/quehacerpolitico.mx\/?p=104053#respond"]}]},{"@type":"WebPage","@id":"https:\/\/quehacerpolitico.mx\/?p=104053","url":"https:\/\/quehacerpolitico.mx\/?p=104053","name":"L\u00f3pez Obrador, confirm\u00f3 que el empresario\u00a0Carlos Slim\u00a0estar\u00e1 presente en el recorrido de\u00a0supervisi\u00f3n\u00a0del\u00a0Tren Maya\u00a0el pr\u00f3ximo\u00a01 de Septiembre -","isPartOf":{"@id":"https:\/\/quehacerpolitico.mx\/#website"},"primaryImageOfPage":{"@id":"https:\/\/quehacerpolitico.mx\/?p=104053#primaryimage"},"image":{"@id":"https:\/\/quehacerpolitico.mx\/?p=104053#primaryimage"},"thumbnailUrl":"https:\/\/quehacerpolitico.mx\/wp-content\/uploads\/2023\/08\/IMG_0019.jpeg","datePublished":"2023-08-24T19:08:24+00:00","dateModified":"2023-08-24T19:08:28+00:00","author":{"@id":"https:\/\/quehacerpolitico.mx\/#\/schema\/person\/496d8ad2d1d3f8036101dca7ee39e585"},"breadcrumb":{"@id":"https:\/\/quehacerpolitico.mx\/?p=104053#breadcrumb"},"inLanguage":"es","potentialAction":[{"@type":"ReadAction","target":["https:\/\/quehacerpolitico.mx\/?p=104053"]}]},{"@type":"ImageObject","inLanguage":"es","@id":"https:\/\/quehacerpolitico.mx\/?p=104053#primaryimage","url":"https:\/\/quehacerpolitico.mx\/wp-content\/uploads\/2023\/08\/IMG_0019.jpeg","contentUrl":"https:\/\/quehacerpolitico.mx\/wp-content\/uploads\/2023\/08\/IMG_0019.jpeg","width":1000,"height":600},{"@type":"BreadcrumbList","@id":"https:\/\/quehacerpolitico.mx\/?p=104053#breadcrumb","itemListElement":[{"@type":"ListItem","position":1,"name":"Inicio","item":"https:\/\/quehacerpolitico.mx\/"},{"@type":"ListItem","position":2,"name":"L\u00f3pez Obrador, confirm\u00f3 que el empresario\u00a0Carlos Slim\u00a0estar\u00e1 presente en el recorrido de\u00a0supervisi\u00f3n\u00a0del\u00a0Tren Maya\u00a0el pr\u00f3ximo\u00a01 de Septiembre"}]},{"@type":"WebSite","@id":"https:\/\/quehacerpolitico.mx\/#website","url":"https:\/\/quehacerpolitico.mx\/","name":"","description":"","potentialAction":[{"@type":"SearchAction","target":{"@type":"EntryPoint","urlTemplate":"https:\/\/quehacerpolitico.mx\/?s={search_term_string}"},"query-input":{"@type":"PropertyValueSpecification","valueRequired":true,"valueName":"search_term_string"}}],"inLanguage":"es"},{"@type":"Person","@id":"https:\/\/quehacerpolitico.mx\/#\/schema\/person\/496d8ad2d1d3f8036101dca7ee39e585","name":"Redacci\u00f3n QP","image":{"@type":"ImageObject","inLanguage":"es","@id":"https:\/\/secure.gravatar.com\/avatar\/c7164ed6fdec453195284ad24a5ae5b6e1eed2b848477fa2a4787ba9adf39a41?s=96&d=mm&r=g","url":"https:\/\/secure.gravatar.com\/avatar\/c7164ed6fdec453195284ad24a5ae5b6e1eed2b848477fa2a4787ba9adf39a41?s=96&d=mm&r=g","contentUrl":"https:\/\/secure.gravatar.com\/avatar\/c7164ed6fdec453195284ad24a5ae5b6e1eed2b848477fa2a4787ba9adf39a41?s=96&d=mm&r=g","caption":"Redacci\u00f3n QP"},"url":"https:\/\/quehacerpolitico.mx\/?author=2"}]}},"featured_image_urls":{"full":["https:\/\/quehacerpolitico.mx\/wp-content\/uploads\/2023\/08\/IMG_0019.jpeg",1000,600,false],"thumbnail":["https:\/\/quehacerpolitico.mx\/wp-content\/uploads\/2023\/08\/IMG_0019-150x150.jpeg",150,150,true],"medium":["https:\/\/quehacerpolitico.mx\/wp-content\/uploads\/2023\/08\/IMG_0019-300x180.jpeg",300,180,true],"medium_large":["https:\/\/quehacerpolitico.mx\/wp-content\/uploads\/2023\/08\/IMG_0019-768x461.jpeg",640,384,true],"large":["https:\/\/quehacerpolitico.mx\/wp-content\/uploads\/2023\/08\/IMG_0019.jpeg",640,384,false],"1536x1536":["https:\/\/quehacerpolitico.mx\/wp-content\/uploads\/2023\/08\/IMG_0019.jpeg",1000,600,false],"2048x2048":["https:\/\/quehacerpolitico.mx\/wp-content\/uploads\/2023\/08\/IMG_0019.jpeg",1000,600,false],"covernews-featured":["https:\/\/quehacerpolitico.mx\/wp-content\/uploads\/2023\/08\/IMG_0019.jpeg",1000,600,false],"covernews-medium":["https:\/\/quehacerpolitico.mx\/wp-content\/uploads\/2023\/08\/IMG_0019.jpeg",540,324,false]},"author_info":{"display_name":"Redacci\u00f3n QP","author_link":"https:\/\/quehacerpolitico.mx\/?author=2"},"category_info":"<a href=\"https:\/\/quehacerpolitico.mx\/?cat=2\" rel=\"category\">Noticias<\/a>","tag_info":"Noticias","comment_count":"0","_links":{"self":[{"href":"https:\/\/quehacerpolitico.mx\/index.php?rest_route=\/wp\/v2\/posts\/104053","targetHints":{"allow":["GET"]}}],"collection":[{"href":"https:\/\/quehacerpolitico.mx\/index.php?rest_route=\/wp\/v2\/posts"}],"about":[{"href":"https:\/\/quehacerpolitico.mx\/index.php?rest_route=\/wp\/v2\/types\/post"}],"author":[{"embeddable":true,"href":"https:\/\/quehacerpolitico.mx\/index.php?rest_route=\/wp\/v2\/users\/2"}],"replies":[{"embeddable":true,"href":"https:\/\/quehacerpolitico.mx\/index.php?rest_route=%2Fwp%2Fv2%2Fcomments&post=104053"}],"version-history":[{"count":1,"href":"https:\/\/quehacerpolitico.mx\/index.php?rest_route=\/wp\/v2\/posts\/104053\/revisions"}],"predecessor-version":[{"id":104055,"href":"https:\/\/quehacerpolitico.mx\/index.php?rest_route=\/wp\/v2\/posts\/104053\/revisions\/104055"}],"wp:featuredmedia":[{"embeddable":true,"href":"https:\/\/quehacerpolitico.mx\/index.php?rest_route=\/wp\/v2\/media\/104054"}],"wp:attachment":[{"href":"https:\/\/quehacerpolitico.mx\/index.php?rest_route=%2Fwp%2Fv2%2Fmedia&parent=104053"}],"wp:term":[{"taxonomy":"category","embeddable":true,"href":"https:\/\/quehacerpolitico.mx\/index.php?rest_route=%2Fwp%2Fv2%2Fcategories&post=104053"},{"taxonomy":"post_tag","embeddable":true,"href":"https:\/\/quehacerpolitico.mx\/index.php?rest_route=%2Fwp%2Fv2%2Ftags&post=104053"}],"curies":[{"name":"wp","href":"https:\/\/api.w.org\/{rel}","templated":true}]}}