{"id":104050,"date":"2023-08-24T18:43:29","date_gmt":"2023-08-24T18:43:29","guid":{"rendered":"https:\/\/quehacerpolitico.mx\/?p=104050"},"modified":"2023-08-24T18:43:32","modified_gmt":"2023-08-24T18:43:32","slug":"el-presidente-andres-manuel-lopez-obrador-senalo-que-ya-reviso-los-nuevos-libros-de-texto-gratuitos","status":"publish","type":"post","link":"https:\/\/quehacerpolitico.mx\/?p=104050","title":{"rendered":"El presidente Andres Manuel L\u00f3pez Obrador, se\u00f1al\u00f3 que ya revis\u00f3 los nuevos\u00a0libros de texto gratuitos\u00a0"},"content":{"rendered":"\n<p>Por Redacci\u00f3n QP<\/p>\n\n\n\n<p>El presidente L\u00f3pez Obrador dej\u00f3 en claro que los nuevos libros de texto de la SEP tiene menos errores que en a\u00f1os anteriores<\/p>\n\n\n\n<p>El presidente de M\u00e9xico,\u00a0<strong>Andres Manuel L\u00f3pez Obrador<\/strong>, se\u00f1al\u00f3 que ya revis\u00f3 los nuevos\u00a0<strong>libros de texto gratuitos<\/strong>\u00a0de la Secretar\u00eda de Educaci\u00f3n P\u00fablica (<strong>SEP<\/strong>) y admiti\u00f3 que encontr\u00f3 algunos \u201cerrores gramaticales\u201d.<\/p>\n\n\n\n<p>En la conferencia matutina de Palacio Nacional, L\u00f3pez Obrador asever\u00f3 que estos nuevos libros de texto tiene&nbsp;<strong>menos errores que en a\u00f1os anteriores<\/strong>.<\/p>\n\n\n\n<p>\u201cClaro que s\u00ed (revis\u00f3 los libros), todos. Muy pocos (errores). Errores en algunos casos ortogr\u00e1ficos, pero hay aclaraciones, se ha mejorado mucho, no tienen errores\u201d, dijo.<\/p>\n\n\n\n<figure class=\"wp-block-embed is-type-video is-provider-youtube wp-block-embed-youtube wp-embed-aspect-16-9 wp-has-aspect-ratio\"><div class=\"wp-block-embed__wrapper\">\n<iframe loading=\"lazy\" title=\"\u00bfRevis\u00f3 AMLO los nuevos libros de texto de la SEP?\" width=\"640\" height=\"360\" src=\"https:\/\/www.youtube.com\/embed\/-gBKIOkpPb4?feature=oembed\" frameborder=\"0\" allow=\"accelerometer; autoplay; clipboard-write; encrypted-media; gyroscope; picture-in-picture; web-share\" referrerpolicy=\"strict-origin-when-cross-origin\" allowfullscreen><\/iframe>\n<\/div><\/figure>\n\n\n\n<p>Tienen much\u00edsimo menos errores que los otros libros. Me refiero a errores gramaticales\u201d, puntualiz\u00f3 el mandatario mexicano.<\/p>\n\n\n\n<p>\u201cRealmente fue una campa\u00f1a pesando de que la gente se iba a dejar enga\u00f1ar, se iban a espantar, se iban a asustar padres de familia, maestros, pues no, porque es mentira, es pura falsedad y ya pues se est\u00e1 entendiendo de esa manera\u201d, puntualiz\u00f3 en el Sal\u00f3n Tesorer\u00eda.<\/p>\n\n\n\n<p>Estas declaraciones se producen en medio de la pol\u00e9mica sobre los libros que la SEP distribuir\u00e1 para el nuevo curso escolar, que comienza el 28 de agosto, porque, seg\u00fan algunos detractores, buscan \u201cadoctrinar\u201d a los ni\u00f1os con ideas asociadas al \u201ccomunismo y socialismo\u201d con contenido af\u00edn a la ideolog\u00eda del presidente&nbsp; L\u00f3pez Obrador.<\/p>\n\n\n\n<p>La conservadora&nbsp;<strong>Uni\u00f3n Nacional de Padres de Familia<\/strong>interpuso un recurso de amparo judicial en mayo al cuestionar que los nuevos libros contengan educaci\u00f3n sobre diversidad sexual, familias diversas y \u00f3rganos reproductivos, mientras que otros grupos han criticado que los materiales incluyen referencias en contra del \u201cneoliberalismo\u201d.<\/p>\n\n\n\n<p>En las \u00faltimas semanas, el ministro de la\u00a0<strong>Suprema Corte de Justicia de la Naci\u00f3n<\/strong>\u00a0(<strong>SCJN<\/strong>),\u00a0<strong>Luis Mar\u00eda Aguilar<\/strong>, otorg\u00f3\u00a0<strong>suspensiones<\/strong>\u00a0a los Gobiernos de los estados de\u00a0<strong>Coahuila<\/strong>\u00a0y\u00a0<strong>Chihuahua<\/strong>\u00a0contra la\u00a0distribuci\u00f3n de estos libros<\/p>\n","protected":false},"excerpt":{"rendered":"<p>Por Redacci\u00f3n QP El presidente L\u00f3pez Obrador dej\u00f3 en claro que los nuevos libros de&#8230;<\/p>\n","protected":false},"author":2,"featured_media":104051,"comment_status":"open","ping_status":"open","sticky":false,"template":"","format":"standard","meta":{"_monsterinsights_skip_tracking":false,"_monsterinsights_sitenote_active":false,"_monsterinsights_sitenote_note":"","_monsterinsights_sitenote_category":0,"footnotes":""},"categories":[2],"tags":[],"class_list":["post-104050","post","type-post","status-publish","format-standard","has-post-thumbnail","hentry","category-noticias"],"yoast_head":"<!-- This site is optimized with the Yoast SEO plugin v27.3 - https:\/\/yoast.com\/product\/yoast-seo-wordpress\/ -->\n<title>El presidente Andres Manuel L\u00f3pez Obrador, se\u00f1al\u00f3 que ya revis\u00f3 los nuevos\u00a0libros de texto gratuitos\u00a0 -<\/title>\n<meta name=\"robots\" content=\"index, follow, max-snippet:-1, max-image-preview:large, max-video-preview:-1\" \/>\n<link rel=\"canonical\" href=\"https:\/\/quehacerpolitico.mx\/?p=104050\" \/>\n<meta property=\"og:locale\" content=\"es_MX\" \/>\n<meta property=\"og:type\" content=\"article\" \/>\n<meta property=\"og:title\" content=\"El presidente Andres Manuel L\u00f3pez Obrador, se\u00f1al\u00f3 que ya revis\u00f3 los nuevos\u00a0libros de texto gratuitos\u00a0 -\" \/>\n<meta property=\"og:description\" content=\"Por Redacci\u00f3n QP El presidente L\u00f3pez Obrador dej\u00f3 en claro que los nuevos libros de...\" \/>\n<meta property=\"og:url\" content=\"https:\/\/quehacerpolitico.mx\/?p=104050\" \/>\n<meta property=\"article:published_time\" content=\"2023-08-24T18:43:29+00:00\" \/>\n<meta property=\"article:modified_time\" content=\"2023-08-24T18:43:32+00:00\" \/>\n<meta property=\"og:image\" content=\"https:\/\/quehacerpolitico.mx\/wp-content\/uploads\/2023\/08\/IMG_0018.jpeg\" \/>\n\t<meta property=\"og:image:width\" content=\"360\" \/>\n\t<meta property=\"og:image:height\" content=\"222\" \/>\n\t<meta property=\"og:image:type\" content=\"image\/jpeg\" \/>\n<meta name=\"author\" content=\"Redacci\u00f3n QP\" \/>\n<meta name=\"twitter:card\" content=\"summary_large_image\" \/>\n<meta name=\"twitter:label1\" content=\"Escrito por\" \/>\n\t<meta name=\"twitter:data1\" content=\"Redacci\u00f3n QP\" \/>\n\t<meta name=\"twitter:label2\" content=\"Tiempo de lectura\" \/>\n\t<meta name=\"twitter:data2\" content=\"2 minutos\" \/>\n<script type=\"application\/ld+json\" class=\"yoast-schema-graph\">{\"@context\":\"https:\\\/\\\/schema.org\",\"@graph\":[{\"@type\":\"Article\",\"@id\":\"https:\\\/\\\/quehacerpolitico.mx\\\/?p=104050#article\",\"isPartOf\":{\"@id\":\"https:\\\/\\\/quehacerpolitico.mx\\\/?p=104050\"},\"author\":{\"name\":\"Redacci\u00f3n QP\",\"@id\":\"https:\\\/\\\/quehacerpolitico.mx\\\/#\\\/schema\\\/person\\\/496d8ad2d1d3f8036101dca7ee39e585\"},\"headline\":\"El presidente Andres Manuel L\u00f3pez Obrador, se\u00f1al\u00f3 que ya revis\u00f3 los nuevos\u00a0libros de texto gratuitos\u00a0\",\"datePublished\":\"2023-08-24T18:43:29+00:00\",\"dateModified\":\"2023-08-24T18:43:32+00:00\",\"mainEntityOfPage\":{\"@id\":\"https:\\\/\\\/quehacerpolitico.mx\\\/?p=104050\"},\"wordCount\":364,\"commentCount\":0,\"image\":{\"@id\":\"https:\\\/\\\/quehacerpolitico.mx\\\/?p=104050#primaryimage\"},\"thumbnailUrl\":\"https:\\\/\\\/quehacerpolitico.mx\\\/wp-content\\\/uploads\\\/2023\\\/08\\\/IMG_0018.jpeg\",\"articleSection\":[\"Noticias\"],\"inLanguage\":\"es\",\"potentialAction\":[{\"@type\":\"CommentAction\",\"name\":\"Comment\",\"target\":[\"https:\\\/\\\/quehacerpolitico.mx\\\/?p=104050#respond\"]}]},{\"@type\":\"WebPage\",\"@id\":\"https:\\\/\\\/quehacerpolitico.mx\\\/?p=104050\",\"url\":\"https:\\\/\\\/quehacerpolitico.mx\\\/?p=104050\",\"name\":\"El presidente Andres Manuel L\u00f3pez Obrador, se\u00f1al\u00f3 que ya revis\u00f3 los nuevos\u00a0libros de texto gratuitos\u00a0 -\",\"isPartOf\":{\"@id\":\"https:\\\/\\\/quehacerpolitico.mx\\\/#website\"},\"primaryImageOfPage\":{\"@id\":\"https:\\\/\\\/quehacerpolitico.mx\\\/?p=104050#primaryimage\"},\"image\":{\"@id\":\"https:\\\/\\\/quehacerpolitico.mx\\\/?p=104050#primaryimage\"},\"thumbnailUrl\":\"https:\\\/\\\/quehacerpolitico.mx\\\/wp-content\\\/uploads\\\/2023\\\/08\\\/IMG_0018.jpeg\",\"datePublished\":\"2023-08-24T18:43:29+00:00\",\"dateModified\":\"2023-08-24T18:43:32+00:00\",\"author\":{\"@id\":\"https:\\\/\\\/quehacerpolitico.mx\\\/#\\\/schema\\\/person\\\/496d8ad2d1d3f8036101dca7ee39e585\"},\"breadcrumb\":{\"@id\":\"https:\\\/\\\/quehacerpolitico.mx\\\/?p=104050#breadcrumb\"},\"inLanguage\":\"es\",\"potentialAction\":[{\"@type\":\"ReadAction\",\"target\":[\"https:\\\/\\\/quehacerpolitico.mx\\\/?p=104050\"]}]},{\"@type\":\"ImageObject\",\"inLanguage\":\"es\",\"@id\":\"https:\\\/\\\/quehacerpolitico.mx\\\/?p=104050#primaryimage\",\"url\":\"https:\\\/\\\/quehacerpolitico.mx\\\/wp-content\\\/uploads\\\/2023\\\/08\\\/IMG_0018.jpeg\",\"contentUrl\":\"https:\\\/\\\/quehacerpolitico.mx\\\/wp-content\\\/uploads\\\/2023\\\/08\\\/IMG_0018.jpeg\",\"width\":360,\"height\":222},{\"@type\":\"BreadcrumbList\",\"@id\":\"https:\\\/\\\/quehacerpolitico.mx\\\/?p=104050#breadcrumb\",\"itemListElement\":[{\"@type\":\"ListItem\",\"position\":1,\"name\":\"Inicio\",\"item\":\"https:\\\/\\\/quehacerpolitico.mx\\\/\"},{\"@type\":\"ListItem\",\"position\":2,\"name\":\"El presidente Andres Manuel L\u00f3pez Obrador, se\u00f1al\u00f3 que ya revis\u00f3 los nuevos\u00a0libros de texto gratuitos\u00a0\"}]},{\"@type\":\"WebSite\",\"@id\":\"https:\\\/\\\/quehacerpolitico.mx\\\/#website\",\"url\":\"https:\\\/\\\/quehacerpolitico.mx\\\/\",\"name\":\"\",\"description\":\"\",\"potentialAction\":[{\"@type\":\"SearchAction\",\"target\":{\"@type\":\"EntryPoint\",\"urlTemplate\":\"https:\\\/\\\/quehacerpolitico.mx\\\/?s={search_term_string}\"},\"query-input\":{\"@type\":\"PropertyValueSpecification\",\"valueRequired\":true,\"valueName\":\"search_term_string\"}}],\"inLanguage\":\"es\"},{\"@type\":\"Person\",\"@id\":\"https:\\\/\\\/quehacerpolitico.mx\\\/#\\\/schema\\\/person\\\/496d8ad2d1d3f8036101dca7ee39e585\",\"name\":\"Redacci\u00f3n QP\",\"image\":{\"@type\":\"ImageObject\",\"inLanguage\":\"es\",\"@id\":\"https:\\\/\\\/secure.gravatar.com\\\/avatar\\\/c7164ed6fdec453195284ad24a5ae5b6e1eed2b848477fa2a4787ba9adf39a41?s=96&d=mm&r=g\",\"url\":\"https:\\\/\\\/secure.gravatar.com\\\/avatar\\\/c7164ed6fdec453195284ad24a5ae5b6e1eed2b848477fa2a4787ba9adf39a41?s=96&d=mm&r=g\",\"contentUrl\":\"https:\\\/\\\/secure.gravatar.com\\\/avatar\\\/c7164ed6fdec453195284ad24a5ae5b6e1eed2b848477fa2a4787ba9adf39a41?s=96&d=mm&r=g\",\"caption\":\"Redacci\u00f3n QP\"},\"url\":\"https:\\\/\\\/quehacerpolitico.mx\\\/?author=2\"}]}<\/script>\n<!-- \/ Yoast SEO plugin. -->","yoast_head_json":{"title":"El presidente Andres Manuel L\u00f3pez Obrador, se\u00f1al\u00f3 que ya revis\u00f3 los nuevos\u00a0libros de texto gratuitos\u00a0 -","robots":{"index":"index","follow":"follow","max-snippet":"max-snippet:-1","max-image-preview":"max-image-preview:large","max-video-preview":"max-video-preview:-1"},"canonical":"https:\/\/quehacerpolitico.mx\/?p=104050","og_locale":"es_MX","og_type":"article","og_title":"El presidente Andres Manuel L\u00f3pez Obrador, se\u00f1al\u00f3 que ya revis\u00f3 los nuevos\u00a0libros de texto gratuitos\u00a0 -","og_description":"Por Redacci\u00f3n QP El presidente L\u00f3pez Obrador dej\u00f3 en claro que los nuevos libros de...","og_url":"https:\/\/quehacerpolitico.mx\/?p=104050","article_published_time":"2023-08-24T18:43:29+00:00","article_modified_time":"2023-08-24T18:43:32+00:00","og_image":[{"width":360,"height":222,"url":"https:\/\/quehacerpolitico.mx\/wp-content\/uploads\/2023\/08\/IMG_0018.jpeg","type":"image\/jpeg"}],"author":"Redacci\u00f3n QP","twitter_card":"summary_large_image","twitter_misc":{"Escrito por":"Redacci\u00f3n QP","Tiempo de lectura":"2 minutos"},"schema":{"@context":"https:\/\/schema.org","@graph":[{"@type":"Article","@id":"https:\/\/quehacerpolitico.mx\/?p=104050#article","isPartOf":{"@id":"https:\/\/quehacerpolitico.mx\/?p=104050"},"author":{"name":"Redacci\u00f3n QP","@id":"https:\/\/quehacerpolitico.mx\/#\/schema\/person\/496d8ad2d1d3f8036101dca7ee39e585"},"headline":"El presidente Andres Manuel L\u00f3pez Obrador, se\u00f1al\u00f3 que ya revis\u00f3 los nuevos\u00a0libros de texto gratuitos\u00a0","datePublished":"2023-08-24T18:43:29+00:00","dateModified":"2023-08-24T18:43:32+00:00","mainEntityOfPage":{"@id":"https:\/\/quehacerpolitico.mx\/?p=104050"},"wordCount":364,"commentCount":0,"image":{"@id":"https:\/\/quehacerpolitico.mx\/?p=104050#primaryimage"},"thumbnailUrl":"https:\/\/quehacerpolitico.mx\/wp-content\/uploads\/2023\/08\/IMG_0018.jpeg","articleSection":["Noticias"],"inLanguage":"es","potentialAction":[{"@type":"CommentAction","name":"Comment","target":["https:\/\/quehacerpolitico.mx\/?p=104050#respond"]}]},{"@type":"WebPage","@id":"https:\/\/quehacerpolitico.mx\/?p=104050","url":"https:\/\/quehacerpolitico.mx\/?p=104050","name":"El presidente Andres Manuel L\u00f3pez Obrador, se\u00f1al\u00f3 que ya revis\u00f3 los nuevos\u00a0libros de texto gratuitos\u00a0 -","isPartOf":{"@id":"https:\/\/quehacerpolitico.mx\/#website"},"primaryImageOfPage":{"@id":"https:\/\/quehacerpolitico.mx\/?p=104050#primaryimage"},"image":{"@id":"https:\/\/quehacerpolitico.mx\/?p=104050#primaryimage"},"thumbnailUrl":"https:\/\/quehacerpolitico.mx\/wp-content\/uploads\/2023\/08\/IMG_0018.jpeg","datePublished":"2023-08-24T18:43:29+00:00","dateModified":"2023-08-24T18:43:32+00:00","author":{"@id":"https:\/\/quehacerpolitico.mx\/#\/schema\/person\/496d8ad2d1d3f8036101dca7ee39e585"},"breadcrumb":{"@id":"https:\/\/quehacerpolitico.mx\/?p=104050#breadcrumb"},"inLanguage":"es","potentialAction":[{"@type":"ReadAction","target":["https:\/\/quehacerpolitico.mx\/?p=104050"]}]},{"@type":"ImageObject","inLanguage":"es","@id":"https:\/\/quehacerpolitico.mx\/?p=104050#primaryimage","url":"https:\/\/quehacerpolitico.mx\/wp-content\/uploads\/2023\/08\/IMG_0018.jpeg","contentUrl":"https:\/\/quehacerpolitico.mx\/wp-content\/uploads\/2023\/08\/IMG_0018.jpeg","width":360,"height":222},{"@type":"BreadcrumbList","@id":"https:\/\/quehacerpolitico.mx\/?p=104050#breadcrumb","itemListElement":[{"@type":"ListItem","position":1,"name":"Inicio","item":"https:\/\/quehacerpolitico.mx\/"},{"@type":"ListItem","position":2,"name":"El presidente Andres Manuel L\u00f3pez Obrador, se\u00f1al\u00f3 que ya revis\u00f3 los nuevos\u00a0libros de texto gratuitos\u00a0"}]},{"@type":"WebSite","@id":"https:\/\/quehacerpolitico.mx\/#website","url":"https:\/\/quehacerpolitico.mx\/","name":"","description":"","potentialAction":[{"@type":"SearchAction","target":{"@type":"EntryPoint","urlTemplate":"https:\/\/quehacerpolitico.mx\/?s={search_term_string}"},"query-input":{"@type":"PropertyValueSpecification","valueRequired":true,"valueName":"search_term_string"}}],"inLanguage":"es"},{"@type":"Person","@id":"https:\/\/quehacerpolitico.mx\/#\/schema\/person\/496d8ad2d1d3f8036101dca7ee39e585","name":"Redacci\u00f3n QP","image":{"@type":"ImageObject","inLanguage":"es","@id":"https:\/\/secure.gravatar.com\/avatar\/c7164ed6fdec453195284ad24a5ae5b6e1eed2b848477fa2a4787ba9adf39a41?s=96&d=mm&r=g","url":"https:\/\/secure.gravatar.com\/avatar\/c7164ed6fdec453195284ad24a5ae5b6e1eed2b848477fa2a4787ba9adf39a41?s=96&d=mm&r=g","contentUrl":"https:\/\/secure.gravatar.com\/avatar\/c7164ed6fdec453195284ad24a5ae5b6e1eed2b848477fa2a4787ba9adf39a41?s=96&d=mm&r=g","caption":"Redacci\u00f3n QP"},"url":"https:\/\/quehacerpolitico.mx\/?author=2"}]}},"featured_image_urls":{"full":["https:\/\/quehacerpolitico.mx\/wp-content\/uploads\/2023\/08\/IMG_0018.jpeg",360,222,false],"thumbnail":["https:\/\/quehacerpolitico.mx\/wp-content\/uploads\/2023\/08\/IMG_0018-150x150.jpeg",150,150,true],"medium":["https:\/\/quehacerpolitico.mx\/wp-content\/uploads\/2023\/08\/IMG_0018-300x185.jpeg",300,185,true],"medium_large":["https:\/\/quehacerpolitico.mx\/wp-content\/uploads\/2023\/08\/IMG_0018.jpeg",360,222,false],"large":["https:\/\/quehacerpolitico.mx\/wp-content\/uploads\/2023\/08\/IMG_0018.jpeg",360,222,false],"1536x1536":["https:\/\/quehacerpolitico.mx\/wp-content\/uploads\/2023\/08\/IMG_0018.jpeg",360,222,false],"2048x2048":["https:\/\/quehacerpolitico.mx\/wp-content\/uploads\/2023\/08\/IMG_0018.jpeg",360,222,false],"covernews-featured":["https:\/\/quehacerpolitico.mx\/wp-content\/uploads\/2023\/08\/IMG_0018.jpeg",360,222,false],"covernews-medium":["https:\/\/quehacerpolitico.mx\/wp-content\/uploads\/2023\/08\/IMG_0018.jpeg",360,222,false]},"author_info":{"display_name":"Redacci\u00f3n QP","author_link":"https:\/\/quehacerpolitico.mx\/?author=2"},"category_info":"<a href=\"https:\/\/quehacerpolitico.mx\/?cat=2\" rel=\"category\">Noticias<\/a>","tag_info":"Noticias","comment_count":"0","_links":{"self":[{"href":"https:\/\/quehacerpolitico.mx\/index.php?rest_route=\/wp\/v2\/posts\/104050","targetHints":{"allow":["GET"]}}],"collection":[{"href":"https:\/\/quehacerpolitico.mx\/index.php?rest_route=\/wp\/v2\/posts"}],"about":[{"href":"https:\/\/quehacerpolitico.mx\/index.php?rest_route=\/wp\/v2\/types\/post"}],"author":[{"embeddable":true,"href":"https:\/\/quehacerpolitico.mx\/index.php?rest_route=\/wp\/v2\/users\/2"}],"replies":[{"embeddable":true,"href":"https:\/\/quehacerpolitico.mx\/index.php?rest_route=%2Fwp%2Fv2%2Fcomments&post=104050"}],"version-history":[{"count":1,"href":"https:\/\/quehacerpolitico.mx\/index.php?rest_route=\/wp\/v2\/posts\/104050\/revisions"}],"predecessor-version":[{"id":104052,"href":"https:\/\/quehacerpolitico.mx\/index.php?rest_route=\/wp\/v2\/posts\/104050\/revisions\/104052"}],"wp:featuredmedia":[{"embeddable":true,"href":"https:\/\/quehacerpolitico.mx\/index.php?rest_route=\/wp\/v2\/media\/104051"}],"wp:attachment":[{"href":"https:\/\/quehacerpolitico.mx\/index.php?rest_route=%2Fwp%2Fv2%2Fmedia&parent=104050"}],"wp:term":[{"taxonomy":"category","embeddable":true,"href":"https:\/\/quehacerpolitico.mx\/index.php?rest_route=%2Fwp%2Fv2%2Fcategories&post=104050"},{"taxonomy":"post_tag","embeddable":true,"href":"https:\/\/quehacerpolitico.mx\/index.php?rest_route=%2Fwp%2Fv2%2Ftags&post=104050"}],"curies":[{"name":"wp","href":"https:\/\/api.w.org\/{rel}","templated":true}]}}