{"id":104012,"date":"2023-08-24T00:20:52","date_gmt":"2023-08-24T00:20:52","guid":{"rendered":"https:\/\/quehacerpolitico.mx\/?p=104012"},"modified":"2023-08-24T00:20:56","modified_gmt":"2023-08-24T00:20:56","slug":"laura-galvan-cronometro-1443-94-en-los-5000m-del-mundial-de-atletismo-budapest2023","status":"publish","type":"post","link":"https:\/\/quehacerpolitico.mx\/?p=104012","title":{"rendered":"Laura Galv\u00e1n cronometr\u00f3 14:43.94, en los 5000m del Mundial de Atletismo #Budapest2023"},"content":{"rendered":"\n<p>Por Redacci\u00f3n QP<\/p>\n\n\n\n<p>Laura Galv\u00e1n cronometr\u00f3 un tiempo de\u00a014:43.94 dentro de la prueba de los 5 mil metros de marcha del Campeonato Mundial de Atletismo<\/p>\n\n\n\n<p>Sigue nutri\u00e9ndose la delegaci\u00f3n mexicana que representar\u00e1 a nuestro pa\u00eds en los\u00a0<strong>Juegos Ol\u00edmpicos de Par\u00eds 2024.<\/strong><\/p>\n\n\n\n<p>Este mi\u00e9rcoles la marchista Laura Galv\u00e1n dio la marca requerida para conseguir su boleto a la justa veraniega del siguiente a\u00f1o, esto al cronometrar 14:43.94 dentro de la prueba de los 5 mil metros de marcha del\u00a0<strong>Campeonato Mundial de Atletismo.<\/strong><\/p>\n\n\n\n<figure class=\"wp-block-image size-full\"><img loading=\"lazy\" decoding=\"async\" width=\"933\" height=\"1024\" src=\"https:\/\/quehacerpolitico.mx\/wp-content\/uploads\/2023\/08\/image-69.jpeg\" alt=\"\" class=\"wp-image-104014\" srcset=\"https:\/\/quehacerpolitico.mx\/wp-content\/uploads\/2023\/08\/image-69.jpeg 933w, https:\/\/quehacerpolitico.mx\/wp-content\/uploads\/2023\/08\/image-69-273x300.jpeg 273w, https:\/\/quehacerpolitico.mx\/wp-content\/uploads\/2023\/08\/image-69-768x843.jpeg 768w, https:\/\/quehacerpolitico.mx\/wp-content\/uploads\/2023\/08\/image-69-133x146.jpeg 133w, https:\/\/quehacerpolitico.mx\/wp-content\/uploads\/2023\/08\/image-69-46x50.jpeg 46w, https:\/\/quehacerpolitico.mx\/wp-content\/uploads\/2023\/08\/image-69-68x75.jpeg 68w\" sizes=\"auto, (max-width: 933px) 100vw, 933px\" \/><\/figure>\n\n\n\n<p>De esta forma la mexicana tambi\u00e9n logr\u00f3 imponer un nuevo r\u00e9cord mexicano en esta especialidad, y esto tambi\u00e9n vino aderezado con su pase a la gran Final de su prueba en\u00a0<strong>Budapest 2023.<\/strong><\/p>\n\n\n\n<p>Luego de esto ser\u00e1 el pr\u00f3ximo 26 de agosto cuando Galv\u00e1n dispute las medallas en territorio h\u00fangaro, p<strong>ero de momento\u00a0<\/strong>ya puede presumir que le ha dado al pa\u00eds su plaza n\u00famero 19 para los Juegos de Par\u00eds 2024.<\/p>\n\n\n\n<figure class=\"wp-block-image size-full\"><img loading=\"lazy\" decoding=\"async\" width=\"1024\" height=\"850\" src=\"https:\/\/quehacerpolitico.mx\/wp-content\/uploads\/2023\/08\/image-70.jpeg\" alt=\"\" class=\"wp-image-104015\" srcset=\"https:\/\/quehacerpolitico.mx\/wp-content\/uploads\/2023\/08\/image-70.jpeg 1024w, https:\/\/quehacerpolitico.mx\/wp-content\/uploads\/2023\/08\/image-70-300x249.jpeg 300w, https:\/\/quehacerpolitico.mx\/wp-content\/uploads\/2023\/08\/image-70-768x638.jpeg 768w, https:\/\/quehacerpolitico.mx\/wp-content\/uploads\/2023\/08\/image-70-176x146.jpeg 176w, https:\/\/quehacerpolitico.mx\/wp-content\/uploads\/2023\/08\/image-70-50x42.jpeg 50w, https:\/\/quehacerpolitico.mx\/wp-content\/uploads\/2023\/08\/image-70-90x75.jpeg 90w\" sizes=\"auto, (max-width: 1024px) 100vw, 1024px\" \/><\/figure>\n\n\n\n<p>Hasta ahora, ya incluyendo lo hecho por Laura, los deportes que le han otorgado una plaza ol\u00edmpica a M\u00e9xico son&nbsp;<strong>la vela, marcha, surf, tiro con arco, clavados, atletismo, nataci\u00f3n y ciclismo de monta\u00f1a.<\/strong><\/p>\n","protected":false},"excerpt":{"rendered":"<p>Por Redacci\u00f3n QP Laura Galv\u00e1n cronometr\u00f3 un tiempo de\u00a014:43.94 dentro de la prueba de los&#8230;<\/p>\n","protected":false},"author":2,"featured_media":104013,"comment_status":"open","ping_status":"open","sticky":false,"template":"","format":"standard","meta":{"_monsterinsights_skip_tracking":false,"_monsterinsights_sitenote_active":false,"_monsterinsights_sitenote_note":"","_monsterinsights_sitenote_category":0,"footnotes":""},"categories":[54],"tags":[],"class_list":["post-104012","post","type-post","status-publish","format-standard","has-post-thumbnail","hentry","category-deportes"],"yoast_head":"<!-- This site is optimized with the Yoast SEO plugin v27.3 - https:\/\/yoast.com\/product\/yoast-seo-wordpress\/ -->\n<title>Laura Galv\u00e1n cronometr\u00f3 14:43.94, en los 5000m del Mundial de Atletismo #Budapest2023 -<\/title>\n<meta name=\"robots\" content=\"index, follow, max-snippet:-1, max-image-preview:large, max-video-preview:-1\" \/>\n<link rel=\"canonical\" href=\"https:\/\/quehacerpolitico.mx\/?p=104012\" \/>\n<meta property=\"og:locale\" content=\"es_MX\" \/>\n<meta property=\"og:type\" content=\"article\" \/>\n<meta property=\"og:title\" content=\"Laura Galv\u00e1n cronometr\u00f3 14:43.94, en los 5000m del Mundial de Atletismo #Budapest2023 -\" \/>\n<meta property=\"og:description\" content=\"Por Redacci\u00f3n QP Laura Galv\u00e1n cronometr\u00f3 un tiempo de\u00a014:43.94 dentro de la prueba de los...\" \/>\n<meta property=\"og:url\" content=\"https:\/\/quehacerpolitico.mx\/?p=104012\" \/>\n<meta property=\"article:published_time\" content=\"2023-08-24T00:20:52+00:00\" \/>\n<meta property=\"article:modified_time\" content=\"2023-08-24T00:20:56+00:00\" \/>\n<meta property=\"og:image\" content=\"https:\/\/quehacerpolitico.mx\/wp-content\/uploads\/2023\/08\/IMG_9995.jpeg\" \/>\n\t<meta property=\"og:image:width\" content=\"1024\" \/>\n\t<meta property=\"og:image:height\" content=\"657\" \/>\n\t<meta property=\"og:image:type\" content=\"image\/jpeg\" \/>\n<meta name=\"author\" content=\"Redacci\u00f3n QP\" \/>\n<meta name=\"twitter:card\" content=\"summary_large_image\" \/>\n<meta name=\"twitter:label1\" content=\"Escrito por\" \/>\n\t<meta name=\"twitter:data1\" content=\"Redacci\u00f3n QP\" \/>\n\t<meta name=\"twitter:label2\" content=\"Tiempo de lectura\" \/>\n\t<meta name=\"twitter:data2\" content=\"1 minuto\" \/>\n<script type=\"application\/ld+json\" class=\"yoast-schema-graph\">{\"@context\":\"https:\\\/\\\/schema.org\",\"@graph\":[{\"@type\":\"Article\",\"@id\":\"https:\\\/\\\/quehacerpolitico.mx\\\/?p=104012#article\",\"isPartOf\":{\"@id\":\"https:\\\/\\\/quehacerpolitico.mx\\\/?p=104012\"},\"author\":{\"name\":\"Redacci\u00f3n QP\",\"@id\":\"https:\\\/\\\/quehacerpolitico.mx\\\/#\\\/schema\\\/person\\\/496d8ad2d1d3f8036101dca7ee39e585\"},\"headline\":\"Laura Galv\u00e1n cronometr\u00f3 14:43.94, en los 5000m del Mundial de Atletismo #Budapest2023\",\"datePublished\":\"2023-08-24T00:20:52+00:00\",\"dateModified\":\"2023-08-24T00:20:56+00:00\",\"mainEntityOfPage\":{\"@id\":\"https:\\\/\\\/quehacerpolitico.mx\\\/?p=104012\"},\"wordCount\":217,\"commentCount\":0,\"image\":{\"@id\":\"https:\\\/\\\/quehacerpolitico.mx\\\/?p=104012#primaryimage\"},\"thumbnailUrl\":\"https:\\\/\\\/quehacerpolitico.mx\\\/wp-content\\\/uploads\\\/2023\\\/08\\\/IMG_9995.jpeg\",\"articleSection\":[\"Deportes\"],\"inLanguage\":\"es\",\"potentialAction\":[{\"@type\":\"CommentAction\",\"name\":\"Comment\",\"target\":[\"https:\\\/\\\/quehacerpolitico.mx\\\/?p=104012#respond\"]}]},{\"@type\":\"WebPage\",\"@id\":\"https:\\\/\\\/quehacerpolitico.mx\\\/?p=104012\",\"url\":\"https:\\\/\\\/quehacerpolitico.mx\\\/?p=104012\",\"name\":\"Laura Galv\u00e1n cronometr\u00f3 14:43.94, en los 5000m del Mundial de Atletismo #Budapest2023 -\",\"isPartOf\":{\"@id\":\"https:\\\/\\\/quehacerpolitico.mx\\\/#website\"},\"primaryImageOfPage\":{\"@id\":\"https:\\\/\\\/quehacerpolitico.mx\\\/?p=104012#primaryimage\"},\"image\":{\"@id\":\"https:\\\/\\\/quehacerpolitico.mx\\\/?p=104012#primaryimage\"},\"thumbnailUrl\":\"https:\\\/\\\/quehacerpolitico.mx\\\/wp-content\\\/uploads\\\/2023\\\/08\\\/IMG_9995.jpeg\",\"datePublished\":\"2023-08-24T00:20:52+00:00\",\"dateModified\":\"2023-08-24T00:20:56+00:00\",\"author\":{\"@id\":\"https:\\\/\\\/quehacerpolitico.mx\\\/#\\\/schema\\\/person\\\/496d8ad2d1d3f8036101dca7ee39e585\"},\"breadcrumb\":{\"@id\":\"https:\\\/\\\/quehacerpolitico.mx\\\/?p=104012#breadcrumb\"},\"inLanguage\":\"es\",\"potentialAction\":[{\"@type\":\"ReadAction\",\"target\":[\"https:\\\/\\\/quehacerpolitico.mx\\\/?p=104012\"]}]},{\"@type\":\"ImageObject\",\"inLanguage\":\"es\",\"@id\":\"https:\\\/\\\/quehacerpolitico.mx\\\/?p=104012#primaryimage\",\"url\":\"https:\\\/\\\/quehacerpolitico.mx\\\/wp-content\\\/uploads\\\/2023\\\/08\\\/IMG_9995.jpeg\",\"contentUrl\":\"https:\\\/\\\/quehacerpolitico.mx\\\/wp-content\\\/uploads\\\/2023\\\/08\\\/IMG_9995.jpeg\",\"width\":1024,\"height\":657},{\"@type\":\"BreadcrumbList\",\"@id\":\"https:\\\/\\\/quehacerpolitico.mx\\\/?p=104012#breadcrumb\",\"itemListElement\":[{\"@type\":\"ListItem\",\"position\":1,\"name\":\"Inicio\",\"item\":\"https:\\\/\\\/quehacerpolitico.mx\\\/\"},{\"@type\":\"ListItem\",\"position\":2,\"name\":\"Laura Galv\u00e1n cronometr\u00f3 14:43.94, en los 5000m del Mundial de Atletismo #Budapest2023\"}]},{\"@type\":\"WebSite\",\"@id\":\"https:\\\/\\\/quehacerpolitico.mx\\\/#website\",\"url\":\"https:\\\/\\\/quehacerpolitico.mx\\\/\",\"name\":\"\",\"description\":\"\",\"potentialAction\":[{\"@type\":\"SearchAction\",\"target\":{\"@type\":\"EntryPoint\",\"urlTemplate\":\"https:\\\/\\\/quehacerpolitico.mx\\\/?s={search_term_string}\"},\"query-input\":{\"@type\":\"PropertyValueSpecification\",\"valueRequired\":true,\"valueName\":\"search_term_string\"}}],\"inLanguage\":\"es\"},{\"@type\":\"Person\",\"@id\":\"https:\\\/\\\/quehacerpolitico.mx\\\/#\\\/schema\\\/person\\\/496d8ad2d1d3f8036101dca7ee39e585\",\"name\":\"Redacci\u00f3n QP\",\"image\":{\"@type\":\"ImageObject\",\"inLanguage\":\"es\",\"@id\":\"https:\\\/\\\/secure.gravatar.com\\\/avatar\\\/c7164ed6fdec453195284ad24a5ae5b6e1eed2b848477fa2a4787ba9adf39a41?s=96&d=mm&r=g\",\"url\":\"https:\\\/\\\/secure.gravatar.com\\\/avatar\\\/c7164ed6fdec453195284ad24a5ae5b6e1eed2b848477fa2a4787ba9adf39a41?s=96&d=mm&r=g\",\"contentUrl\":\"https:\\\/\\\/secure.gravatar.com\\\/avatar\\\/c7164ed6fdec453195284ad24a5ae5b6e1eed2b848477fa2a4787ba9adf39a41?s=96&d=mm&r=g\",\"caption\":\"Redacci\u00f3n QP\"},\"url\":\"https:\\\/\\\/quehacerpolitico.mx\\\/?author=2\"}]}<\/script>\n<!-- \/ Yoast SEO plugin. -->","yoast_head_json":{"title":"Laura Galv\u00e1n cronometr\u00f3 14:43.94, en los 5000m del Mundial de Atletismo #Budapest2023 -","robots":{"index":"index","follow":"follow","max-snippet":"max-snippet:-1","max-image-preview":"max-image-preview:large","max-video-preview":"max-video-preview:-1"},"canonical":"https:\/\/quehacerpolitico.mx\/?p=104012","og_locale":"es_MX","og_type":"article","og_title":"Laura Galv\u00e1n cronometr\u00f3 14:43.94, en los 5000m del Mundial de Atletismo #Budapest2023 -","og_description":"Por Redacci\u00f3n QP Laura Galv\u00e1n cronometr\u00f3 un tiempo de\u00a014:43.94 dentro de la prueba de los...","og_url":"https:\/\/quehacerpolitico.mx\/?p=104012","article_published_time":"2023-08-24T00:20:52+00:00","article_modified_time":"2023-08-24T00:20:56+00:00","og_image":[{"width":1024,"height":657,"url":"https:\/\/quehacerpolitico.mx\/wp-content\/uploads\/2023\/08\/IMG_9995.jpeg","type":"image\/jpeg"}],"author":"Redacci\u00f3n QP","twitter_card":"summary_large_image","twitter_misc":{"Escrito por":"Redacci\u00f3n QP","Tiempo de lectura":"1 minuto"},"schema":{"@context":"https:\/\/schema.org","@graph":[{"@type":"Article","@id":"https:\/\/quehacerpolitico.mx\/?p=104012#article","isPartOf":{"@id":"https:\/\/quehacerpolitico.mx\/?p=104012"},"author":{"name":"Redacci\u00f3n QP","@id":"https:\/\/quehacerpolitico.mx\/#\/schema\/person\/496d8ad2d1d3f8036101dca7ee39e585"},"headline":"Laura Galv\u00e1n cronometr\u00f3 14:43.94, en los 5000m del Mundial de Atletismo #Budapest2023","datePublished":"2023-08-24T00:20:52+00:00","dateModified":"2023-08-24T00:20:56+00:00","mainEntityOfPage":{"@id":"https:\/\/quehacerpolitico.mx\/?p=104012"},"wordCount":217,"commentCount":0,"image":{"@id":"https:\/\/quehacerpolitico.mx\/?p=104012#primaryimage"},"thumbnailUrl":"https:\/\/quehacerpolitico.mx\/wp-content\/uploads\/2023\/08\/IMG_9995.jpeg","articleSection":["Deportes"],"inLanguage":"es","potentialAction":[{"@type":"CommentAction","name":"Comment","target":["https:\/\/quehacerpolitico.mx\/?p=104012#respond"]}]},{"@type":"WebPage","@id":"https:\/\/quehacerpolitico.mx\/?p=104012","url":"https:\/\/quehacerpolitico.mx\/?p=104012","name":"Laura Galv\u00e1n cronometr\u00f3 14:43.94, en los 5000m del Mundial de Atletismo #Budapest2023 -","isPartOf":{"@id":"https:\/\/quehacerpolitico.mx\/#website"},"primaryImageOfPage":{"@id":"https:\/\/quehacerpolitico.mx\/?p=104012#primaryimage"},"image":{"@id":"https:\/\/quehacerpolitico.mx\/?p=104012#primaryimage"},"thumbnailUrl":"https:\/\/quehacerpolitico.mx\/wp-content\/uploads\/2023\/08\/IMG_9995.jpeg","datePublished":"2023-08-24T00:20:52+00:00","dateModified":"2023-08-24T00:20:56+00:00","author":{"@id":"https:\/\/quehacerpolitico.mx\/#\/schema\/person\/496d8ad2d1d3f8036101dca7ee39e585"},"breadcrumb":{"@id":"https:\/\/quehacerpolitico.mx\/?p=104012#breadcrumb"},"inLanguage":"es","potentialAction":[{"@type":"ReadAction","target":["https:\/\/quehacerpolitico.mx\/?p=104012"]}]},{"@type":"ImageObject","inLanguage":"es","@id":"https:\/\/quehacerpolitico.mx\/?p=104012#primaryimage","url":"https:\/\/quehacerpolitico.mx\/wp-content\/uploads\/2023\/08\/IMG_9995.jpeg","contentUrl":"https:\/\/quehacerpolitico.mx\/wp-content\/uploads\/2023\/08\/IMG_9995.jpeg","width":1024,"height":657},{"@type":"BreadcrumbList","@id":"https:\/\/quehacerpolitico.mx\/?p=104012#breadcrumb","itemListElement":[{"@type":"ListItem","position":1,"name":"Inicio","item":"https:\/\/quehacerpolitico.mx\/"},{"@type":"ListItem","position":2,"name":"Laura Galv\u00e1n cronometr\u00f3 14:43.94, en los 5000m del Mundial de Atletismo #Budapest2023"}]},{"@type":"WebSite","@id":"https:\/\/quehacerpolitico.mx\/#website","url":"https:\/\/quehacerpolitico.mx\/","name":"","description":"","potentialAction":[{"@type":"SearchAction","target":{"@type":"EntryPoint","urlTemplate":"https:\/\/quehacerpolitico.mx\/?s={search_term_string}"},"query-input":{"@type":"PropertyValueSpecification","valueRequired":true,"valueName":"search_term_string"}}],"inLanguage":"es"},{"@type":"Person","@id":"https:\/\/quehacerpolitico.mx\/#\/schema\/person\/496d8ad2d1d3f8036101dca7ee39e585","name":"Redacci\u00f3n QP","image":{"@type":"ImageObject","inLanguage":"es","@id":"https:\/\/secure.gravatar.com\/avatar\/c7164ed6fdec453195284ad24a5ae5b6e1eed2b848477fa2a4787ba9adf39a41?s=96&d=mm&r=g","url":"https:\/\/secure.gravatar.com\/avatar\/c7164ed6fdec453195284ad24a5ae5b6e1eed2b848477fa2a4787ba9adf39a41?s=96&d=mm&r=g","contentUrl":"https:\/\/secure.gravatar.com\/avatar\/c7164ed6fdec453195284ad24a5ae5b6e1eed2b848477fa2a4787ba9adf39a41?s=96&d=mm&r=g","caption":"Redacci\u00f3n QP"},"url":"https:\/\/quehacerpolitico.mx\/?author=2"}]}},"featured_image_urls":{"full":["https:\/\/quehacerpolitico.mx\/wp-content\/uploads\/2023\/08\/IMG_9995.jpeg",1024,657,false],"thumbnail":["https:\/\/quehacerpolitico.mx\/wp-content\/uploads\/2023\/08\/IMG_9995-150x150.jpeg",150,150,true],"medium":["https:\/\/quehacerpolitico.mx\/wp-content\/uploads\/2023\/08\/IMG_9995-300x192.jpeg",300,192,true],"medium_large":["https:\/\/quehacerpolitico.mx\/wp-content\/uploads\/2023\/08\/IMG_9995-768x493.jpeg",640,411,true],"large":["https:\/\/quehacerpolitico.mx\/wp-content\/uploads\/2023\/08\/IMG_9995.jpeg",640,411,false],"1536x1536":["https:\/\/quehacerpolitico.mx\/wp-content\/uploads\/2023\/08\/IMG_9995.jpeg",1024,657,false],"2048x2048":["https:\/\/quehacerpolitico.mx\/wp-content\/uploads\/2023\/08\/IMG_9995.jpeg",1024,657,false],"covernews-featured":["https:\/\/quehacerpolitico.mx\/wp-content\/uploads\/2023\/08\/IMG_9995.jpeg",1024,657,false],"covernews-medium":["https:\/\/quehacerpolitico.mx\/wp-content\/uploads\/2023\/08\/IMG_9995.jpeg",530,340,false]},"author_info":{"display_name":"Redacci\u00f3n QP","author_link":"https:\/\/quehacerpolitico.mx\/?author=2"},"category_info":"<a href=\"https:\/\/quehacerpolitico.mx\/?cat=54\" rel=\"category\">Deportes<\/a>","tag_info":"Deportes","comment_count":"0","_links":{"self":[{"href":"https:\/\/quehacerpolitico.mx\/index.php?rest_route=\/wp\/v2\/posts\/104012","targetHints":{"allow":["GET"]}}],"collection":[{"href":"https:\/\/quehacerpolitico.mx\/index.php?rest_route=\/wp\/v2\/posts"}],"about":[{"href":"https:\/\/quehacerpolitico.mx\/index.php?rest_route=\/wp\/v2\/types\/post"}],"author":[{"embeddable":true,"href":"https:\/\/quehacerpolitico.mx\/index.php?rest_route=\/wp\/v2\/users\/2"}],"replies":[{"embeddable":true,"href":"https:\/\/quehacerpolitico.mx\/index.php?rest_route=%2Fwp%2Fv2%2Fcomments&post=104012"}],"version-history":[{"count":1,"href":"https:\/\/quehacerpolitico.mx\/index.php?rest_route=\/wp\/v2\/posts\/104012\/revisions"}],"predecessor-version":[{"id":104016,"href":"https:\/\/quehacerpolitico.mx\/index.php?rest_route=\/wp\/v2\/posts\/104012\/revisions\/104016"}],"wp:featuredmedia":[{"embeddable":true,"href":"https:\/\/quehacerpolitico.mx\/index.php?rest_route=\/wp\/v2\/media\/104013"}],"wp:attachment":[{"href":"https:\/\/quehacerpolitico.mx\/index.php?rest_route=%2Fwp%2Fv2%2Fmedia&parent=104012"}],"wp:term":[{"taxonomy":"category","embeddable":true,"href":"https:\/\/quehacerpolitico.mx\/index.php?rest_route=%2Fwp%2Fv2%2Fcategories&post=104012"},{"taxonomy":"post_tag","embeddable":true,"href":"https:\/\/quehacerpolitico.mx\/index.php?rest_route=%2Fwp%2Fv2%2Ftags&post=104012"}],"curies":[{"name":"wp","href":"https:\/\/api.w.org\/{rel}","templated":true}]}}