{"id":104006,"date":"2023-08-23T22:48:03","date_gmt":"2023-08-23T22:48:03","guid":{"rendered":"https:\/\/quehacerpolitico.mx\/?p=104006"},"modified":"2023-08-23T23:19:10","modified_gmt":"2023-08-23T23:19:10","slug":"tenemos-la-responsabilidad-de-lograr-una-justicia-que-detenga-el-inmenso-dolor-provocado-por-las-violencias-contra-mujeres-norma-lucia-pina-hernandez","status":"publish","type":"post","link":"https:\/\/quehacerpolitico.mx\/?p=104006","title":{"rendered":"TENEMOS LA RESPONSABILIDAD DE LOGRAR UNA JUSTICIA QUE DETENGA EL INMENSO DOLOR PROVOCADO POR LAS VIOLENCIAS CONTRA MUJERES: NORMA LUC\u00cdA PI\u00d1A HERN\u00c1NDEZ"},"content":{"rendered":"\n<p>Por Redacci\u00f3n QP<\/p>\n\n\n\n<ul class=\"wp-block-list\">\n<li><a><em>La ministra presidenta inaugur\u00f3 los trabajos del Conversatorio \u00bfC\u00f3mo se prueba la violencia por razones de g\u00e9nero en el proceso judicial? Una aproximaci\u00f3n interdisciplinaria a los an\u00e1lisis de contexto y vulnerabilidad<u><\/u><u><\/u><\/em><\/a><\/li>\n<\/ul>\n\n\n\n<p><br>Las juezas, los jueces y personas que integramos los sistemas de justicia en M\u00e9xico tenemos la gran responsabilidad de actuar, desde nuestra independencia e imparcialidad, con empat\u00eda y cercan\u00eda, para lograr una justicia que detenga y repare el inmenso dolor y la desesperaci\u00f3n que lleva d\u00e9cadas acumul\u00e1ndose en nuestro pa\u00eds por las violencias en contra de mujeres, ni\u00f1as y adolescentes, que no paran, siguen creciendo y, lo que es peor, normaliz\u00e1ndose, afirm\u00f3 la ministra Norma Luc\u00eda Pi\u00f1a Hern\u00e1ndez, Presidenta de la Suprema Corte de Justicia de la Naci\u00f3n (La Corte) y del Consejo de la Judicatura Federal (CJF).<\/p>\n\n\n\n<p><br>\u201cNuestra responsabilidad est\u00e1 en cada sentencia, al determinar sus efectos y sus alcances, lo que realmente debe resolverse para acercarnos a una reparaci\u00f3n real y, con ello, disuadir siguientes casos de violencia (\u2026) \u00c9sta debe ser nuestra convicci\u00f3n\u201d, se\u00f1al\u00f3.<\/p>\n\n\n\n<p><br>Al inaugurar los trabajos del Conversatorio&nbsp;<em>\u00bfC\u00f3mo se prueba la violencia por razones de g\u00e9nero en el proceso judicial? Una aproximaci\u00f3n interdisciplinaria a los an\u00e1lisis de contexto y vulnerabilidad<\/em>, la presidenta del Poder Judicial de la Federaci\u00f3n manifest\u00f3 que debe ser compromiso de la Judicatura acabar con los diversos problemas que afectan el acceso a la justicia de las ni\u00f1as, mujeres y adolescentes, junto a la persistencia de los estereotipos y omisiones para juzgar con una real perspectiva de g\u00e9nero.<\/p>\n\n\n\n<p><br>Ante personas expertas en diversas disciplinas cient\u00edficas, defensoras de derechos humanos, juzgadoras y juristas, la ministra Norma Pi\u00f1a hizo \u00e9nfasis en la necesidad de avanzar en resolver los serios problemas que derivan de las omisiones, los vac\u00edos y las malas pr\u00e1cticas que impiden reparaciones reales y garant\u00edas de no repetici\u00f3n en los casos de violencia contra las ni\u00f1as, mujeres y adolescentes.<\/p>\n\n\n\n<p><br>La ministra destac\u00f3 que, desde el 8 de marzo, el Poder Judicial inici\u00f3 un proceso de escucha permanente y progresivo con mujeres que atraviesan situaciones inimaginables de violencia y desamparo. \u201cReitero lo que entonces mencione, s\u00f3lo escuch\u00e1ndolas tendremos evidencia clara de los problemas que enfrentamos las mujeres en M\u00e9xico para acceder efectivamente a la justicia\u201d.<\/p>\n\n\n\n<p><strong><em><br>Necesario contar con pruebas que den cuenta de la vulnerabilidad de las v\u00edctimas para&nbsp;<\/em><\/strong><strong><em>dictar medidas efectivas para su protecci\u00f3n<u><\/u><u><\/u><\/em><\/strong><\/p>\n\n\n\n<p><br>La ministra presidenta consider\u00f3 que algunos de los retos m\u00e1s urgentes que la Judicatura debe superar se relacionan con la evidencia cient\u00edfica o, m\u00e1s exactamente, con las pruebas cient\u00edficas e interdisciplinarias de referencia, de contexto y de vulnerabilidad.<\/p>\n\n\n\n<p><br>\u201cSi durante el proceso penal no se logra identificar la vulnerabilidad y el contexto de una mujer que ha sido v\u00edctima de un delito, si no logramos comprender la referencia y el contexto en el que se sit\u00faa su muerte, su desaparici\u00f3n o cualquier violaci\u00f3n a sus derechos fundamentales ser\u00e1 casi imposible dictar medidas cautelares que efectivamente protejan a quienes est\u00e1n en riesgo, mucho menos podemos dictar sentencia con enfoque de g\u00e9nero que traiga justica, reparaci\u00f3n y garant\u00edas de no repetici\u00f3n\u201d.<\/p>\n\n\n\n<p><br>La presidenta de La Corte confi\u00f3 en que, como resultado de este Conversatorio, se formar\u00e1n unas gu\u00edas puntuales sobre cada uno de los temas tratados y analizados que se publicar\u00e1n y que permitir\u00e1n avanzar en la formaci\u00f3n y capacitaci\u00f3n de juzgadoras y juzgadores y de todas aquellas personas que las necesiten dentro de un proceso penal.<\/p>\n\n\n\n<p><br>\u201cEstamos optimistas porque este trabajo nos permitir\u00e1 avanzar en la atenci\u00f3n a los serios problemas que derivan de las omisiones, los vac\u00edos y las malas pr\u00e1cticas que impiden una adjudicaci\u00f3n efectiva y que impiden reparaciones reales y garant\u00edas de no repetici\u00f3n en casos de violencia contra las ni\u00f1as, mujeres y adolescentes\u201d, concluy\u00f3.<\/p>\n\n\n\n<p><br>Durante el conversatorio se abordar\u00e1n temas como: el peritaje m\u00e9dico para demostrar un contexto de violencia por razones de g\u00e9nero, el peritaje psicol\u00f3gico y la explicaci\u00f3n del contexto inmediato de vulnerabilidad por razones de g\u00e9nero, la prueba de contexto a trav\u00e9s de testimonios de referencia en caso de violencia contra ni\u00f1as y adolescentes y el peritaje en antropolog\u00eda y el contexto cultural de violencia por razones de g\u00e9nero.<\/p>\n","protected":false},"excerpt":{"rendered":"<p>Por Redacci\u00f3n QP Las juezas, los jueces y personas que integramos los sistemas de justicia&#8230;<\/p>\n","protected":false},"author":2,"featured_media":104008,"comment_status":"open","ping_status":"open","sticky":false,"template":"","format":"standard","meta":{"_monsterinsights_skip_tracking":false,"_monsterinsights_sitenote_active":false,"_monsterinsights_sitenote_note":"","_monsterinsights_sitenote_category":0,"footnotes":""},"categories":[2],"tags":[],"class_list":["post-104006","post","type-post","status-publish","format-standard","has-post-thumbnail","hentry","category-noticias"],"yoast_head":"<!-- This site is optimized with the Yoast SEO plugin v27.3 - https:\/\/yoast.com\/product\/yoast-seo-wordpress\/ -->\n<title>TENEMOS LA RESPONSABILIDAD DE LOGRAR UNA JUSTICIA QUE DETENGA EL INMENSO DOLOR PROVOCADO POR LAS VIOLENCIAS CONTRA MUJERES: NORMA LUC\u00cdA PI\u00d1A HERN\u00c1NDEZ -<\/title>\n<meta name=\"robots\" content=\"index, follow, max-snippet:-1, max-image-preview:large, max-video-preview:-1\" \/>\n<link rel=\"canonical\" href=\"https:\/\/quehacerpolitico.mx\/?p=104006\" \/>\n<meta property=\"og:locale\" content=\"es_MX\" \/>\n<meta property=\"og:type\" content=\"article\" \/>\n<meta property=\"og:title\" content=\"TENEMOS LA RESPONSABILIDAD DE LOGRAR UNA JUSTICIA QUE DETENGA EL INMENSO DOLOR PROVOCADO POR LAS VIOLENCIAS CONTRA MUJERES: NORMA LUC\u00cdA PI\u00d1A HERN\u00c1NDEZ -\" \/>\n<meta property=\"og:description\" content=\"Por Redacci\u00f3n QP Las juezas, los jueces y personas que integramos los sistemas de justicia...\" \/>\n<meta property=\"og:url\" content=\"https:\/\/quehacerpolitico.mx\/?p=104006\" \/>\n<meta property=\"article:published_time\" content=\"2023-08-23T22:48:03+00:00\" \/>\n<meta property=\"article:modified_time\" content=\"2023-08-23T23:19:10+00:00\" \/>\n<meta property=\"og:image\" content=\"https:\/\/quehacerpolitico.mx\/wp-content\/uploads\/2023\/08\/IMG_9992.jpeg\" \/>\n\t<meta property=\"og:image:width\" content=\"2048\" \/>\n\t<meta property=\"og:image:height\" content=\"1264\" \/>\n\t<meta property=\"og:image:type\" content=\"image\/jpeg\" \/>\n<meta name=\"author\" content=\"Redacci\u00f3n QP\" \/>\n<meta name=\"twitter:card\" content=\"summary_large_image\" \/>\n<meta name=\"twitter:label1\" content=\"Escrito por\" \/>\n\t<meta name=\"twitter:data1\" content=\"Redacci\u00f3n QP\" \/>\n\t<meta name=\"twitter:label2\" content=\"Tiempo de lectura\" \/>\n\t<meta name=\"twitter:data2\" content=\"4 minutos\" \/>\n<script type=\"application\/ld+json\" class=\"yoast-schema-graph\">{\"@context\":\"https:\\\/\\\/schema.org\",\"@graph\":[{\"@type\":\"Article\",\"@id\":\"https:\\\/\\\/quehacerpolitico.mx\\\/?p=104006#article\",\"isPartOf\":{\"@id\":\"https:\\\/\\\/quehacerpolitico.mx\\\/?p=104006\"},\"author\":{\"name\":\"Redacci\u00f3n QP\",\"@id\":\"https:\\\/\\\/quehacerpolitico.mx\\\/#\\\/schema\\\/person\\\/496d8ad2d1d3f8036101dca7ee39e585\"},\"headline\":\"TENEMOS LA RESPONSABILIDAD DE LOGRAR UNA JUSTICIA QUE DETENGA EL INMENSO DOLOR PROVOCADO POR LAS VIOLENCIAS CONTRA MUJERES: NORMA LUC\u00cdA PI\u00d1A HERN\u00c1NDEZ\",\"datePublished\":\"2023-08-23T22:48:03+00:00\",\"dateModified\":\"2023-08-23T23:19:10+00:00\",\"mainEntityOfPage\":{\"@id\":\"https:\\\/\\\/quehacerpolitico.mx\\\/?p=104006\"},\"wordCount\":783,\"commentCount\":0,\"image\":{\"@id\":\"https:\\\/\\\/quehacerpolitico.mx\\\/?p=104006#primaryimage\"},\"thumbnailUrl\":\"https:\\\/\\\/quehacerpolitico.mx\\\/wp-content\\\/uploads\\\/2023\\\/08\\\/IMG_9992.jpeg\",\"articleSection\":[\"Noticias\"],\"inLanguage\":\"es\",\"potentialAction\":[{\"@type\":\"CommentAction\",\"name\":\"Comment\",\"target\":[\"https:\\\/\\\/quehacerpolitico.mx\\\/?p=104006#respond\"]}]},{\"@type\":\"WebPage\",\"@id\":\"https:\\\/\\\/quehacerpolitico.mx\\\/?p=104006\",\"url\":\"https:\\\/\\\/quehacerpolitico.mx\\\/?p=104006\",\"name\":\"TENEMOS LA RESPONSABILIDAD DE LOGRAR UNA JUSTICIA QUE DETENGA EL INMENSO DOLOR PROVOCADO POR LAS VIOLENCIAS CONTRA MUJERES: NORMA LUC\u00cdA PI\u00d1A HERN\u00c1NDEZ -\",\"isPartOf\":{\"@id\":\"https:\\\/\\\/quehacerpolitico.mx\\\/#website\"},\"primaryImageOfPage\":{\"@id\":\"https:\\\/\\\/quehacerpolitico.mx\\\/?p=104006#primaryimage\"},\"image\":{\"@id\":\"https:\\\/\\\/quehacerpolitico.mx\\\/?p=104006#primaryimage\"},\"thumbnailUrl\":\"https:\\\/\\\/quehacerpolitico.mx\\\/wp-content\\\/uploads\\\/2023\\\/08\\\/IMG_9992.jpeg\",\"datePublished\":\"2023-08-23T22:48:03+00:00\",\"dateModified\":\"2023-08-23T23:19:10+00:00\",\"author\":{\"@id\":\"https:\\\/\\\/quehacerpolitico.mx\\\/#\\\/schema\\\/person\\\/496d8ad2d1d3f8036101dca7ee39e585\"},\"breadcrumb\":{\"@id\":\"https:\\\/\\\/quehacerpolitico.mx\\\/?p=104006#breadcrumb\"},\"inLanguage\":\"es\",\"potentialAction\":[{\"@type\":\"ReadAction\",\"target\":[\"https:\\\/\\\/quehacerpolitico.mx\\\/?p=104006\"]}]},{\"@type\":\"ImageObject\",\"inLanguage\":\"es\",\"@id\":\"https:\\\/\\\/quehacerpolitico.mx\\\/?p=104006#primaryimage\",\"url\":\"https:\\\/\\\/quehacerpolitico.mx\\\/wp-content\\\/uploads\\\/2023\\\/08\\\/IMG_9992.jpeg\",\"contentUrl\":\"https:\\\/\\\/quehacerpolitico.mx\\\/wp-content\\\/uploads\\\/2023\\\/08\\\/IMG_9992.jpeg\",\"width\":2048,\"height\":1264},{\"@type\":\"BreadcrumbList\",\"@id\":\"https:\\\/\\\/quehacerpolitico.mx\\\/?p=104006#breadcrumb\",\"itemListElement\":[{\"@type\":\"ListItem\",\"position\":1,\"name\":\"Inicio\",\"item\":\"https:\\\/\\\/quehacerpolitico.mx\\\/\"},{\"@type\":\"ListItem\",\"position\":2,\"name\":\"TENEMOS LA RESPONSABILIDAD DE LOGRAR UNA JUSTICIA QUE DETENGA EL INMENSO DOLOR PROVOCADO POR LAS VIOLENCIAS CONTRA MUJERES: NORMA LUC\u00cdA PI\u00d1A HERN\u00c1NDEZ\"}]},{\"@type\":\"WebSite\",\"@id\":\"https:\\\/\\\/quehacerpolitico.mx\\\/#website\",\"url\":\"https:\\\/\\\/quehacerpolitico.mx\\\/\",\"name\":\"\",\"description\":\"\",\"potentialAction\":[{\"@type\":\"SearchAction\",\"target\":{\"@type\":\"EntryPoint\",\"urlTemplate\":\"https:\\\/\\\/quehacerpolitico.mx\\\/?s={search_term_string}\"},\"query-input\":{\"@type\":\"PropertyValueSpecification\",\"valueRequired\":true,\"valueName\":\"search_term_string\"}}],\"inLanguage\":\"es\"},{\"@type\":\"Person\",\"@id\":\"https:\\\/\\\/quehacerpolitico.mx\\\/#\\\/schema\\\/person\\\/496d8ad2d1d3f8036101dca7ee39e585\",\"name\":\"Redacci\u00f3n QP\",\"image\":{\"@type\":\"ImageObject\",\"inLanguage\":\"es\",\"@id\":\"https:\\\/\\\/secure.gravatar.com\\\/avatar\\\/c7164ed6fdec453195284ad24a5ae5b6e1eed2b848477fa2a4787ba9adf39a41?s=96&d=mm&r=g\",\"url\":\"https:\\\/\\\/secure.gravatar.com\\\/avatar\\\/c7164ed6fdec453195284ad24a5ae5b6e1eed2b848477fa2a4787ba9adf39a41?s=96&d=mm&r=g\",\"contentUrl\":\"https:\\\/\\\/secure.gravatar.com\\\/avatar\\\/c7164ed6fdec453195284ad24a5ae5b6e1eed2b848477fa2a4787ba9adf39a41?s=96&d=mm&r=g\",\"caption\":\"Redacci\u00f3n QP\"},\"url\":\"https:\\\/\\\/quehacerpolitico.mx\\\/?author=2\"}]}<\/script>\n<!-- \/ Yoast SEO plugin. -->","yoast_head_json":{"title":"TENEMOS LA RESPONSABILIDAD DE LOGRAR UNA JUSTICIA QUE DETENGA EL INMENSO DOLOR PROVOCADO POR LAS VIOLENCIAS CONTRA MUJERES: NORMA LUC\u00cdA PI\u00d1A HERN\u00c1NDEZ -","robots":{"index":"index","follow":"follow","max-snippet":"max-snippet:-1","max-image-preview":"max-image-preview:large","max-video-preview":"max-video-preview:-1"},"canonical":"https:\/\/quehacerpolitico.mx\/?p=104006","og_locale":"es_MX","og_type":"article","og_title":"TENEMOS LA RESPONSABILIDAD DE LOGRAR UNA JUSTICIA QUE DETENGA EL INMENSO DOLOR PROVOCADO POR LAS VIOLENCIAS CONTRA MUJERES: NORMA LUC\u00cdA PI\u00d1A HERN\u00c1NDEZ -","og_description":"Por Redacci\u00f3n QP Las juezas, los jueces y personas que integramos los sistemas de justicia...","og_url":"https:\/\/quehacerpolitico.mx\/?p=104006","article_published_time":"2023-08-23T22:48:03+00:00","article_modified_time":"2023-08-23T23:19:10+00:00","og_image":[{"width":2048,"height":1264,"url":"https:\/\/quehacerpolitico.mx\/wp-content\/uploads\/2023\/08\/IMG_9992.jpeg","type":"image\/jpeg"}],"author":"Redacci\u00f3n QP","twitter_card":"summary_large_image","twitter_misc":{"Escrito por":"Redacci\u00f3n QP","Tiempo de lectura":"4 minutos"},"schema":{"@context":"https:\/\/schema.org","@graph":[{"@type":"Article","@id":"https:\/\/quehacerpolitico.mx\/?p=104006#article","isPartOf":{"@id":"https:\/\/quehacerpolitico.mx\/?p=104006"},"author":{"name":"Redacci\u00f3n QP","@id":"https:\/\/quehacerpolitico.mx\/#\/schema\/person\/496d8ad2d1d3f8036101dca7ee39e585"},"headline":"TENEMOS LA RESPONSABILIDAD DE LOGRAR UNA JUSTICIA QUE DETENGA EL INMENSO DOLOR PROVOCADO POR LAS VIOLENCIAS CONTRA MUJERES: NORMA LUC\u00cdA PI\u00d1A HERN\u00c1NDEZ","datePublished":"2023-08-23T22:48:03+00:00","dateModified":"2023-08-23T23:19:10+00:00","mainEntityOfPage":{"@id":"https:\/\/quehacerpolitico.mx\/?p=104006"},"wordCount":783,"commentCount":0,"image":{"@id":"https:\/\/quehacerpolitico.mx\/?p=104006#primaryimage"},"thumbnailUrl":"https:\/\/quehacerpolitico.mx\/wp-content\/uploads\/2023\/08\/IMG_9992.jpeg","articleSection":["Noticias"],"inLanguage":"es","potentialAction":[{"@type":"CommentAction","name":"Comment","target":["https:\/\/quehacerpolitico.mx\/?p=104006#respond"]}]},{"@type":"WebPage","@id":"https:\/\/quehacerpolitico.mx\/?p=104006","url":"https:\/\/quehacerpolitico.mx\/?p=104006","name":"TENEMOS LA RESPONSABILIDAD DE LOGRAR UNA JUSTICIA QUE DETENGA EL INMENSO DOLOR PROVOCADO POR LAS VIOLENCIAS CONTRA MUJERES: NORMA LUC\u00cdA PI\u00d1A HERN\u00c1NDEZ -","isPartOf":{"@id":"https:\/\/quehacerpolitico.mx\/#website"},"primaryImageOfPage":{"@id":"https:\/\/quehacerpolitico.mx\/?p=104006#primaryimage"},"image":{"@id":"https:\/\/quehacerpolitico.mx\/?p=104006#primaryimage"},"thumbnailUrl":"https:\/\/quehacerpolitico.mx\/wp-content\/uploads\/2023\/08\/IMG_9992.jpeg","datePublished":"2023-08-23T22:48:03+00:00","dateModified":"2023-08-23T23:19:10+00:00","author":{"@id":"https:\/\/quehacerpolitico.mx\/#\/schema\/person\/496d8ad2d1d3f8036101dca7ee39e585"},"breadcrumb":{"@id":"https:\/\/quehacerpolitico.mx\/?p=104006#breadcrumb"},"inLanguage":"es","potentialAction":[{"@type":"ReadAction","target":["https:\/\/quehacerpolitico.mx\/?p=104006"]}]},{"@type":"ImageObject","inLanguage":"es","@id":"https:\/\/quehacerpolitico.mx\/?p=104006#primaryimage","url":"https:\/\/quehacerpolitico.mx\/wp-content\/uploads\/2023\/08\/IMG_9992.jpeg","contentUrl":"https:\/\/quehacerpolitico.mx\/wp-content\/uploads\/2023\/08\/IMG_9992.jpeg","width":2048,"height":1264},{"@type":"BreadcrumbList","@id":"https:\/\/quehacerpolitico.mx\/?p=104006#breadcrumb","itemListElement":[{"@type":"ListItem","position":1,"name":"Inicio","item":"https:\/\/quehacerpolitico.mx\/"},{"@type":"ListItem","position":2,"name":"TENEMOS LA RESPONSABILIDAD DE LOGRAR UNA JUSTICIA QUE DETENGA EL INMENSO DOLOR PROVOCADO POR LAS VIOLENCIAS CONTRA MUJERES: NORMA LUC\u00cdA PI\u00d1A HERN\u00c1NDEZ"}]},{"@type":"WebSite","@id":"https:\/\/quehacerpolitico.mx\/#website","url":"https:\/\/quehacerpolitico.mx\/","name":"","description":"","potentialAction":[{"@type":"SearchAction","target":{"@type":"EntryPoint","urlTemplate":"https:\/\/quehacerpolitico.mx\/?s={search_term_string}"},"query-input":{"@type":"PropertyValueSpecification","valueRequired":true,"valueName":"search_term_string"}}],"inLanguage":"es"},{"@type":"Person","@id":"https:\/\/quehacerpolitico.mx\/#\/schema\/person\/496d8ad2d1d3f8036101dca7ee39e585","name":"Redacci\u00f3n QP","image":{"@type":"ImageObject","inLanguage":"es","@id":"https:\/\/secure.gravatar.com\/avatar\/c7164ed6fdec453195284ad24a5ae5b6e1eed2b848477fa2a4787ba9adf39a41?s=96&d=mm&r=g","url":"https:\/\/secure.gravatar.com\/avatar\/c7164ed6fdec453195284ad24a5ae5b6e1eed2b848477fa2a4787ba9adf39a41?s=96&d=mm&r=g","contentUrl":"https:\/\/secure.gravatar.com\/avatar\/c7164ed6fdec453195284ad24a5ae5b6e1eed2b848477fa2a4787ba9adf39a41?s=96&d=mm&r=g","caption":"Redacci\u00f3n QP"},"url":"https:\/\/quehacerpolitico.mx\/?author=2"}]}},"featured_image_urls":{"full":["https:\/\/quehacerpolitico.mx\/wp-content\/uploads\/2023\/08\/IMG_9992.jpeg",2048,1264,false],"thumbnail":["https:\/\/quehacerpolitico.mx\/wp-content\/uploads\/2023\/08\/IMG_9992-150x150.jpeg",150,150,true],"medium":["https:\/\/quehacerpolitico.mx\/wp-content\/uploads\/2023\/08\/IMG_9992-300x185.jpeg",300,185,true],"medium_large":["https:\/\/quehacerpolitico.mx\/wp-content\/uploads\/2023\/08\/IMG_9992-768x474.jpeg",640,395,true],"large":["https:\/\/quehacerpolitico.mx\/wp-content\/uploads\/2023\/08\/IMG_9992-1024x632.jpeg",640,395,true],"1536x1536":["https:\/\/quehacerpolitico.mx\/wp-content\/uploads\/2023\/08\/IMG_9992-1536x948.jpeg",1536,948,true],"2048x2048":["https:\/\/quehacerpolitico.mx\/wp-content\/uploads\/2023\/08\/IMG_9992.jpeg",2048,1264,false],"covernews-featured":["https:\/\/quehacerpolitico.mx\/wp-content\/uploads\/2023\/08\/IMG_9992.jpeg",1024,632,false],"covernews-medium":["https:\/\/quehacerpolitico.mx\/wp-content\/uploads\/2023\/08\/IMG_9992.jpeg",540,333,false]},"author_info":{"display_name":"Redacci\u00f3n QP","author_link":"https:\/\/quehacerpolitico.mx\/?author=2"},"category_info":"<a href=\"https:\/\/quehacerpolitico.mx\/?cat=2\" rel=\"category\">Noticias<\/a>","tag_info":"Noticias","comment_count":"0","_links":{"self":[{"href":"https:\/\/quehacerpolitico.mx\/index.php?rest_route=\/wp\/v2\/posts\/104006","targetHints":{"allow":["GET"]}}],"collection":[{"href":"https:\/\/quehacerpolitico.mx\/index.php?rest_route=\/wp\/v2\/posts"}],"about":[{"href":"https:\/\/quehacerpolitico.mx\/index.php?rest_route=\/wp\/v2\/types\/post"}],"author":[{"embeddable":true,"href":"https:\/\/quehacerpolitico.mx\/index.php?rest_route=\/wp\/v2\/users\/2"}],"replies":[{"embeddable":true,"href":"https:\/\/quehacerpolitico.mx\/index.php?rest_route=%2Fwp%2Fv2%2Fcomments&post=104006"}],"version-history":[{"count":1,"href":"https:\/\/quehacerpolitico.mx\/index.php?rest_route=\/wp\/v2\/posts\/104006\/revisions"}],"predecessor-version":[{"id":104007,"href":"https:\/\/quehacerpolitico.mx\/index.php?rest_route=\/wp\/v2\/posts\/104006\/revisions\/104007"}],"wp:featuredmedia":[{"embeddable":true,"href":"https:\/\/quehacerpolitico.mx\/index.php?rest_route=\/wp\/v2\/media\/104008"}],"wp:attachment":[{"href":"https:\/\/quehacerpolitico.mx\/index.php?rest_route=%2Fwp%2Fv2%2Fmedia&parent=104006"}],"wp:term":[{"taxonomy":"category","embeddable":true,"href":"https:\/\/quehacerpolitico.mx\/index.php?rest_route=%2Fwp%2Fv2%2Fcategories&post=104006"},{"taxonomy":"post_tag","embeddable":true,"href":"https:\/\/quehacerpolitico.mx\/index.php?rest_route=%2Fwp%2Fv2%2Ftags&post=104006"}],"curies":[{"name":"wp","href":"https:\/\/api.w.org\/{rel}","templated":true}]}}