{"id":103959,"date":"2023-08-22T17:15:27","date_gmt":"2023-08-22T17:15:27","guid":{"rendered":"https:\/\/quehacerpolitico.mx\/?p=103959"},"modified":"2023-08-22T17:15:31","modified_gmt":"2023-08-22T17:15:31","slug":"lopez-obrador-reclamo-al-ministro-luis-maria-aguilar-por-otorgar-rapidito-las-suspensiones-contra-la-distribucion-de-los-libros-de-texto-gratuitos","status":"publish","type":"post","link":"https:\/\/quehacerpolitico.mx\/?p=103959","title":{"rendered":"Lopez Obrador reclam\u00f3 al ministro\u00a0Luis Mar\u00eda Aguilar\u00a0por otorgar \u201crapidito\u201d las\u00a0suspensiones\u00a0contra la\u00a0distribuci\u00f3n\u00a0de los\u00a0libros de texto gratuitos"},"content":{"rendered":"\n<p>Por Redacci\u00f3n QP<\/p>\n\n\n\n<p>L\u00f3pez Obrador no dio cr\u00e9dito que el ministro Luis Mar\u00eda Aguilar no haya resuelto en 8 meses el tema de la empresa y su pago de impuestos<\/p>\n\n\n\n<p>El presidente de M\u00e9xico,\u00a0<strong>Andres Manuel L\u00f3pez Obrador<\/strong>, reclam\u00f3 al ministro\u00a0<strong>Luis Mar\u00eda Aguilar<\/strong>\u00a0por otorgar \u201crapidito\u201d las\u00a0<strong>suspensiones<\/strong>\u00a0contra la\u00a0<strong>distribuci\u00f3n<\/strong>\u00a0de los<strong>\u00a0libros de texto gratuitos<\/strong>\u00a0en Chihuahua y Coahuila y tardarse ocho meses en resolver el tema del\u00a0<strong>pago de impuestos<\/strong>\u00a0de una\u00a0<strong>empresa nacional<\/strong>\u00a0por m\u00e1s de 25 mil millones de pesos.<\/p>\n\n\n\n<figure class=\"wp-block-embed is-type-video is-provider-youtube wp-block-embed-youtube wp-embed-aspect-16-9 wp-has-aspect-ratio\"><div class=\"wp-block-embed__wrapper\">\n<iframe loading=\"lazy\" title=\"Arremete AMLO contra ministro Aguilar\" width=\"640\" height=\"360\" src=\"https:\/\/www.youtube.com\/embed\/zjsFSu8H_qI?feature=oembed\" frameborder=\"0\" allow=\"accelerometer; autoplay; clipboard-write; encrypted-media; gyroscope; picture-in-picture; web-share\" referrerpolicy=\"strict-origin-when-cross-origin\" allowfullscreen><\/iframe>\n<\/div><\/figure>\n\n\n\n<p>\u201cEs muy importante lo que se dio a conocer hoy sobre el ministro de la Corte que lleva ocho meses con un expediente guardado que implica que se resuelva a favor o en contra, 25 mil millones, el se\u00f1or Luis Mar\u00eda Aguilar\u201d, indic\u00f3 el tabsque\u00f1o.<\/p>\n\n\n\n<p>\u201cEse expediente lo pide para guardarlo, lo tiene ocho meses y no resuelve porque se trata de 25 mil millones de pesos, es el presupuesto de un estado de la Rep\u00fablica, puede ser el presupuesto de Baja California Sur, de Tlaxcala, de Zacatecas, de Campeche, 25 mil y no resuelve y lo tiene guardado, y d\u00f3nde est\u00e1 la justicia pronta y expedita\u201d, expuso.<\/p>\n\n\n\n<p>Ah no, eso s\u00ed rapidito (en el tema de los libros de texto), ah\u00ed s\u00ed hay justicia pronta y expedita, porque est\u00e1 en contra de nosotros. Son procesos distintos, pero no se miden con la misma vara\u201d, puntualiz\u00f3.<\/p>\n\n\n\n<p>En la conferencia matutina de este martes en Palacio Nacional, el procurador fiscal&nbsp;<strong>F\u00e9lix Arturo Medina<\/strong>&nbsp;anunci\u00f3 que se interpondr\u00e1 una queja contra el ministro Mar\u00eda Aguilar por su actuar \u201cselectivo y dirigido\u201d en la administraci\u00f3n de justicia por el caso de la citada empresa.<\/p>\n\n\n\n<p>El mandatario mexicano no dio cr\u00e9dito que el ministro Aguilar Morales no haya resuelto el tema de la empresa y su pago de impuestos en ocho meses, y dio a entender que hay un tema de inter\u00e9s de por medio.<\/p>\n\n\n\n<p>\u201cEn este caso como se trata de proteger una asunto en donde est\u00e1n de por medio 25 mil millones de esos, no estoy diciendo que deban ya los jueces dar la raz\u00f3n al Gobierno para recuperar ese dinero,, no, estoy planteando que se resuelva de conformidad con la ley, \u00bfpero c\u00f3mo la guardan, por qu\u00e9 lo meten, lo tiene. en la gaveta de su escritorio? Mientras presenta la gobernadora de Chihuahua un recursos, una controversia y resuelve as\u00ed (truena los dedos), yo creo que se llev\u00f3 unos d\u00edas,\u00a0 y ya resolvi\u00f3\u00a0<em>fast track,<\/em>\u00a0pero este caso ocho meses\u201d, subray\u00f3.<\/p>\n\n\n\n<figure class=\"wp-block-embed is-type-video is-provider-youtube wp-block-embed-youtube wp-embed-aspect-16-9 wp-has-aspect-ratio\"><div class=\"wp-block-embed__wrapper\">\n<iframe loading=\"lazy\" title=\"Ahora acusar\u00e1n a Ministro Aguilar ante el CJF\" width=\"640\" height=\"360\" src=\"https:\/\/www.youtube.com\/embed\/V8DXGpCnheo?feature=oembed\" frameborder=\"0\" allow=\"accelerometer; autoplay; clipboard-write; encrypted-media; gyroscope; picture-in-picture; web-share\" referrerpolicy=\"strict-origin-when-cross-origin\" allowfullscreen><\/iframe>\n<\/div><\/figure>\n\n\n\n<p>\u201cNo creo que no haya tenido tiempo, porque ocho meses. Ah claro que hay un inter\u00e9s de por medio. \u00c9l mismo puede explicarlo, podr\u00eda decir la Suprema Corte, porque a lo mejor s\u00ed lleva mucho tiempo, es un asunto complejo, pues que lo informen, pero ocho meses y eso porque ahora se est\u00e1 denunciando porqu si no terminamos como alcahuetes, como c\u00f3mplices, no, no, no. Si no se da a conocer pues ah\u00ed se lleva el resto del a\u00f1o, ojal\u00e1 y ya resuelvan, porque se trata de 25 mil millones de pesos, y para las partes lo mejor es que se decida de conformidad con la ley, peo no mantener guardado, archivado, el expediente\u201d, expres\u00f3.<\/p>\n","protected":false},"excerpt":{"rendered":"<p>Por Redacci\u00f3n QP L\u00f3pez Obrador no dio cr\u00e9dito que el ministro Luis Mar\u00eda Aguilar no&#8230;<\/p>\n","protected":false},"author":2,"featured_media":103960,"comment_status":"open","ping_status":"open","sticky":false,"template":"","format":"standard","meta":{"_monsterinsights_skip_tracking":false,"_monsterinsights_sitenote_active":false,"_monsterinsights_sitenote_note":"","_monsterinsights_sitenote_category":0,"footnotes":""},"categories":[2],"tags":[],"class_list":["post-103959","post","type-post","status-publish","format-standard","has-post-thumbnail","hentry","category-noticias"],"yoast_head":"<!-- This site is optimized with the Yoast SEO plugin v27.3 - https:\/\/yoast.com\/product\/yoast-seo-wordpress\/ -->\n<title>Lopez Obrador reclam\u00f3 al ministro\u00a0Luis Mar\u00eda Aguilar\u00a0por otorgar \u201crapidito\u201d las\u00a0suspensiones\u00a0contra la\u00a0distribuci\u00f3n\u00a0de los\u00a0libros de texto gratuitos -<\/title>\n<meta name=\"robots\" content=\"index, follow, max-snippet:-1, max-image-preview:large, max-video-preview:-1\" \/>\n<link rel=\"canonical\" href=\"https:\/\/quehacerpolitico.mx\/?p=103959\" \/>\n<meta property=\"og:locale\" content=\"es_MX\" \/>\n<meta property=\"og:type\" content=\"article\" \/>\n<meta property=\"og:title\" content=\"Lopez Obrador reclam\u00f3 al ministro\u00a0Luis Mar\u00eda Aguilar\u00a0por otorgar \u201crapidito\u201d las\u00a0suspensiones\u00a0contra la\u00a0distribuci\u00f3n\u00a0de los\u00a0libros de texto gratuitos -\" \/>\n<meta property=\"og:description\" content=\"Por Redacci\u00f3n QP L\u00f3pez Obrador no dio cr\u00e9dito que el ministro Luis Mar\u00eda Aguilar no...\" \/>\n<meta property=\"og:url\" content=\"https:\/\/quehacerpolitico.mx\/?p=103959\" \/>\n<meta property=\"article:published_time\" content=\"2023-08-22T17:15:27+00:00\" \/>\n<meta property=\"article:modified_time\" content=\"2023-08-22T17:15:31+00:00\" \/>\n<meta property=\"og:image\" content=\"https:\/\/quehacerpolitico.mx\/wp-content\/uploads\/2023\/08\/IMG_9960.jpeg\" \/>\n\t<meta property=\"og:image:width\" content=\"1284\" \/>\n\t<meta property=\"og:image:height\" content=\"689\" \/>\n\t<meta property=\"og:image:type\" content=\"image\/jpeg\" \/>\n<meta name=\"author\" content=\"Redacci\u00f3n QP\" \/>\n<meta name=\"twitter:card\" content=\"summary_large_image\" \/>\n<meta name=\"twitter:label1\" content=\"Escrito por\" \/>\n\t<meta name=\"twitter:data1\" content=\"Redacci\u00f3n QP\" \/>\n\t<meta name=\"twitter:label2\" content=\"Tiempo de lectura\" \/>\n\t<meta name=\"twitter:data2\" content=\"3 minutos\" \/>\n<script type=\"application\/ld+json\" class=\"yoast-schema-graph\">{\"@context\":\"https:\\\/\\\/schema.org\",\"@graph\":[{\"@type\":\"Article\",\"@id\":\"https:\\\/\\\/quehacerpolitico.mx\\\/?p=103959#article\",\"isPartOf\":{\"@id\":\"https:\\\/\\\/quehacerpolitico.mx\\\/?p=103959\"},\"author\":{\"name\":\"Redacci\u00f3n QP\",\"@id\":\"https:\\\/\\\/quehacerpolitico.mx\\\/#\\\/schema\\\/person\\\/496d8ad2d1d3f8036101dca7ee39e585\"},\"headline\":\"Lopez Obrador reclam\u00f3 al ministro\u00a0Luis Mar\u00eda Aguilar\u00a0por otorgar \u201crapidito\u201d las\u00a0suspensiones\u00a0contra la\u00a0distribuci\u00f3n\u00a0de los\u00a0libros de texto gratuitos\",\"datePublished\":\"2023-08-22T17:15:27+00:00\",\"dateModified\":\"2023-08-22T17:15:31+00:00\",\"mainEntityOfPage\":{\"@id\":\"https:\\\/\\\/quehacerpolitico.mx\\\/?p=103959\"},\"wordCount\":588,\"commentCount\":0,\"image\":{\"@id\":\"https:\\\/\\\/quehacerpolitico.mx\\\/?p=103959#primaryimage\"},\"thumbnailUrl\":\"https:\\\/\\\/quehacerpolitico.mx\\\/wp-content\\\/uploads\\\/2023\\\/08\\\/IMG_9960.jpeg\",\"articleSection\":[\"Noticias\"],\"inLanguage\":\"es\",\"potentialAction\":[{\"@type\":\"CommentAction\",\"name\":\"Comment\",\"target\":[\"https:\\\/\\\/quehacerpolitico.mx\\\/?p=103959#respond\"]}]},{\"@type\":\"WebPage\",\"@id\":\"https:\\\/\\\/quehacerpolitico.mx\\\/?p=103959\",\"url\":\"https:\\\/\\\/quehacerpolitico.mx\\\/?p=103959\",\"name\":\"Lopez Obrador reclam\u00f3 al ministro\u00a0Luis Mar\u00eda Aguilar\u00a0por otorgar \u201crapidito\u201d las\u00a0suspensiones\u00a0contra la\u00a0distribuci\u00f3n\u00a0de los\u00a0libros de texto gratuitos -\",\"isPartOf\":{\"@id\":\"https:\\\/\\\/quehacerpolitico.mx\\\/#website\"},\"primaryImageOfPage\":{\"@id\":\"https:\\\/\\\/quehacerpolitico.mx\\\/?p=103959#primaryimage\"},\"image\":{\"@id\":\"https:\\\/\\\/quehacerpolitico.mx\\\/?p=103959#primaryimage\"},\"thumbnailUrl\":\"https:\\\/\\\/quehacerpolitico.mx\\\/wp-content\\\/uploads\\\/2023\\\/08\\\/IMG_9960.jpeg\",\"datePublished\":\"2023-08-22T17:15:27+00:00\",\"dateModified\":\"2023-08-22T17:15:31+00:00\",\"author\":{\"@id\":\"https:\\\/\\\/quehacerpolitico.mx\\\/#\\\/schema\\\/person\\\/496d8ad2d1d3f8036101dca7ee39e585\"},\"breadcrumb\":{\"@id\":\"https:\\\/\\\/quehacerpolitico.mx\\\/?p=103959#breadcrumb\"},\"inLanguage\":\"es\",\"potentialAction\":[{\"@type\":\"ReadAction\",\"target\":[\"https:\\\/\\\/quehacerpolitico.mx\\\/?p=103959\"]}]},{\"@type\":\"ImageObject\",\"inLanguage\":\"es\",\"@id\":\"https:\\\/\\\/quehacerpolitico.mx\\\/?p=103959#primaryimage\",\"url\":\"https:\\\/\\\/quehacerpolitico.mx\\\/wp-content\\\/uploads\\\/2023\\\/08\\\/IMG_9960.jpeg\",\"contentUrl\":\"https:\\\/\\\/quehacerpolitico.mx\\\/wp-content\\\/uploads\\\/2023\\\/08\\\/IMG_9960.jpeg\",\"width\":1284,\"height\":689},{\"@type\":\"BreadcrumbList\",\"@id\":\"https:\\\/\\\/quehacerpolitico.mx\\\/?p=103959#breadcrumb\",\"itemListElement\":[{\"@type\":\"ListItem\",\"position\":1,\"name\":\"Inicio\",\"item\":\"https:\\\/\\\/quehacerpolitico.mx\\\/\"},{\"@type\":\"ListItem\",\"position\":2,\"name\":\"Lopez Obrador reclam\u00f3 al ministro\u00a0Luis Mar\u00eda Aguilar\u00a0por otorgar \u201crapidito\u201d las\u00a0suspensiones\u00a0contra la\u00a0distribuci\u00f3n\u00a0de los\u00a0libros de texto gratuitos\"}]},{\"@type\":\"WebSite\",\"@id\":\"https:\\\/\\\/quehacerpolitico.mx\\\/#website\",\"url\":\"https:\\\/\\\/quehacerpolitico.mx\\\/\",\"name\":\"\",\"description\":\"\",\"potentialAction\":[{\"@type\":\"SearchAction\",\"target\":{\"@type\":\"EntryPoint\",\"urlTemplate\":\"https:\\\/\\\/quehacerpolitico.mx\\\/?s={search_term_string}\"},\"query-input\":{\"@type\":\"PropertyValueSpecification\",\"valueRequired\":true,\"valueName\":\"search_term_string\"}}],\"inLanguage\":\"es\"},{\"@type\":\"Person\",\"@id\":\"https:\\\/\\\/quehacerpolitico.mx\\\/#\\\/schema\\\/person\\\/496d8ad2d1d3f8036101dca7ee39e585\",\"name\":\"Redacci\u00f3n QP\",\"image\":{\"@type\":\"ImageObject\",\"inLanguage\":\"es\",\"@id\":\"https:\\\/\\\/secure.gravatar.com\\\/avatar\\\/c7164ed6fdec453195284ad24a5ae5b6e1eed2b848477fa2a4787ba9adf39a41?s=96&d=mm&r=g\",\"url\":\"https:\\\/\\\/secure.gravatar.com\\\/avatar\\\/c7164ed6fdec453195284ad24a5ae5b6e1eed2b848477fa2a4787ba9adf39a41?s=96&d=mm&r=g\",\"contentUrl\":\"https:\\\/\\\/secure.gravatar.com\\\/avatar\\\/c7164ed6fdec453195284ad24a5ae5b6e1eed2b848477fa2a4787ba9adf39a41?s=96&d=mm&r=g\",\"caption\":\"Redacci\u00f3n QP\"},\"url\":\"https:\\\/\\\/quehacerpolitico.mx\\\/?author=2\"}]}<\/script>\n<!-- \/ Yoast SEO plugin. -->","yoast_head_json":{"title":"Lopez Obrador reclam\u00f3 al ministro\u00a0Luis Mar\u00eda Aguilar\u00a0por otorgar \u201crapidito\u201d las\u00a0suspensiones\u00a0contra la\u00a0distribuci\u00f3n\u00a0de los\u00a0libros de texto gratuitos -","robots":{"index":"index","follow":"follow","max-snippet":"max-snippet:-1","max-image-preview":"max-image-preview:large","max-video-preview":"max-video-preview:-1"},"canonical":"https:\/\/quehacerpolitico.mx\/?p=103959","og_locale":"es_MX","og_type":"article","og_title":"Lopez Obrador reclam\u00f3 al ministro\u00a0Luis Mar\u00eda Aguilar\u00a0por otorgar \u201crapidito\u201d las\u00a0suspensiones\u00a0contra la\u00a0distribuci\u00f3n\u00a0de los\u00a0libros de texto gratuitos -","og_description":"Por Redacci\u00f3n QP L\u00f3pez Obrador no dio cr\u00e9dito que el ministro Luis Mar\u00eda Aguilar no...","og_url":"https:\/\/quehacerpolitico.mx\/?p=103959","article_published_time":"2023-08-22T17:15:27+00:00","article_modified_time":"2023-08-22T17:15:31+00:00","og_image":[{"width":1284,"height":689,"url":"https:\/\/quehacerpolitico.mx\/wp-content\/uploads\/2023\/08\/IMG_9960.jpeg","type":"image\/jpeg"}],"author":"Redacci\u00f3n QP","twitter_card":"summary_large_image","twitter_misc":{"Escrito por":"Redacci\u00f3n QP","Tiempo de lectura":"3 minutos"},"schema":{"@context":"https:\/\/schema.org","@graph":[{"@type":"Article","@id":"https:\/\/quehacerpolitico.mx\/?p=103959#article","isPartOf":{"@id":"https:\/\/quehacerpolitico.mx\/?p=103959"},"author":{"name":"Redacci\u00f3n QP","@id":"https:\/\/quehacerpolitico.mx\/#\/schema\/person\/496d8ad2d1d3f8036101dca7ee39e585"},"headline":"Lopez Obrador reclam\u00f3 al ministro\u00a0Luis Mar\u00eda Aguilar\u00a0por otorgar \u201crapidito\u201d las\u00a0suspensiones\u00a0contra la\u00a0distribuci\u00f3n\u00a0de los\u00a0libros de texto gratuitos","datePublished":"2023-08-22T17:15:27+00:00","dateModified":"2023-08-22T17:15:31+00:00","mainEntityOfPage":{"@id":"https:\/\/quehacerpolitico.mx\/?p=103959"},"wordCount":588,"commentCount":0,"image":{"@id":"https:\/\/quehacerpolitico.mx\/?p=103959#primaryimage"},"thumbnailUrl":"https:\/\/quehacerpolitico.mx\/wp-content\/uploads\/2023\/08\/IMG_9960.jpeg","articleSection":["Noticias"],"inLanguage":"es","potentialAction":[{"@type":"CommentAction","name":"Comment","target":["https:\/\/quehacerpolitico.mx\/?p=103959#respond"]}]},{"@type":"WebPage","@id":"https:\/\/quehacerpolitico.mx\/?p=103959","url":"https:\/\/quehacerpolitico.mx\/?p=103959","name":"Lopez Obrador reclam\u00f3 al ministro\u00a0Luis Mar\u00eda Aguilar\u00a0por otorgar \u201crapidito\u201d las\u00a0suspensiones\u00a0contra la\u00a0distribuci\u00f3n\u00a0de los\u00a0libros de texto gratuitos -","isPartOf":{"@id":"https:\/\/quehacerpolitico.mx\/#website"},"primaryImageOfPage":{"@id":"https:\/\/quehacerpolitico.mx\/?p=103959#primaryimage"},"image":{"@id":"https:\/\/quehacerpolitico.mx\/?p=103959#primaryimage"},"thumbnailUrl":"https:\/\/quehacerpolitico.mx\/wp-content\/uploads\/2023\/08\/IMG_9960.jpeg","datePublished":"2023-08-22T17:15:27+00:00","dateModified":"2023-08-22T17:15:31+00:00","author":{"@id":"https:\/\/quehacerpolitico.mx\/#\/schema\/person\/496d8ad2d1d3f8036101dca7ee39e585"},"breadcrumb":{"@id":"https:\/\/quehacerpolitico.mx\/?p=103959#breadcrumb"},"inLanguage":"es","potentialAction":[{"@type":"ReadAction","target":["https:\/\/quehacerpolitico.mx\/?p=103959"]}]},{"@type":"ImageObject","inLanguage":"es","@id":"https:\/\/quehacerpolitico.mx\/?p=103959#primaryimage","url":"https:\/\/quehacerpolitico.mx\/wp-content\/uploads\/2023\/08\/IMG_9960.jpeg","contentUrl":"https:\/\/quehacerpolitico.mx\/wp-content\/uploads\/2023\/08\/IMG_9960.jpeg","width":1284,"height":689},{"@type":"BreadcrumbList","@id":"https:\/\/quehacerpolitico.mx\/?p=103959#breadcrumb","itemListElement":[{"@type":"ListItem","position":1,"name":"Inicio","item":"https:\/\/quehacerpolitico.mx\/"},{"@type":"ListItem","position":2,"name":"Lopez Obrador reclam\u00f3 al ministro\u00a0Luis Mar\u00eda Aguilar\u00a0por otorgar \u201crapidito\u201d las\u00a0suspensiones\u00a0contra la\u00a0distribuci\u00f3n\u00a0de los\u00a0libros de texto gratuitos"}]},{"@type":"WebSite","@id":"https:\/\/quehacerpolitico.mx\/#website","url":"https:\/\/quehacerpolitico.mx\/","name":"","description":"","potentialAction":[{"@type":"SearchAction","target":{"@type":"EntryPoint","urlTemplate":"https:\/\/quehacerpolitico.mx\/?s={search_term_string}"},"query-input":{"@type":"PropertyValueSpecification","valueRequired":true,"valueName":"search_term_string"}}],"inLanguage":"es"},{"@type":"Person","@id":"https:\/\/quehacerpolitico.mx\/#\/schema\/person\/496d8ad2d1d3f8036101dca7ee39e585","name":"Redacci\u00f3n QP","image":{"@type":"ImageObject","inLanguage":"es","@id":"https:\/\/secure.gravatar.com\/avatar\/c7164ed6fdec453195284ad24a5ae5b6e1eed2b848477fa2a4787ba9adf39a41?s=96&d=mm&r=g","url":"https:\/\/secure.gravatar.com\/avatar\/c7164ed6fdec453195284ad24a5ae5b6e1eed2b848477fa2a4787ba9adf39a41?s=96&d=mm&r=g","contentUrl":"https:\/\/secure.gravatar.com\/avatar\/c7164ed6fdec453195284ad24a5ae5b6e1eed2b848477fa2a4787ba9adf39a41?s=96&d=mm&r=g","caption":"Redacci\u00f3n QP"},"url":"https:\/\/quehacerpolitico.mx\/?author=2"}]}},"featured_image_urls":{"full":["https:\/\/quehacerpolitico.mx\/wp-content\/uploads\/2023\/08\/IMG_9960.jpeg",1284,689,false],"thumbnail":["https:\/\/quehacerpolitico.mx\/wp-content\/uploads\/2023\/08\/IMG_9960-150x150.jpeg",150,150,true],"medium":["https:\/\/quehacerpolitico.mx\/wp-content\/uploads\/2023\/08\/IMG_9960-300x161.jpeg",300,161,true],"medium_large":["https:\/\/quehacerpolitico.mx\/wp-content\/uploads\/2023\/08\/IMG_9960-768x412.jpeg",640,343,true],"large":["https:\/\/quehacerpolitico.mx\/wp-content\/uploads\/2023\/08\/IMG_9960-1024x549.jpeg",640,343,true],"1536x1536":["https:\/\/quehacerpolitico.mx\/wp-content\/uploads\/2023\/08\/IMG_9960.jpeg",1284,689,false],"2048x2048":["https:\/\/quehacerpolitico.mx\/wp-content\/uploads\/2023\/08\/IMG_9960.jpeg",1284,689,false],"covernews-featured":["https:\/\/quehacerpolitico.mx\/wp-content\/uploads\/2023\/08\/IMG_9960.jpeg",1024,549,false],"covernews-medium":["https:\/\/quehacerpolitico.mx\/wp-content\/uploads\/2023\/08\/IMG_9960.jpeg",540,290,false]},"author_info":{"display_name":"Redacci\u00f3n QP","author_link":"https:\/\/quehacerpolitico.mx\/?author=2"},"category_info":"<a href=\"https:\/\/quehacerpolitico.mx\/?cat=2\" rel=\"category\">Noticias<\/a>","tag_info":"Noticias","comment_count":"0","_links":{"self":[{"href":"https:\/\/quehacerpolitico.mx\/index.php?rest_route=\/wp\/v2\/posts\/103959","targetHints":{"allow":["GET"]}}],"collection":[{"href":"https:\/\/quehacerpolitico.mx\/index.php?rest_route=\/wp\/v2\/posts"}],"about":[{"href":"https:\/\/quehacerpolitico.mx\/index.php?rest_route=\/wp\/v2\/types\/post"}],"author":[{"embeddable":true,"href":"https:\/\/quehacerpolitico.mx\/index.php?rest_route=\/wp\/v2\/users\/2"}],"replies":[{"embeddable":true,"href":"https:\/\/quehacerpolitico.mx\/index.php?rest_route=%2Fwp%2Fv2%2Fcomments&post=103959"}],"version-history":[{"count":1,"href":"https:\/\/quehacerpolitico.mx\/index.php?rest_route=\/wp\/v2\/posts\/103959\/revisions"}],"predecessor-version":[{"id":103961,"href":"https:\/\/quehacerpolitico.mx\/index.php?rest_route=\/wp\/v2\/posts\/103959\/revisions\/103961"}],"wp:featuredmedia":[{"embeddable":true,"href":"https:\/\/quehacerpolitico.mx\/index.php?rest_route=\/wp\/v2\/media\/103960"}],"wp:attachment":[{"href":"https:\/\/quehacerpolitico.mx\/index.php?rest_route=%2Fwp%2Fv2%2Fmedia&parent=103959"}],"wp:term":[{"taxonomy":"category","embeddable":true,"href":"https:\/\/quehacerpolitico.mx\/index.php?rest_route=%2Fwp%2Fv2%2Fcategories&post=103959"},{"taxonomy":"post_tag","embeddable":true,"href":"https:\/\/quehacerpolitico.mx\/index.php?rest_route=%2Fwp%2Fv2%2Ftags&post=103959"}],"curies":[{"name":"wp","href":"https:\/\/api.w.org\/{rel}","templated":true}]}}