{"id":103955,"date":"2023-08-22T16:55:15","date_gmt":"2023-08-22T16:55:15","guid":{"rendered":"https:\/\/quehacerpolitico.mx\/?p=103955"},"modified":"2023-08-22T16:56:28","modified_gmt":"2023-08-22T16:56:28","slug":"por-primera-vez-en-decadas-a-lo-mejor-en-siglos-el-gobierno-no-se-involucra-en-las-elecciones-lopez-obrador","status":"publish","type":"post","link":"https:\/\/quehacerpolitico.mx\/?p=103955","title":{"rendered":"\u00a0\u201cPor primera vez en d\u00e9cadas, a lo mejor en siglos\u201d, el\u00a0Gobierno no se involucra\u00a0en las elecciones: Lopez Obrador"},"content":{"rendered":"\n<p>Por Redacci\u00f3n QP<\/p>\n\n\n\n<p>El presidente L\u00f3pez Obrador dijo que ya no hay dedazo en M\u00e9xico y que no se usa el presupuesto para apoyar a candidatos en estas elecciones<\/p>\n\n\n\n<p><strong>Andres Manuel L\u00f3pez Obrador<\/strong>, presidente de M\u00e9xico, dej\u00f3 en claro este martes que &nbsp;\u201cpor&nbsp;<strong>primera vez en d\u00e9cadas<\/strong>, a lo mejor en siglos\u201d, el&nbsp;<strong>Gobierno no se involucra<\/strong>&nbsp;en las&nbsp;<strong>elecciones.<\/strong><\/p>\n\n\n\n<p>Por primera vez en d\u00e9cadas, a lo mejor en siglos, el Gobierno Federal no interviene en un proceso electoral\u201d, dijo en la conferencia matutina de Palacio Nacional<\/p>\n\n\n\n<figure class=\"wp-block-embed is-type-video is-provider-youtube wp-block-embed-youtube wp-embed-aspect-16-9 wp-has-aspect-ratio\"><div class=\"wp-block-embed__wrapper\">\nhttps:\/\/youtu.be\/GKOqF38_3_c\n<\/div><\/figure>\n\n\n\n<p>\u201cPadecimos nosotros c\u00f3mo el Gobierno de Fox ayud\u00f3 al fraude para que se impusiera a Felipe Calder\u00f3n (\u2026) El presidente Pe\u00f1a utiliza much\u00edsimo dinero (en las elecciones de 2012), mucho, mucho dinero, no estoy inventando nada\u201d, apunt\u00f3.<\/p>\n\n\n\n<p>El mandatario mexicano dej\u00f3 en claro que en la actualidad ya no hay&nbsp;<em>dedazo<\/em>&nbsp;y que no se usa el presupuesto federal para apoyar a candidatos.<\/p>\n\n\n\n<p>\u201cNosotros no usamos el dinero del presupuesto p\u00fablico para apoyar a ning\u00fan candidato, ning\u00fan partido, no hay dedazo. Sobre la publicidad no solo hemos dicho que es indebido e ilegal, sino que resulta contraproducente, la gente ya est\u00e1 bien informada\u201d, argument\u00f3.<\/p>\n\n\n\n<p>\u201cCuando ve un cartel, un espectacular, ni se parece el futuro candidato, candidata, le quitan como 10, 15 a\u00f1os, los maquillan, eso no sirve de nada\u201d, asaever\u00f3.<\/p>\n\n\n\n<p>\u00bfQu\u00e9 hacer hacia adelante? Decirle a la gente: \u2018no te dejes manipular, inf\u00f3rmate y act\u00faa con libertad. Tu voto el libre, es secreto, decide de acuerdo a tu consciencia\u2019, no por la publicidad porque esto no es de comprar un producto chatarra\u201d, puntualiz\u00f3.<\/p>\n","protected":false},"excerpt":{"rendered":"<p>Por Redacci\u00f3n QP El presidente L\u00f3pez Obrador dijo que ya no hay dedazo en M\u00e9xico&#8230;<\/p>\n","protected":false},"author":2,"featured_media":103957,"comment_status":"open","ping_status":"open","sticky":false,"template":"","format":"standard","meta":{"_monsterinsights_skip_tracking":false,"_monsterinsights_sitenote_active":false,"_monsterinsights_sitenote_note":"","_monsterinsights_sitenote_category":0,"footnotes":""},"categories":[2],"tags":[],"class_list":["post-103955","post","type-post","status-publish","format-standard","has-post-thumbnail","hentry","category-noticias"],"yoast_head":"<!-- This site is optimized with the Yoast SEO plugin v27.3 - https:\/\/yoast.com\/product\/yoast-seo-wordpress\/ -->\n<title>\u00a0\u201cPor primera vez en d\u00e9cadas, a lo mejor en siglos\u201d, el\u00a0Gobierno no se involucra\u00a0en las elecciones: Lopez Obrador -<\/title>\n<meta name=\"robots\" content=\"index, follow, max-snippet:-1, max-image-preview:large, max-video-preview:-1\" \/>\n<link rel=\"canonical\" href=\"https:\/\/quehacerpolitico.mx\/?p=103955\" \/>\n<meta property=\"og:locale\" content=\"es_MX\" \/>\n<meta property=\"og:type\" content=\"article\" \/>\n<meta property=\"og:title\" content=\"\u00a0\u201cPor primera vez en d\u00e9cadas, a lo mejor en siglos\u201d, el\u00a0Gobierno no se involucra\u00a0en las elecciones: Lopez Obrador -\" \/>\n<meta property=\"og:description\" content=\"Por Redacci\u00f3n QP El presidente L\u00f3pez Obrador dijo que ya no hay dedazo en M\u00e9xico...\" \/>\n<meta property=\"og:url\" content=\"https:\/\/quehacerpolitico.mx\/?p=103955\" \/>\n<meta property=\"article:published_time\" content=\"2023-08-22T16:55:15+00:00\" \/>\n<meta property=\"article:modified_time\" content=\"2023-08-22T16:56:28+00:00\" \/>\n<meta property=\"og:image\" content=\"https:\/\/quehacerpolitico.mx\/wp-content\/uploads\/2023\/08\/IMG_9958.jpeg\" \/>\n\t<meta property=\"og:image:width\" content=\"1278\" \/>\n\t<meta property=\"og:image:height\" content=\"683\" \/>\n\t<meta property=\"og:image:type\" content=\"image\/jpeg\" \/>\n<meta name=\"author\" content=\"Redacci\u00f3n QP\" \/>\n<meta name=\"twitter:card\" content=\"summary_large_image\" \/>\n<meta name=\"twitter:label1\" content=\"Escrito por\" \/>\n\t<meta name=\"twitter:data1\" content=\"Redacci\u00f3n QP\" \/>\n\t<meta name=\"twitter:label2\" content=\"Tiempo de lectura\" \/>\n\t<meta name=\"twitter:data2\" content=\"1 minuto\" \/>\n<script type=\"application\/ld+json\" class=\"yoast-schema-graph\">{\"@context\":\"https:\\\/\\\/schema.org\",\"@graph\":[{\"@type\":\"Article\",\"@id\":\"https:\\\/\\\/quehacerpolitico.mx\\\/?p=103955#article\",\"isPartOf\":{\"@id\":\"https:\\\/\\\/quehacerpolitico.mx\\\/?p=103955\"},\"author\":{\"name\":\"Redacci\u00f3n QP\",\"@id\":\"https:\\\/\\\/quehacerpolitico.mx\\\/#\\\/schema\\\/person\\\/496d8ad2d1d3f8036101dca7ee39e585\"},\"headline\":\"\u00a0\u201cPor primera vez en d\u00e9cadas, a lo mejor en siglos\u201d, el\u00a0Gobierno no se involucra\u00a0en las elecciones: Lopez Obrador\",\"datePublished\":\"2023-08-22T16:55:15+00:00\",\"dateModified\":\"2023-08-22T16:56:28+00:00\",\"mainEntityOfPage\":{\"@id\":\"https:\\\/\\\/quehacerpolitico.mx\\\/?p=103955\"},\"wordCount\":307,\"commentCount\":0,\"image\":{\"@id\":\"https:\\\/\\\/quehacerpolitico.mx\\\/?p=103955#primaryimage\"},\"thumbnailUrl\":\"https:\\\/\\\/quehacerpolitico.mx\\\/wp-content\\\/uploads\\\/2023\\\/08\\\/IMG_9958.jpeg\",\"articleSection\":[\"Noticias\"],\"inLanguage\":\"es\",\"potentialAction\":[{\"@type\":\"CommentAction\",\"name\":\"Comment\",\"target\":[\"https:\\\/\\\/quehacerpolitico.mx\\\/?p=103955#respond\"]}]},{\"@type\":\"WebPage\",\"@id\":\"https:\\\/\\\/quehacerpolitico.mx\\\/?p=103955\",\"url\":\"https:\\\/\\\/quehacerpolitico.mx\\\/?p=103955\",\"name\":\"\u00a0\u201cPor primera vez en d\u00e9cadas, a lo mejor en siglos\u201d, el\u00a0Gobierno no se involucra\u00a0en las elecciones: Lopez Obrador -\",\"isPartOf\":{\"@id\":\"https:\\\/\\\/quehacerpolitico.mx\\\/#website\"},\"primaryImageOfPage\":{\"@id\":\"https:\\\/\\\/quehacerpolitico.mx\\\/?p=103955#primaryimage\"},\"image\":{\"@id\":\"https:\\\/\\\/quehacerpolitico.mx\\\/?p=103955#primaryimage\"},\"thumbnailUrl\":\"https:\\\/\\\/quehacerpolitico.mx\\\/wp-content\\\/uploads\\\/2023\\\/08\\\/IMG_9958.jpeg\",\"datePublished\":\"2023-08-22T16:55:15+00:00\",\"dateModified\":\"2023-08-22T16:56:28+00:00\",\"author\":{\"@id\":\"https:\\\/\\\/quehacerpolitico.mx\\\/#\\\/schema\\\/person\\\/496d8ad2d1d3f8036101dca7ee39e585\"},\"breadcrumb\":{\"@id\":\"https:\\\/\\\/quehacerpolitico.mx\\\/?p=103955#breadcrumb\"},\"inLanguage\":\"es\",\"potentialAction\":[{\"@type\":\"ReadAction\",\"target\":[\"https:\\\/\\\/quehacerpolitico.mx\\\/?p=103955\"]}]},{\"@type\":\"ImageObject\",\"inLanguage\":\"es\",\"@id\":\"https:\\\/\\\/quehacerpolitico.mx\\\/?p=103955#primaryimage\",\"url\":\"https:\\\/\\\/quehacerpolitico.mx\\\/wp-content\\\/uploads\\\/2023\\\/08\\\/IMG_9958.jpeg\",\"contentUrl\":\"https:\\\/\\\/quehacerpolitico.mx\\\/wp-content\\\/uploads\\\/2023\\\/08\\\/IMG_9958.jpeg\",\"width\":1278,\"height\":683},{\"@type\":\"BreadcrumbList\",\"@id\":\"https:\\\/\\\/quehacerpolitico.mx\\\/?p=103955#breadcrumb\",\"itemListElement\":[{\"@type\":\"ListItem\",\"position\":1,\"name\":\"Inicio\",\"item\":\"https:\\\/\\\/quehacerpolitico.mx\\\/\"},{\"@type\":\"ListItem\",\"position\":2,\"name\":\"\u00a0\u201cPor primera vez en d\u00e9cadas, a lo mejor en siglos\u201d, el\u00a0Gobierno no se involucra\u00a0en las elecciones: Lopez Obrador\"}]},{\"@type\":\"WebSite\",\"@id\":\"https:\\\/\\\/quehacerpolitico.mx\\\/#website\",\"url\":\"https:\\\/\\\/quehacerpolitico.mx\\\/\",\"name\":\"\",\"description\":\"\",\"potentialAction\":[{\"@type\":\"SearchAction\",\"target\":{\"@type\":\"EntryPoint\",\"urlTemplate\":\"https:\\\/\\\/quehacerpolitico.mx\\\/?s={search_term_string}\"},\"query-input\":{\"@type\":\"PropertyValueSpecification\",\"valueRequired\":true,\"valueName\":\"search_term_string\"}}],\"inLanguage\":\"es\"},{\"@type\":\"Person\",\"@id\":\"https:\\\/\\\/quehacerpolitico.mx\\\/#\\\/schema\\\/person\\\/496d8ad2d1d3f8036101dca7ee39e585\",\"name\":\"Redacci\u00f3n QP\",\"image\":{\"@type\":\"ImageObject\",\"inLanguage\":\"es\",\"@id\":\"https:\\\/\\\/secure.gravatar.com\\\/avatar\\\/c7164ed6fdec453195284ad24a5ae5b6e1eed2b848477fa2a4787ba9adf39a41?s=96&d=mm&r=g\",\"url\":\"https:\\\/\\\/secure.gravatar.com\\\/avatar\\\/c7164ed6fdec453195284ad24a5ae5b6e1eed2b848477fa2a4787ba9adf39a41?s=96&d=mm&r=g\",\"contentUrl\":\"https:\\\/\\\/secure.gravatar.com\\\/avatar\\\/c7164ed6fdec453195284ad24a5ae5b6e1eed2b848477fa2a4787ba9adf39a41?s=96&d=mm&r=g\",\"caption\":\"Redacci\u00f3n QP\"},\"url\":\"https:\\\/\\\/quehacerpolitico.mx\\\/?author=2\"}]}<\/script>\n<!-- \/ Yoast SEO plugin. -->","yoast_head_json":{"title":"\u00a0\u201cPor primera vez en d\u00e9cadas, a lo mejor en siglos\u201d, el\u00a0Gobierno no se involucra\u00a0en las elecciones: Lopez Obrador -","robots":{"index":"index","follow":"follow","max-snippet":"max-snippet:-1","max-image-preview":"max-image-preview:large","max-video-preview":"max-video-preview:-1"},"canonical":"https:\/\/quehacerpolitico.mx\/?p=103955","og_locale":"es_MX","og_type":"article","og_title":"\u00a0\u201cPor primera vez en d\u00e9cadas, a lo mejor en siglos\u201d, el\u00a0Gobierno no se involucra\u00a0en las elecciones: Lopez Obrador -","og_description":"Por Redacci\u00f3n QP El presidente L\u00f3pez Obrador dijo que ya no hay dedazo en M\u00e9xico...","og_url":"https:\/\/quehacerpolitico.mx\/?p=103955","article_published_time":"2023-08-22T16:55:15+00:00","article_modified_time":"2023-08-22T16:56:28+00:00","og_image":[{"width":1278,"height":683,"url":"https:\/\/quehacerpolitico.mx\/wp-content\/uploads\/2023\/08\/IMG_9958.jpeg","type":"image\/jpeg"}],"author":"Redacci\u00f3n QP","twitter_card":"summary_large_image","twitter_misc":{"Escrito por":"Redacci\u00f3n QP","Tiempo de lectura":"1 minuto"},"schema":{"@context":"https:\/\/schema.org","@graph":[{"@type":"Article","@id":"https:\/\/quehacerpolitico.mx\/?p=103955#article","isPartOf":{"@id":"https:\/\/quehacerpolitico.mx\/?p=103955"},"author":{"name":"Redacci\u00f3n QP","@id":"https:\/\/quehacerpolitico.mx\/#\/schema\/person\/496d8ad2d1d3f8036101dca7ee39e585"},"headline":"\u00a0\u201cPor primera vez en d\u00e9cadas, a lo mejor en siglos\u201d, el\u00a0Gobierno no se involucra\u00a0en las elecciones: Lopez Obrador","datePublished":"2023-08-22T16:55:15+00:00","dateModified":"2023-08-22T16:56:28+00:00","mainEntityOfPage":{"@id":"https:\/\/quehacerpolitico.mx\/?p=103955"},"wordCount":307,"commentCount":0,"image":{"@id":"https:\/\/quehacerpolitico.mx\/?p=103955#primaryimage"},"thumbnailUrl":"https:\/\/quehacerpolitico.mx\/wp-content\/uploads\/2023\/08\/IMG_9958.jpeg","articleSection":["Noticias"],"inLanguage":"es","potentialAction":[{"@type":"CommentAction","name":"Comment","target":["https:\/\/quehacerpolitico.mx\/?p=103955#respond"]}]},{"@type":"WebPage","@id":"https:\/\/quehacerpolitico.mx\/?p=103955","url":"https:\/\/quehacerpolitico.mx\/?p=103955","name":"\u00a0\u201cPor primera vez en d\u00e9cadas, a lo mejor en siglos\u201d, el\u00a0Gobierno no se involucra\u00a0en las elecciones: Lopez Obrador -","isPartOf":{"@id":"https:\/\/quehacerpolitico.mx\/#website"},"primaryImageOfPage":{"@id":"https:\/\/quehacerpolitico.mx\/?p=103955#primaryimage"},"image":{"@id":"https:\/\/quehacerpolitico.mx\/?p=103955#primaryimage"},"thumbnailUrl":"https:\/\/quehacerpolitico.mx\/wp-content\/uploads\/2023\/08\/IMG_9958.jpeg","datePublished":"2023-08-22T16:55:15+00:00","dateModified":"2023-08-22T16:56:28+00:00","author":{"@id":"https:\/\/quehacerpolitico.mx\/#\/schema\/person\/496d8ad2d1d3f8036101dca7ee39e585"},"breadcrumb":{"@id":"https:\/\/quehacerpolitico.mx\/?p=103955#breadcrumb"},"inLanguage":"es","potentialAction":[{"@type":"ReadAction","target":["https:\/\/quehacerpolitico.mx\/?p=103955"]}]},{"@type":"ImageObject","inLanguage":"es","@id":"https:\/\/quehacerpolitico.mx\/?p=103955#primaryimage","url":"https:\/\/quehacerpolitico.mx\/wp-content\/uploads\/2023\/08\/IMG_9958.jpeg","contentUrl":"https:\/\/quehacerpolitico.mx\/wp-content\/uploads\/2023\/08\/IMG_9958.jpeg","width":1278,"height":683},{"@type":"BreadcrumbList","@id":"https:\/\/quehacerpolitico.mx\/?p=103955#breadcrumb","itemListElement":[{"@type":"ListItem","position":1,"name":"Inicio","item":"https:\/\/quehacerpolitico.mx\/"},{"@type":"ListItem","position":2,"name":"\u00a0\u201cPor primera vez en d\u00e9cadas, a lo mejor en siglos\u201d, el\u00a0Gobierno no se involucra\u00a0en las elecciones: Lopez Obrador"}]},{"@type":"WebSite","@id":"https:\/\/quehacerpolitico.mx\/#website","url":"https:\/\/quehacerpolitico.mx\/","name":"","description":"","potentialAction":[{"@type":"SearchAction","target":{"@type":"EntryPoint","urlTemplate":"https:\/\/quehacerpolitico.mx\/?s={search_term_string}"},"query-input":{"@type":"PropertyValueSpecification","valueRequired":true,"valueName":"search_term_string"}}],"inLanguage":"es"},{"@type":"Person","@id":"https:\/\/quehacerpolitico.mx\/#\/schema\/person\/496d8ad2d1d3f8036101dca7ee39e585","name":"Redacci\u00f3n QP","image":{"@type":"ImageObject","inLanguage":"es","@id":"https:\/\/secure.gravatar.com\/avatar\/c7164ed6fdec453195284ad24a5ae5b6e1eed2b848477fa2a4787ba9adf39a41?s=96&d=mm&r=g","url":"https:\/\/secure.gravatar.com\/avatar\/c7164ed6fdec453195284ad24a5ae5b6e1eed2b848477fa2a4787ba9adf39a41?s=96&d=mm&r=g","contentUrl":"https:\/\/secure.gravatar.com\/avatar\/c7164ed6fdec453195284ad24a5ae5b6e1eed2b848477fa2a4787ba9adf39a41?s=96&d=mm&r=g","caption":"Redacci\u00f3n QP"},"url":"https:\/\/quehacerpolitico.mx\/?author=2"}]}},"featured_image_urls":{"full":["https:\/\/quehacerpolitico.mx\/wp-content\/uploads\/2023\/08\/IMG_9958.jpeg",1278,683,false],"thumbnail":["https:\/\/quehacerpolitico.mx\/wp-content\/uploads\/2023\/08\/IMG_9958-150x150.jpeg",150,150,true],"medium":["https:\/\/quehacerpolitico.mx\/wp-content\/uploads\/2023\/08\/IMG_9958-300x160.jpeg",300,160,true],"medium_large":["https:\/\/quehacerpolitico.mx\/wp-content\/uploads\/2023\/08\/IMG_9958-768x410.jpeg",640,342,true],"large":["https:\/\/quehacerpolitico.mx\/wp-content\/uploads\/2023\/08\/IMG_9958-1024x547.jpeg",640,342,true],"1536x1536":["https:\/\/quehacerpolitico.mx\/wp-content\/uploads\/2023\/08\/IMG_9958.jpeg",1278,683,false],"2048x2048":["https:\/\/quehacerpolitico.mx\/wp-content\/uploads\/2023\/08\/IMG_9958.jpeg",1278,683,false],"covernews-featured":["https:\/\/quehacerpolitico.mx\/wp-content\/uploads\/2023\/08\/IMG_9958.jpeg",1024,547,false],"covernews-medium":["https:\/\/quehacerpolitico.mx\/wp-content\/uploads\/2023\/08\/IMG_9958.jpeg",540,289,false]},"author_info":{"display_name":"Redacci\u00f3n QP","author_link":"https:\/\/quehacerpolitico.mx\/?author=2"},"category_info":"<a href=\"https:\/\/quehacerpolitico.mx\/?cat=2\" rel=\"category\">Noticias<\/a>","tag_info":"Noticias","comment_count":"0","_links":{"self":[{"href":"https:\/\/quehacerpolitico.mx\/index.php?rest_route=\/wp\/v2\/posts\/103955","targetHints":{"allow":["GET"]}}],"collection":[{"href":"https:\/\/quehacerpolitico.mx\/index.php?rest_route=\/wp\/v2\/posts"}],"about":[{"href":"https:\/\/quehacerpolitico.mx\/index.php?rest_route=\/wp\/v2\/types\/post"}],"author":[{"embeddable":true,"href":"https:\/\/quehacerpolitico.mx\/index.php?rest_route=\/wp\/v2\/users\/2"}],"replies":[{"embeddable":true,"href":"https:\/\/quehacerpolitico.mx\/index.php?rest_route=%2Fwp%2Fv2%2Fcomments&post=103955"}],"version-history":[{"count":2,"href":"https:\/\/quehacerpolitico.mx\/index.php?rest_route=\/wp\/v2\/posts\/103955\/revisions"}],"predecessor-version":[{"id":103958,"href":"https:\/\/quehacerpolitico.mx\/index.php?rest_route=\/wp\/v2\/posts\/103955\/revisions\/103958"}],"wp:featuredmedia":[{"embeddable":true,"href":"https:\/\/quehacerpolitico.mx\/index.php?rest_route=\/wp\/v2\/media\/103957"}],"wp:attachment":[{"href":"https:\/\/quehacerpolitico.mx\/index.php?rest_route=%2Fwp%2Fv2%2Fmedia&parent=103955"}],"wp:term":[{"taxonomy":"category","embeddable":true,"href":"https:\/\/quehacerpolitico.mx\/index.php?rest_route=%2Fwp%2Fv2%2Fcategories&post=103955"},{"taxonomy":"post_tag","embeddable":true,"href":"https:\/\/quehacerpolitico.mx\/index.php?rest_route=%2Fwp%2Fv2%2Ftags&post=103955"}],"curies":[{"name":"wp","href":"https:\/\/api.w.org\/{rel}","templated":true}]}}