{"id":103941,"date":"2023-08-22T03:09:38","date_gmt":"2023-08-22T03:09:38","guid":{"rendered":"https:\/\/quehacerpolitico.mx\/?p=103941"},"modified":"2023-08-22T03:09:40","modified_gmt":"2023-08-22T03:09:40","slug":"se-inunda-el-aeropuerto-internacional-de-la-cdmx","status":"publish","type":"post","link":"https:\/\/quehacerpolitico.mx\/?p=103941","title":{"rendered":"Se inunda el Aeropuerto Internacional de la CDMX"},"content":{"rendered":"\n<p>Por Redacci\u00f3n QP<\/p>\n\n\n\n<p>Las lluvias de este lunes inundaron el Aeropuerto Internacional de la Ciudad de M\u00e9xico<\/p>\n\n\n\n<p>El<strong>\u00a0Aeropuerto Internacional de la Ciudad de M\u00e9xico<\/strong>\u00a0es uno de los m\u00e1s importantes del pa\u00eds y el d\u00eda de hoy,\u00a0<strong>las terminales 1 y 2 del\u00a0AICM\u00a0sufrieron da\u00f1os debido a que alrededor de las 16:30 horas cayeron 190 mil\u00edmetros de lluvia<\/strong>, lo cual es una cantidad extraordinaria, seg\u00fan confirmaron las autoridades del AICM.<\/p>\n\n\n\n<figure class=\"wp-block-embed is-type-video is-provider-youtube wp-block-embed-youtube wp-embed-aspect-16-9 wp-has-aspect-ratio\"><div class=\"wp-block-embed__wrapper\">\n<iframe loading=\"lazy\" title=\"Lluvias inundan el AICM y provocan que se caigan plafones en la Terminal 1\" width=\"640\" height=\"360\" src=\"https:\/\/www.youtube.com\/embed\/GyuLO7PM6NU?feature=oembed\" frameborder=\"0\" allow=\"accelerometer; autoplay; clipboard-write; encrypted-media; gyroscope; picture-in-picture; web-share\" referrerpolicy=\"strict-origin-when-cross-origin\" allowfullscreen><\/iframe>\n<\/div><\/figure>\n\n\n\n<p>En un comunicado emitido por el AICM, el aeropuerto Internacional Benito Ju\u00e1rez de Ciudad de M\u00e9xico confirm\u00f3 que, los 190 milimetros de lluvia, son impacantes, pues normalmente se registran de 20 a 30 milimetros.<\/p>\n\n\n\n<p>Dicha situaci\u00f3n ocasion\u00f3 que<strong>\u00a0se da\u00f1aran los sistemas pluviales, da\u00f1ando tambi\u00e9n diversos desag\u00fces y plafones de la Terminal\u00a01.<\/strong>\u00a0Asimismo se form\u00f3 un encharcamiento en la pista 05L\/23R, que por seguridad tuvo que cerrarse.<\/p>\n\n\n\n<p>Por la misma raz\u00f3n, la<strong>&nbsp;avenida Capit\u00e1n Carlos Le\u00f3n<\/strong>se inund\u00f3, lo que provoc\u00f3 que el arribo de pasajeros se complicara. Bajo estas circunstancias, los equipos del aeropuerto actuaron de inmediato para efectuar limpieza y reparaci\u00f3n de da\u00f1os en la Terminal 1, as\u00ed como el desazolve de desag\u00fces y pistas.<\/p>\n\n\n\n<p>Estas acciones garantizaron la seguridad de las operaciones a\u00e9reas y disminuyeron la afectaci\u00f3n de los usuarios en las terminales.<\/p>\n\n\n\n<p>Afortunadamente no se reportaron heridos ni lesionados debido a las inundaciones y el colapso de la construcci\u00f3n.<\/p>\n\n\n\n<figure class=\"wp-block-image size-large\"><img loading=\"lazy\" decoding=\"async\" width=\"791\" height=\"1024\" src=\"https:\/\/quehacerpolitico.mx\/wp-content\/uploads\/2023\/08\/image-63-791x1024.jpeg\" alt=\"\" class=\"wp-image-103942\" srcset=\"https:\/\/quehacerpolitico.mx\/wp-content\/uploads\/2023\/08\/image-63-791x1024.jpeg 791w, https:\/\/quehacerpolitico.mx\/wp-content\/uploads\/2023\/08\/image-63-232x300.jpeg 232w, https:\/\/quehacerpolitico.mx\/wp-content\/uploads\/2023\/08\/image-63-768x994.jpeg 768w, https:\/\/quehacerpolitico.mx\/wp-content\/uploads\/2023\/08\/image-63-113x146.jpeg 113w, https:\/\/quehacerpolitico.mx\/wp-content\/uploads\/2023\/08\/image-63-39x50.jpeg 39w, https:\/\/quehacerpolitico.mx\/wp-content\/uploads\/2023\/08\/image-63-58x75.jpeg 58w, https:\/\/quehacerpolitico.mx\/wp-content\/uploads\/2023\/08\/image-63.jpeg 1164w\" sizes=\"auto, (max-width: 791px) 100vw, 791px\" \/><\/figure>\n","protected":false},"excerpt":{"rendered":"<p>Por Redacci\u00f3n QP Las lluvias de este lunes inundaron el Aeropuerto Internacional de la Ciudad&#8230;<\/p>\n","protected":false},"author":2,"featured_media":103943,"comment_status":"open","ping_status":"open","sticky":false,"template":"","format":"standard","meta":{"_monsterinsights_skip_tracking":false,"_monsterinsights_sitenote_active":false,"_monsterinsights_sitenote_note":"","_monsterinsights_sitenote_category":0,"footnotes":""},"categories":[55],"tags":[],"class_list":["post-103941","post","type-post","status-publish","format-standard","has-post-thumbnail","hentry","category-cdmx"],"yoast_head":"<!-- This site is optimized with the Yoast SEO plugin v27.3 - https:\/\/yoast.com\/product\/yoast-seo-wordpress\/ -->\n<title>Se inunda el Aeropuerto Internacional de la CDMX -<\/title>\n<meta name=\"robots\" content=\"index, follow, max-snippet:-1, max-image-preview:large, max-video-preview:-1\" \/>\n<link rel=\"canonical\" href=\"https:\/\/quehacerpolitico.mx\/?p=103941\" \/>\n<meta property=\"og:locale\" content=\"es_MX\" \/>\n<meta property=\"og:type\" content=\"article\" \/>\n<meta property=\"og:title\" content=\"Se inunda el Aeropuerto Internacional de la CDMX -\" \/>\n<meta property=\"og:description\" content=\"Por Redacci\u00f3n QP Las lluvias de este lunes inundaron el Aeropuerto Internacional de la Ciudad...\" \/>\n<meta property=\"og:url\" content=\"https:\/\/quehacerpolitico.mx\/?p=103941\" \/>\n<meta property=\"article:published_time\" content=\"2023-08-22T03:09:38+00:00\" \/>\n<meta property=\"article:modified_time\" content=\"2023-08-22T03:09:40+00:00\" \/>\n<meta property=\"og:image\" content=\"https:\/\/quehacerpolitico.mx\/wp-content\/uploads\/2023\/08\/IMG_9949.jpeg\" \/>\n\t<meta property=\"og:image:width\" content=\"1277\" \/>\n\t<meta property=\"og:image:height\" content=\"1216\" \/>\n\t<meta property=\"og:image:type\" content=\"image\/jpeg\" \/>\n<meta name=\"author\" content=\"Redacci\u00f3n QP\" \/>\n<meta name=\"twitter:card\" content=\"summary_large_image\" \/>\n<meta name=\"twitter:label1\" content=\"Escrito por\" \/>\n\t<meta name=\"twitter:data1\" content=\"Redacci\u00f3n QP\" \/>\n\t<meta name=\"twitter:label2\" content=\"Tiempo de lectura\" \/>\n\t<meta name=\"twitter:data2\" content=\"1 minuto\" \/>\n<script type=\"application\/ld+json\" class=\"yoast-schema-graph\">{\"@context\":\"https:\\\/\\\/schema.org\",\"@graph\":[{\"@type\":\"Article\",\"@id\":\"https:\\\/\\\/quehacerpolitico.mx\\\/?p=103941#article\",\"isPartOf\":{\"@id\":\"https:\\\/\\\/quehacerpolitico.mx\\\/?p=103941\"},\"author\":{\"name\":\"Redacci\u00f3n QP\",\"@id\":\"https:\\\/\\\/quehacerpolitico.mx\\\/#\\\/schema\\\/person\\\/496d8ad2d1d3f8036101dca7ee39e585\"},\"headline\":\"Se inunda el Aeropuerto Internacional de la CDMX\",\"datePublished\":\"2023-08-22T03:09:38+00:00\",\"dateModified\":\"2023-08-22T03:09:40+00:00\",\"mainEntityOfPage\":{\"@id\":\"https:\\\/\\\/quehacerpolitico.mx\\\/?p=103941\"},\"wordCount\":257,\"commentCount\":0,\"image\":{\"@id\":\"https:\\\/\\\/quehacerpolitico.mx\\\/?p=103941#primaryimage\"},\"thumbnailUrl\":\"https:\\\/\\\/quehacerpolitico.mx\\\/wp-content\\\/uploads\\\/2023\\\/08\\\/IMG_9949.jpeg\",\"articleSection\":[\"CDMX\"],\"inLanguage\":\"es\",\"potentialAction\":[{\"@type\":\"CommentAction\",\"name\":\"Comment\",\"target\":[\"https:\\\/\\\/quehacerpolitico.mx\\\/?p=103941#respond\"]}]},{\"@type\":\"WebPage\",\"@id\":\"https:\\\/\\\/quehacerpolitico.mx\\\/?p=103941\",\"url\":\"https:\\\/\\\/quehacerpolitico.mx\\\/?p=103941\",\"name\":\"Se inunda el Aeropuerto Internacional de la CDMX -\",\"isPartOf\":{\"@id\":\"https:\\\/\\\/quehacerpolitico.mx\\\/#website\"},\"primaryImageOfPage\":{\"@id\":\"https:\\\/\\\/quehacerpolitico.mx\\\/?p=103941#primaryimage\"},\"image\":{\"@id\":\"https:\\\/\\\/quehacerpolitico.mx\\\/?p=103941#primaryimage\"},\"thumbnailUrl\":\"https:\\\/\\\/quehacerpolitico.mx\\\/wp-content\\\/uploads\\\/2023\\\/08\\\/IMG_9949.jpeg\",\"datePublished\":\"2023-08-22T03:09:38+00:00\",\"dateModified\":\"2023-08-22T03:09:40+00:00\",\"author\":{\"@id\":\"https:\\\/\\\/quehacerpolitico.mx\\\/#\\\/schema\\\/person\\\/496d8ad2d1d3f8036101dca7ee39e585\"},\"breadcrumb\":{\"@id\":\"https:\\\/\\\/quehacerpolitico.mx\\\/?p=103941#breadcrumb\"},\"inLanguage\":\"es\",\"potentialAction\":[{\"@type\":\"ReadAction\",\"target\":[\"https:\\\/\\\/quehacerpolitico.mx\\\/?p=103941\"]}]},{\"@type\":\"ImageObject\",\"inLanguage\":\"es\",\"@id\":\"https:\\\/\\\/quehacerpolitico.mx\\\/?p=103941#primaryimage\",\"url\":\"https:\\\/\\\/quehacerpolitico.mx\\\/wp-content\\\/uploads\\\/2023\\\/08\\\/IMG_9949.jpeg\",\"contentUrl\":\"https:\\\/\\\/quehacerpolitico.mx\\\/wp-content\\\/uploads\\\/2023\\\/08\\\/IMG_9949.jpeg\",\"width\":1277,\"height\":1216},{\"@type\":\"BreadcrumbList\",\"@id\":\"https:\\\/\\\/quehacerpolitico.mx\\\/?p=103941#breadcrumb\",\"itemListElement\":[{\"@type\":\"ListItem\",\"position\":1,\"name\":\"Inicio\",\"item\":\"https:\\\/\\\/quehacerpolitico.mx\\\/\"},{\"@type\":\"ListItem\",\"position\":2,\"name\":\"Se inunda el Aeropuerto Internacional de la CDMX\"}]},{\"@type\":\"WebSite\",\"@id\":\"https:\\\/\\\/quehacerpolitico.mx\\\/#website\",\"url\":\"https:\\\/\\\/quehacerpolitico.mx\\\/\",\"name\":\"\",\"description\":\"\",\"potentialAction\":[{\"@type\":\"SearchAction\",\"target\":{\"@type\":\"EntryPoint\",\"urlTemplate\":\"https:\\\/\\\/quehacerpolitico.mx\\\/?s={search_term_string}\"},\"query-input\":{\"@type\":\"PropertyValueSpecification\",\"valueRequired\":true,\"valueName\":\"search_term_string\"}}],\"inLanguage\":\"es\"},{\"@type\":\"Person\",\"@id\":\"https:\\\/\\\/quehacerpolitico.mx\\\/#\\\/schema\\\/person\\\/496d8ad2d1d3f8036101dca7ee39e585\",\"name\":\"Redacci\u00f3n QP\",\"image\":{\"@type\":\"ImageObject\",\"inLanguage\":\"es\",\"@id\":\"https:\\\/\\\/secure.gravatar.com\\\/avatar\\\/c7164ed6fdec453195284ad24a5ae5b6e1eed2b848477fa2a4787ba9adf39a41?s=96&d=mm&r=g\",\"url\":\"https:\\\/\\\/secure.gravatar.com\\\/avatar\\\/c7164ed6fdec453195284ad24a5ae5b6e1eed2b848477fa2a4787ba9adf39a41?s=96&d=mm&r=g\",\"contentUrl\":\"https:\\\/\\\/secure.gravatar.com\\\/avatar\\\/c7164ed6fdec453195284ad24a5ae5b6e1eed2b848477fa2a4787ba9adf39a41?s=96&d=mm&r=g\",\"caption\":\"Redacci\u00f3n QP\"},\"url\":\"https:\\\/\\\/quehacerpolitico.mx\\\/?author=2\"}]}<\/script>\n<!-- \/ Yoast SEO plugin. -->","yoast_head_json":{"title":"Se inunda el Aeropuerto Internacional de la CDMX -","robots":{"index":"index","follow":"follow","max-snippet":"max-snippet:-1","max-image-preview":"max-image-preview:large","max-video-preview":"max-video-preview:-1"},"canonical":"https:\/\/quehacerpolitico.mx\/?p=103941","og_locale":"es_MX","og_type":"article","og_title":"Se inunda el Aeropuerto Internacional de la CDMX -","og_description":"Por Redacci\u00f3n QP Las lluvias de este lunes inundaron el Aeropuerto Internacional de la Ciudad...","og_url":"https:\/\/quehacerpolitico.mx\/?p=103941","article_published_time":"2023-08-22T03:09:38+00:00","article_modified_time":"2023-08-22T03:09:40+00:00","og_image":[{"width":1277,"height":1216,"url":"https:\/\/quehacerpolitico.mx\/wp-content\/uploads\/2023\/08\/IMG_9949.jpeg","type":"image\/jpeg"}],"author":"Redacci\u00f3n QP","twitter_card":"summary_large_image","twitter_misc":{"Escrito por":"Redacci\u00f3n QP","Tiempo de lectura":"1 minuto"},"schema":{"@context":"https:\/\/schema.org","@graph":[{"@type":"Article","@id":"https:\/\/quehacerpolitico.mx\/?p=103941#article","isPartOf":{"@id":"https:\/\/quehacerpolitico.mx\/?p=103941"},"author":{"name":"Redacci\u00f3n QP","@id":"https:\/\/quehacerpolitico.mx\/#\/schema\/person\/496d8ad2d1d3f8036101dca7ee39e585"},"headline":"Se inunda el Aeropuerto Internacional de la CDMX","datePublished":"2023-08-22T03:09:38+00:00","dateModified":"2023-08-22T03:09:40+00:00","mainEntityOfPage":{"@id":"https:\/\/quehacerpolitico.mx\/?p=103941"},"wordCount":257,"commentCount":0,"image":{"@id":"https:\/\/quehacerpolitico.mx\/?p=103941#primaryimage"},"thumbnailUrl":"https:\/\/quehacerpolitico.mx\/wp-content\/uploads\/2023\/08\/IMG_9949.jpeg","articleSection":["CDMX"],"inLanguage":"es","potentialAction":[{"@type":"CommentAction","name":"Comment","target":["https:\/\/quehacerpolitico.mx\/?p=103941#respond"]}]},{"@type":"WebPage","@id":"https:\/\/quehacerpolitico.mx\/?p=103941","url":"https:\/\/quehacerpolitico.mx\/?p=103941","name":"Se inunda el Aeropuerto Internacional de la CDMX -","isPartOf":{"@id":"https:\/\/quehacerpolitico.mx\/#website"},"primaryImageOfPage":{"@id":"https:\/\/quehacerpolitico.mx\/?p=103941#primaryimage"},"image":{"@id":"https:\/\/quehacerpolitico.mx\/?p=103941#primaryimage"},"thumbnailUrl":"https:\/\/quehacerpolitico.mx\/wp-content\/uploads\/2023\/08\/IMG_9949.jpeg","datePublished":"2023-08-22T03:09:38+00:00","dateModified":"2023-08-22T03:09:40+00:00","author":{"@id":"https:\/\/quehacerpolitico.mx\/#\/schema\/person\/496d8ad2d1d3f8036101dca7ee39e585"},"breadcrumb":{"@id":"https:\/\/quehacerpolitico.mx\/?p=103941#breadcrumb"},"inLanguage":"es","potentialAction":[{"@type":"ReadAction","target":["https:\/\/quehacerpolitico.mx\/?p=103941"]}]},{"@type":"ImageObject","inLanguage":"es","@id":"https:\/\/quehacerpolitico.mx\/?p=103941#primaryimage","url":"https:\/\/quehacerpolitico.mx\/wp-content\/uploads\/2023\/08\/IMG_9949.jpeg","contentUrl":"https:\/\/quehacerpolitico.mx\/wp-content\/uploads\/2023\/08\/IMG_9949.jpeg","width":1277,"height":1216},{"@type":"BreadcrumbList","@id":"https:\/\/quehacerpolitico.mx\/?p=103941#breadcrumb","itemListElement":[{"@type":"ListItem","position":1,"name":"Inicio","item":"https:\/\/quehacerpolitico.mx\/"},{"@type":"ListItem","position":2,"name":"Se inunda el Aeropuerto Internacional de la CDMX"}]},{"@type":"WebSite","@id":"https:\/\/quehacerpolitico.mx\/#website","url":"https:\/\/quehacerpolitico.mx\/","name":"","description":"","potentialAction":[{"@type":"SearchAction","target":{"@type":"EntryPoint","urlTemplate":"https:\/\/quehacerpolitico.mx\/?s={search_term_string}"},"query-input":{"@type":"PropertyValueSpecification","valueRequired":true,"valueName":"search_term_string"}}],"inLanguage":"es"},{"@type":"Person","@id":"https:\/\/quehacerpolitico.mx\/#\/schema\/person\/496d8ad2d1d3f8036101dca7ee39e585","name":"Redacci\u00f3n QP","image":{"@type":"ImageObject","inLanguage":"es","@id":"https:\/\/secure.gravatar.com\/avatar\/c7164ed6fdec453195284ad24a5ae5b6e1eed2b848477fa2a4787ba9adf39a41?s=96&d=mm&r=g","url":"https:\/\/secure.gravatar.com\/avatar\/c7164ed6fdec453195284ad24a5ae5b6e1eed2b848477fa2a4787ba9adf39a41?s=96&d=mm&r=g","contentUrl":"https:\/\/secure.gravatar.com\/avatar\/c7164ed6fdec453195284ad24a5ae5b6e1eed2b848477fa2a4787ba9adf39a41?s=96&d=mm&r=g","caption":"Redacci\u00f3n QP"},"url":"https:\/\/quehacerpolitico.mx\/?author=2"}]}},"featured_image_urls":{"full":["https:\/\/quehacerpolitico.mx\/wp-content\/uploads\/2023\/08\/IMG_9949.jpeg",1277,1216,false],"thumbnail":["https:\/\/quehacerpolitico.mx\/wp-content\/uploads\/2023\/08\/IMG_9949-150x150.jpeg",150,150,true],"medium":["https:\/\/quehacerpolitico.mx\/wp-content\/uploads\/2023\/08\/IMG_9949-300x286.jpeg",300,286,true],"medium_large":["https:\/\/quehacerpolitico.mx\/wp-content\/uploads\/2023\/08\/IMG_9949-768x731.jpeg",640,609,true],"large":["https:\/\/quehacerpolitico.mx\/wp-content\/uploads\/2023\/08\/IMG_9949-1024x975.jpeg",640,609,true],"1536x1536":["https:\/\/quehacerpolitico.mx\/wp-content\/uploads\/2023\/08\/IMG_9949.jpeg",1277,1216,false],"2048x2048":["https:\/\/quehacerpolitico.mx\/wp-content\/uploads\/2023\/08\/IMG_9949.jpeg",1277,1216,false],"covernews-featured":["https:\/\/quehacerpolitico.mx\/wp-content\/uploads\/2023\/08\/IMG_9949.jpeg",1024,975,false],"covernews-medium":["https:\/\/quehacerpolitico.mx\/wp-content\/uploads\/2023\/08\/IMG_9949.jpeg",357,340,false]},"author_info":{"display_name":"Redacci\u00f3n QP","author_link":"https:\/\/quehacerpolitico.mx\/?author=2"},"category_info":"<a href=\"https:\/\/quehacerpolitico.mx\/?cat=55\" rel=\"category\">CDMX<\/a>","tag_info":"CDMX","comment_count":"0","_links":{"self":[{"href":"https:\/\/quehacerpolitico.mx\/index.php?rest_route=\/wp\/v2\/posts\/103941","targetHints":{"allow":["GET"]}}],"collection":[{"href":"https:\/\/quehacerpolitico.mx\/index.php?rest_route=\/wp\/v2\/posts"}],"about":[{"href":"https:\/\/quehacerpolitico.mx\/index.php?rest_route=\/wp\/v2\/types\/post"}],"author":[{"embeddable":true,"href":"https:\/\/quehacerpolitico.mx\/index.php?rest_route=\/wp\/v2\/users\/2"}],"replies":[{"embeddable":true,"href":"https:\/\/quehacerpolitico.mx\/index.php?rest_route=%2Fwp%2Fv2%2Fcomments&post=103941"}],"version-history":[{"count":1,"href":"https:\/\/quehacerpolitico.mx\/index.php?rest_route=\/wp\/v2\/posts\/103941\/revisions"}],"predecessor-version":[{"id":103944,"href":"https:\/\/quehacerpolitico.mx\/index.php?rest_route=\/wp\/v2\/posts\/103941\/revisions\/103944"}],"wp:featuredmedia":[{"embeddable":true,"href":"https:\/\/quehacerpolitico.mx\/index.php?rest_route=\/wp\/v2\/media\/103943"}],"wp:attachment":[{"href":"https:\/\/quehacerpolitico.mx\/index.php?rest_route=%2Fwp%2Fv2%2Fmedia&parent=103941"}],"wp:term":[{"taxonomy":"category","embeddable":true,"href":"https:\/\/quehacerpolitico.mx\/index.php?rest_route=%2Fwp%2Fv2%2Fcategories&post=103941"},{"taxonomy":"post_tag","embeddable":true,"href":"https:\/\/quehacerpolitico.mx\/index.php?rest_route=%2Fwp%2Fv2%2Ftags&post=103941"}],"curies":[{"name":"wp","href":"https:\/\/api.w.org\/{rel}","templated":true}]}}