{"id":103916,"date":"2023-08-21T20:18:20","date_gmt":"2023-08-21T20:18:20","guid":{"rendered":"https:\/\/quehacerpolitico.mx\/?p=103916"},"modified":"2023-08-21T20:18:23","modified_gmt":"2023-08-21T20:18:23","slug":"terrible-miguel-bose-es-asaltado-por-10-hombres-armados-en-su-casa-en-cdmx","status":"publish","type":"post","link":"https:\/\/quehacerpolitico.mx\/?p=103916","title":{"rendered":"\u00a1Terrible! Miguel Bos\u00e9 es asaltado por 10 hombres armados en su casa en CDMX"},"content":{"rendered":"\n<p>Por Redacci\u00f3n QP<\/p>\n\n\n\n<p>Este fue el momento terrible que vivi\u00f3 el cantante Miguel Bos\u00e9; a continuaci\u00f3n los detalles<\/p>\n\n\n\n<p>El famoso cantante\u00a0<strong>Miguel Bos\u00e9\u00a0<\/strong>este lunes asegur\u00f3 que fue victima de un terrible y violento asalto en su casa en la Ciudad de M\u00e9xico, el cual un grupo de\u00a0<strong>10 sujetos armados lo retuvieron<\/strong>\u00a0a \u00e9l y a sus hijos por m\u00e1s de dos horas.<\/p>\n\n\n\n<figure class=\"wp-block-embed is-type-video is-provider-youtube wp-block-embed-youtube wp-embed-aspect-16-9 wp-has-aspect-ratio\"><div class=\"wp-block-embed__wrapper\">\n<iframe loading=\"lazy\" title=\"MIGUEL BOS\u00c9 SUFRE ASALTO ARMADO EN SU PROPIA CASA\" width=\"640\" height=\"360\" src=\"https:\/\/www.youtube.com\/embed\/kklDshBXqRI?feature=oembed\" frameborder=\"0\" allow=\"accelerometer; autoplay; clipboard-write; encrypted-media; gyroscope; picture-in-picture; web-share\" referrerpolicy=\"strict-origin-when-cross-origin\" allowfullscreen><\/iframe>\n<\/div><\/figure>\n\n\n\n<p>&#8220;<strong>Queridos amigos, el viernes por la noche un comando de 10 sujetos armados irrumpi\u00f3 en mi domicilio, nos asaltaron, nos tuvieron atados a mis hijos, al personal de la casa y a m\u00ed durante m\u00e1s de dos horas<\/strong>&#8220;, dijo el int\u00e9rprete en una publicaci\u00f3n en su cuenta oficial de Instagram.<\/p>\n\n\n\n<figure class=\"wp-block-image size-large\"><img loading=\"lazy\" decoding=\"async\" width=\"645\" height=\"1024\" src=\"https:\/\/quehacerpolitico.mx\/wp-content\/uploads\/2023\/08\/image-53-645x1024.jpeg\" alt=\"\" class=\"wp-image-103917\" srcset=\"https:\/\/quehacerpolitico.mx\/wp-content\/uploads\/2023\/08\/image-53-645x1024.jpeg 645w, https:\/\/quehacerpolitico.mx\/wp-content\/uploads\/2023\/08\/image-53-189x300.jpeg 189w, https:\/\/quehacerpolitico.mx\/wp-content\/uploads\/2023\/08\/image-53-768x1218.jpeg 768w, https:\/\/quehacerpolitico.mx\/wp-content\/uploads\/2023\/08\/image-53-968x1536.jpeg 968w, https:\/\/quehacerpolitico.mx\/wp-content\/uploads\/2023\/08\/image-53-92x146.jpeg 92w, https:\/\/quehacerpolitico.mx\/wp-content\/uploads\/2023\/08\/image-53-32x50.jpeg 32w, https:\/\/quehacerpolitico.mx\/wp-content\/uploads\/2023\/08\/image-53-47x75.jpeg 47w, https:\/\/quehacerpolitico.mx\/wp-content\/uploads\/2023\/08\/image-53.jpeg 1178w\" sizes=\"auto, (max-width: 645px) 100vw, 645px\" \/><\/figure>\n\n\n\n<p>El artista espa\u00f1ol, mismo que dijo que no abandonar\u00e1 M\u00e9xico,\u00a0<strong>afirm\u00f3 que todos se encuentran bien, solo que los ladrones se llevaron &#8220;todo\u00a0incluyendo el coche&#8221;\u00a0<\/strong>y que el crimen parec\u00eda estar muy bien estudiado y milimetrado.<\/p>\n\n\n\n<p>Asimismo, refiri\u00f3 que todo fue muy tenso, delicado y desagradable, pero agradeci\u00f3 el apoyo y la preocupaci\u00f3n constante demostrada por su gente.<\/p>\n\n\n\n<p>&#8220;<strong>Quedad tranquilos, a mis vecinos de urbanizaci\u00f3n, los primeros en llegar, mil gracias de coraz\u00f3n<\/strong>&#8220;, se\u00f1al\u00f3.<\/p>\n\n\n\n<p>En cambio, tambi\u00e9n pidi\u00f3 a la gente no especular, especialmente luego de algunas versiones en la prensa de entretenimiento que dijeron que abandonar\u00eda el pa\u00eds, donde reside desde 2018.<\/p>\n\n\n\n<p>&#8220;<strong>Siento mucho decepcionarles, aqu\u00ed estoy y aqu\u00ed me quedar\u00e9 para hacer frente a lo que sea, en el pa\u00eds m\u00e1s hospitalario del planeta. Seguimos<\/strong>&#8220;, concluy\u00f3.<\/p>\n\n\n\n<figure class=\"wp-block-image size-large is-resized\"><img loading=\"lazy\" decoding=\"async\" src=\"https:\/\/quehacerpolitico.mx\/wp-content\/uploads\/2023\/08\/image-57-1024x602.jpeg\" alt=\"\" class=\"wp-image-103921\" style=\"width:658px;height:387px\" width=\"658\" height=\"387\" srcset=\"https:\/\/quehacerpolitico.mx\/wp-content\/uploads\/2023\/08\/image-57-1024x602.jpeg 1024w, https:\/\/quehacerpolitico.mx\/wp-content\/uploads\/2023\/08\/image-57-300x176.jpeg 300w, https:\/\/quehacerpolitico.mx\/wp-content\/uploads\/2023\/08\/image-57-768x452.jpeg 768w, https:\/\/quehacerpolitico.mx\/wp-content\/uploads\/2023\/08\/image-57-248x146.jpeg 248w, https:\/\/quehacerpolitico.mx\/wp-content\/uploads\/2023\/08\/image-57-50x29.jpeg 50w, https:\/\/quehacerpolitico.mx\/wp-content\/uploads\/2023\/08\/image-57-128x75.jpeg 128w, https:\/\/quehacerpolitico.mx\/wp-content\/uploads\/2023\/08\/image-57.jpeg 1177w\" sizes=\"auto, (max-width: 658px) 100vw, 658px\" \/><\/figure>\n\n\n\n<figure class=\"wp-block-image size-large\"><img loading=\"lazy\" decoding=\"async\" width=\"1024\" height=\"581\" src=\"https:\/\/quehacerpolitico.mx\/wp-content\/uploads\/2023\/08\/image-56-1024x581.jpeg\" alt=\"\" class=\"wp-image-103920\" srcset=\"https:\/\/quehacerpolitico.mx\/wp-content\/uploads\/2023\/08\/image-56-1024x581.jpeg 1024w, https:\/\/quehacerpolitico.mx\/wp-content\/uploads\/2023\/08\/image-56-300x170.jpeg 300w, https:\/\/quehacerpolitico.mx\/wp-content\/uploads\/2023\/08\/image-56-768x436.jpeg 768w, https:\/\/quehacerpolitico.mx\/wp-content\/uploads\/2023\/08\/image-56-257x146.jpeg 257w, https:\/\/quehacerpolitico.mx\/wp-content\/uploads\/2023\/08\/image-56-50x28.jpeg 50w, https:\/\/quehacerpolitico.mx\/wp-content\/uploads\/2023\/08\/image-56-132x75.jpeg 132w, https:\/\/quehacerpolitico.mx\/wp-content\/uploads\/2023\/08\/image-56.jpeg 1164w\" sizes=\"auto, (max-width: 1024px) 100vw, 1024px\" \/><\/figure>\n\n\n\n<figure class=\"wp-block-image size-large\"><img loading=\"lazy\" decoding=\"async\" width=\"1024\" height=\"545\" src=\"https:\/\/quehacerpolitico.mx\/wp-content\/uploads\/2023\/08\/image-55-1024x545.jpeg\" alt=\"\" class=\"wp-image-103919\" srcset=\"https:\/\/quehacerpolitico.mx\/wp-content\/uploads\/2023\/08\/image-55-1024x545.jpeg 1024w, https:\/\/quehacerpolitico.mx\/wp-content\/uploads\/2023\/08\/image-55-300x160.jpeg 300w, https:\/\/quehacerpolitico.mx\/wp-content\/uploads\/2023\/08\/image-55-768x409.jpeg 768w, https:\/\/quehacerpolitico.mx\/wp-content\/uploads\/2023\/08\/image-55-260x138.jpeg 260w, https:\/\/quehacerpolitico.mx\/wp-content\/uploads\/2023\/08\/image-55-50x27.jpeg 50w, https:\/\/quehacerpolitico.mx\/wp-content\/uploads\/2023\/08\/image-55-141x75.jpeg 141w, https:\/\/quehacerpolitico.mx\/wp-content\/uploads\/2023\/08\/image-55.jpeg 1094w\" sizes=\"auto, (max-width: 1024px) 100vw, 1024px\" \/><\/figure>\n\n\n\n<figure class=\"wp-block-image size-large\"><img loading=\"lazy\" decoding=\"async\" width=\"647\" height=\"1024\" src=\"https:\/\/quehacerpolitico.mx\/wp-content\/uploads\/2023\/08\/image-54-647x1024.jpeg\" alt=\"\" class=\"wp-image-103918\" srcset=\"https:\/\/quehacerpolitico.mx\/wp-content\/uploads\/2023\/08\/image-54-647x1024.jpeg 647w, https:\/\/quehacerpolitico.mx\/wp-content\/uploads\/2023\/08\/image-54-190x300.jpeg 190w, https:\/\/quehacerpolitico.mx\/wp-content\/uploads\/2023\/08\/image-54-92x146.jpeg 92w, https:\/\/quehacerpolitico.mx\/wp-content\/uploads\/2023\/08\/image-54-32x50.jpeg 32w, https:\/\/quehacerpolitico.mx\/wp-content\/uploads\/2023\/08\/image-54-47x75.jpeg 47w, https:\/\/quehacerpolitico.mx\/wp-content\/uploads\/2023\/08\/image-54.jpeg 765w\" sizes=\"auto, (max-width: 647px) 100vw, 647px\" \/><\/figure>\n\n\n\n<p>Seg\u00fan algunas versiones de periodistas de espect\u00e1culos de M\u00e9xico,&nbsp;<strong>los delincuentes sorprendieron a Bos\u00e9 en la parte de abajo de la casa, mientras que sus hijos se encontraban en la parte de arriba<\/strong>. Entonces, los sujetos habr\u00edan encerrado en una habitaci\u00f3n al artista junto con sus hijos y los trabajadores del hogar, quienes se encontraban en su domicilio mientras realizaban el atraco.<\/p>\n\n\n\n<p>Los asaltantes, seg\u00fan la prensa, robaron joyas, dinero en efectivo y una camioneta de lujo con la que se dieron a la fuga.\u00a0Las autoridades de Ciudad de M\u00e9xico no se han pronunciado al respecto aunque, de acuerdo, con informaci\u00f3n de algunos medios, el int\u00e9rprete de temas como &#8220;Don Diablo&#8221; y &#8220;Si tu no vuelves&#8221; no ha interpuesto ninguna denuncia por el asalto.<\/p>\n\n\n\n<p>Con Informaci\u00f3n de EFE<\/p>\n","protected":false},"excerpt":{"rendered":"<p>Por Redacci\u00f3n QP Este fue el momento terrible que vivi\u00f3 el cantante Miguel Bos\u00e9; a&#8230;<\/p>\n","protected":false},"author":2,"featured_media":103922,"comment_status":"open","ping_status":"open","sticky":false,"template":"","format":"standard","meta":{"_monsterinsights_skip_tracking":false,"_monsterinsights_sitenote_active":false,"_monsterinsights_sitenote_note":"","_monsterinsights_sitenote_category":0,"footnotes":""},"categories":[58],"tags":[],"class_list":["post-103916","post","type-post","status-publish","format-standard","has-post-thumbnail","hentry","category-cultura"],"yoast_head":"<!-- This site is optimized with the Yoast SEO plugin v27.3 - https:\/\/yoast.com\/product\/yoast-seo-wordpress\/ -->\n<title>\u00a1Terrible! Miguel Bos\u00e9 es asaltado por 10 hombres armados en su casa en CDMX -<\/title>\n<meta name=\"robots\" content=\"index, follow, max-snippet:-1, max-image-preview:large, max-video-preview:-1\" \/>\n<link rel=\"canonical\" href=\"https:\/\/quehacerpolitico.mx\/?p=103916\" \/>\n<meta property=\"og:locale\" content=\"es_MX\" \/>\n<meta property=\"og:type\" content=\"article\" \/>\n<meta property=\"og:title\" content=\"\u00a1Terrible! Miguel Bos\u00e9 es asaltado por 10 hombres armados en su casa en CDMX -\" \/>\n<meta property=\"og:description\" content=\"Por Redacci\u00f3n QP Este fue el momento terrible que vivi\u00f3 el cantante Miguel Bos\u00e9; a...\" \/>\n<meta property=\"og:url\" content=\"https:\/\/quehacerpolitico.mx\/?p=103916\" \/>\n<meta property=\"article:published_time\" content=\"2023-08-21T20:18:20+00:00\" \/>\n<meta property=\"article:modified_time\" content=\"2023-08-21T20:18:23+00:00\" \/>\n<meta property=\"og:image\" content=\"https:\/\/quehacerpolitico.mx\/wp-content\/uploads\/2023\/08\/IMG_9931.jpeg\" \/>\n\t<meta property=\"og:image:width\" content=\"739\" \/>\n\t<meta property=\"og:image:height\" content=\"415\" \/>\n\t<meta property=\"og:image:type\" content=\"image\/jpeg\" \/>\n<meta name=\"author\" content=\"Redacci\u00f3n QP\" \/>\n<meta name=\"twitter:card\" content=\"summary_large_image\" \/>\n<meta name=\"twitter:label1\" content=\"Escrito por\" \/>\n\t<meta name=\"twitter:data1\" content=\"Redacci\u00f3n QP\" \/>\n\t<meta name=\"twitter:label2\" content=\"Tiempo de lectura\" \/>\n\t<meta name=\"twitter:data2\" content=\"2 minutos\" \/>\n<script type=\"application\/ld+json\" class=\"yoast-schema-graph\">{\"@context\":\"https:\\\/\\\/schema.org\",\"@graph\":[{\"@type\":\"Article\",\"@id\":\"https:\\\/\\\/quehacerpolitico.mx\\\/?p=103916#article\",\"isPartOf\":{\"@id\":\"https:\\\/\\\/quehacerpolitico.mx\\\/?p=103916\"},\"author\":{\"name\":\"Redacci\u00f3n QP\",\"@id\":\"https:\\\/\\\/quehacerpolitico.mx\\\/#\\\/schema\\\/person\\\/496d8ad2d1d3f8036101dca7ee39e585\"},\"headline\":\"\u00a1Terrible! Miguel Bos\u00e9 es asaltado por 10 hombres armados en su casa en CDMX\",\"datePublished\":\"2023-08-21T20:18:20+00:00\",\"dateModified\":\"2023-08-21T20:18:23+00:00\",\"mainEntityOfPage\":{\"@id\":\"https:\\\/\\\/quehacerpolitico.mx\\\/?p=103916\"},\"wordCount\":416,\"commentCount\":0,\"image\":{\"@id\":\"https:\\\/\\\/quehacerpolitico.mx\\\/?p=103916#primaryimage\"},\"thumbnailUrl\":\"https:\\\/\\\/quehacerpolitico.mx\\\/wp-content\\\/uploads\\\/2023\\\/08\\\/IMG_9931.jpeg\",\"articleSection\":[\"Cultura y Entretenimiento\"],\"inLanguage\":\"es\",\"potentialAction\":[{\"@type\":\"CommentAction\",\"name\":\"Comment\",\"target\":[\"https:\\\/\\\/quehacerpolitico.mx\\\/?p=103916#respond\"]}]},{\"@type\":\"WebPage\",\"@id\":\"https:\\\/\\\/quehacerpolitico.mx\\\/?p=103916\",\"url\":\"https:\\\/\\\/quehacerpolitico.mx\\\/?p=103916\",\"name\":\"\u00a1Terrible! Miguel Bos\u00e9 es asaltado por 10 hombres armados en su casa en CDMX -\",\"isPartOf\":{\"@id\":\"https:\\\/\\\/quehacerpolitico.mx\\\/#website\"},\"primaryImageOfPage\":{\"@id\":\"https:\\\/\\\/quehacerpolitico.mx\\\/?p=103916#primaryimage\"},\"image\":{\"@id\":\"https:\\\/\\\/quehacerpolitico.mx\\\/?p=103916#primaryimage\"},\"thumbnailUrl\":\"https:\\\/\\\/quehacerpolitico.mx\\\/wp-content\\\/uploads\\\/2023\\\/08\\\/IMG_9931.jpeg\",\"datePublished\":\"2023-08-21T20:18:20+00:00\",\"dateModified\":\"2023-08-21T20:18:23+00:00\",\"author\":{\"@id\":\"https:\\\/\\\/quehacerpolitico.mx\\\/#\\\/schema\\\/person\\\/496d8ad2d1d3f8036101dca7ee39e585\"},\"breadcrumb\":{\"@id\":\"https:\\\/\\\/quehacerpolitico.mx\\\/?p=103916#breadcrumb\"},\"inLanguage\":\"es\",\"potentialAction\":[{\"@type\":\"ReadAction\",\"target\":[\"https:\\\/\\\/quehacerpolitico.mx\\\/?p=103916\"]}]},{\"@type\":\"ImageObject\",\"inLanguage\":\"es\",\"@id\":\"https:\\\/\\\/quehacerpolitico.mx\\\/?p=103916#primaryimage\",\"url\":\"https:\\\/\\\/quehacerpolitico.mx\\\/wp-content\\\/uploads\\\/2023\\\/08\\\/IMG_9931.jpeg\",\"contentUrl\":\"https:\\\/\\\/quehacerpolitico.mx\\\/wp-content\\\/uploads\\\/2023\\\/08\\\/IMG_9931.jpeg\",\"width\":739,\"height\":415},{\"@type\":\"BreadcrumbList\",\"@id\":\"https:\\\/\\\/quehacerpolitico.mx\\\/?p=103916#breadcrumb\",\"itemListElement\":[{\"@type\":\"ListItem\",\"position\":1,\"name\":\"Inicio\",\"item\":\"https:\\\/\\\/quehacerpolitico.mx\\\/\"},{\"@type\":\"ListItem\",\"position\":2,\"name\":\"\u00a1Terrible! Miguel Bos\u00e9 es asaltado por 10 hombres armados en su casa en CDMX\"}]},{\"@type\":\"WebSite\",\"@id\":\"https:\\\/\\\/quehacerpolitico.mx\\\/#website\",\"url\":\"https:\\\/\\\/quehacerpolitico.mx\\\/\",\"name\":\"\",\"description\":\"\",\"potentialAction\":[{\"@type\":\"SearchAction\",\"target\":{\"@type\":\"EntryPoint\",\"urlTemplate\":\"https:\\\/\\\/quehacerpolitico.mx\\\/?s={search_term_string}\"},\"query-input\":{\"@type\":\"PropertyValueSpecification\",\"valueRequired\":true,\"valueName\":\"search_term_string\"}}],\"inLanguage\":\"es\"},{\"@type\":\"Person\",\"@id\":\"https:\\\/\\\/quehacerpolitico.mx\\\/#\\\/schema\\\/person\\\/496d8ad2d1d3f8036101dca7ee39e585\",\"name\":\"Redacci\u00f3n QP\",\"image\":{\"@type\":\"ImageObject\",\"inLanguage\":\"es\",\"@id\":\"https:\\\/\\\/secure.gravatar.com\\\/avatar\\\/c7164ed6fdec453195284ad24a5ae5b6e1eed2b848477fa2a4787ba9adf39a41?s=96&d=mm&r=g\",\"url\":\"https:\\\/\\\/secure.gravatar.com\\\/avatar\\\/c7164ed6fdec453195284ad24a5ae5b6e1eed2b848477fa2a4787ba9adf39a41?s=96&d=mm&r=g\",\"contentUrl\":\"https:\\\/\\\/secure.gravatar.com\\\/avatar\\\/c7164ed6fdec453195284ad24a5ae5b6e1eed2b848477fa2a4787ba9adf39a41?s=96&d=mm&r=g\",\"caption\":\"Redacci\u00f3n QP\"},\"url\":\"https:\\\/\\\/quehacerpolitico.mx\\\/?author=2\"}]}<\/script>\n<!-- \/ Yoast SEO plugin. -->","yoast_head_json":{"title":"\u00a1Terrible! Miguel Bos\u00e9 es asaltado por 10 hombres armados en su casa en CDMX -","robots":{"index":"index","follow":"follow","max-snippet":"max-snippet:-1","max-image-preview":"max-image-preview:large","max-video-preview":"max-video-preview:-1"},"canonical":"https:\/\/quehacerpolitico.mx\/?p=103916","og_locale":"es_MX","og_type":"article","og_title":"\u00a1Terrible! Miguel Bos\u00e9 es asaltado por 10 hombres armados en su casa en CDMX -","og_description":"Por Redacci\u00f3n QP Este fue el momento terrible que vivi\u00f3 el cantante Miguel Bos\u00e9; a...","og_url":"https:\/\/quehacerpolitico.mx\/?p=103916","article_published_time":"2023-08-21T20:18:20+00:00","article_modified_time":"2023-08-21T20:18:23+00:00","og_image":[{"width":739,"height":415,"url":"https:\/\/quehacerpolitico.mx\/wp-content\/uploads\/2023\/08\/IMG_9931.jpeg","type":"image\/jpeg"}],"author":"Redacci\u00f3n QP","twitter_card":"summary_large_image","twitter_misc":{"Escrito por":"Redacci\u00f3n QP","Tiempo de lectura":"2 minutos"},"schema":{"@context":"https:\/\/schema.org","@graph":[{"@type":"Article","@id":"https:\/\/quehacerpolitico.mx\/?p=103916#article","isPartOf":{"@id":"https:\/\/quehacerpolitico.mx\/?p=103916"},"author":{"name":"Redacci\u00f3n QP","@id":"https:\/\/quehacerpolitico.mx\/#\/schema\/person\/496d8ad2d1d3f8036101dca7ee39e585"},"headline":"\u00a1Terrible! Miguel Bos\u00e9 es asaltado por 10 hombres armados en su casa en CDMX","datePublished":"2023-08-21T20:18:20+00:00","dateModified":"2023-08-21T20:18:23+00:00","mainEntityOfPage":{"@id":"https:\/\/quehacerpolitico.mx\/?p=103916"},"wordCount":416,"commentCount":0,"image":{"@id":"https:\/\/quehacerpolitico.mx\/?p=103916#primaryimage"},"thumbnailUrl":"https:\/\/quehacerpolitico.mx\/wp-content\/uploads\/2023\/08\/IMG_9931.jpeg","articleSection":["Cultura y Entretenimiento"],"inLanguage":"es","potentialAction":[{"@type":"CommentAction","name":"Comment","target":["https:\/\/quehacerpolitico.mx\/?p=103916#respond"]}]},{"@type":"WebPage","@id":"https:\/\/quehacerpolitico.mx\/?p=103916","url":"https:\/\/quehacerpolitico.mx\/?p=103916","name":"\u00a1Terrible! Miguel Bos\u00e9 es asaltado por 10 hombres armados en su casa en CDMX -","isPartOf":{"@id":"https:\/\/quehacerpolitico.mx\/#website"},"primaryImageOfPage":{"@id":"https:\/\/quehacerpolitico.mx\/?p=103916#primaryimage"},"image":{"@id":"https:\/\/quehacerpolitico.mx\/?p=103916#primaryimage"},"thumbnailUrl":"https:\/\/quehacerpolitico.mx\/wp-content\/uploads\/2023\/08\/IMG_9931.jpeg","datePublished":"2023-08-21T20:18:20+00:00","dateModified":"2023-08-21T20:18:23+00:00","author":{"@id":"https:\/\/quehacerpolitico.mx\/#\/schema\/person\/496d8ad2d1d3f8036101dca7ee39e585"},"breadcrumb":{"@id":"https:\/\/quehacerpolitico.mx\/?p=103916#breadcrumb"},"inLanguage":"es","potentialAction":[{"@type":"ReadAction","target":["https:\/\/quehacerpolitico.mx\/?p=103916"]}]},{"@type":"ImageObject","inLanguage":"es","@id":"https:\/\/quehacerpolitico.mx\/?p=103916#primaryimage","url":"https:\/\/quehacerpolitico.mx\/wp-content\/uploads\/2023\/08\/IMG_9931.jpeg","contentUrl":"https:\/\/quehacerpolitico.mx\/wp-content\/uploads\/2023\/08\/IMG_9931.jpeg","width":739,"height":415},{"@type":"BreadcrumbList","@id":"https:\/\/quehacerpolitico.mx\/?p=103916#breadcrumb","itemListElement":[{"@type":"ListItem","position":1,"name":"Inicio","item":"https:\/\/quehacerpolitico.mx\/"},{"@type":"ListItem","position":2,"name":"\u00a1Terrible! Miguel Bos\u00e9 es asaltado por 10 hombres armados en su casa en CDMX"}]},{"@type":"WebSite","@id":"https:\/\/quehacerpolitico.mx\/#website","url":"https:\/\/quehacerpolitico.mx\/","name":"","description":"","potentialAction":[{"@type":"SearchAction","target":{"@type":"EntryPoint","urlTemplate":"https:\/\/quehacerpolitico.mx\/?s={search_term_string}"},"query-input":{"@type":"PropertyValueSpecification","valueRequired":true,"valueName":"search_term_string"}}],"inLanguage":"es"},{"@type":"Person","@id":"https:\/\/quehacerpolitico.mx\/#\/schema\/person\/496d8ad2d1d3f8036101dca7ee39e585","name":"Redacci\u00f3n QP","image":{"@type":"ImageObject","inLanguage":"es","@id":"https:\/\/secure.gravatar.com\/avatar\/c7164ed6fdec453195284ad24a5ae5b6e1eed2b848477fa2a4787ba9adf39a41?s=96&d=mm&r=g","url":"https:\/\/secure.gravatar.com\/avatar\/c7164ed6fdec453195284ad24a5ae5b6e1eed2b848477fa2a4787ba9adf39a41?s=96&d=mm&r=g","contentUrl":"https:\/\/secure.gravatar.com\/avatar\/c7164ed6fdec453195284ad24a5ae5b6e1eed2b848477fa2a4787ba9adf39a41?s=96&d=mm&r=g","caption":"Redacci\u00f3n QP"},"url":"https:\/\/quehacerpolitico.mx\/?author=2"}]}},"featured_image_urls":{"full":["https:\/\/quehacerpolitico.mx\/wp-content\/uploads\/2023\/08\/IMG_9931.jpeg",739,415,false],"thumbnail":["https:\/\/quehacerpolitico.mx\/wp-content\/uploads\/2023\/08\/IMG_9931-150x150.jpeg",150,150,true],"medium":["https:\/\/quehacerpolitico.mx\/wp-content\/uploads\/2023\/08\/IMG_9931-300x168.jpeg",300,168,true],"medium_large":["https:\/\/quehacerpolitico.mx\/wp-content\/uploads\/2023\/08\/IMG_9931.jpeg",640,359,false],"large":["https:\/\/quehacerpolitico.mx\/wp-content\/uploads\/2023\/08\/IMG_9931.jpeg",640,359,false],"1536x1536":["https:\/\/quehacerpolitico.mx\/wp-content\/uploads\/2023\/08\/IMG_9931.jpeg",739,415,false],"2048x2048":["https:\/\/quehacerpolitico.mx\/wp-content\/uploads\/2023\/08\/IMG_9931.jpeg",739,415,false],"covernews-featured":["https:\/\/quehacerpolitico.mx\/wp-content\/uploads\/2023\/08\/IMG_9931.jpeg",739,415,false],"covernews-medium":["https:\/\/quehacerpolitico.mx\/wp-content\/uploads\/2023\/08\/IMG_9931.jpeg",540,303,false]},"author_info":{"display_name":"Redacci\u00f3n QP","author_link":"https:\/\/quehacerpolitico.mx\/?author=2"},"category_info":"<a href=\"https:\/\/quehacerpolitico.mx\/?cat=58\" rel=\"category\">Cultura y Entretenimiento<\/a>","tag_info":"Cultura y Entretenimiento","comment_count":"0","_links":{"self":[{"href":"https:\/\/quehacerpolitico.mx\/index.php?rest_route=\/wp\/v2\/posts\/103916","targetHints":{"allow":["GET"]}}],"collection":[{"href":"https:\/\/quehacerpolitico.mx\/index.php?rest_route=\/wp\/v2\/posts"}],"about":[{"href":"https:\/\/quehacerpolitico.mx\/index.php?rest_route=\/wp\/v2\/types\/post"}],"author":[{"embeddable":true,"href":"https:\/\/quehacerpolitico.mx\/index.php?rest_route=\/wp\/v2\/users\/2"}],"replies":[{"embeddable":true,"href":"https:\/\/quehacerpolitico.mx\/index.php?rest_route=%2Fwp%2Fv2%2Fcomments&post=103916"}],"version-history":[{"count":1,"href":"https:\/\/quehacerpolitico.mx\/index.php?rest_route=\/wp\/v2\/posts\/103916\/revisions"}],"predecessor-version":[{"id":103923,"href":"https:\/\/quehacerpolitico.mx\/index.php?rest_route=\/wp\/v2\/posts\/103916\/revisions\/103923"}],"wp:featuredmedia":[{"embeddable":true,"href":"https:\/\/quehacerpolitico.mx\/index.php?rest_route=\/wp\/v2\/media\/103922"}],"wp:attachment":[{"href":"https:\/\/quehacerpolitico.mx\/index.php?rest_route=%2Fwp%2Fv2%2Fmedia&parent=103916"}],"wp:term":[{"taxonomy":"category","embeddable":true,"href":"https:\/\/quehacerpolitico.mx\/index.php?rest_route=%2Fwp%2Fv2%2Fcategories&post=103916"},{"taxonomy":"post_tag","embeddable":true,"href":"https:\/\/quehacerpolitico.mx\/index.php?rest_route=%2Fwp%2Fv2%2Ftags&post=103916"}],"curies":[{"name":"wp","href":"https:\/\/api.w.org\/{rel}","templated":true}]}}