{"id":103902,"date":"2023-08-21T18:37:41","date_gmt":"2023-08-21T18:37:41","guid":{"rendered":"https:\/\/quehacerpolitico.mx\/?p=103902"},"modified":"2023-08-21T18:37:45","modified_gmt":"2023-08-21T18:37:45","slug":"lopez-obrador-rechaza-que-mayor-parte-de-remesas-sean-por-venta-de-drogas","status":"publish","type":"post","link":"https:\/\/quehacerpolitico.mx\/?p=103902","title":{"rendered":"L\u00f3pez Obrador rechaza que mayor parte de remesas sean por venta de drogas"},"content":{"rendered":"\n<p>Por Redacci\u00f3n QP<\/p>\n\n\n\n<p>Un reportaje refiere que habitantes de Culiac\u00e1n, aseguran que el Cartel de Sinaloa los utiliza para operar las remesas<\/p>\n\n\n\n<p>Al defender que M\u00e9xico no es un &#8220;pueblo flojo&#8221;, el Presidente\u00a0Andres Manuel Lopez Obrador rechaz\u00f3 un reportaje de la agencia Reuters que\u00a0<strong>refiere que c\u00e1rteles del narcotr\u00e1fico lavan dinero v\u00eda remesas, y se\u00f1al\u00f3 que las fuentes son el empresario Claudio X. Gonz\u00e1lez y la analista Mar\u00eda Amparo Casar.<\/strong><\/p>\n\n\n\n<figure class=\"wp-block-embed is-type-video is-provider-youtube wp-block-embed-youtube wp-embed-aspect-16-9 wp-has-aspect-ratio\"><div class=\"wp-block-embed__wrapper\">\n<iframe loading=\"lazy\" title=\"Reuters: Narcos usan remesas para lavar dinero. AMLO: Son unos falsarios, mentirosos\" width=\"640\" height=\"360\" src=\"https:\/\/www.youtube.com\/embed\/u1b0wLYe80w?feature=oembed\" frameborder=\"0\" allow=\"accelerometer; autoplay; clipboard-write; encrypted-media; gyroscope; picture-in-picture; web-share\" referrerpolicy=\"strict-origin-when-cross-origin\" allowfullscreen><\/iframe>\n<\/div><\/figure>\n\n\n\n<p>En su conferencia ma\u00f1anera\u00a0de este lunes 21 de agosto en Palacio Nacional, L\u00f3pez Obrador mencion\u00f3 que el trabajo period\u00edstico asegura que<strong>&#8220;la mayor parte de las remesas tiene que ver con la venta de droga&#8221;.<\/strong><\/p>\n\n\n\n<blockquote class=\"wp-block-quote is-layout-flow wp-block-quote-is-layout-flow\">\n<p>&#8220;Son unos falsarios, mentirosos&#8221;, expres\u00f3 el Presidente.<\/p>\n<\/blockquote>\n\n\n\n<p>En el Sal\u00f3n Tesorer\u00eda, L\u00f3pez Obrador exhibi\u00f3 a los integrantes de la organizaci\u00f3n Signos Vitales, que present\u00f3 el informe\u00a0<strong>&#8220;Euforia de las remesas: \u00e9xodo, lavado de dinero y auge econ\u00f3mico&#8221;.\u00a0<\/strong>Mencion\u00f3 a Mar\u00eda Amparo Casar, Julio Frenk y Mar\u00eda Elena Morera, entre otros.<\/p>\n\n\n\n<p><strong>L\u00f3pez Obrador plante\u00f3 que Reuters se dej\u00f3 enga\u00f1ar o lleg\u00f3 a acuerdos econ\u00f3micos tras publicar la informaci\u00f3n.<\/strong><\/p>\n\n\n\n<p>No son capaces de aceptar que el pueblo de M\u00e9xico es trabajador y fraterno, y no se olvidan de sus familiares y de su pa\u00eds, declar\u00f3 el Presidente.<\/p>\n\n\n\n<p>El Mandatario acus\u00f3 a &#8220;una agencia de estas especializadas en finanzas&#8221; de sacar un reportaje para &#8220;golpear&#8221; a su Gobierno en el que<strong>&nbsp;habitantes de Culiac\u00e1n, en el noroeste del pa\u00eds, aseguran que el Cartel de Sinaloa los utiliza para operar las remesas.<\/strong><\/p>\n\n\n\n<p><strong>&#8220;Hizo un reportaje esa agencia donde se asegura, con una o dos entrevistas que hicieron en Sinaloa, que la mayor parte de las remesas tiene que ver con la venta de droga&#8221;,<\/strong>&nbsp;cit\u00f3 L\u00f3pez Obrador en su rueda de prensa diaria.<\/p>\n\n\n\n<p>El Presidente se refiri\u00f3 a la investigaci\u00f3n de Reuters, que report\u00f3 que los criminales contratan a personas en M\u00e9xico y Estados Unidos para<strong>&nbsp;enviar peque\u00f1os montos de dinero para dificultar su rastreo.<\/strong><\/p>\n\n\n\n<p>Antes, en marzo pasado, EFE public\u00f3 que&nbsp;<strong>unos 4 mil cuatroscientos millones de d\u00f3lares, el 7,6 % de las remesas enviadas a M\u00e9xico en 2022,<\/strong>&nbsp;<strong>podr\u00edan proceder del crimen organizado, en una operaci\u00f3n que servir\u00eda para lavar el dinero obtenido del narcotr\u00e1fico,<\/strong>&nbsp;seg\u00fan la asociaci\u00f3n mexicana Signos Vitales.<\/p>\n\n\n\n<p>L\u00f3pez Obrador cuestion\u00f3 ahora a dicha organizaci\u00f3n civil al insistir en que&nbsp;<strong>la solidaridad est\u00e1 detr\u00e1s del r\u00e9cord de remesas en M\u00e9xico,&nbsp;<\/strong>que&nbsp;<strong>obtuvo una cifra hist\u00f3rica de 30 mil doscientos treinta&nbsp; y ocho millones de d\u00f3lares de sus ciudadanos residentes en el extranjero durante el primer semestre de 2023, un aumento interanual de 9,9 %.<\/strong><\/p>\n\n\n\n<p>El mandatario ha agradecido en varias ocasiones a los 38 millones de mexicanos que hay en Estados Unidos, de quienes provienen la mayor\u00eda de aportes, y a los que<strong>&nbsp;califica de &#8220;h\u00e9roes&#8221;, al estimar que sus remesas benefician a cerca de 10 millones de familias pobres.<\/strong><\/p>\n\n\n\n<p><strong>Seg\u00fan el mandatario, al cierre del pasado a\u00f1o, M\u00e9xico se convirti\u00f3 en el segundo pa\u00eds del mundo, solo por detr\u00e1s de India, en volumen de recepci\u00f3n de remesas.<\/strong><\/p>\n\n\n\n<p>Las remesas representan cerca del 4 % del producto interno bruto (PIB) de M\u00e9xico, seg\u00fan un c\u00e1lculo del banco BBVA.<\/p>\n\n\n\n<p><em>Con informaci\u00f3n de EFE<\/em><\/p>\n","protected":false},"excerpt":{"rendered":"<p>Por Redacci\u00f3n QP Un reportaje refiere que habitantes de Culiac\u00e1n, aseguran que el Cartel de&#8230;<\/p>\n","protected":false},"author":2,"featured_media":103903,"comment_status":"open","ping_status":"open","sticky":false,"template":"","format":"standard","meta":{"_monsterinsights_skip_tracking":false,"_monsterinsights_sitenote_active":false,"_monsterinsights_sitenote_note":"","_monsterinsights_sitenote_category":0,"footnotes":""},"categories":[2],"tags":[],"class_list":["post-103902","post","type-post","status-publish","format-standard","has-post-thumbnail","hentry","category-noticias"],"yoast_head":"<!-- This site is optimized with the Yoast SEO plugin v27.3 - https:\/\/yoast.com\/product\/yoast-seo-wordpress\/ -->\n<title>L\u00f3pez Obrador rechaza que mayor parte de remesas sean por venta de drogas -<\/title>\n<meta name=\"robots\" content=\"index, follow, max-snippet:-1, max-image-preview:large, max-video-preview:-1\" \/>\n<link rel=\"canonical\" href=\"https:\/\/quehacerpolitico.mx\/?p=103902\" \/>\n<meta property=\"og:locale\" content=\"es_MX\" \/>\n<meta property=\"og:type\" content=\"article\" \/>\n<meta property=\"og:title\" content=\"L\u00f3pez Obrador rechaza que mayor parte de remesas sean por venta de drogas -\" \/>\n<meta property=\"og:description\" content=\"Por Redacci\u00f3n QP Un reportaje refiere que habitantes de Culiac\u00e1n, aseguran que el Cartel de...\" \/>\n<meta property=\"og:url\" content=\"https:\/\/quehacerpolitico.mx\/?p=103902\" \/>\n<meta property=\"article:published_time\" content=\"2023-08-21T18:37:41+00:00\" \/>\n<meta property=\"article:modified_time\" content=\"2023-08-21T18:37:45+00:00\" \/>\n<meta property=\"og:image\" content=\"https:\/\/quehacerpolitico.mx\/wp-content\/uploads\/2023\/08\/IMG_9917.jpeg\" \/>\n\t<meta property=\"og:image:width\" content=\"1283\" \/>\n\t<meta property=\"og:image:height\" content=\"694\" \/>\n\t<meta property=\"og:image:type\" content=\"image\/jpeg\" \/>\n<meta name=\"author\" content=\"Redacci\u00f3n QP\" \/>\n<meta name=\"twitter:card\" content=\"summary_large_image\" \/>\n<meta name=\"twitter:label1\" content=\"Escrito por\" \/>\n\t<meta name=\"twitter:data1\" content=\"Redacci\u00f3n QP\" \/>\n\t<meta name=\"twitter:label2\" content=\"Tiempo de lectura\" \/>\n\t<meta name=\"twitter:data2\" content=\"3 minutos\" \/>\n<script type=\"application\/ld+json\" class=\"yoast-schema-graph\">{\"@context\":\"https:\\\/\\\/schema.org\",\"@graph\":[{\"@type\":\"Article\",\"@id\":\"https:\\\/\\\/quehacerpolitico.mx\\\/?p=103902#article\",\"isPartOf\":{\"@id\":\"https:\\\/\\\/quehacerpolitico.mx\\\/?p=103902\"},\"author\":{\"name\":\"Redacci\u00f3n QP\",\"@id\":\"https:\\\/\\\/quehacerpolitico.mx\\\/#\\\/schema\\\/person\\\/496d8ad2d1d3f8036101dca7ee39e585\"},\"headline\":\"L\u00f3pez Obrador rechaza que mayor parte de remesas sean por venta de drogas\",\"datePublished\":\"2023-08-21T18:37:41+00:00\",\"dateModified\":\"2023-08-21T18:37:45+00:00\",\"mainEntityOfPage\":{\"@id\":\"https:\\\/\\\/quehacerpolitico.mx\\\/?p=103902\"},\"wordCount\":597,\"commentCount\":0,\"image\":{\"@id\":\"https:\\\/\\\/quehacerpolitico.mx\\\/?p=103902#primaryimage\"},\"thumbnailUrl\":\"https:\\\/\\\/quehacerpolitico.mx\\\/wp-content\\\/uploads\\\/2023\\\/08\\\/IMG_9917.jpeg\",\"articleSection\":[\"Noticias\"],\"inLanguage\":\"es\",\"potentialAction\":[{\"@type\":\"CommentAction\",\"name\":\"Comment\",\"target\":[\"https:\\\/\\\/quehacerpolitico.mx\\\/?p=103902#respond\"]}]},{\"@type\":\"WebPage\",\"@id\":\"https:\\\/\\\/quehacerpolitico.mx\\\/?p=103902\",\"url\":\"https:\\\/\\\/quehacerpolitico.mx\\\/?p=103902\",\"name\":\"L\u00f3pez Obrador rechaza que mayor parte de remesas sean por venta de drogas -\",\"isPartOf\":{\"@id\":\"https:\\\/\\\/quehacerpolitico.mx\\\/#website\"},\"primaryImageOfPage\":{\"@id\":\"https:\\\/\\\/quehacerpolitico.mx\\\/?p=103902#primaryimage\"},\"image\":{\"@id\":\"https:\\\/\\\/quehacerpolitico.mx\\\/?p=103902#primaryimage\"},\"thumbnailUrl\":\"https:\\\/\\\/quehacerpolitico.mx\\\/wp-content\\\/uploads\\\/2023\\\/08\\\/IMG_9917.jpeg\",\"datePublished\":\"2023-08-21T18:37:41+00:00\",\"dateModified\":\"2023-08-21T18:37:45+00:00\",\"author\":{\"@id\":\"https:\\\/\\\/quehacerpolitico.mx\\\/#\\\/schema\\\/person\\\/496d8ad2d1d3f8036101dca7ee39e585\"},\"breadcrumb\":{\"@id\":\"https:\\\/\\\/quehacerpolitico.mx\\\/?p=103902#breadcrumb\"},\"inLanguage\":\"es\",\"potentialAction\":[{\"@type\":\"ReadAction\",\"target\":[\"https:\\\/\\\/quehacerpolitico.mx\\\/?p=103902\"]}]},{\"@type\":\"ImageObject\",\"inLanguage\":\"es\",\"@id\":\"https:\\\/\\\/quehacerpolitico.mx\\\/?p=103902#primaryimage\",\"url\":\"https:\\\/\\\/quehacerpolitico.mx\\\/wp-content\\\/uploads\\\/2023\\\/08\\\/IMG_9917.jpeg\",\"contentUrl\":\"https:\\\/\\\/quehacerpolitico.mx\\\/wp-content\\\/uploads\\\/2023\\\/08\\\/IMG_9917.jpeg\",\"width\":1283,\"height\":694},{\"@type\":\"BreadcrumbList\",\"@id\":\"https:\\\/\\\/quehacerpolitico.mx\\\/?p=103902#breadcrumb\",\"itemListElement\":[{\"@type\":\"ListItem\",\"position\":1,\"name\":\"Inicio\",\"item\":\"https:\\\/\\\/quehacerpolitico.mx\\\/\"},{\"@type\":\"ListItem\",\"position\":2,\"name\":\"L\u00f3pez Obrador rechaza que mayor parte de remesas sean por venta de drogas\"}]},{\"@type\":\"WebSite\",\"@id\":\"https:\\\/\\\/quehacerpolitico.mx\\\/#website\",\"url\":\"https:\\\/\\\/quehacerpolitico.mx\\\/\",\"name\":\"\",\"description\":\"\",\"potentialAction\":[{\"@type\":\"SearchAction\",\"target\":{\"@type\":\"EntryPoint\",\"urlTemplate\":\"https:\\\/\\\/quehacerpolitico.mx\\\/?s={search_term_string}\"},\"query-input\":{\"@type\":\"PropertyValueSpecification\",\"valueRequired\":true,\"valueName\":\"search_term_string\"}}],\"inLanguage\":\"es\"},{\"@type\":\"Person\",\"@id\":\"https:\\\/\\\/quehacerpolitico.mx\\\/#\\\/schema\\\/person\\\/496d8ad2d1d3f8036101dca7ee39e585\",\"name\":\"Redacci\u00f3n QP\",\"image\":{\"@type\":\"ImageObject\",\"inLanguage\":\"es\",\"@id\":\"https:\\\/\\\/secure.gravatar.com\\\/avatar\\\/c7164ed6fdec453195284ad24a5ae5b6e1eed2b848477fa2a4787ba9adf39a41?s=96&d=mm&r=g\",\"url\":\"https:\\\/\\\/secure.gravatar.com\\\/avatar\\\/c7164ed6fdec453195284ad24a5ae5b6e1eed2b848477fa2a4787ba9adf39a41?s=96&d=mm&r=g\",\"contentUrl\":\"https:\\\/\\\/secure.gravatar.com\\\/avatar\\\/c7164ed6fdec453195284ad24a5ae5b6e1eed2b848477fa2a4787ba9adf39a41?s=96&d=mm&r=g\",\"caption\":\"Redacci\u00f3n QP\"},\"url\":\"https:\\\/\\\/quehacerpolitico.mx\\\/?author=2\"}]}<\/script>\n<!-- \/ Yoast SEO plugin. -->","yoast_head_json":{"title":"L\u00f3pez Obrador rechaza que mayor parte de remesas sean por venta de drogas -","robots":{"index":"index","follow":"follow","max-snippet":"max-snippet:-1","max-image-preview":"max-image-preview:large","max-video-preview":"max-video-preview:-1"},"canonical":"https:\/\/quehacerpolitico.mx\/?p=103902","og_locale":"es_MX","og_type":"article","og_title":"L\u00f3pez Obrador rechaza que mayor parte de remesas sean por venta de drogas -","og_description":"Por Redacci\u00f3n QP Un reportaje refiere que habitantes de Culiac\u00e1n, aseguran que el Cartel de...","og_url":"https:\/\/quehacerpolitico.mx\/?p=103902","article_published_time":"2023-08-21T18:37:41+00:00","article_modified_time":"2023-08-21T18:37:45+00:00","og_image":[{"width":1283,"height":694,"url":"https:\/\/quehacerpolitico.mx\/wp-content\/uploads\/2023\/08\/IMG_9917.jpeg","type":"image\/jpeg"}],"author":"Redacci\u00f3n QP","twitter_card":"summary_large_image","twitter_misc":{"Escrito por":"Redacci\u00f3n QP","Tiempo de lectura":"3 minutos"},"schema":{"@context":"https:\/\/schema.org","@graph":[{"@type":"Article","@id":"https:\/\/quehacerpolitico.mx\/?p=103902#article","isPartOf":{"@id":"https:\/\/quehacerpolitico.mx\/?p=103902"},"author":{"name":"Redacci\u00f3n QP","@id":"https:\/\/quehacerpolitico.mx\/#\/schema\/person\/496d8ad2d1d3f8036101dca7ee39e585"},"headline":"L\u00f3pez Obrador rechaza que mayor parte de remesas sean por venta de drogas","datePublished":"2023-08-21T18:37:41+00:00","dateModified":"2023-08-21T18:37:45+00:00","mainEntityOfPage":{"@id":"https:\/\/quehacerpolitico.mx\/?p=103902"},"wordCount":597,"commentCount":0,"image":{"@id":"https:\/\/quehacerpolitico.mx\/?p=103902#primaryimage"},"thumbnailUrl":"https:\/\/quehacerpolitico.mx\/wp-content\/uploads\/2023\/08\/IMG_9917.jpeg","articleSection":["Noticias"],"inLanguage":"es","potentialAction":[{"@type":"CommentAction","name":"Comment","target":["https:\/\/quehacerpolitico.mx\/?p=103902#respond"]}]},{"@type":"WebPage","@id":"https:\/\/quehacerpolitico.mx\/?p=103902","url":"https:\/\/quehacerpolitico.mx\/?p=103902","name":"L\u00f3pez Obrador rechaza que mayor parte de remesas sean por venta de drogas -","isPartOf":{"@id":"https:\/\/quehacerpolitico.mx\/#website"},"primaryImageOfPage":{"@id":"https:\/\/quehacerpolitico.mx\/?p=103902#primaryimage"},"image":{"@id":"https:\/\/quehacerpolitico.mx\/?p=103902#primaryimage"},"thumbnailUrl":"https:\/\/quehacerpolitico.mx\/wp-content\/uploads\/2023\/08\/IMG_9917.jpeg","datePublished":"2023-08-21T18:37:41+00:00","dateModified":"2023-08-21T18:37:45+00:00","author":{"@id":"https:\/\/quehacerpolitico.mx\/#\/schema\/person\/496d8ad2d1d3f8036101dca7ee39e585"},"breadcrumb":{"@id":"https:\/\/quehacerpolitico.mx\/?p=103902#breadcrumb"},"inLanguage":"es","potentialAction":[{"@type":"ReadAction","target":["https:\/\/quehacerpolitico.mx\/?p=103902"]}]},{"@type":"ImageObject","inLanguage":"es","@id":"https:\/\/quehacerpolitico.mx\/?p=103902#primaryimage","url":"https:\/\/quehacerpolitico.mx\/wp-content\/uploads\/2023\/08\/IMG_9917.jpeg","contentUrl":"https:\/\/quehacerpolitico.mx\/wp-content\/uploads\/2023\/08\/IMG_9917.jpeg","width":1283,"height":694},{"@type":"BreadcrumbList","@id":"https:\/\/quehacerpolitico.mx\/?p=103902#breadcrumb","itemListElement":[{"@type":"ListItem","position":1,"name":"Inicio","item":"https:\/\/quehacerpolitico.mx\/"},{"@type":"ListItem","position":2,"name":"L\u00f3pez Obrador rechaza que mayor parte de remesas sean por venta de drogas"}]},{"@type":"WebSite","@id":"https:\/\/quehacerpolitico.mx\/#website","url":"https:\/\/quehacerpolitico.mx\/","name":"","description":"","potentialAction":[{"@type":"SearchAction","target":{"@type":"EntryPoint","urlTemplate":"https:\/\/quehacerpolitico.mx\/?s={search_term_string}"},"query-input":{"@type":"PropertyValueSpecification","valueRequired":true,"valueName":"search_term_string"}}],"inLanguage":"es"},{"@type":"Person","@id":"https:\/\/quehacerpolitico.mx\/#\/schema\/person\/496d8ad2d1d3f8036101dca7ee39e585","name":"Redacci\u00f3n QP","image":{"@type":"ImageObject","inLanguage":"es","@id":"https:\/\/secure.gravatar.com\/avatar\/c7164ed6fdec453195284ad24a5ae5b6e1eed2b848477fa2a4787ba9adf39a41?s=96&d=mm&r=g","url":"https:\/\/secure.gravatar.com\/avatar\/c7164ed6fdec453195284ad24a5ae5b6e1eed2b848477fa2a4787ba9adf39a41?s=96&d=mm&r=g","contentUrl":"https:\/\/secure.gravatar.com\/avatar\/c7164ed6fdec453195284ad24a5ae5b6e1eed2b848477fa2a4787ba9adf39a41?s=96&d=mm&r=g","caption":"Redacci\u00f3n QP"},"url":"https:\/\/quehacerpolitico.mx\/?author=2"}]}},"featured_image_urls":{"full":["https:\/\/quehacerpolitico.mx\/wp-content\/uploads\/2023\/08\/IMG_9917.jpeg",1283,694,false],"thumbnail":["https:\/\/quehacerpolitico.mx\/wp-content\/uploads\/2023\/08\/IMG_9917-150x150.jpeg",150,150,true],"medium":["https:\/\/quehacerpolitico.mx\/wp-content\/uploads\/2023\/08\/IMG_9917-300x162.jpeg",300,162,true],"medium_large":["https:\/\/quehacerpolitico.mx\/wp-content\/uploads\/2023\/08\/IMG_9917-768x415.jpeg",640,346,true],"large":["https:\/\/quehacerpolitico.mx\/wp-content\/uploads\/2023\/08\/IMG_9917-1024x554.jpeg",640,346,true],"1536x1536":["https:\/\/quehacerpolitico.mx\/wp-content\/uploads\/2023\/08\/IMG_9917.jpeg",1283,694,false],"2048x2048":["https:\/\/quehacerpolitico.mx\/wp-content\/uploads\/2023\/08\/IMG_9917.jpeg",1283,694,false],"covernews-featured":["https:\/\/quehacerpolitico.mx\/wp-content\/uploads\/2023\/08\/IMG_9917.jpeg",1024,554,false],"covernews-medium":["https:\/\/quehacerpolitico.mx\/wp-content\/uploads\/2023\/08\/IMG_9917.jpeg",540,292,false]},"author_info":{"display_name":"Redacci\u00f3n QP","author_link":"https:\/\/quehacerpolitico.mx\/?author=2"},"category_info":"<a href=\"https:\/\/quehacerpolitico.mx\/?cat=2\" rel=\"category\">Noticias<\/a>","tag_info":"Noticias","comment_count":"0","_links":{"self":[{"href":"https:\/\/quehacerpolitico.mx\/index.php?rest_route=\/wp\/v2\/posts\/103902","targetHints":{"allow":["GET"]}}],"collection":[{"href":"https:\/\/quehacerpolitico.mx\/index.php?rest_route=\/wp\/v2\/posts"}],"about":[{"href":"https:\/\/quehacerpolitico.mx\/index.php?rest_route=\/wp\/v2\/types\/post"}],"author":[{"embeddable":true,"href":"https:\/\/quehacerpolitico.mx\/index.php?rest_route=\/wp\/v2\/users\/2"}],"replies":[{"embeddable":true,"href":"https:\/\/quehacerpolitico.mx\/index.php?rest_route=%2Fwp%2Fv2%2Fcomments&post=103902"}],"version-history":[{"count":1,"href":"https:\/\/quehacerpolitico.mx\/index.php?rest_route=\/wp\/v2\/posts\/103902\/revisions"}],"predecessor-version":[{"id":103904,"href":"https:\/\/quehacerpolitico.mx\/index.php?rest_route=\/wp\/v2\/posts\/103902\/revisions\/103904"}],"wp:featuredmedia":[{"embeddable":true,"href":"https:\/\/quehacerpolitico.mx\/index.php?rest_route=\/wp\/v2\/media\/103903"}],"wp:attachment":[{"href":"https:\/\/quehacerpolitico.mx\/index.php?rest_route=%2Fwp%2Fv2%2Fmedia&parent=103902"}],"wp:term":[{"taxonomy":"category","embeddable":true,"href":"https:\/\/quehacerpolitico.mx\/index.php?rest_route=%2Fwp%2Fv2%2Fcategories&post=103902"},{"taxonomy":"post_tag","embeddable":true,"href":"https:\/\/quehacerpolitico.mx\/index.php?rest_route=%2Fwp%2Fv2%2Ftags&post=103902"}],"curies":[{"name":"wp","href":"https:\/\/api.w.org\/{rel}","templated":true}]}}