{"id":103899,"date":"2023-08-21T18:14:56","date_gmt":"2023-08-21T18:14:56","guid":{"rendered":"https:\/\/quehacerpolitico.mx\/?p=103899"},"modified":"2023-08-21T18:15:00","modified_gmt":"2023-08-21T18:15:00","slug":"lopez-obrador-resalta-que-ecuador-voto-pese-al-ambiente-de-mucha-tension","status":"publish","type":"post","link":"https:\/\/quehacerpolitico.mx\/?p=103899","title":{"rendered":"L\u00f3pez Obrador resalta que Ecuador vot\u00f3 pese al ambiente de &#8220;mucha tensi\u00f3n&#8221;"},"content":{"rendered":"\n<p>Por Redacci\u00f3n QP<\/p>\n\n\n\n<p>En las \u00faltimas semanas Ecuador ha sufrido el asesinato de varios candidatos a diferentes puestos p\u00fablicos, entre ellos el de Fernando Villavicencio, candidato presidencial<\/p>\n\n\n\n<p>El Presidente de M\u00e9xico,\u00a0Andres Manuel Lopez Obrador felicit\u00f3 este lunes al pueblo de Ecuador por la participaci\u00f3n que tuvo el domingo en las\u00a0<strong>elecciones presidenciales pese al ambiente de tensi\u00f3n y miedo que se vive en el pa\u00eds debido a la violencia.<\/strong><\/p>\n\n\n\n<p>&#8220;Felicitaciones al pueblo de\u00a0Ecuador porque\u00a0<strong>salieron a votar mucho, un porcentaje de m\u00e1s del 80 % en Ecuador y hab\u00eda un ambiente de mucha tensi\u00f3n, de miedo por la violencia y, sin embargo, la gente sali\u00f3&#8221;,<\/strong>\u00a0destac\u00f3 el mandatario durante su rueda de prensa matutina.<\/p>\n\n\n\n<figure class=\"wp-block-embed is-type-video is-provider-youtube wp-block-embed-youtube wp-embed-aspect-16-9 wp-has-aspect-ratio\"><div class=\"wp-block-embed__wrapper\">\n<iframe loading=\"lazy\" title=\"Estoy muy contento porque gan\u00f3 Bernardo Ar\u00e9valo las elecciones en Guatemala: AMLO\" width=\"640\" height=\"360\" src=\"https:\/\/www.youtube.com\/embed\/uOhy6DhcCc4?feature=oembed\" frameborder=\"0\" allow=\"accelerometer; autoplay; clipboard-write; encrypted-media; gyroscope; picture-in-picture; web-share\" referrerpolicy=\"strict-origin-when-cross-origin\" allowfullscreen><\/iframe>\n<\/div><\/figure>\n\n\n\n<p><strong>El gobernante mexicano dijo adem\u00e1s que esta es &#8220;la mejor forma&#8221; de enfrentar los &#8220;grandes y graves&#8221; problemas de las naciones.<\/strong><\/p>\n\n\n\n<blockquote class=\"wp-block-quote is-layout-flow wp-block-quote-is-layout-flow\">\n<p>&#8220;Que el pueblo salga, que no nos dejemos intimidar, que se participe&#8221;, reiter\u00f3.<\/p>\n<\/blockquote>\n\n\n\n<p>L\u00f3pez Obrador se refiri\u00f3 as\u00ed al proceso electoral del pasado domingo en Ecuador, donde la corre\u00edsta Luisa Gonz\u00e1lez super\u00f3 con 9,65 puntos al joven empresario Daniel Noboa, en las elecciones presidenciales ecuatorianas, que&nbsp;<strong>se definir\u00e1n en una segunda vuelta prevista para el pr\u00f3ximo 15 de octubre.<\/strong><\/p>\n\n\n\n<p>Las campa\u00f1as presidenciales estuvieron marcadas por la violencia, como el asesinato del candidato presidencial Fernando Villavicencio, quien\u00a0<strong>falleci\u00f3 el 9 de agosto en Quito tras un ataque de presuntos sicarios.<\/strong><\/p>\n\n\n\n<p>Este lunes, de acuerdo a los reportes preliminares del Consejo Nacional Electoral de Ecuador y con casi el 93 % de actas procesadas,<strong>&nbsp;Gonz\u00e1lez tiene 33,31 % de los votos y Noboa el 23,66 %, lo que ameritar\u00e1 una segunda vuelta electoral.<\/strong><\/p>\n\n\n\n<p>&#8220;Gan\u00f3 en esta primera vuelta Luisa Gonz\u00e1lez, obtuvo el primer lugar pero no alcanz\u00f3 m\u00e1s del 10 % (de ventaja), (tuvo) 24 % el segundo lugar, entonces&nbsp;<strong>van a la segunda vuelta en un mes y medio aproximadamente&#8221;,<\/strong>&nbsp;expres\u00f3 L\u00f3pez Obrador.<\/p>\n\n\n\n<p>Gonz\u00e1lez, una abogada y exasamble\u00edsta que ocup\u00f3 varios cargos dentro de la administraci\u00f3n de Correa (2007-2017),&nbsp;<strong>ser\u00e1 la primera mujer en disputar la segunda vuelta de unas elecciones presidenciales en Ecuador.<\/strong><\/p>\n\n\n\n<p>Noboa, de 35 a\u00f1os e hijo del magnate \u00c1lvaro Noboa, quien fue cinco veces candidato presidencial,\u00a0<strong>se convirti\u00f3 en la sorpresa de las elecciones al situarse en el segundo lugar y pasar al balotaje donde de nuevo un Noboa se enfrentar\u00e1 al corre\u00edsmo, como ya hiciese su padre en 2007 frente a Correa.<\/strong><\/p>\n\n\n\n<p>Con informaci\u00f3n de EFE<\/p>\n","protected":false},"excerpt":{"rendered":"<p>Por Redacci\u00f3n QP En las \u00faltimas semanas Ecuador ha sufrido el asesinato de varios candidatos&#8230;<\/p>\n","protected":false},"author":2,"featured_media":103900,"comment_status":"open","ping_status":"open","sticky":false,"template":"","format":"standard","meta":{"_monsterinsights_skip_tracking":false,"_monsterinsights_sitenote_active":false,"_monsterinsights_sitenote_note":"","_monsterinsights_sitenote_category":0,"footnotes":""},"categories":[2],"tags":[],"class_list":["post-103899","post","type-post","status-publish","format-standard","has-post-thumbnail","hentry","category-noticias"],"yoast_head":"<!-- This site is optimized with the Yoast SEO plugin v27.3 - https:\/\/yoast.com\/product\/yoast-seo-wordpress\/ -->\n<title>L\u00f3pez Obrador resalta que Ecuador vot\u00f3 pese al ambiente de &quot;mucha tensi\u00f3n&quot; -<\/title>\n<meta name=\"robots\" content=\"index, follow, max-snippet:-1, max-image-preview:large, max-video-preview:-1\" \/>\n<link rel=\"canonical\" href=\"https:\/\/quehacerpolitico.mx\/?p=103899\" \/>\n<meta property=\"og:locale\" content=\"es_MX\" \/>\n<meta property=\"og:type\" content=\"article\" \/>\n<meta property=\"og:title\" content=\"L\u00f3pez Obrador resalta que Ecuador vot\u00f3 pese al ambiente de &quot;mucha tensi\u00f3n&quot; -\" \/>\n<meta property=\"og:description\" content=\"Por Redacci\u00f3n QP En las \u00faltimas semanas Ecuador ha sufrido el asesinato de varios candidatos...\" \/>\n<meta property=\"og:url\" content=\"https:\/\/quehacerpolitico.mx\/?p=103899\" \/>\n<meta property=\"article:published_time\" content=\"2023-08-21T18:14:56+00:00\" \/>\n<meta property=\"article:modified_time\" content=\"2023-08-21T18:15:00+00:00\" \/>\n<meta property=\"og:image\" content=\"https:\/\/quehacerpolitico.mx\/wp-content\/uploads\/2023\/08\/IMG_9916.jpeg\" \/>\n\t<meta property=\"og:image:width\" content=\"1284\" \/>\n\t<meta property=\"og:image:height\" content=\"702\" \/>\n\t<meta property=\"og:image:type\" content=\"image\/jpeg\" \/>\n<meta name=\"author\" content=\"Redacci\u00f3n QP\" \/>\n<meta name=\"twitter:card\" content=\"summary_large_image\" \/>\n<meta name=\"twitter:label1\" content=\"Escrito por\" \/>\n\t<meta name=\"twitter:data1\" content=\"Redacci\u00f3n QP\" \/>\n\t<meta name=\"twitter:label2\" content=\"Tiempo de lectura\" \/>\n\t<meta name=\"twitter:data2\" content=\"2 minutos\" \/>\n<script type=\"application\/ld+json\" class=\"yoast-schema-graph\">{\"@context\":\"https:\\\/\\\/schema.org\",\"@graph\":[{\"@type\":\"Article\",\"@id\":\"https:\\\/\\\/quehacerpolitico.mx\\\/?p=103899#article\",\"isPartOf\":{\"@id\":\"https:\\\/\\\/quehacerpolitico.mx\\\/?p=103899\"},\"author\":{\"name\":\"Redacci\u00f3n QP\",\"@id\":\"https:\\\/\\\/quehacerpolitico.mx\\\/#\\\/schema\\\/person\\\/496d8ad2d1d3f8036101dca7ee39e585\"},\"headline\":\"L\u00f3pez Obrador resalta que Ecuador vot\u00f3 pese al ambiente de &#8220;mucha tensi\u00f3n&#8221;\",\"datePublished\":\"2023-08-21T18:14:56+00:00\",\"dateModified\":\"2023-08-21T18:15:00+00:00\",\"mainEntityOfPage\":{\"@id\":\"https:\\\/\\\/quehacerpolitico.mx\\\/?p=103899\"},\"wordCount\":430,\"commentCount\":0,\"image\":{\"@id\":\"https:\\\/\\\/quehacerpolitico.mx\\\/?p=103899#primaryimage\"},\"thumbnailUrl\":\"https:\\\/\\\/quehacerpolitico.mx\\\/wp-content\\\/uploads\\\/2023\\\/08\\\/IMG_9916.jpeg\",\"articleSection\":[\"Noticias\"],\"inLanguage\":\"es\",\"potentialAction\":[{\"@type\":\"CommentAction\",\"name\":\"Comment\",\"target\":[\"https:\\\/\\\/quehacerpolitico.mx\\\/?p=103899#respond\"]}]},{\"@type\":\"WebPage\",\"@id\":\"https:\\\/\\\/quehacerpolitico.mx\\\/?p=103899\",\"url\":\"https:\\\/\\\/quehacerpolitico.mx\\\/?p=103899\",\"name\":\"L\u00f3pez Obrador resalta que Ecuador vot\u00f3 pese al ambiente de \\\"mucha tensi\u00f3n\\\" -\",\"isPartOf\":{\"@id\":\"https:\\\/\\\/quehacerpolitico.mx\\\/#website\"},\"primaryImageOfPage\":{\"@id\":\"https:\\\/\\\/quehacerpolitico.mx\\\/?p=103899#primaryimage\"},\"image\":{\"@id\":\"https:\\\/\\\/quehacerpolitico.mx\\\/?p=103899#primaryimage\"},\"thumbnailUrl\":\"https:\\\/\\\/quehacerpolitico.mx\\\/wp-content\\\/uploads\\\/2023\\\/08\\\/IMG_9916.jpeg\",\"datePublished\":\"2023-08-21T18:14:56+00:00\",\"dateModified\":\"2023-08-21T18:15:00+00:00\",\"author\":{\"@id\":\"https:\\\/\\\/quehacerpolitico.mx\\\/#\\\/schema\\\/person\\\/496d8ad2d1d3f8036101dca7ee39e585\"},\"breadcrumb\":{\"@id\":\"https:\\\/\\\/quehacerpolitico.mx\\\/?p=103899#breadcrumb\"},\"inLanguage\":\"es\",\"potentialAction\":[{\"@type\":\"ReadAction\",\"target\":[\"https:\\\/\\\/quehacerpolitico.mx\\\/?p=103899\"]}]},{\"@type\":\"ImageObject\",\"inLanguage\":\"es\",\"@id\":\"https:\\\/\\\/quehacerpolitico.mx\\\/?p=103899#primaryimage\",\"url\":\"https:\\\/\\\/quehacerpolitico.mx\\\/wp-content\\\/uploads\\\/2023\\\/08\\\/IMG_9916.jpeg\",\"contentUrl\":\"https:\\\/\\\/quehacerpolitico.mx\\\/wp-content\\\/uploads\\\/2023\\\/08\\\/IMG_9916.jpeg\",\"width\":1284,\"height\":702},{\"@type\":\"BreadcrumbList\",\"@id\":\"https:\\\/\\\/quehacerpolitico.mx\\\/?p=103899#breadcrumb\",\"itemListElement\":[{\"@type\":\"ListItem\",\"position\":1,\"name\":\"Inicio\",\"item\":\"https:\\\/\\\/quehacerpolitico.mx\\\/\"},{\"@type\":\"ListItem\",\"position\":2,\"name\":\"L\u00f3pez Obrador resalta que Ecuador vot\u00f3 pese al ambiente de &#8220;mucha tensi\u00f3n&#8221;\"}]},{\"@type\":\"WebSite\",\"@id\":\"https:\\\/\\\/quehacerpolitico.mx\\\/#website\",\"url\":\"https:\\\/\\\/quehacerpolitico.mx\\\/\",\"name\":\"\",\"description\":\"\",\"potentialAction\":[{\"@type\":\"SearchAction\",\"target\":{\"@type\":\"EntryPoint\",\"urlTemplate\":\"https:\\\/\\\/quehacerpolitico.mx\\\/?s={search_term_string}\"},\"query-input\":{\"@type\":\"PropertyValueSpecification\",\"valueRequired\":true,\"valueName\":\"search_term_string\"}}],\"inLanguage\":\"es\"},{\"@type\":\"Person\",\"@id\":\"https:\\\/\\\/quehacerpolitico.mx\\\/#\\\/schema\\\/person\\\/496d8ad2d1d3f8036101dca7ee39e585\",\"name\":\"Redacci\u00f3n QP\",\"image\":{\"@type\":\"ImageObject\",\"inLanguage\":\"es\",\"@id\":\"https:\\\/\\\/secure.gravatar.com\\\/avatar\\\/c7164ed6fdec453195284ad24a5ae5b6e1eed2b848477fa2a4787ba9adf39a41?s=96&d=mm&r=g\",\"url\":\"https:\\\/\\\/secure.gravatar.com\\\/avatar\\\/c7164ed6fdec453195284ad24a5ae5b6e1eed2b848477fa2a4787ba9adf39a41?s=96&d=mm&r=g\",\"contentUrl\":\"https:\\\/\\\/secure.gravatar.com\\\/avatar\\\/c7164ed6fdec453195284ad24a5ae5b6e1eed2b848477fa2a4787ba9adf39a41?s=96&d=mm&r=g\",\"caption\":\"Redacci\u00f3n QP\"},\"url\":\"https:\\\/\\\/quehacerpolitico.mx\\\/?author=2\"}]}<\/script>\n<!-- \/ Yoast SEO plugin. -->","yoast_head_json":{"title":"L\u00f3pez Obrador resalta que Ecuador vot\u00f3 pese al ambiente de \"mucha tensi\u00f3n\" -","robots":{"index":"index","follow":"follow","max-snippet":"max-snippet:-1","max-image-preview":"max-image-preview:large","max-video-preview":"max-video-preview:-1"},"canonical":"https:\/\/quehacerpolitico.mx\/?p=103899","og_locale":"es_MX","og_type":"article","og_title":"L\u00f3pez Obrador resalta que Ecuador vot\u00f3 pese al ambiente de \"mucha tensi\u00f3n\" -","og_description":"Por Redacci\u00f3n QP En las \u00faltimas semanas Ecuador ha sufrido el asesinato de varios candidatos...","og_url":"https:\/\/quehacerpolitico.mx\/?p=103899","article_published_time":"2023-08-21T18:14:56+00:00","article_modified_time":"2023-08-21T18:15:00+00:00","og_image":[{"width":1284,"height":702,"url":"https:\/\/quehacerpolitico.mx\/wp-content\/uploads\/2023\/08\/IMG_9916.jpeg","type":"image\/jpeg"}],"author":"Redacci\u00f3n QP","twitter_card":"summary_large_image","twitter_misc":{"Escrito por":"Redacci\u00f3n QP","Tiempo de lectura":"2 minutos"},"schema":{"@context":"https:\/\/schema.org","@graph":[{"@type":"Article","@id":"https:\/\/quehacerpolitico.mx\/?p=103899#article","isPartOf":{"@id":"https:\/\/quehacerpolitico.mx\/?p=103899"},"author":{"name":"Redacci\u00f3n QP","@id":"https:\/\/quehacerpolitico.mx\/#\/schema\/person\/496d8ad2d1d3f8036101dca7ee39e585"},"headline":"L\u00f3pez Obrador resalta que Ecuador vot\u00f3 pese al ambiente de &#8220;mucha tensi\u00f3n&#8221;","datePublished":"2023-08-21T18:14:56+00:00","dateModified":"2023-08-21T18:15:00+00:00","mainEntityOfPage":{"@id":"https:\/\/quehacerpolitico.mx\/?p=103899"},"wordCount":430,"commentCount":0,"image":{"@id":"https:\/\/quehacerpolitico.mx\/?p=103899#primaryimage"},"thumbnailUrl":"https:\/\/quehacerpolitico.mx\/wp-content\/uploads\/2023\/08\/IMG_9916.jpeg","articleSection":["Noticias"],"inLanguage":"es","potentialAction":[{"@type":"CommentAction","name":"Comment","target":["https:\/\/quehacerpolitico.mx\/?p=103899#respond"]}]},{"@type":"WebPage","@id":"https:\/\/quehacerpolitico.mx\/?p=103899","url":"https:\/\/quehacerpolitico.mx\/?p=103899","name":"L\u00f3pez Obrador resalta que Ecuador vot\u00f3 pese al ambiente de \"mucha tensi\u00f3n\" -","isPartOf":{"@id":"https:\/\/quehacerpolitico.mx\/#website"},"primaryImageOfPage":{"@id":"https:\/\/quehacerpolitico.mx\/?p=103899#primaryimage"},"image":{"@id":"https:\/\/quehacerpolitico.mx\/?p=103899#primaryimage"},"thumbnailUrl":"https:\/\/quehacerpolitico.mx\/wp-content\/uploads\/2023\/08\/IMG_9916.jpeg","datePublished":"2023-08-21T18:14:56+00:00","dateModified":"2023-08-21T18:15:00+00:00","author":{"@id":"https:\/\/quehacerpolitico.mx\/#\/schema\/person\/496d8ad2d1d3f8036101dca7ee39e585"},"breadcrumb":{"@id":"https:\/\/quehacerpolitico.mx\/?p=103899#breadcrumb"},"inLanguage":"es","potentialAction":[{"@type":"ReadAction","target":["https:\/\/quehacerpolitico.mx\/?p=103899"]}]},{"@type":"ImageObject","inLanguage":"es","@id":"https:\/\/quehacerpolitico.mx\/?p=103899#primaryimage","url":"https:\/\/quehacerpolitico.mx\/wp-content\/uploads\/2023\/08\/IMG_9916.jpeg","contentUrl":"https:\/\/quehacerpolitico.mx\/wp-content\/uploads\/2023\/08\/IMG_9916.jpeg","width":1284,"height":702},{"@type":"BreadcrumbList","@id":"https:\/\/quehacerpolitico.mx\/?p=103899#breadcrumb","itemListElement":[{"@type":"ListItem","position":1,"name":"Inicio","item":"https:\/\/quehacerpolitico.mx\/"},{"@type":"ListItem","position":2,"name":"L\u00f3pez Obrador resalta que Ecuador vot\u00f3 pese al ambiente de &#8220;mucha tensi\u00f3n&#8221;"}]},{"@type":"WebSite","@id":"https:\/\/quehacerpolitico.mx\/#website","url":"https:\/\/quehacerpolitico.mx\/","name":"","description":"","potentialAction":[{"@type":"SearchAction","target":{"@type":"EntryPoint","urlTemplate":"https:\/\/quehacerpolitico.mx\/?s={search_term_string}"},"query-input":{"@type":"PropertyValueSpecification","valueRequired":true,"valueName":"search_term_string"}}],"inLanguage":"es"},{"@type":"Person","@id":"https:\/\/quehacerpolitico.mx\/#\/schema\/person\/496d8ad2d1d3f8036101dca7ee39e585","name":"Redacci\u00f3n QP","image":{"@type":"ImageObject","inLanguage":"es","@id":"https:\/\/secure.gravatar.com\/avatar\/c7164ed6fdec453195284ad24a5ae5b6e1eed2b848477fa2a4787ba9adf39a41?s=96&d=mm&r=g","url":"https:\/\/secure.gravatar.com\/avatar\/c7164ed6fdec453195284ad24a5ae5b6e1eed2b848477fa2a4787ba9adf39a41?s=96&d=mm&r=g","contentUrl":"https:\/\/secure.gravatar.com\/avatar\/c7164ed6fdec453195284ad24a5ae5b6e1eed2b848477fa2a4787ba9adf39a41?s=96&d=mm&r=g","caption":"Redacci\u00f3n QP"},"url":"https:\/\/quehacerpolitico.mx\/?author=2"}]}},"featured_image_urls":{"full":["https:\/\/quehacerpolitico.mx\/wp-content\/uploads\/2023\/08\/IMG_9916.jpeg",1284,702,false],"thumbnail":["https:\/\/quehacerpolitico.mx\/wp-content\/uploads\/2023\/08\/IMG_9916-150x150.jpeg",150,150,true],"medium":["https:\/\/quehacerpolitico.mx\/wp-content\/uploads\/2023\/08\/IMG_9916-300x164.jpeg",300,164,true],"medium_large":["https:\/\/quehacerpolitico.mx\/wp-content\/uploads\/2023\/08\/IMG_9916-768x420.jpeg",640,350,true],"large":["https:\/\/quehacerpolitico.mx\/wp-content\/uploads\/2023\/08\/IMG_9916-1024x560.jpeg",640,350,true],"1536x1536":["https:\/\/quehacerpolitico.mx\/wp-content\/uploads\/2023\/08\/IMG_9916.jpeg",1284,702,false],"2048x2048":["https:\/\/quehacerpolitico.mx\/wp-content\/uploads\/2023\/08\/IMG_9916.jpeg",1284,702,false],"covernews-featured":["https:\/\/quehacerpolitico.mx\/wp-content\/uploads\/2023\/08\/IMG_9916.jpeg",1024,560,false],"covernews-medium":["https:\/\/quehacerpolitico.mx\/wp-content\/uploads\/2023\/08\/IMG_9916.jpeg",540,295,false]},"author_info":{"display_name":"Redacci\u00f3n QP","author_link":"https:\/\/quehacerpolitico.mx\/?author=2"},"category_info":"<a href=\"https:\/\/quehacerpolitico.mx\/?cat=2\" rel=\"category\">Noticias<\/a>","tag_info":"Noticias","comment_count":"0","_links":{"self":[{"href":"https:\/\/quehacerpolitico.mx\/index.php?rest_route=\/wp\/v2\/posts\/103899","targetHints":{"allow":["GET"]}}],"collection":[{"href":"https:\/\/quehacerpolitico.mx\/index.php?rest_route=\/wp\/v2\/posts"}],"about":[{"href":"https:\/\/quehacerpolitico.mx\/index.php?rest_route=\/wp\/v2\/types\/post"}],"author":[{"embeddable":true,"href":"https:\/\/quehacerpolitico.mx\/index.php?rest_route=\/wp\/v2\/users\/2"}],"replies":[{"embeddable":true,"href":"https:\/\/quehacerpolitico.mx\/index.php?rest_route=%2Fwp%2Fv2%2Fcomments&post=103899"}],"version-history":[{"count":1,"href":"https:\/\/quehacerpolitico.mx\/index.php?rest_route=\/wp\/v2\/posts\/103899\/revisions"}],"predecessor-version":[{"id":103901,"href":"https:\/\/quehacerpolitico.mx\/index.php?rest_route=\/wp\/v2\/posts\/103899\/revisions\/103901"}],"wp:featuredmedia":[{"embeddable":true,"href":"https:\/\/quehacerpolitico.mx\/index.php?rest_route=\/wp\/v2\/media\/103900"}],"wp:attachment":[{"href":"https:\/\/quehacerpolitico.mx\/index.php?rest_route=%2Fwp%2Fv2%2Fmedia&parent=103899"}],"wp:term":[{"taxonomy":"category","embeddable":true,"href":"https:\/\/quehacerpolitico.mx\/index.php?rest_route=%2Fwp%2Fv2%2Fcategories&post=103899"},{"taxonomy":"post_tag","embeddable":true,"href":"https:\/\/quehacerpolitico.mx\/index.php?rest_route=%2Fwp%2Fv2%2Ftags&post=103899"}],"curies":[{"name":"wp","href":"https:\/\/api.w.org\/{rel}","templated":true}]}}