{"id":103893,"date":"2023-08-21T17:35:49","date_gmt":"2023-08-21T17:35:49","guid":{"rendered":"https:\/\/quehacerpolitico.mx\/?p=103893"},"modified":"2023-08-21T17:35:53","modified_gmt":"2023-08-21T17:35:53","slug":"el-presidente-lopez-obrador-nuevamente-se-va-contra-xochitl-galvez-por-declarar-que-el-sur-del-pais-no-tiene-la-misma-cultura-de-trabajo-del-norte","status":"publish","type":"post","link":"https:\/\/quehacerpolitico.mx\/?p=103893","title":{"rendered":"El Presidente L\u00f3pez Obrador nuevamente se va contra X\u00f3chitl G\u00e1lvez\u00a0por declarar que el\u00a0sur del pa\u00eds\u00a0no tiene la misma\u00a0cultura de trabajo\u00a0del\u00a0norte"},"content":{"rendered":"\n<p>Por Redacci\u00f3n QP<\/p>\n\n\n\n<p>\u201cEn todo M\u00e9xico se trabaja, pero esta idea de que una regi\u00f3n vive de otra no es cierta\u201d, dio L\u00f3pez Obrador ante dichos de X\u00f3chitl G\u00e1lvez<\/p>\n\n\n\n<p>El presidente de M\u00e9xico,\u00a0<strong>Andres Manuel L\u00f3pez Obrador<\/strong>, present\u00f3 en la conferencia matutina de este lunes un\u00a0<strong>video<\/strong>\u00a0en donde aparece la\u00a0<strong>aspirante presidencial<\/strong>\u00a0opositora\u00a0<strong>X\u00f3chitl G\u00e1lvez<\/strong>\u00a0declarar que el\u00a0<strong>sur del pa\u00eds<\/strong>\u00a0no tiene la misma\u00a0<strong>cultura de trabajo<\/strong>\u00a0del\u00a0<strong>norte<\/strong>.<\/p>\n\n\n\n<figure class=\"wp-block-embed is-type-video is-provider-youtube wp-block-embed-youtube wp-embed-aspect-16-9 wp-has-aspect-ratio\"><div class=\"wp-block-embed__wrapper\">\n<iframe loading=\"lazy\" title=\"Retoma AMLO ataques contra X\u00f3chitl G\u00e1lvez\" width=\"640\" height=\"360\" src=\"https:\/\/www.youtube.com\/embed\/arrkUPRJnPg?feature=oembed\" frameborder=\"0\" allow=\"accelerometer; autoplay; clipboard-write; encrypted-media; gyroscope; picture-in-picture; web-share\" referrerpolicy=\"strict-origin-when-cross-origin\" allowfullscreen><\/iframe>\n<\/div><\/figure>\n\n\n\n<p>La grabaci\u00f3n fue tomada la realizaci\u00f3n de uno de los\u00a0foros del Frente Amplio por M\u00e9xico en donde se abordan diversos temas de inter\u00e9s p\u00fablico.<\/p>\n\n\n\n<p>\u201cHay una cultura distinta en el sureste del pa\u00eds, y no podemos aplicar un modelo similar al del norte\u201d, argument\u00f3 G\u00e1lvez Ruiz.<\/p>\n\n\n\n<p>\u201cRecuerdo cuando trabajaba con Fox quisieron instalar maquiladoras en San Crist\u00f3bal de las Casas (Chiapas) y les dije que iba a ser un fracaso, nadie va a ir a trabajar ocho horas seguidas porque no es su cultura\u201d, dijo.<\/p>\n\n\n\n<p>\u201cQu\u00e9 hicimos le apostamos a los proyectos de ecoturismo, como El Chifl\u00f3n, las Guacamayas, la producci\u00f3n de caf\u00e9 org\u00e1nico y de ciertos productos para que la gente realmente pudiera trabajar en las condiciones que quer\u00eda, yo creo que eso es lo que hay que hacer, hay que entender las culturas\u201d, apunt\u00f3.<\/p>\n\n\n\n<p>El mandatario mexicano revir\u00f3 lo dicho por X\u00f3chitl G\u00e1lvez, aunque sin mencionar su nombre, dejando en claro que en el sureste de la Rep\u00fablica Mexicana se trabaja \u201cmuch\u00edsimo\u201d, adem\u00e1s de que el pensamiento de que una regi\u00f3n vive de otra \u201cno es cierta\u201d<\/p>\n\n\n\n<p>\u201cMuch\u00edsimo, much\u00edsimo se trabaja en los pueblos del sureste y en todo M\u00e9xico, la gente es muy trabajadora. Fue Chiapas el estado que en los \u00faltimos a\u00f1os fue en el estado donde redujo m\u00e1s la pobreza de todos. Primer lugar en reducci\u00f3n de pobreza. Chiapas, del 2018 al 2022 que tenemos los datos del Inegi, hubo una reducci\u00f3n del 10 por ciento en la pobreza, poco m\u00e1s del 10. Segundo lugar en reducci\u00f3n de pobreza del 2018 al 2022 Baja California Norte, tercer lugar Chihuahua, cuarto lugar, Tabasco, el sureste; quinto lugar, Hidalgo\u201d, manifest\u00f3 el tabasque\u00f1o.<\/p>\n\n\n\n<blockquote class=\"wp-block-quote is-layout-flow wp-block-quote-is-layout-flow\">\n<p>En todo M\u00e9xico se trabaja, pero esta idea de que hay una regi\u00f3n que vive de otra no es cierta, lo que se est\u00e1 buscando ahora es que haya un desarrollo horizontal. Imag\u00ednense si no se trabajara en el sureste, c\u00f3mo hubi\u00e9semos vivido en d\u00e9cadas\u201d, indic\u00f3.<\/p>\n<\/blockquote>\n","protected":false},"excerpt":{"rendered":"<p>Por Redacci\u00f3n QP \u201cEn todo M\u00e9xico se trabaja, pero esta idea de que una regi\u00f3n&#8230;<\/p>\n","protected":false},"author":2,"featured_media":103894,"comment_status":"open","ping_status":"open","sticky":false,"template":"","format":"standard","meta":{"_monsterinsights_skip_tracking":false,"_monsterinsights_sitenote_active":false,"_monsterinsights_sitenote_note":"","_monsterinsights_sitenote_category":0,"footnotes":""},"categories":[2],"tags":[],"class_list":["post-103893","post","type-post","status-publish","format-standard","has-post-thumbnail","hentry","category-noticias"],"yoast_head":"<!-- This site is optimized with the Yoast SEO plugin v27.3 - https:\/\/yoast.com\/product\/yoast-seo-wordpress\/ -->\n<title>El Presidente L\u00f3pez Obrador nuevamente se va contra X\u00f3chitl G\u00e1lvez\u00a0por declarar que el\u00a0sur del pa\u00eds\u00a0no tiene la misma\u00a0cultura de trabajo\u00a0del\u00a0norte -<\/title>\n<meta name=\"robots\" content=\"index, follow, max-snippet:-1, max-image-preview:large, max-video-preview:-1\" \/>\n<link rel=\"canonical\" href=\"https:\/\/quehacerpolitico.mx\/?p=103893\" \/>\n<meta property=\"og:locale\" content=\"es_MX\" \/>\n<meta property=\"og:type\" content=\"article\" \/>\n<meta property=\"og:title\" content=\"El Presidente L\u00f3pez Obrador nuevamente se va contra X\u00f3chitl G\u00e1lvez\u00a0por declarar que el\u00a0sur del pa\u00eds\u00a0no tiene la misma\u00a0cultura de trabajo\u00a0del\u00a0norte -\" \/>\n<meta property=\"og:description\" content=\"Por Redacci\u00f3n QP \u201cEn todo M\u00e9xico se trabaja, pero esta idea de que una regi\u00f3n...\" \/>\n<meta property=\"og:url\" content=\"https:\/\/quehacerpolitico.mx\/?p=103893\" \/>\n<meta property=\"article:published_time\" content=\"2023-08-21T17:35:49+00:00\" \/>\n<meta property=\"article:modified_time\" content=\"2023-08-21T17:35:53+00:00\" \/>\n<meta property=\"og:image\" content=\"https:\/\/quehacerpolitico.mx\/wp-content\/uploads\/2023\/08\/IMG_9913.jpeg\" \/>\n\t<meta property=\"og:image:width\" content=\"766\" \/>\n\t<meta property=\"og:image:height\" content=\"580\" \/>\n\t<meta property=\"og:image:type\" content=\"image\/jpeg\" \/>\n<meta name=\"author\" content=\"Redacci\u00f3n QP\" \/>\n<meta name=\"twitter:card\" content=\"summary_large_image\" \/>\n<meta name=\"twitter:label1\" content=\"Escrito por\" \/>\n\t<meta name=\"twitter:data1\" content=\"Redacci\u00f3n QP\" \/>\n\t<meta name=\"twitter:label2\" content=\"Tiempo de lectura\" \/>\n\t<meta name=\"twitter:data2\" content=\"2 minutos\" \/>\n<script type=\"application\/ld+json\" class=\"yoast-schema-graph\">{\"@context\":\"https:\\\/\\\/schema.org\",\"@graph\":[{\"@type\":\"Article\",\"@id\":\"https:\\\/\\\/quehacerpolitico.mx\\\/?p=103893#article\",\"isPartOf\":{\"@id\":\"https:\\\/\\\/quehacerpolitico.mx\\\/?p=103893\"},\"author\":{\"name\":\"Redacci\u00f3n QP\",\"@id\":\"https:\\\/\\\/quehacerpolitico.mx\\\/#\\\/schema\\\/person\\\/496d8ad2d1d3f8036101dca7ee39e585\"},\"headline\":\"El Presidente L\u00f3pez Obrador nuevamente se va contra X\u00f3chitl G\u00e1lvez\u00a0por declarar que el\u00a0sur del pa\u00eds\u00a0no tiene la misma\u00a0cultura de trabajo\u00a0del\u00a0norte\",\"datePublished\":\"2023-08-21T17:35:49+00:00\",\"dateModified\":\"2023-08-21T17:35:53+00:00\",\"mainEntityOfPage\":{\"@id\":\"https:\\\/\\\/quehacerpolitico.mx\\\/?p=103893\"},\"wordCount\":466,\"commentCount\":0,\"image\":{\"@id\":\"https:\\\/\\\/quehacerpolitico.mx\\\/?p=103893#primaryimage\"},\"thumbnailUrl\":\"https:\\\/\\\/quehacerpolitico.mx\\\/wp-content\\\/uploads\\\/2023\\\/08\\\/IMG_9913.jpeg\",\"articleSection\":[\"Noticias\"],\"inLanguage\":\"es\",\"potentialAction\":[{\"@type\":\"CommentAction\",\"name\":\"Comment\",\"target\":[\"https:\\\/\\\/quehacerpolitico.mx\\\/?p=103893#respond\"]}]},{\"@type\":\"WebPage\",\"@id\":\"https:\\\/\\\/quehacerpolitico.mx\\\/?p=103893\",\"url\":\"https:\\\/\\\/quehacerpolitico.mx\\\/?p=103893\",\"name\":\"El Presidente L\u00f3pez Obrador nuevamente se va contra X\u00f3chitl G\u00e1lvez\u00a0por declarar que el\u00a0sur del pa\u00eds\u00a0no tiene la misma\u00a0cultura de trabajo\u00a0del\u00a0norte -\",\"isPartOf\":{\"@id\":\"https:\\\/\\\/quehacerpolitico.mx\\\/#website\"},\"primaryImageOfPage\":{\"@id\":\"https:\\\/\\\/quehacerpolitico.mx\\\/?p=103893#primaryimage\"},\"image\":{\"@id\":\"https:\\\/\\\/quehacerpolitico.mx\\\/?p=103893#primaryimage\"},\"thumbnailUrl\":\"https:\\\/\\\/quehacerpolitico.mx\\\/wp-content\\\/uploads\\\/2023\\\/08\\\/IMG_9913.jpeg\",\"datePublished\":\"2023-08-21T17:35:49+00:00\",\"dateModified\":\"2023-08-21T17:35:53+00:00\",\"author\":{\"@id\":\"https:\\\/\\\/quehacerpolitico.mx\\\/#\\\/schema\\\/person\\\/496d8ad2d1d3f8036101dca7ee39e585\"},\"breadcrumb\":{\"@id\":\"https:\\\/\\\/quehacerpolitico.mx\\\/?p=103893#breadcrumb\"},\"inLanguage\":\"es\",\"potentialAction\":[{\"@type\":\"ReadAction\",\"target\":[\"https:\\\/\\\/quehacerpolitico.mx\\\/?p=103893\"]}]},{\"@type\":\"ImageObject\",\"inLanguage\":\"es\",\"@id\":\"https:\\\/\\\/quehacerpolitico.mx\\\/?p=103893#primaryimage\",\"url\":\"https:\\\/\\\/quehacerpolitico.mx\\\/wp-content\\\/uploads\\\/2023\\\/08\\\/IMG_9913.jpeg\",\"contentUrl\":\"https:\\\/\\\/quehacerpolitico.mx\\\/wp-content\\\/uploads\\\/2023\\\/08\\\/IMG_9913.jpeg\",\"width\":766,\"height\":580},{\"@type\":\"BreadcrumbList\",\"@id\":\"https:\\\/\\\/quehacerpolitico.mx\\\/?p=103893#breadcrumb\",\"itemListElement\":[{\"@type\":\"ListItem\",\"position\":1,\"name\":\"Inicio\",\"item\":\"https:\\\/\\\/quehacerpolitico.mx\\\/\"},{\"@type\":\"ListItem\",\"position\":2,\"name\":\"El Presidente L\u00f3pez Obrador nuevamente se va contra X\u00f3chitl G\u00e1lvez\u00a0por declarar que el\u00a0sur del pa\u00eds\u00a0no tiene la misma\u00a0cultura de trabajo\u00a0del\u00a0norte\"}]},{\"@type\":\"WebSite\",\"@id\":\"https:\\\/\\\/quehacerpolitico.mx\\\/#website\",\"url\":\"https:\\\/\\\/quehacerpolitico.mx\\\/\",\"name\":\"\",\"description\":\"\",\"potentialAction\":[{\"@type\":\"SearchAction\",\"target\":{\"@type\":\"EntryPoint\",\"urlTemplate\":\"https:\\\/\\\/quehacerpolitico.mx\\\/?s={search_term_string}\"},\"query-input\":{\"@type\":\"PropertyValueSpecification\",\"valueRequired\":true,\"valueName\":\"search_term_string\"}}],\"inLanguage\":\"es\"},{\"@type\":\"Person\",\"@id\":\"https:\\\/\\\/quehacerpolitico.mx\\\/#\\\/schema\\\/person\\\/496d8ad2d1d3f8036101dca7ee39e585\",\"name\":\"Redacci\u00f3n QP\",\"image\":{\"@type\":\"ImageObject\",\"inLanguage\":\"es\",\"@id\":\"https:\\\/\\\/secure.gravatar.com\\\/avatar\\\/c7164ed6fdec453195284ad24a5ae5b6e1eed2b848477fa2a4787ba9adf39a41?s=96&d=mm&r=g\",\"url\":\"https:\\\/\\\/secure.gravatar.com\\\/avatar\\\/c7164ed6fdec453195284ad24a5ae5b6e1eed2b848477fa2a4787ba9adf39a41?s=96&d=mm&r=g\",\"contentUrl\":\"https:\\\/\\\/secure.gravatar.com\\\/avatar\\\/c7164ed6fdec453195284ad24a5ae5b6e1eed2b848477fa2a4787ba9adf39a41?s=96&d=mm&r=g\",\"caption\":\"Redacci\u00f3n QP\"},\"url\":\"https:\\\/\\\/quehacerpolitico.mx\\\/?author=2\"}]}<\/script>\n<!-- \/ Yoast SEO plugin. -->","yoast_head_json":{"title":"El Presidente L\u00f3pez Obrador nuevamente se va contra X\u00f3chitl G\u00e1lvez\u00a0por declarar que el\u00a0sur del pa\u00eds\u00a0no tiene la misma\u00a0cultura de trabajo\u00a0del\u00a0norte -","robots":{"index":"index","follow":"follow","max-snippet":"max-snippet:-1","max-image-preview":"max-image-preview:large","max-video-preview":"max-video-preview:-1"},"canonical":"https:\/\/quehacerpolitico.mx\/?p=103893","og_locale":"es_MX","og_type":"article","og_title":"El Presidente L\u00f3pez Obrador nuevamente se va contra X\u00f3chitl G\u00e1lvez\u00a0por declarar que el\u00a0sur del pa\u00eds\u00a0no tiene la misma\u00a0cultura de trabajo\u00a0del\u00a0norte -","og_description":"Por Redacci\u00f3n QP \u201cEn todo M\u00e9xico se trabaja, pero esta idea de que una regi\u00f3n...","og_url":"https:\/\/quehacerpolitico.mx\/?p=103893","article_published_time":"2023-08-21T17:35:49+00:00","article_modified_time":"2023-08-21T17:35:53+00:00","og_image":[{"width":766,"height":580,"url":"https:\/\/quehacerpolitico.mx\/wp-content\/uploads\/2023\/08\/IMG_9913.jpeg","type":"image\/jpeg"}],"author":"Redacci\u00f3n QP","twitter_card":"summary_large_image","twitter_misc":{"Escrito por":"Redacci\u00f3n QP","Tiempo de lectura":"2 minutos"},"schema":{"@context":"https:\/\/schema.org","@graph":[{"@type":"Article","@id":"https:\/\/quehacerpolitico.mx\/?p=103893#article","isPartOf":{"@id":"https:\/\/quehacerpolitico.mx\/?p=103893"},"author":{"name":"Redacci\u00f3n QP","@id":"https:\/\/quehacerpolitico.mx\/#\/schema\/person\/496d8ad2d1d3f8036101dca7ee39e585"},"headline":"El Presidente L\u00f3pez Obrador nuevamente se va contra X\u00f3chitl G\u00e1lvez\u00a0por declarar que el\u00a0sur del pa\u00eds\u00a0no tiene la misma\u00a0cultura de trabajo\u00a0del\u00a0norte","datePublished":"2023-08-21T17:35:49+00:00","dateModified":"2023-08-21T17:35:53+00:00","mainEntityOfPage":{"@id":"https:\/\/quehacerpolitico.mx\/?p=103893"},"wordCount":466,"commentCount":0,"image":{"@id":"https:\/\/quehacerpolitico.mx\/?p=103893#primaryimage"},"thumbnailUrl":"https:\/\/quehacerpolitico.mx\/wp-content\/uploads\/2023\/08\/IMG_9913.jpeg","articleSection":["Noticias"],"inLanguage":"es","potentialAction":[{"@type":"CommentAction","name":"Comment","target":["https:\/\/quehacerpolitico.mx\/?p=103893#respond"]}]},{"@type":"WebPage","@id":"https:\/\/quehacerpolitico.mx\/?p=103893","url":"https:\/\/quehacerpolitico.mx\/?p=103893","name":"El Presidente L\u00f3pez Obrador nuevamente se va contra X\u00f3chitl G\u00e1lvez\u00a0por declarar que el\u00a0sur del pa\u00eds\u00a0no tiene la misma\u00a0cultura de trabajo\u00a0del\u00a0norte -","isPartOf":{"@id":"https:\/\/quehacerpolitico.mx\/#website"},"primaryImageOfPage":{"@id":"https:\/\/quehacerpolitico.mx\/?p=103893#primaryimage"},"image":{"@id":"https:\/\/quehacerpolitico.mx\/?p=103893#primaryimage"},"thumbnailUrl":"https:\/\/quehacerpolitico.mx\/wp-content\/uploads\/2023\/08\/IMG_9913.jpeg","datePublished":"2023-08-21T17:35:49+00:00","dateModified":"2023-08-21T17:35:53+00:00","author":{"@id":"https:\/\/quehacerpolitico.mx\/#\/schema\/person\/496d8ad2d1d3f8036101dca7ee39e585"},"breadcrumb":{"@id":"https:\/\/quehacerpolitico.mx\/?p=103893#breadcrumb"},"inLanguage":"es","potentialAction":[{"@type":"ReadAction","target":["https:\/\/quehacerpolitico.mx\/?p=103893"]}]},{"@type":"ImageObject","inLanguage":"es","@id":"https:\/\/quehacerpolitico.mx\/?p=103893#primaryimage","url":"https:\/\/quehacerpolitico.mx\/wp-content\/uploads\/2023\/08\/IMG_9913.jpeg","contentUrl":"https:\/\/quehacerpolitico.mx\/wp-content\/uploads\/2023\/08\/IMG_9913.jpeg","width":766,"height":580},{"@type":"BreadcrumbList","@id":"https:\/\/quehacerpolitico.mx\/?p=103893#breadcrumb","itemListElement":[{"@type":"ListItem","position":1,"name":"Inicio","item":"https:\/\/quehacerpolitico.mx\/"},{"@type":"ListItem","position":2,"name":"El Presidente L\u00f3pez Obrador nuevamente se va contra X\u00f3chitl G\u00e1lvez\u00a0por declarar que el\u00a0sur del pa\u00eds\u00a0no tiene la misma\u00a0cultura de trabajo\u00a0del\u00a0norte"}]},{"@type":"WebSite","@id":"https:\/\/quehacerpolitico.mx\/#website","url":"https:\/\/quehacerpolitico.mx\/","name":"","description":"","potentialAction":[{"@type":"SearchAction","target":{"@type":"EntryPoint","urlTemplate":"https:\/\/quehacerpolitico.mx\/?s={search_term_string}"},"query-input":{"@type":"PropertyValueSpecification","valueRequired":true,"valueName":"search_term_string"}}],"inLanguage":"es"},{"@type":"Person","@id":"https:\/\/quehacerpolitico.mx\/#\/schema\/person\/496d8ad2d1d3f8036101dca7ee39e585","name":"Redacci\u00f3n QP","image":{"@type":"ImageObject","inLanguage":"es","@id":"https:\/\/secure.gravatar.com\/avatar\/c7164ed6fdec453195284ad24a5ae5b6e1eed2b848477fa2a4787ba9adf39a41?s=96&d=mm&r=g","url":"https:\/\/secure.gravatar.com\/avatar\/c7164ed6fdec453195284ad24a5ae5b6e1eed2b848477fa2a4787ba9adf39a41?s=96&d=mm&r=g","contentUrl":"https:\/\/secure.gravatar.com\/avatar\/c7164ed6fdec453195284ad24a5ae5b6e1eed2b848477fa2a4787ba9adf39a41?s=96&d=mm&r=g","caption":"Redacci\u00f3n QP"},"url":"https:\/\/quehacerpolitico.mx\/?author=2"}]}},"featured_image_urls":{"full":["https:\/\/quehacerpolitico.mx\/wp-content\/uploads\/2023\/08\/IMG_9913.jpeg",766,580,false],"thumbnail":["https:\/\/quehacerpolitico.mx\/wp-content\/uploads\/2023\/08\/IMG_9913-150x150.jpeg",150,150,true],"medium":["https:\/\/quehacerpolitico.mx\/wp-content\/uploads\/2023\/08\/IMG_9913-300x227.jpeg",300,227,true],"medium_large":["https:\/\/quehacerpolitico.mx\/wp-content\/uploads\/2023\/08\/IMG_9913.jpeg",640,485,false],"large":["https:\/\/quehacerpolitico.mx\/wp-content\/uploads\/2023\/08\/IMG_9913.jpeg",640,485,false],"1536x1536":["https:\/\/quehacerpolitico.mx\/wp-content\/uploads\/2023\/08\/IMG_9913.jpeg",766,580,false],"2048x2048":["https:\/\/quehacerpolitico.mx\/wp-content\/uploads\/2023\/08\/IMG_9913.jpeg",766,580,false],"covernews-featured":["https:\/\/quehacerpolitico.mx\/wp-content\/uploads\/2023\/08\/IMG_9913.jpeg",766,580,false],"covernews-medium":["https:\/\/quehacerpolitico.mx\/wp-content\/uploads\/2023\/08\/IMG_9913.jpeg",449,340,false]},"author_info":{"display_name":"Redacci\u00f3n QP","author_link":"https:\/\/quehacerpolitico.mx\/?author=2"},"category_info":"<a href=\"https:\/\/quehacerpolitico.mx\/?cat=2\" rel=\"category\">Noticias<\/a>","tag_info":"Noticias","comment_count":"0","_links":{"self":[{"href":"https:\/\/quehacerpolitico.mx\/index.php?rest_route=\/wp\/v2\/posts\/103893","targetHints":{"allow":["GET"]}}],"collection":[{"href":"https:\/\/quehacerpolitico.mx\/index.php?rest_route=\/wp\/v2\/posts"}],"about":[{"href":"https:\/\/quehacerpolitico.mx\/index.php?rest_route=\/wp\/v2\/types\/post"}],"author":[{"embeddable":true,"href":"https:\/\/quehacerpolitico.mx\/index.php?rest_route=\/wp\/v2\/users\/2"}],"replies":[{"embeddable":true,"href":"https:\/\/quehacerpolitico.mx\/index.php?rest_route=%2Fwp%2Fv2%2Fcomments&post=103893"}],"version-history":[{"count":1,"href":"https:\/\/quehacerpolitico.mx\/index.php?rest_route=\/wp\/v2\/posts\/103893\/revisions"}],"predecessor-version":[{"id":103895,"href":"https:\/\/quehacerpolitico.mx\/index.php?rest_route=\/wp\/v2\/posts\/103893\/revisions\/103895"}],"wp:featuredmedia":[{"embeddable":true,"href":"https:\/\/quehacerpolitico.mx\/index.php?rest_route=\/wp\/v2\/media\/103894"}],"wp:attachment":[{"href":"https:\/\/quehacerpolitico.mx\/index.php?rest_route=%2Fwp%2Fv2%2Fmedia&parent=103893"}],"wp:term":[{"taxonomy":"category","embeddable":true,"href":"https:\/\/quehacerpolitico.mx\/index.php?rest_route=%2Fwp%2Fv2%2Fcategories&post=103893"},{"taxonomy":"post_tag","embeddable":true,"href":"https:\/\/quehacerpolitico.mx\/index.php?rest_route=%2Fwp%2Fv2%2Ftags&post=103893"}],"curies":[{"name":"wp","href":"https:\/\/api.w.org\/{rel}","templated":true}]}}