{"id":103890,"date":"2023-08-21T16:12:58","date_gmt":"2023-08-21T16:12:58","guid":{"rendered":"https:\/\/quehacerpolitico.mx\/?p=103890"},"modified":"2023-08-21T16:13:02","modified_gmt":"2023-08-21T16:13:02","slug":"estan-en-su-derecho-de-manifestarse-pero-que-no-tienen-la-razon-en-quemar-los-librosdetextogratuitos-en-chiapas-amlo","status":"publish","type":"post","link":"https:\/\/quehacerpolitico.mx\/?p=103890","title":{"rendered":"Est\u00e1n en su\u00a0derecho de manifestarse, pero que\u00a0no tienen la raz\u00f3n en quemar los #LibrosDeTextoGratuitos en Chiapas: AMLO"},"content":{"rendered":"\n<p>Por Redacci\u00f3n QP<\/p>\n\n\n\n<p>L\u00f3pez Obrador dijo que las personas que se han manifestado en contra de los libros de texto est\u00e1n totalmente desinformadas y manipuladas<\/p>\n\n\n\n<p>El presidente\u00a0<strong>Andr\u00e9s Manuel\u00a0L\u00f3pez Obrador<\/strong>\u00a0apunt\u00f3 que<strong> quienes se manifiestan contra<\/strong>\u00a0los pol\u00e9micos\u00a0<strong>nuevos libros de texto gratuitos<\/strong>\u00a0de la Secretar\u00eda de Educaci\u00f3n P\u00fablica (<strong>SEP<\/strong>) est\u00e1n en su\u00a0<strong>derecho de manifestarse<\/strong>, pero que\u00a0<strong>no tienen la raz\u00f3n<\/strong>.<\/p>\n\n\n\n<p>En la conferencia matutina de Palacio Nacional, L\u00f3pez Obrador dej\u00f3 en claro que dichas personas est\u00e1n totalmente\u00a0<strong>desinformadas y manipuladas<\/strong>.<\/p>\n\n\n\n<p>Est\u00e1n en su derecho de manifestarse, somos libres, nada m\u00e1s que no tienen raz\u00f3n quienes se manifiestan pensando de que se adoctrina con los libros y se inyecta el virus del comunismo\u201d, dijo.<\/p>\n\n\n\n<figure class=\"wp-block-embed is-type-video is-provider-youtube wp-block-embed-youtube wp-embed-aspect-16-9 wp-has-aspect-ratio\"><div class=\"wp-block-embed__wrapper\">\n<iframe loading=\"lazy\" title=\"L\u00f3pez Obrador habla sobre la quema de libros de texto en Chiapas | La Ma\u00f1anera\" width=\"640\" height=\"360\" src=\"https:\/\/www.youtube.com\/embed\/hL82-rfdg-Q?feature=oembed\" frameborder=\"0\" allow=\"accelerometer; autoplay; clipboard-write; encrypted-media; gyroscope; picture-in-picture; web-share\" referrerpolicy=\"strict-origin-when-cross-origin\" allowfullscreen><\/iframe>\n<\/div><\/figure>\n\n\n\n<p>\u201cEst\u00e1n totalmente desinformados y manipulados, y no deber\u00edan de prestarse a ser manipulados por los dirigentes, empresarios, gerentes, empresarios no, traficantes de influencias s\u00ed, gerentes s\u00ed del bloque conservador\u201d, puntualiz\u00f3.<\/p>\n\n\n\n<p>\u201cEs politiquer\u00eda pero lo van a seguir haciendo, porque aunque no haya elementos, no haya pruebas, ellos utilizan todas estas mentiras para enga\u00f1ar, para tratar de enga\u00f1ar, porque mucha gente no les cree, ya la gente est\u00e1 muy consciente, no les funciona esto y s\u00ed lo que demuestran es que tienen pr\u00e1cticas muy retr\u00f3gradas. Son clasistas, racistas\u201d, subray\u00f3.<\/p>\n\n\n\n<p>Las declaraciones del mandatario mexicano ocurren cuando\u00a0<strong>padres y madres de<\/strong>\u00a0<strong>familia mayas tzotziles<\/strong>\u00a0de la comunidad de\u00a0<strong>San Antonio el Monte<\/strong>, de\u00a0<strong>San Crist\u00f3bal de las Casas<\/strong>, en el estado de Chiapas,\u00a0quemaron este domingo <strong>m\u00e1s de 100 libros de texto gratuitos<\/strong>\u00a0de la SEP por considerar sus contenidos \u201cno aptos\u201d.<\/p>\n\n\n\n<figure class=\"wp-block-embed is-type-video is-provider-youtube wp-block-embed-youtube wp-embed-aspect-16-9 wp-has-aspect-ratio\"><div class=\"wp-block-embed__wrapper\">\nhttps:\/\/youtu.be\/oTRwxgEMZoU\n<\/div><\/figure>\n\n\n\n<p>Los libros estaban dirigidos a ni\u00f1os y ni\u00f1as de la&nbsp;<strong>Escuela Primaria Benito Ju\u00e1rez Garc\u00eda<\/strong>, pero fueron quemados por habitantes de San Antonio el Monte, ubicado en las inmediaciones de la ciudad y que cuenta con una poblaci\u00f3n netamente de habla tzotzil y de creencias evang\u00e9licas.<\/p>\n\n\n\n<p>Padres y madres de familia que conforman el Comit\u00e9 de Educaci\u00f3n de la comunidad se reunieron en la cancha deportiva de la escuela primaria donde levantaron una minuta del acuerdo al que llegaron y tras quemar los textos pidieron que enviaran los libros del ciclo anterior.<\/p>\n\n\n\n<p>Estos libros eran destinados a m\u00e1s de 700 ni\u00f1os y ni\u00f1as que alberga la escuela Benito Ju\u00e1rez, enviados por la SEP para iniciar el&nbsp;<strong>ciclo escolar 2023-2024<\/strong>.<\/p>\n\n\n\n<p>Los hechos se producen en medio de la pol\u00e9mica sobre los libros que la SEP distribuir\u00e1 para el nuevo curso escolar, que comienza el 28 de agosto, porque, seg\u00fan algunos detractores, buscan \u201cadoctrinar\u201d a los ni\u00f1os con ideas asociadas al \u201ccomunismo y socialismo\u201d con contenido af\u00edn a la ideolog\u00eda del presidente L\u00f3pez Obrador.<\/p>\n\n\n\n<p>La conservadora\u00a0<strong>Uni\u00f3n Nacional de Padres de Familia<\/strong> interpuso un recurso de amparo judicial en mayo al cuestionar que los nuevos libros contengan educaci\u00f3n sobre diversidad sexual, familias diversas y \u00f3rganos reproductivos, mientras que otros grupos han criticado que los materiales incluyen referencias en contra del \u201cneoliberalismo\u201d.<\/p>\n","protected":false},"excerpt":{"rendered":"<p>Por Redacci\u00f3n QP L\u00f3pez Obrador dijo que las personas que se han manifestado en contra&#8230;<\/p>\n","protected":false},"author":2,"featured_media":103891,"comment_status":"open","ping_status":"open","sticky":false,"template":"","format":"standard","meta":{"_monsterinsights_skip_tracking":false,"_monsterinsights_sitenote_active":false,"_monsterinsights_sitenote_note":"","_monsterinsights_sitenote_category":0,"footnotes":""},"categories":[2],"tags":[],"class_list":["post-103890","post","type-post","status-publish","format-standard","has-post-thumbnail","hentry","category-noticias"],"yoast_head":"<!-- This site is optimized with the Yoast SEO plugin v27.3 - https:\/\/yoast.com\/product\/yoast-seo-wordpress\/ -->\n<title>Est\u00e1n en su\u00a0derecho de manifestarse, pero que\u00a0no tienen la raz\u00f3n en quemar los #LibrosDeTextoGratuitos en Chiapas: AMLO -<\/title>\n<meta name=\"robots\" content=\"index, follow, max-snippet:-1, max-image-preview:large, max-video-preview:-1\" \/>\n<link rel=\"canonical\" href=\"https:\/\/quehacerpolitico.mx\/?p=103890\" \/>\n<meta property=\"og:locale\" content=\"es_MX\" \/>\n<meta property=\"og:type\" content=\"article\" \/>\n<meta property=\"og:title\" content=\"Est\u00e1n en su\u00a0derecho de manifestarse, pero que\u00a0no tienen la raz\u00f3n en quemar los #LibrosDeTextoGratuitos en Chiapas: AMLO -\" \/>\n<meta property=\"og:description\" content=\"Por Redacci\u00f3n QP L\u00f3pez Obrador dijo que las personas que se han manifestado en contra...\" \/>\n<meta property=\"og:url\" content=\"https:\/\/quehacerpolitico.mx\/?p=103890\" \/>\n<meta property=\"article:published_time\" content=\"2023-08-21T16:12:58+00:00\" \/>\n<meta property=\"article:modified_time\" content=\"2023-08-21T16:13:02+00:00\" \/>\n<meta property=\"og:image\" content=\"https:\/\/quehacerpolitico.mx\/wp-content\/uploads\/2023\/08\/IMG_9909.jpeg\" \/>\n\t<meta property=\"og:image:width\" content=\"1276\" \/>\n\t<meta property=\"og:image:height\" content=\"700\" \/>\n\t<meta property=\"og:image:type\" content=\"image\/jpeg\" \/>\n<meta name=\"author\" content=\"Redacci\u00f3n QP\" \/>\n<meta name=\"twitter:card\" content=\"summary_large_image\" \/>\n<meta name=\"twitter:label1\" content=\"Escrito por\" \/>\n\t<meta name=\"twitter:data1\" content=\"Redacci\u00f3n QP\" \/>\n\t<meta name=\"twitter:label2\" content=\"Tiempo de lectura\" \/>\n\t<meta name=\"twitter:data2\" content=\"3 minutos\" \/>\n<script type=\"application\/ld+json\" class=\"yoast-schema-graph\">{\"@context\":\"https:\\\/\\\/schema.org\",\"@graph\":[{\"@type\":\"Article\",\"@id\":\"https:\\\/\\\/quehacerpolitico.mx\\\/?p=103890#article\",\"isPartOf\":{\"@id\":\"https:\\\/\\\/quehacerpolitico.mx\\\/?p=103890\"},\"author\":{\"name\":\"Redacci\u00f3n QP\",\"@id\":\"https:\\\/\\\/quehacerpolitico.mx\\\/#\\\/schema\\\/person\\\/496d8ad2d1d3f8036101dca7ee39e585\"},\"headline\":\"Est\u00e1n en su\u00a0derecho de manifestarse, pero que\u00a0no tienen la raz\u00f3n en quemar los #LibrosDeTextoGratuitos en Chiapas: AMLO\",\"datePublished\":\"2023-08-21T16:12:58+00:00\",\"dateModified\":\"2023-08-21T16:13:02+00:00\",\"mainEntityOfPage\":{\"@id\":\"https:\\\/\\\/quehacerpolitico.mx\\\/?p=103890\"},\"wordCount\":548,\"commentCount\":0,\"image\":{\"@id\":\"https:\\\/\\\/quehacerpolitico.mx\\\/?p=103890#primaryimage\"},\"thumbnailUrl\":\"https:\\\/\\\/quehacerpolitico.mx\\\/wp-content\\\/uploads\\\/2023\\\/08\\\/IMG_9909.jpeg\",\"articleSection\":[\"Noticias\"],\"inLanguage\":\"es\",\"potentialAction\":[{\"@type\":\"CommentAction\",\"name\":\"Comment\",\"target\":[\"https:\\\/\\\/quehacerpolitico.mx\\\/?p=103890#respond\"]}]},{\"@type\":\"WebPage\",\"@id\":\"https:\\\/\\\/quehacerpolitico.mx\\\/?p=103890\",\"url\":\"https:\\\/\\\/quehacerpolitico.mx\\\/?p=103890\",\"name\":\"Est\u00e1n en su\u00a0derecho de manifestarse, pero que\u00a0no tienen la raz\u00f3n en quemar los #LibrosDeTextoGratuitos en Chiapas: AMLO -\",\"isPartOf\":{\"@id\":\"https:\\\/\\\/quehacerpolitico.mx\\\/#website\"},\"primaryImageOfPage\":{\"@id\":\"https:\\\/\\\/quehacerpolitico.mx\\\/?p=103890#primaryimage\"},\"image\":{\"@id\":\"https:\\\/\\\/quehacerpolitico.mx\\\/?p=103890#primaryimage\"},\"thumbnailUrl\":\"https:\\\/\\\/quehacerpolitico.mx\\\/wp-content\\\/uploads\\\/2023\\\/08\\\/IMG_9909.jpeg\",\"datePublished\":\"2023-08-21T16:12:58+00:00\",\"dateModified\":\"2023-08-21T16:13:02+00:00\",\"author\":{\"@id\":\"https:\\\/\\\/quehacerpolitico.mx\\\/#\\\/schema\\\/person\\\/496d8ad2d1d3f8036101dca7ee39e585\"},\"breadcrumb\":{\"@id\":\"https:\\\/\\\/quehacerpolitico.mx\\\/?p=103890#breadcrumb\"},\"inLanguage\":\"es\",\"potentialAction\":[{\"@type\":\"ReadAction\",\"target\":[\"https:\\\/\\\/quehacerpolitico.mx\\\/?p=103890\"]}]},{\"@type\":\"ImageObject\",\"inLanguage\":\"es\",\"@id\":\"https:\\\/\\\/quehacerpolitico.mx\\\/?p=103890#primaryimage\",\"url\":\"https:\\\/\\\/quehacerpolitico.mx\\\/wp-content\\\/uploads\\\/2023\\\/08\\\/IMG_9909.jpeg\",\"contentUrl\":\"https:\\\/\\\/quehacerpolitico.mx\\\/wp-content\\\/uploads\\\/2023\\\/08\\\/IMG_9909.jpeg\",\"width\":1276,\"height\":700},{\"@type\":\"BreadcrumbList\",\"@id\":\"https:\\\/\\\/quehacerpolitico.mx\\\/?p=103890#breadcrumb\",\"itemListElement\":[{\"@type\":\"ListItem\",\"position\":1,\"name\":\"Inicio\",\"item\":\"https:\\\/\\\/quehacerpolitico.mx\\\/\"},{\"@type\":\"ListItem\",\"position\":2,\"name\":\"Est\u00e1n en su\u00a0derecho de manifestarse, pero que\u00a0no tienen la raz\u00f3n en quemar los #LibrosDeTextoGratuitos en Chiapas: AMLO\"}]},{\"@type\":\"WebSite\",\"@id\":\"https:\\\/\\\/quehacerpolitico.mx\\\/#website\",\"url\":\"https:\\\/\\\/quehacerpolitico.mx\\\/\",\"name\":\"\",\"description\":\"\",\"potentialAction\":[{\"@type\":\"SearchAction\",\"target\":{\"@type\":\"EntryPoint\",\"urlTemplate\":\"https:\\\/\\\/quehacerpolitico.mx\\\/?s={search_term_string}\"},\"query-input\":{\"@type\":\"PropertyValueSpecification\",\"valueRequired\":true,\"valueName\":\"search_term_string\"}}],\"inLanguage\":\"es\"},{\"@type\":\"Person\",\"@id\":\"https:\\\/\\\/quehacerpolitico.mx\\\/#\\\/schema\\\/person\\\/496d8ad2d1d3f8036101dca7ee39e585\",\"name\":\"Redacci\u00f3n QP\",\"image\":{\"@type\":\"ImageObject\",\"inLanguage\":\"es\",\"@id\":\"https:\\\/\\\/secure.gravatar.com\\\/avatar\\\/c7164ed6fdec453195284ad24a5ae5b6e1eed2b848477fa2a4787ba9adf39a41?s=96&d=mm&r=g\",\"url\":\"https:\\\/\\\/secure.gravatar.com\\\/avatar\\\/c7164ed6fdec453195284ad24a5ae5b6e1eed2b848477fa2a4787ba9adf39a41?s=96&d=mm&r=g\",\"contentUrl\":\"https:\\\/\\\/secure.gravatar.com\\\/avatar\\\/c7164ed6fdec453195284ad24a5ae5b6e1eed2b848477fa2a4787ba9adf39a41?s=96&d=mm&r=g\",\"caption\":\"Redacci\u00f3n QP\"},\"url\":\"https:\\\/\\\/quehacerpolitico.mx\\\/?author=2\"}]}<\/script>\n<!-- \/ Yoast SEO plugin. -->","yoast_head_json":{"title":"Est\u00e1n en su\u00a0derecho de manifestarse, pero que\u00a0no tienen la raz\u00f3n en quemar los #LibrosDeTextoGratuitos en Chiapas: AMLO -","robots":{"index":"index","follow":"follow","max-snippet":"max-snippet:-1","max-image-preview":"max-image-preview:large","max-video-preview":"max-video-preview:-1"},"canonical":"https:\/\/quehacerpolitico.mx\/?p=103890","og_locale":"es_MX","og_type":"article","og_title":"Est\u00e1n en su\u00a0derecho de manifestarse, pero que\u00a0no tienen la raz\u00f3n en quemar los #LibrosDeTextoGratuitos en Chiapas: AMLO -","og_description":"Por Redacci\u00f3n QP L\u00f3pez Obrador dijo que las personas que se han manifestado en contra...","og_url":"https:\/\/quehacerpolitico.mx\/?p=103890","article_published_time":"2023-08-21T16:12:58+00:00","article_modified_time":"2023-08-21T16:13:02+00:00","og_image":[{"width":1276,"height":700,"url":"https:\/\/quehacerpolitico.mx\/wp-content\/uploads\/2023\/08\/IMG_9909.jpeg","type":"image\/jpeg"}],"author":"Redacci\u00f3n QP","twitter_card":"summary_large_image","twitter_misc":{"Escrito por":"Redacci\u00f3n QP","Tiempo de lectura":"3 minutos"},"schema":{"@context":"https:\/\/schema.org","@graph":[{"@type":"Article","@id":"https:\/\/quehacerpolitico.mx\/?p=103890#article","isPartOf":{"@id":"https:\/\/quehacerpolitico.mx\/?p=103890"},"author":{"name":"Redacci\u00f3n QP","@id":"https:\/\/quehacerpolitico.mx\/#\/schema\/person\/496d8ad2d1d3f8036101dca7ee39e585"},"headline":"Est\u00e1n en su\u00a0derecho de manifestarse, pero que\u00a0no tienen la raz\u00f3n en quemar los #LibrosDeTextoGratuitos en Chiapas: AMLO","datePublished":"2023-08-21T16:12:58+00:00","dateModified":"2023-08-21T16:13:02+00:00","mainEntityOfPage":{"@id":"https:\/\/quehacerpolitico.mx\/?p=103890"},"wordCount":548,"commentCount":0,"image":{"@id":"https:\/\/quehacerpolitico.mx\/?p=103890#primaryimage"},"thumbnailUrl":"https:\/\/quehacerpolitico.mx\/wp-content\/uploads\/2023\/08\/IMG_9909.jpeg","articleSection":["Noticias"],"inLanguage":"es","potentialAction":[{"@type":"CommentAction","name":"Comment","target":["https:\/\/quehacerpolitico.mx\/?p=103890#respond"]}]},{"@type":"WebPage","@id":"https:\/\/quehacerpolitico.mx\/?p=103890","url":"https:\/\/quehacerpolitico.mx\/?p=103890","name":"Est\u00e1n en su\u00a0derecho de manifestarse, pero que\u00a0no tienen la raz\u00f3n en quemar los #LibrosDeTextoGratuitos en Chiapas: AMLO -","isPartOf":{"@id":"https:\/\/quehacerpolitico.mx\/#website"},"primaryImageOfPage":{"@id":"https:\/\/quehacerpolitico.mx\/?p=103890#primaryimage"},"image":{"@id":"https:\/\/quehacerpolitico.mx\/?p=103890#primaryimage"},"thumbnailUrl":"https:\/\/quehacerpolitico.mx\/wp-content\/uploads\/2023\/08\/IMG_9909.jpeg","datePublished":"2023-08-21T16:12:58+00:00","dateModified":"2023-08-21T16:13:02+00:00","author":{"@id":"https:\/\/quehacerpolitico.mx\/#\/schema\/person\/496d8ad2d1d3f8036101dca7ee39e585"},"breadcrumb":{"@id":"https:\/\/quehacerpolitico.mx\/?p=103890#breadcrumb"},"inLanguage":"es","potentialAction":[{"@type":"ReadAction","target":["https:\/\/quehacerpolitico.mx\/?p=103890"]}]},{"@type":"ImageObject","inLanguage":"es","@id":"https:\/\/quehacerpolitico.mx\/?p=103890#primaryimage","url":"https:\/\/quehacerpolitico.mx\/wp-content\/uploads\/2023\/08\/IMG_9909.jpeg","contentUrl":"https:\/\/quehacerpolitico.mx\/wp-content\/uploads\/2023\/08\/IMG_9909.jpeg","width":1276,"height":700},{"@type":"BreadcrumbList","@id":"https:\/\/quehacerpolitico.mx\/?p=103890#breadcrumb","itemListElement":[{"@type":"ListItem","position":1,"name":"Inicio","item":"https:\/\/quehacerpolitico.mx\/"},{"@type":"ListItem","position":2,"name":"Est\u00e1n en su\u00a0derecho de manifestarse, pero que\u00a0no tienen la raz\u00f3n en quemar los #LibrosDeTextoGratuitos en Chiapas: AMLO"}]},{"@type":"WebSite","@id":"https:\/\/quehacerpolitico.mx\/#website","url":"https:\/\/quehacerpolitico.mx\/","name":"","description":"","potentialAction":[{"@type":"SearchAction","target":{"@type":"EntryPoint","urlTemplate":"https:\/\/quehacerpolitico.mx\/?s={search_term_string}"},"query-input":{"@type":"PropertyValueSpecification","valueRequired":true,"valueName":"search_term_string"}}],"inLanguage":"es"},{"@type":"Person","@id":"https:\/\/quehacerpolitico.mx\/#\/schema\/person\/496d8ad2d1d3f8036101dca7ee39e585","name":"Redacci\u00f3n QP","image":{"@type":"ImageObject","inLanguage":"es","@id":"https:\/\/secure.gravatar.com\/avatar\/c7164ed6fdec453195284ad24a5ae5b6e1eed2b848477fa2a4787ba9adf39a41?s=96&d=mm&r=g","url":"https:\/\/secure.gravatar.com\/avatar\/c7164ed6fdec453195284ad24a5ae5b6e1eed2b848477fa2a4787ba9adf39a41?s=96&d=mm&r=g","contentUrl":"https:\/\/secure.gravatar.com\/avatar\/c7164ed6fdec453195284ad24a5ae5b6e1eed2b848477fa2a4787ba9adf39a41?s=96&d=mm&r=g","caption":"Redacci\u00f3n QP"},"url":"https:\/\/quehacerpolitico.mx\/?author=2"}]}},"featured_image_urls":{"full":["https:\/\/quehacerpolitico.mx\/wp-content\/uploads\/2023\/08\/IMG_9909.jpeg",1276,700,false],"thumbnail":["https:\/\/quehacerpolitico.mx\/wp-content\/uploads\/2023\/08\/IMG_9909-150x150.jpeg",150,150,true],"medium":["https:\/\/quehacerpolitico.mx\/wp-content\/uploads\/2023\/08\/IMG_9909-300x165.jpeg",300,165,true],"medium_large":["https:\/\/quehacerpolitico.mx\/wp-content\/uploads\/2023\/08\/IMG_9909-768x421.jpeg",640,351,true],"large":["https:\/\/quehacerpolitico.mx\/wp-content\/uploads\/2023\/08\/IMG_9909-1024x562.jpeg",640,351,true],"1536x1536":["https:\/\/quehacerpolitico.mx\/wp-content\/uploads\/2023\/08\/IMG_9909.jpeg",1276,700,false],"2048x2048":["https:\/\/quehacerpolitico.mx\/wp-content\/uploads\/2023\/08\/IMG_9909.jpeg",1276,700,false],"covernews-featured":["https:\/\/quehacerpolitico.mx\/wp-content\/uploads\/2023\/08\/IMG_9909.jpeg",1024,562,false],"covernews-medium":["https:\/\/quehacerpolitico.mx\/wp-content\/uploads\/2023\/08\/IMG_9909.jpeg",540,296,false]},"author_info":{"display_name":"Redacci\u00f3n QP","author_link":"https:\/\/quehacerpolitico.mx\/?author=2"},"category_info":"<a href=\"https:\/\/quehacerpolitico.mx\/?cat=2\" rel=\"category\">Noticias<\/a>","tag_info":"Noticias","comment_count":"0","_links":{"self":[{"href":"https:\/\/quehacerpolitico.mx\/index.php?rest_route=\/wp\/v2\/posts\/103890","targetHints":{"allow":["GET"]}}],"collection":[{"href":"https:\/\/quehacerpolitico.mx\/index.php?rest_route=\/wp\/v2\/posts"}],"about":[{"href":"https:\/\/quehacerpolitico.mx\/index.php?rest_route=\/wp\/v2\/types\/post"}],"author":[{"embeddable":true,"href":"https:\/\/quehacerpolitico.mx\/index.php?rest_route=\/wp\/v2\/users\/2"}],"replies":[{"embeddable":true,"href":"https:\/\/quehacerpolitico.mx\/index.php?rest_route=%2Fwp%2Fv2%2Fcomments&post=103890"}],"version-history":[{"count":1,"href":"https:\/\/quehacerpolitico.mx\/index.php?rest_route=\/wp\/v2\/posts\/103890\/revisions"}],"predecessor-version":[{"id":103892,"href":"https:\/\/quehacerpolitico.mx\/index.php?rest_route=\/wp\/v2\/posts\/103890\/revisions\/103892"}],"wp:featuredmedia":[{"embeddable":true,"href":"https:\/\/quehacerpolitico.mx\/index.php?rest_route=\/wp\/v2\/media\/103891"}],"wp:attachment":[{"href":"https:\/\/quehacerpolitico.mx\/index.php?rest_route=%2Fwp%2Fv2%2Fmedia&parent=103890"}],"wp:term":[{"taxonomy":"category","embeddable":true,"href":"https:\/\/quehacerpolitico.mx\/index.php?rest_route=%2Fwp%2Fv2%2Fcategories&post=103890"},{"taxonomy":"post_tag","embeddable":true,"href":"https:\/\/quehacerpolitico.mx\/index.php?rest_route=%2Fwp%2Fv2%2Ftags&post=103890"}],"curies":[{"name":"wp","href":"https:\/\/api.w.org\/{rel}","templated":true}]}}