{"id":103755,"date":"2023-08-16T02:22:21","date_gmt":"2023-08-16T02:22:21","guid":{"rendered":"https:\/\/quehacerpolitico.mx\/?p=103755"},"modified":"2023-08-16T02:22:27","modified_gmt":"2023-08-16T02:22:27","slug":"internacionales-carolina-alonso-romei-corea-del-norte-acuso-este-martes-a-estados-unidos-de-poner-la-peninsula-coreana-al-borde-de-una-guerra-nuclear","status":"publish","type":"post","link":"https:\/\/quehacerpolitico.mx\/?p=103755","title":{"rendered":"Internacionales\/\/\/Carolina Alonso Romei\/\/\/Corea del Norte,\u00a0acus\u00f3 este martes a\u00a0Estados Unidos de poner la pen\u00ednsula coreana al borde de una\u00a0guerra nuclear"},"content":{"rendered":"\n<p>Por Carolina Alonso Romei<\/p>\n\n\n\n<p>Internacionalista <\/p>\n\n\n\n<p>Un ministro de corea del Norte acus\u00f3 a los Estados Unidos de llevar grandes cantidades de armas nucleares a Corea del Sur<\/p>\n\n\n\n<p>El ministro de Defensa de\u00a0<strong>Corea del Norte<\/strong>,\u00a0<strong>Kang Sun-nam<\/strong>, acus\u00f3 este martes a\u00a0Estados Unidos de poner la pen\u00ednsula coreana al borde de una\u00a0<strong>guerra nuclear<\/strong>\u00a0y\u00a0<strong>descart\u00f3<\/strong>\u00a0que unas\u00a0<strong>negociaciones<\/strong>\u00a0puedan solucionar en estos momentos el conflicto.<\/p>\n\n\n\n<p>\u201cDesde comienzos del a\u00f1o, EE.UU. ha trasladado a Corea del Sur grandes cantidades de armas nucleares estrat\u00e9gicas, incluido un submarino nuclear, un bombardero estrat\u00e9gico y un portaaviones at\u00f3mico con grupo de ataque\u201d, dijo Kang durante la<strong>\u00a0XI\u00a0Conferencia de Seguridad Internacional de Mosc\u00fa<\/strong><\/p>\n\n\n\n<p>Seg\u00fan el ministro, la cuesti\u00f3n ahora \u201cno es cu\u00e1ndo empezar\u00e1 una guerra nuclear en la pen\u00ednsula de Corea, sino qui\u00e9n, c\u00f3mo y cu\u00e1ndo la empezar\u00e1\u201d.<\/p>\n\n\n\n<p>Con todo, seg\u00fan Kang, solucionar ahora el conflicto por medio del di\u00e1logo o las negociaciones es \u201cimposible\u201d.<\/p>\n\n\n\n<p>\u201cMientras EE.UU. no reconozca el absoluto fracaso de su pol\u00edtica hostil hacia la Rep\u00fablica Democr\u00e1tica Popular de Corea y abandone para siempre (\u2026) su pol\u00edtica de antagonismo militar con nuestra rep\u00fablica, la soluci\u00f3n de cualquier problema a trav\u00e9s del di\u00e1logo o la negociaci\u00f3n no ser\u00e1 posible\u201d, asegur\u00f3 el ministro de Corea del Norte.<\/p>\n\n\n\n<p>Indic\u00f3 que en las condiciones actuales, \u201csolo la fuerza es la \u00fanica forma de mantener la paz y la estabilidad en la pen\u00ednsula de Corea\u201d.<\/p>\n\n\n\n<p>La tensi\u00f3n entre las dos Coreas se encuentra en uno de sus puntos m\u00e1s \u00e1lgidos a ra\u00edz de los numerosos ensayos armament\u00edsticos que el gobierno de Pionyang ha realizado desde el a\u00f1o pasado, incluido el de sus m\u00e1s sofisticados misiles bal\u00edsticos intercontinentales.<\/p>\n\n\n\n<p>No se descarta un repunte y pruebas adicionales ante la inminente celebraci\u00f3n este mes de unas maniobras militares conjuntas entre Se\u00fal y Washington, ejercicios que el r\u00e9gimen norcoreano considera un simulacro de invasi\u00f3n de su territorio.<\/p>\n\n\n\n<p>Con informaci\u00f3n de EFE<\/p>\n","protected":false},"excerpt":{"rendered":"<p>Por Carolina Alonso Romei Internacionalista Un ministro de corea del Norte acus\u00f3 a los Estados&#8230;<\/p>\n","protected":false},"author":2,"featured_media":103756,"comment_status":"open","ping_status":"open","sticky":false,"template":"","format":"standard","meta":{"_monsterinsights_skip_tracking":false,"_monsterinsights_sitenote_active":false,"_monsterinsights_sitenote_note":"","_monsterinsights_sitenote_category":0,"footnotes":""},"categories":[1],"tags":[],"class_list":["post-103755","post","type-post","status-publish","format-standard","has-post-thumbnail","hentry","category-sin-categoria"],"yoast_head":"<!-- This site is optimized with the Yoast SEO plugin v27.3 - https:\/\/yoast.com\/product\/yoast-seo-wordpress\/ -->\n<title>Internacionales\/\/\/Carolina Alonso Romei\/\/\/Corea del Norte,\u00a0acus\u00f3 este martes a\u00a0Estados Unidos de poner la pen\u00ednsula coreana al borde de una\u00a0guerra nuclear -<\/title>\n<meta name=\"robots\" content=\"index, follow, max-snippet:-1, max-image-preview:large, max-video-preview:-1\" \/>\n<link rel=\"canonical\" href=\"https:\/\/quehacerpolitico.mx\/?p=103755\" \/>\n<meta property=\"og:locale\" content=\"es_MX\" \/>\n<meta property=\"og:type\" content=\"article\" \/>\n<meta property=\"og:title\" content=\"Internacionales\/\/\/Carolina Alonso Romei\/\/\/Corea del Norte,\u00a0acus\u00f3 este martes a\u00a0Estados Unidos de poner la pen\u00ednsula coreana al borde de una\u00a0guerra nuclear -\" \/>\n<meta property=\"og:description\" content=\"Por Carolina Alonso Romei Internacionalista Un ministro de corea del Norte acus\u00f3 a los Estados...\" \/>\n<meta property=\"og:url\" content=\"https:\/\/quehacerpolitico.mx\/?p=103755\" \/>\n<meta property=\"article:published_time\" content=\"2023-08-16T02:22:21+00:00\" \/>\n<meta property=\"article:modified_time\" content=\"2023-08-16T02:22:27+00:00\" \/>\n<meta property=\"og:image\" content=\"https:\/\/quehacerpolitico.mx\/wp-content\/uploads\/2023\/08\/IMG_9797.jpeg\" \/>\n\t<meta property=\"og:image:width\" content=\"739\" \/>\n\t<meta property=\"og:image:height\" content=\"415\" \/>\n\t<meta property=\"og:image:type\" content=\"image\/jpeg\" \/>\n<meta name=\"author\" content=\"Redacci\u00f3n QP\" \/>\n<meta name=\"twitter:card\" content=\"summary_large_image\" \/>\n<meta name=\"twitter:label1\" content=\"Escrito por\" \/>\n\t<meta name=\"twitter:data1\" content=\"Redacci\u00f3n QP\" \/>\n\t<meta name=\"twitter:label2\" content=\"Tiempo de lectura\" \/>\n\t<meta name=\"twitter:data2\" content=\"2 minutos\" \/>\n<script type=\"application\/ld+json\" class=\"yoast-schema-graph\">{\"@context\":\"https:\\\/\\\/schema.org\",\"@graph\":[{\"@type\":\"Article\",\"@id\":\"https:\\\/\\\/quehacerpolitico.mx\\\/?p=103755#article\",\"isPartOf\":{\"@id\":\"https:\\\/\\\/quehacerpolitico.mx\\\/?p=103755\"},\"author\":{\"name\":\"Redacci\u00f3n QP\",\"@id\":\"https:\\\/\\\/quehacerpolitico.mx\\\/#\\\/schema\\\/person\\\/496d8ad2d1d3f8036101dca7ee39e585\"},\"headline\":\"Internacionales\\\/\\\/\\\/Carolina Alonso Romei\\\/\\\/\\\/Corea del Norte,\u00a0acus\u00f3 este martes a\u00a0Estados Unidos de poner la pen\u00ednsula coreana al borde de una\u00a0guerra nuclear\",\"datePublished\":\"2023-08-16T02:22:21+00:00\",\"dateModified\":\"2023-08-16T02:22:27+00:00\",\"mainEntityOfPage\":{\"@id\":\"https:\\\/\\\/quehacerpolitico.mx\\\/?p=103755\"},\"wordCount\":373,\"commentCount\":0,\"image\":{\"@id\":\"https:\\\/\\\/quehacerpolitico.mx\\\/?p=103755#primaryimage\"},\"thumbnailUrl\":\"https:\\\/\\\/quehacerpolitico.mx\\\/wp-content\\\/uploads\\\/2023\\\/08\\\/IMG_9797.jpeg\",\"articleSection\":[\"Internacionales\"],\"inLanguage\":\"es\",\"potentialAction\":[{\"@type\":\"CommentAction\",\"name\":\"Comment\",\"target\":[\"https:\\\/\\\/quehacerpolitico.mx\\\/?p=103755#respond\"]}]},{\"@type\":\"WebPage\",\"@id\":\"https:\\\/\\\/quehacerpolitico.mx\\\/?p=103755\",\"url\":\"https:\\\/\\\/quehacerpolitico.mx\\\/?p=103755\",\"name\":\"Internacionales\\\/\\\/\\\/Carolina Alonso Romei\\\/\\\/\\\/Corea del Norte,\u00a0acus\u00f3 este martes a\u00a0Estados Unidos de poner la pen\u00ednsula coreana al borde de una\u00a0guerra nuclear -\",\"isPartOf\":{\"@id\":\"https:\\\/\\\/quehacerpolitico.mx\\\/#website\"},\"primaryImageOfPage\":{\"@id\":\"https:\\\/\\\/quehacerpolitico.mx\\\/?p=103755#primaryimage\"},\"image\":{\"@id\":\"https:\\\/\\\/quehacerpolitico.mx\\\/?p=103755#primaryimage\"},\"thumbnailUrl\":\"https:\\\/\\\/quehacerpolitico.mx\\\/wp-content\\\/uploads\\\/2023\\\/08\\\/IMG_9797.jpeg\",\"datePublished\":\"2023-08-16T02:22:21+00:00\",\"dateModified\":\"2023-08-16T02:22:27+00:00\",\"author\":{\"@id\":\"https:\\\/\\\/quehacerpolitico.mx\\\/#\\\/schema\\\/person\\\/496d8ad2d1d3f8036101dca7ee39e585\"},\"breadcrumb\":{\"@id\":\"https:\\\/\\\/quehacerpolitico.mx\\\/?p=103755#breadcrumb\"},\"inLanguage\":\"es\",\"potentialAction\":[{\"@type\":\"ReadAction\",\"target\":[\"https:\\\/\\\/quehacerpolitico.mx\\\/?p=103755\"]}]},{\"@type\":\"ImageObject\",\"inLanguage\":\"es\",\"@id\":\"https:\\\/\\\/quehacerpolitico.mx\\\/?p=103755#primaryimage\",\"url\":\"https:\\\/\\\/quehacerpolitico.mx\\\/wp-content\\\/uploads\\\/2023\\\/08\\\/IMG_9797.jpeg\",\"contentUrl\":\"https:\\\/\\\/quehacerpolitico.mx\\\/wp-content\\\/uploads\\\/2023\\\/08\\\/IMG_9797.jpeg\",\"width\":739,\"height\":415},{\"@type\":\"BreadcrumbList\",\"@id\":\"https:\\\/\\\/quehacerpolitico.mx\\\/?p=103755#breadcrumb\",\"itemListElement\":[{\"@type\":\"ListItem\",\"position\":1,\"name\":\"Inicio\",\"item\":\"https:\\\/\\\/quehacerpolitico.mx\\\/\"},{\"@type\":\"ListItem\",\"position\":2,\"name\":\"Internacionales\\\/\\\/\\\/Carolina Alonso Romei\\\/\\\/\\\/Corea del Norte,\u00a0acus\u00f3 este martes a\u00a0Estados Unidos de poner la pen\u00ednsula coreana al borde de una\u00a0guerra nuclear\"}]},{\"@type\":\"WebSite\",\"@id\":\"https:\\\/\\\/quehacerpolitico.mx\\\/#website\",\"url\":\"https:\\\/\\\/quehacerpolitico.mx\\\/\",\"name\":\"\",\"description\":\"\",\"potentialAction\":[{\"@type\":\"SearchAction\",\"target\":{\"@type\":\"EntryPoint\",\"urlTemplate\":\"https:\\\/\\\/quehacerpolitico.mx\\\/?s={search_term_string}\"},\"query-input\":{\"@type\":\"PropertyValueSpecification\",\"valueRequired\":true,\"valueName\":\"search_term_string\"}}],\"inLanguage\":\"es\"},{\"@type\":\"Person\",\"@id\":\"https:\\\/\\\/quehacerpolitico.mx\\\/#\\\/schema\\\/person\\\/496d8ad2d1d3f8036101dca7ee39e585\",\"name\":\"Redacci\u00f3n QP\",\"image\":{\"@type\":\"ImageObject\",\"inLanguage\":\"es\",\"@id\":\"https:\\\/\\\/secure.gravatar.com\\\/avatar\\\/c7164ed6fdec453195284ad24a5ae5b6e1eed2b848477fa2a4787ba9adf39a41?s=96&d=mm&r=g\",\"url\":\"https:\\\/\\\/secure.gravatar.com\\\/avatar\\\/c7164ed6fdec453195284ad24a5ae5b6e1eed2b848477fa2a4787ba9adf39a41?s=96&d=mm&r=g\",\"contentUrl\":\"https:\\\/\\\/secure.gravatar.com\\\/avatar\\\/c7164ed6fdec453195284ad24a5ae5b6e1eed2b848477fa2a4787ba9adf39a41?s=96&d=mm&r=g\",\"caption\":\"Redacci\u00f3n QP\"},\"url\":\"https:\\\/\\\/quehacerpolitico.mx\\\/?author=2\"}]}<\/script>\n<!-- \/ Yoast SEO plugin. -->","yoast_head_json":{"title":"Internacionales\/\/\/Carolina Alonso Romei\/\/\/Corea del Norte,\u00a0acus\u00f3 este martes a\u00a0Estados Unidos de poner la pen\u00ednsula coreana al borde de una\u00a0guerra nuclear -","robots":{"index":"index","follow":"follow","max-snippet":"max-snippet:-1","max-image-preview":"max-image-preview:large","max-video-preview":"max-video-preview:-1"},"canonical":"https:\/\/quehacerpolitico.mx\/?p=103755","og_locale":"es_MX","og_type":"article","og_title":"Internacionales\/\/\/Carolina Alonso Romei\/\/\/Corea del Norte,\u00a0acus\u00f3 este martes a\u00a0Estados Unidos de poner la pen\u00ednsula coreana al borde de una\u00a0guerra nuclear -","og_description":"Por Carolina Alonso Romei Internacionalista Un ministro de corea del Norte acus\u00f3 a los Estados...","og_url":"https:\/\/quehacerpolitico.mx\/?p=103755","article_published_time":"2023-08-16T02:22:21+00:00","article_modified_time":"2023-08-16T02:22:27+00:00","og_image":[{"width":739,"height":415,"url":"https:\/\/quehacerpolitico.mx\/wp-content\/uploads\/2023\/08\/IMG_9797.jpeg","type":"image\/jpeg"}],"author":"Redacci\u00f3n QP","twitter_card":"summary_large_image","twitter_misc":{"Escrito por":"Redacci\u00f3n QP","Tiempo de lectura":"2 minutos"},"schema":{"@context":"https:\/\/schema.org","@graph":[{"@type":"Article","@id":"https:\/\/quehacerpolitico.mx\/?p=103755#article","isPartOf":{"@id":"https:\/\/quehacerpolitico.mx\/?p=103755"},"author":{"name":"Redacci\u00f3n QP","@id":"https:\/\/quehacerpolitico.mx\/#\/schema\/person\/496d8ad2d1d3f8036101dca7ee39e585"},"headline":"Internacionales\/\/\/Carolina Alonso Romei\/\/\/Corea del Norte,\u00a0acus\u00f3 este martes a\u00a0Estados Unidos de poner la pen\u00ednsula coreana al borde de una\u00a0guerra nuclear","datePublished":"2023-08-16T02:22:21+00:00","dateModified":"2023-08-16T02:22:27+00:00","mainEntityOfPage":{"@id":"https:\/\/quehacerpolitico.mx\/?p=103755"},"wordCount":373,"commentCount":0,"image":{"@id":"https:\/\/quehacerpolitico.mx\/?p=103755#primaryimage"},"thumbnailUrl":"https:\/\/quehacerpolitico.mx\/wp-content\/uploads\/2023\/08\/IMG_9797.jpeg","articleSection":["Internacionales"],"inLanguage":"es","potentialAction":[{"@type":"CommentAction","name":"Comment","target":["https:\/\/quehacerpolitico.mx\/?p=103755#respond"]}]},{"@type":"WebPage","@id":"https:\/\/quehacerpolitico.mx\/?p=103755","url":"https:\/\/quehacerpolitico.mx\/?p=103755","name":"Internacionales\/\/\/Carolina Alonso Romei\/\/\/Corea del Norte,\u00a0acus\u00f3 este martes a\u00a0Estados Unidos de poner la pen\u00ednsula coreana al borde de una\u00a0guerra nuclear -","isPartOf":{"@id":"https:\/\/quehacerpolitico.mx\/#website"},"primaryImageOfPage":{"@id":"https:\/\/quehacerpolitico.mx\/?p=103755#primaryimage"},"image":{"@id":"https:\/\/quehacerpolitico.mx\/?p=103755#primaryimage"},"thumbnailUrl":"https:\/\/quehacerpolitico.mx\/wp-content\/uploads\/2023\/08\/IMG_9797.jpeg","datePublished":"2023-08-16T02:22:21+00:00","dateModified":"2023-08-16T02:22:27+00:00","author":{"@id":"https:\/\/quehacerpolitico.mx\/#\/schema\/person\/496d8ad2d1d3f8036101dca7ee39e585"},"breadcrumb":{"@id":"https:\/\/quehacerpolitico.mx\/?p=103755#breadcrumb"},"inLanguage":"es","potentialAction":[{"@type":"ReadAction","target":["https:\/\/quehacerpolitico.mx\/?p=103755"]}]},{"@type":"ImageObject","inLanguage":"es","@id":"https:\/\/quehacerpolitico.mx\/?p=103755#primaryimage","url":"https:\/\/quehacerpolitico.mx\/wp-content\/uploads\/2023\/08\/IMG_9797.jpeg","contentUrl":"https:\/\/quehacerpolitico.mx\/wp-content\/uploads\/2023\/08\/IMG_9797.jpeg","width":739,"height":415},{"@type":"BreadcrumbList","@id":"https:\/\/quehacerpolitico.mx\/?p=103755#breadcrumb","itemListElement":[{"@type":"ListItem","position":1,"name":"Inicio","item":"https:\/\/quehacerpolitico.mx\/"},{"@type":"ListItem","position":2,"name":"Internacionales\/\/\/Carolina Alonso Romei\/\/\/Corea del Norte,\u00a0acus\u00f3 este martes a\u00a0Estados Unidos de poner la pen\u00ednsula coreana al borde de una\u00a0guerra nuclear"}]},{"@type":"WebSite","@id":"https:\/\/quehacerpolitico.mx\/#website","url":"https:\/\/quehacerpolitico.mx\/","name":"","description":"","potentialAction":[{"@type":"SearchAction","target":{"@type":"EntryPoint","urlTemplate":"https:\/\/quehacerpolitico.mx\/?s={search_term_string}"},"query-input":{"@type":"PropertyValueSpecification","valueRequired":true,"valueName":"search_term_string"}}],"inLanguage":"es"},{"@type":"Person","@id":"https:\/\/quehacerpolitico.mx\/#\/schema\/person\/496d8ad2d1d3f8036101dca7ee39e585","name":"Redacci\u00f3n QP","image":{"@type":"ImageObject","inLanguage":"es","@id":"https:\/\/secure.gravatar.com\/avatar\/c7164ed6fdec453195284ad24a5ae5b6e1eed2b848477fa2a4787ba9adf39a41?s=96&d=mm&r=g","url":"https:\/\/secure.gravatar.com\/avatar\/c7164ed6fdec453195284ad24a5ae5b6e1eed2b848477fa2a4787ba9adf39a41?s=96&d=mm&r=g","contentUrl":"https:\/\/secure.gravatar.com\/avatar\/c7164ed6fdec453195284ad24a5ae5b6e1eed2b848477fa2a4787ba9adf39a41?s=96&d=mm&r=g","caption":"Redacci\u00f3n QP"},"url":"https:\/\/quehacerpolitico.mx\/?author=2"}]}},"featured_image_urls":{"full":["https:\/\/quehacerpolitico.mx\/wp-content\/uploads\/2023\/08\/IMG_9797.jpeg",739,415,false],"thumbnail":["https:\/\/quehacerpolitico.mx\/wp-content\/uploads\/2023\/08\/IMG_9797-150x150.jpeg",150,150,true],"medium":["https:\/\/quehacerpolitico.mx\/wp-content\/uploads\/2023\/08\/IMG_9797-300x168.jpeg",300,168,true],"medium_large":["https:\/\/quehacerpolitico.mx\/wp-content\/uploads\/2023\/08\/IMG_9797.jpeg",640,359,false],"large":["https:\/\/quehacerpolitico.mx\/wp-content\/uploads\/2023\/08\/IMG_9797.jpeg",640,359,false],"1536x1536":["https:\/\/quehacerpolitico.mx\/wp-content\/uploads\/2023\/08\/IMG_9797.jpeg",739,415,false],"2048x2048":["https:\/\/quehacerpolitico.mx\/wp-content\/uploads\/2023\/08\/IMG_9797.jpeg",739,415,false],"covernews-featured":["https:\/\/quehacerpolitico.mx\/wp-content\/uploads\/2023\/08\/IMG_9797.jpeg",739,415,false],"covernews-medium":["https:\/\/quehacerpolitico.mx\/wp-content\/uploads\/2023\/08\/IMG_9797.jpeg",540,303,false]},"author_info":{"display_name":"Redacci\u00f3n QP","author_link":"https:\/\/quehacerpolitico.mx\/?author=2"},"category_info":"<a href=\"https:\/\/quehacerpolitico.mx\/?cat=1\" rel=\"category\">Internacionales<\/a>","tag_info":"Internacionales","comment_count":"0","_links":{"self":[{"href":"https:\/\/quehacerpolitico.mx\/index.php?rest_route=\/wp\/v2\/posts\/103755","targetHints":{"allow":["GET"]}}],"collection":[{"href":"https:\/\/quehacerpolitico.mx\/index.php?rest_route=\/wp\/v2\/posts"}],"about":[{"href":"https:\/\/quehacerpolitico.mx\/index.php?rest_route=\/wp\/v2\/types\/post"}],"author":[{"embeddable":true,"href":"https:\/\/quehacerpolitico.mx\/index.php?rest_route=\/wp\/v2\/users\/2"}],"replies":[{"embeddable":true,"href":"https:\/\/quehacerpolitico.mx\/index.php?rest_route=%2Fwp%2Fv2%2Fcomments&post=103755"}],"version-history":[{"count":1,"href":"https:\/\/quehacerpolitico.mx\/index.php?rest_route=\/wp\/v2\/posts\/103755\/revisions"}],"predecessor-version":[{"id":103757,"href":"https:\/\/quehacerpolitico.mx\/index.php?rest_route=\/wp\/v2\/posts\/103755\/revisions\/103757"}],"wp:featuredmedia":[{"embeddable":true,"href":"https:\/\/quehacerpolitico.mx\/index.php?rest_route=\/wp\/v2\/media\/103756"}],"wp:attachment":[{"href":"https:\/\/quehacerpolitico.mx\/index.php?rest_route=%2Fwp%2Fv2%2Fmedia&parent=103755"}],"wp:term":[{"taxonomy":"category","embeddable":true,"href":"https:\/\/quehacerpolitico.mx\/index.php?rest_route=%2Fwp%2Fv2%2Fcategories&post=103755"},{"taxonomy":"post_tag","embeddable":true,"href":"https:\/\/quehacerpolitico.mx\/index.php?rest_route=%2Fwp%2Fv2%2Ftags&post=103755"}],"curies":[{"name":"wp","href":"https:\/\/api.w.org\/{rel}","templated":true}]}}