{"id":103603,"date":"2023-08-07T21:41:44","date_gmt":"2023-08-07T21:41:44","guid":{"rendered":"https:\/\/quehacerpolitico.mx\/?p=103603"},"modified":"2023-08-07T21:41:49","modified_gmt":"2023-08-07T21:41:49","slug":"alejandra-valencia-logra-plata-en-tiro-con-arco-recurvo-individual-en-el-campeonato-mundial-de-berlin-alemania","status":"publish","type":"post","link":"https:\/\/quehacerpolitico.mx\/?p=103603","title":{"rendered":"Alejandra Valencia\u00a0logra Plata en tiro con arco recurvo individual en el campeonato mundial de Berl\u00edn Alemania"},"content":{"rendered":"\n<p>Por Redacci\u00f3n QP<\/p>\n\n\n\n<p>Las mexicanas siguen demostrando por qu\u00e9 son potencia en el Tiro con Arco, tras un gran desempe\u00f1o en la Copa Mundial de la especialidad que se celebr\u00f3 en Berl\u00edn, Alemania<\/p>\n\n\n\n<p>Las arqueras mexicanas siguen demostrando por qu\u00e9 son potencia en el\u00a0tiro con arco, luego de tener un gran desempe\u00f1o en la Copa Mundial de la especialidad que se celebr\u00f3 en Berl\u00edn, Alemania.<\/p>\n\n\n\n<p><strong>Alejandra Valencia logr\u00f3 colgarse la medalla de plata en dicha competencia en la modalidad de Arco Recurvo individual femenil,<\/strong>\u00a0tras vencer en cuartos de final a la japonesa Sugimoto Tomomi por un amplio 7-1, y en semifinales a la estadounidense Casey Kaufhold; precisamnte en este duelo las cosas fueron m\u00e1s re\u00f1idas al finalizar en 6-5, teniendo que definir a la que pasar\u00eda a la final por la flecha de oro, donde la mexicana acert\u00f3 con 10 por un 9 de la norteamericana.<\/p>\n\n\n\n<figure class=\"wp-block-embed is-type-rich is-provider-twitter wp-block-embed-twitter\"><div class=\"wp-block-embed__wrapper\">\n<blockquote class=\"twitter-tweet\" data-width=\"550\" data-dnt=\"true\"><p lang=\"en\" dir=\"ltr\">Marie Horackova makes HISTORY in Berlin.<br>She brings the first ever world title to the Czech Republic. \ud83c\udfc6\ud83c\udde8\ud83c\uddff<a href=\"https:\/\/twitter.com\/hashtag\/WorldArchery?src=hash&amp;ref_src=twsrc%5Etfw\">#WorldArchery<\/a> <a href=\"https:\/\/t.co\/IXlGciOt6Y\">pic.twitter.com\/IXlGciOt6Y<\/a><\/p>&mdash; World Archery (@worldarchery) <a href=\"https:\/\/twitter.com\/worldarchery\/status\/1688131490087931904?ref_src=twsrc%5Etfw\">August 6, 2023<\/a><\/blockquote><script async src=\"https:\/\/platform.twitter.com\/widgets.js\" charset=\"utf-8\"><\/script>\n<\/div><\/figure>\n\n\n\n<p>En la final, Alejandra no pudo ante la primera representante de Rep\u00fablica Checa, Marie Horackova, cayendo por un abultado marcador de 6-0; durante el primer set, coloc\u00f3 dos flechas de 9 \u00a0y una 10, pero eso no le vali\u00f3 a la de Hermosillo ante el implacable trabajo de Horackova, posteriormente dos ochos le costaron demasiado y no se pudo reponer, terminando por perder contra la de 25 a\u00f1os.<\/p>\n\n\n\n<figure class=\"wp-block-embed is-type-rich is-provider-twitter wp-block-embed-twitter\"><div class=\"wp-block-embed__wrapper\">\n<blockquote class=\"twitter-tweet\" data-width=\"550\" data-dnt=\"true\"><p lang=\"es\" dir=\"ltr\">Con cuatro medallas, M\u00e9xico hace historia en Campeonato Mundial de Tiro con Arco<br><br>Alejandra Valencia se proclama subcampeona; platas \ud83e\udd48 de Andrea Becerra y equipo femenil compuesto, as\u00ed como bronce \ud83e\udd49 en conjunto recurvo femenino, completaron haza\u00f1a. <br><br>\ud83d\udc49 <a href=\"https:\/\/t.co\/eeE4hzTbiP\">https:\/\/t.co\/eeE4hzTbiP<\/a> <a href=\"https:\/\/t.co\/TNnL8FY5p5\">pic.twitter.com\/TNnL8FY5p5<\/a><\/p>&mdash; CONADE (@CONADE) <a href=\"https:\/\/twitter.com\/CONADE\/status\/1688269344097320960?ref_src=twsrc%5Etfw\">August 6, 2023<\/a><\/blockquote><script async src=\"https:\/\/platform.twitter.com\/widgets.js\" charset=\"utf-8\"><\/script>\n<\/div><\/figure>\n\n\n\n<p>Sin embargo, la arquera hizo historia al obtener el primer subcampeonato en esta prueba y junto con el bronce que consigui\u00f3 por equipos en compa\u00f1\u00eda de A\u00edda Rom\u00e1n y \u00c1ngel Ruiz, pudo asegurar su lugar en los Juegos Ol\u00edmpicos de Par\u00eds 2024.<\/p>\n\n\n\n<p><strong>A\u00fan quedan dos paradas m\u00e1s de la Copa Mundial de Tiro con Arco para que la delegaci\u00f3n de M\u00e9xico busque acumular m\u00e1s preseas;<\/strong>&nbsp;la pen\u00faltima ser\u00e1 en la ciudad parisina del 15 al 20 de agosto. Para despu\u00e9s viajar a Hermosillo, Sonora, y disputar la gran final que se estar\u00e1 llevando entre el 9 y 10 de septiembre.&nbsp;<\/p>\n\n\n\n<p>Tambi\u00e9n se prev\u00e9 la participaci\u00f3n de Alejandra Valencia y sus colegas en los Juegos Panamericanos que tienen sede en Santiago, Chile 2023, donde el tiro con arco iniciar\u00e1 sus actividades el 1 de noviembre para finalizar el 5 de ese mismo mes.<\/p>\n\n\n\n<figure class=\"wp-block-embed is-type-rich is-provider-twitter wp-block-embed-twitter\"><div class=\"wp-block-embed__wrapper\">\n<blockquote class=\"twitter-tweet\" data-width=\"550\" data-dnt=\"true\"><p lang=\"es\" dir=\"ltr\">ALE VALENCIA HACE HISTORIA \u00a1PLATA PARA M\u00c9XICO! \ud83e\udd48\ud83c\udff9\ud83c\uddf2\ud83c\uddfd<br><br>Contin\u00faan las buenas noticias en el Tiro con Arco. <a href=\"https:\/\/twitter.com\/micozito?ref_src=twsrc%5Etfw\">@micozito<\/a> se convierte en la primera arquera mexicana (mujer u hombre) en ganar una medalla individual, en la modalidad de arco recurvo en un mundial<a href=\"https:\/\/t.co\/vmra4sTyTi\">https:\/\/t.co\/vmra4sTyTi<\/a> <a href=\"https:\/\/t.co\/OcC7NOU4UV\">pic.twitter.com\/OcC7NOU4UV<\/a><\/p>&mdash; Claro Sports (@ClaroSports) <a href=\"https:\/\/twitter.com\/ClaroSports\/status\/1688256271177150464?ref_src=twsrc%5Etfw\">August 6, 2023<\/a><\/blockquote><script async src=\"https:\/\/platform.twitter.com\/widgets.js\" charset=\"utf-8\"><\/script>\n<\/div><\/figure>\n","protected":false},"excerpt":{"rendered":"<p>Por Redacci\u00f3n QP Las mexicanas siguen demostrando por qu\u00e9 son potencia en el Tiro con&#8230;<\/p>\n","protected":false},"author":2,"featured_media":103604,"comment_status":"open","ping_status":"open","sticky":false,"template":"","format":"standard","meta":{"_monsterinsights_skip_tracking":false,"_monsterinsights_sitenote_active":false,"_monsterinsights_sitenote_note":"","_monsterinsights_sitenote_category":0,"footnotes":""},"categories":[54],"tags":[],"class_list":["post-103603","post","type-post","status-publish","format-standard","has-post-thumbnail","hentry","category-deportes"],"yoast_head":"<!-- This site is optimized with the Yoast SEO plugin v27.3 - https:\/\/yoast.com\/product\/yoast-seo-wordpress\/ -->\n<title>Alejandra Valencia\u00a0logra Plata en tiro con arco recurvo individual en el campeonato mundial de Berl\u00edn Alemania -<\/title>\n<meta name=\"robots\" content=\"index, follow, max-snippet:-1, max-image-preview:large, max-video-preview:-1\" \/>\n<link rel=\"canonical\" href=\"https:\/\/quehacerpolitico.mx\/?p=103603\" \/>\n<meta property=\"og:locale\" content=\"es_MX\" \/>\n<meta property=\"og:type\" content=\"article\" \/>\n<meta property=\"og:title\" content=\"Alejandra Valencia\u00a0logra Plata en tiro con arco recurvo individual en el campeonato mundial de Berl\u00edn Alemania -\" \/>\n<meta property=\"og:description\" content=\"Por Redacci\u00f3n QP Las mexicanas siguen demostrando por qu\u00e9 son potencia en el Tiro con...\" \/>\n<meta property=\"og:url\" content=\"https:\/\/quehacerpolitico.mx\/?p=103603\" \/>\n<meta property=\"article:published_time\" content=\"2023-08-07T21:41:44+00:00\" \/>\n<meta property=\"article:modified_time\" content=\"2023-08-07T21:41:49+00:00\" \/>\n<meta property=\"og:image\" content=\"https:\/\/quehacerpolitico.mx\/wp-content\/uploads\/2023\/08\/IMG_9615.jpeg\" \/>\n\t<meta property=\"og:image:width\" content=\"1280\" \/>\n\t<meta property=\"og:image:height\" content=\"853\" \/>\n\t<meta property=\"og:image:type\" content=\"image\/jpeg\" \/>\n<meta name=\"author\" content=\"Redacci\u00f3n QP\" \/>\n<meta name=\"twitter:card\" content=\"summary_large_image\" \/>\n<meta name=\"twitter:label1\" content=\"Escrito por\" \/>\n\t<meta name=\"twitter:data1\" content=\"Redacci\u00f3n QP\" \/>\n\t<meta name=\"twitter:label2\" content=\"Tiempo de lectura\" \/>\n\t<meta name=\"twitter:data2\" content=\"2 minutos\" \/>\n<script type=\"application\/ld+json\" class=\"yoast-schema-graph\">{\"@context\":\"https:\\\/\\\/schema.org\",\"@graph\":[{\"@type\":\"Article\",\"@id\":\"https:\\\/\\\/quehacerpolitico.mx\\\/?p=103603#article\",\"isPartOf\":{\"@id\":\"https:\\\/\\\/quehacerpolitico.mx\\\/?p=103603\"},\"author\":{\"name\":\"Redacci\u00f3n QP\",\"@id\":\"https:\\\/\\\/quehacerpolitico.mx\\\/#\\\/schema\\\/person\\\/496d8ad2d1d3f8036101dca7ee39e585\"},\"headline\":\"Alejandra Valencia\u00a0logra Plata en tiro con arco recurvo individual en el campeonato mundial de Berl\u00edn Alemania\",\"datePublished\":\"2023-08-07T21:41:44+00:00\",\"dateModified\":\"2023-08-07T21:41:49+00:00\",\"mainEntityOfPage\":{\"@id\":\"https:\\\/\\\/quehacerpolitico.mx\\\/?p=103603\"},\"wordCount\":422,\"commentCount\":0,\"image\":{\"@id\":\"https:\\\/\\\/quehacerpolitico.mx\\\/?p=103603#primaryimage\"},\"thumbnailUrl\":\"https:\\\/\\\/quehacerpolitico.mx\\\/wp-content\\\/uploads\\\/2023\\\/08\\\/IMG_9615.jpeg\",\"articleSection\":[\"Deportes\"],\"inLanguage\":\"es\",\"potentialAction\":[{\"@type\":\"CommentAction\",\"name\":\"Comment\",\"target\":[\"https:\\\/\\\/quehacerpolitico.mx\\\/?p=103603#respond\"]}]},{\"@type\":\"WebPage\",\"@id\":\"https:\\\/\\\/quehacerpolitico.mx\\\/?p=103603\",\"url\":\"https:\\\/\\\/quehacerpolitico.mx\\\/?p=103603\",\"name\":\"Alejandra Valencia\u00a0logra Plata en tiro con arco recurvo individual en el campeonato mundial de Berl\u00edn Alemania -\",\"isPartOf\":{\"@id\":\"https:\\\/\\\/quehacerpolitico.mx\\\/#website\"},\"primaryImageOfPage\":{\"@id\":\"https:\\\/\\\/quehacerpolitico.mx\\\/?p=103603#primaryimage\"},\"image\":{\"@id\":\"https:\\\/\\\/quehacerpolitico.mx\\\/?p=103603#primaryimage\"},\"thumbnailUrl\":\"https:\\\/\\\/quehacerpolitico.mx\\\/wp-content\\\/uploads\\\/2023\\\/08\\\/IMG_9615.jpeg\",\"datePublished\":\"2023-08-07T21:41:44+00:00\",\"dateModified\":\"2023-08-07T21:41:49+00:00\",\"author\":{\"@id\":\"https:\\\/\\\/quehacerpolitico.mx\\\/#\\\/schema\\\/person\\\/496d8ad2d1d3f8036101dca7ee39e585\"},\"breadcrumb\":{\"@id\":\"https:\\\/\\\/quehacerpolitico.mx\\\/?p=103603#breadcrumb\"},\"inLanguage\":\"es\",\"potentialAction\":[{\"@type\":\"ReadAction\",\"target\":[\"https:\\\/\\\/quehacerpolitico.mx\\\/?p=103603\"]}]},{\"@type\":\"ImageObject\",\"inLanguage\":\"es\",\"@id\":\"https:\\\/\\\/quehacerpolitico.mx\\\/?p=103603#primaryimage\",\"url\":\"https:\\\/\\\/quehacerpolitico.mx\\\/wp-content\\\/uploads\\\/2023\\\/08\\\/IMG_9615.jpeg\",\"contentUrl\":\"https:\\\/\\\/quehacerpolitico.mx\\\/wp-content\\\/uploads\\\/2023\\\/08\\\/IMG_9615.jpeg\",\"width\":1280,\"height\":853},{\"@type\":\"BreadcrumbList\",\"@id\":\"https:\\\/\\\/quehacerpolitico.mx\\\/?p=103603#breadcrumb\",\"itemListElement\":[{\"@type\":\"ListItem\",\"position\":1,\"name\":\"Inicio\",\"item\":\"https:\\\/\\\/quehacerpolitico.mx\\\/\"},{\"@type\":\"ListItem\",\"position\":2,\"name\":\"Alejandra Valencia\u00a0logra Plata en tiro con arco recurvo individual en el campeonato mundial de Berl\u00edn Alemania\"}]},{\"@type\":\"WebSite\",\"@id\":\"https:\\\/\\\/quehacerpolitico.mx\\\/#website\",\"url\":\"https:\\\/\\\/quehacerpolitico.mx\\\/\",\"name\":\"\",\"description\":\"\",\"potentialAction\":[{\"@type\":\"SearchAction\",\"target\":{\"@type\":\"EntryPoint\",\"urlTemplate\":\"https:\\\/\\\/quehacerpolitico.mx\\\/?s={search_term_string}\"},\"query-input\":{\"@type\":\"PropertyValueSpecification\",\"valueRequired\":true,\"valueName\":\"search_term_string\"}}],\"inLanguage\":\"es\"},{\"@type\":\"Person\",\"@id\":\"https:\\\/\\\/quehacerpolitico.mx\\\/#\\\/schema\\\/person\\\/496d8ad2d1d3f8036101dca7ee39e585\",\"name\":\"Redacci\u00f3n QP\",\"image\":{\"@type\":\"ImageObject\",\"inLanguage\":\"es\",\"@id\":\"https:\\\/\\\/secure.gravatar.com\\\/avatar\\\/c7164ed6fdec453195284ad24a5ae5b6e1eed2b848477fa2a4787ba9adf39a41?s=96&d=mm&r=g\",\"url\":\"https:\\\/\\\/secure.gravatar.com\\\/avatar\\\/c7164ed6fdec453195284ad24a5ae5b6e1eed2b848477fa2a4787ba9adf39a41?s=96&d=mm&r=g\",\"contentUrl\":\"https:\\\/\\\/secure.gravatar.com\\\/avatar\\\/c7164ed6fdec453195284ad24a5ae5b6e1eed2b848477fa2a4787ba9adf39a41?s=96&d=mm&r=g\",\"caption\":\"Redacci\u00f3n QP\"},\"url\":\"https:\\\/\\\/quehacerpolitico.mx\\\/?author=2\"}]}<\/script>\n<!-- \/ Yoast SEO plugin. -->","yoast_head_json":{"title":"Alejandra Valencia\u00a0logra Plata en tiro con arco recurvo individual en el campeonato mundial de Berl\u00edn Alemania -","robots":{"index":"index","follow":"follow","max-snippet":"max-snippet:-1","max-image-preview":"max-image-preview:large","max-video-preview":"max-video-preview:-1"},"canonical":"https:\/\/quehacerpolitico.mx\/?p=103603","og_locale":"es_MX","og_type":"article","og_title":"Alejandra Valencia\u00a0logra Plata en tiro con arco recurvo individual en el campeonato mundial de Berl\u00edn Alemania -","og_description":"Por Redacci\u00f3n QP Las mexicanas siguen demostrando por qu\u00e9 son potencia en el Tiro con...","og_url":"https:\/\/quehacerpolitico.mx\/?p=103603","article_published_time":"2023-08-07T21:41:44+00:00","article_modified_time":"2023-08-07T21:41:49+00:00","og_image":[{"width":1280,"height":853,"url":"https:\/\/quehacerpolitico.mx\/wp-content\/uploads\/2023\/08\/IMG_9615.jpeg","type":"image\/jpeg"}],"author":"Redacci\u00f3n QP","twitter_card":"summary_large_image","twitter_misc":{"Escrito por":"Redacci\u00f3n QP","Tiempo de lectura":"2 minutos"},"schema":{"@context":"https:\/\/schema.org","@graph":[{"@type":"Article","@id":"https:\/\/quehacerpolitico.mx\/?p=103603#article","isPartOf":{"@id":"https:\/\/quehacerpolitico.mx\/?p=103603"},"author":{"name":"Redacci\u00f3n QP","@id":"https:\/\/quehacerpolitico.mx\/#\/schema\/person\/496d8ad2d1d3f8036101dca7ee39e585"},"headline":"Alejandra Valencia\u00a0logra Plata en tiro con arco recurvo individual en el campeonato mundial de Berl\u00edn Alemania","datePublished":"2023-08-07T21:41:44+00:00","dateModified":"2023-08-07T21:41:49+00:00","mainEntityOfPage":{"@id":"https:\/\/quehacerpolitico.mx\/?p=103603"},"wordCount":422,"commentCount":0,"image":{"@id":"https:\/\/quehacerpolitico.mx\/?p=103603#primaryimage"},"thumbnailUrl":"https:\/\/quehacerpolitico.mx\/wp-content\/uploads\/2023\/08\/IMG_9615.jpeg","articleSection":["Deportes"],"inLanguage":"es","potentialAction":[{"@type":"CommentAction","name":"Comment","target":["https:\/\/quehacerpolitico.mx\/?p=103603#respond"]}]},{"@type":"WebPage","@id":"https:\/\/quehacerpolitico.mx\/?p=103603","url":"https:\/\/quehacerpolitico.mx\/?p=103603","name":"Alejandra Valencia\u00a0logra Plata en tiro con arco recurvo individual en el campeonato mundial de Berl\u00edn Alemania -","isPartOf":{"@id":"https:\/\/quehacerpolitico.mx\/#website"},"primaryImageOfPage":{"@id":"https:\/\/quehacerpolitico.mx\/?p=103603#primaryimage"},"image":{"@id":"https:\/\/quehacerpolitico.mx\/?p=103603#primaryimage"},"thumbnailUrl":"https:\/\/quehacerpolitico.mx\/wp-content\/uploads\/2023\/08\/IMG_9615.jpeg","datePublished":"2023-08-07T21:41:44+00:00","dateModified":"2023-08-07T21:41:49+00:00","author":{"@id":"https:\/\/quehacerpolitico.mx\/#\/schema\/person\/496d8ad2d1d3f8036101dca7ee39e585"},"breadcrumb":{"@id":"https:\/\/quehacerpolitico.mx\/?p=103603#breadcrumb"},"inLanguage":"es","potentialAction":[{"@type":"ReadAction","target":["https:\/\/quehacerpolitico.mx\/?p=103603"]}]},{"@type":"ImageObject","inLanguage":"es","@id":"https:\/\/quehacerpolitico.mx\/?p=103603#primaryimage","url":"https:\/\/quehacerpolitico.mx\/wp-content\/uploads\/2023\/08\/IMG_9615.jpeg","contentUrl":"https:\/\/quehacerpolitico.mx\/wp-content\/uploads\/2023\/08\/IMG_9615.jpeg","width":1280,"height":853},{"@type":"BreadcrumbList","@id":"https:\/\/quehacerpolitico.mx\/?p=103603#breadcrumb","itemListElement":[{"@type":"ListItem","position":1,"name":"Inicio","item":"https:\/\/quehacerpolitico.mx\/"},{"@type":"ListItem","position":2,"name":"Alejandra Valencia\u00a0logra Plata en tiro con arco recurvo individual en el campeonato mundial de Berl\u00edn Alemania"}]},{"@type":"WebSite","@id":"https:\/\/quehacerpolitico.mx\/#website","url":"https:\/\/quehacerpolitico.mx\/","name":"","description":"","potentialAction":[{"@type":"SearchAction","target":{"@type":"EntryPoint","urlTemplate":"https:\/\/quehacerpolitico.mx\/?s={search_term_string}"},"query-input":{"@type":"PropertyValueSpecification","valueRequired":true,"valueName":"search_term_string"}}],"inLanguage":"es"},{"@type":"Person","@id":"https:\/\/quehacerpolitico.mx\/#\/schema\/person\/496d8ad2d1d3f8036101dca7ee39e585","name":"Redacci\u00f3n QP","image":{"@type":"ImageObject","inLanguage":"es","@id":"https:\/\/secure.gravatar.com\/avatar\/c7164ed6fdec453195284ad24a5ae5b6e1eed2b848477fa2a4787ba9adf39a41?s=96&d=mm&r=g","url":"https:\/\/secure.gravatar.com\/avatar\/c7164ed6fdec453195284ad24a5ae5b6e1eed2b848477fa2a4787ba9adf39a41?s=96&d=mm&r=g","contentUrl":"https:\/\/secure.gravatar.com\/avatar\/c7164ed6fdec453195284ad24a5ae5b6e1eed2b848477fa2a4787ba9adf39a41?s=96&d=mm&r=g","caption":"Redacci\u00f3n QP"},"url":"https:\/\/quehacerpolitico.mx\/?author=2"}]}},"featured_image_urls":{"full":["https:\/\/quehacerpolitico.mx\/wp-content\/uploads\/2023\/08\/IMG_9615.jpeg",1280,853,false],"thumbnail":["https:\/\/quehacerpolitico.mx\/wp-content\/uploads\/2023\/08\/IMG_9615-150x150.jpeg",150,150,true],"medium":["https:\/\/quehacerpolitico.mx\/wp-content\/uploads\/2023\/08\/IMG_9615-300x200.jpeg",300,200,true],"medium_large":["https:\/\/quehacerpolitico.mx\/wp-content\/uploads\/2023\/08\/IMG_9615-768x512.jpeg",640,427,true],"large":["https:\/\/quehacerpolitico.mx\/wp-content\/uploads\/2023\/08\/IMG_9615-1024x682.jpeg",640,426,true],"1536x1536":["https:\/\/quehacerpolitico.mx\/wp-content\/uploads\/2023\/08\/IMG_9615.jpeg",1280,853,false],"2048x2048":["https:\/\/quehacerpolitico.mx\/wp-content\/uploads\/2023\/08\/IMG_9615.jpeg",1280,853,false],"covernews-featured":["https:\/\/quehacerpolitico.mx\/wp-content\/uploads\/2023\/08\/IMG_9615.jpeg",1024,682,false],"covernews-medium":["https:\/\/quehacerpolitico.mx\/wp-content\/uploads\/2023\/08\/IMG_9615.jpeg",510,340,false]},"author_info":{"display_name":"Redacci\u00f3n QP","author_link":"https:\/\/quehacerpolitico.mx\/?author=2"},"category_info":"<a href=\"https:\/\/quehacerpolitico.mx\/?cat=54\" rel=\"category\">Deportes<\/a>","tag_info":"Deportes","comment_count":"0","_links":{"self":[{"href":"https:\/\/quehacerpolitico.mx\/index.php?rest_route=\/wp\/v2\/posts\/103603","targetHints":{"allow":["GET"]}}],"collection":[{"href":"https:\/\/quehacerpolitico.mx\/index.php?rest_route=\/wp\/v2\/posts"}],"about":[{"href":"https:\/\/quehacerpolitico.mx\/index.php?rest_route=\/wp\/v2\/types\/post"}],"author":[{"embeddable":true,"href":"https:\/\/quehacerpolitico.mx\/index.php?rest_route=\/wp\/v2\/users\/2"}],"replies":[{"embeddable":true,"href":"https:\/\/quehacerpolitico.mx\/index.php?rest_route=%2Fwp%2Fv2%2Fcomments&post=103603"}],"version-history":[{"count":1,"href":"https:\/\/quehacerpolitico.mx\/index.php?rest_route=\/wp\/v2\/posts\/103603\/revisions"}],"predecessor-version":[{"id":103605,"href":"https:\/\/quehacerpolitico.mx\/index.php?rest_route=\/wp\/v2\/posts\/103603\/revisions\/103605"}],"wp:featuredmedia":[{"embeddable":true,"href":"https:\/\/quehacerpolitico.mx\/index.php?rest_route=\/wp\/v2\/media\/103604"}],"wp:attachment":[{"href":"https:\/\/quehacerpolitico.mx\/index.php?rest_route=%2Fwp%2Fv2%2Fmedia&parent=103603"}],"wp:term":[{"taxonomy":"category","embeddable":true,"href":"https:\/\/quehacerpolitico.mx\/index.php?rest_route=%2Fwp%2Fv2%2Fcategories&post=103603"},{"taxonomy":"post_tag","embeddable":true,"href":"https:\/\/quehacerpolitico.mx\/index.php?rest_route=%2Fwp%2Fv2%2Ftags&post=103603"}],"curies":[{"name":"wp","href":"https:\/\/api.w.org\/{rel}","templated":true}]}}