{"id":103564,"date":"2023-08-07T14:01:52","date_gmt":"2023-08-07T14:01:52","guid":{"rendered":"https:\/\/quehacerpolitico.mx\/?p=103564"},"modified":"2023-08-07T14:01:56","modified_gmt":"2023-08-07T14:01:56","slug":"el-quehacer-politico-jose-alberto-prado-angeles-mexico-vive-con-un-sector-salud-enfermo","status":"publish","type":"post","link":"https:\/\/quehacerpolitico.mx\/?p=103564","title":{"rendered":"El Quehacer Pol\u00edtico\/\/\/Jos\u00e9 Alberto Prado Angeles\/\/\/MEXICO VIVE CON UN SECTOR SALUD ENFERMO"},"content":{"rendered":"\n<p>Por Jos\u00e9 Alberto Prado Angeles<\/p>\n\n\n\n<p>Director General y Editor<\/p>\n\n\n\n<p>La corrupci\u00f3n en M\u00e9xico est\u00e1 m\u00e1s presente de lo que todos quisi\u00e9ramos y el sector salud no escapa a su existencia y sus efectos.<\/p>\n\n\n\n<p>Seg\u00fan Transparencia Internacional, en 2021 M\u00e9xico ocupaba el lugar 95 de 168, con una calificaci\u00f3n de 35 puntos sobre 100, donde 0 es altamente corrupto y 100 ausencia de corrupci\u00f3n; para 2022, M\u00e9xico se coloc\u00f3\u0301 en el lugar 135 de 180 pa\u00edses, con una calificaci\u00f3n de 29 puntos, es decir, existe la percepci\u00f3n de que existe cada vez m\u00e1s corrupci\u00f3n.<\/p>\n\n\n\n<p>Es importante se\u00f1alar que la corrupci\u00f3n repercute en los individuos y de manera global afecta a la sociedad en su conjunto. Lo anterior es m\u00e1s evidente y agravante cuando ocurre en el campo de la salud p\u00fablica, pues la salud de las personas es un bien en s\u00ed mismo, \u201ctutelado\u201d por el Estado y deseado por todos, sino que se trata de un medio y una condici\u00f3n indispensable para hacer valer otros derechos y libertades.<\/p>\n\n\n\n<p>Una persona con mala salud no podr\u00e1 estudiar o trabajar de manera adecuada y no podr\u00e1\u0301 vivir dignamente. Lo mismo sucede a nivel poblacional, una sociedad con una incidencia alta de enfermedades no podr\u00e1\u0301 trabajar productivamente en plenitud y, por ende, disminuyen de modo considerable; una poblaci\u00f3n que no goza de cabal salud no podr\u00e1\u0301 generar las condiciones de desarrollo necesarias para producir riqueza, atender los rezagos hist\u00f3ricos y reducir tanto la pobreza en s\u00ed misma como la inequidad en salud.<\/p>\n\n\n\n<p>Si queremos lograr el crecimiento sostenido indispensable para generar los beneficios sociales que reclama nuestra sociedad, es indispensable entregar buenas cuentas en materia de prevenci\u00f3n de la enfermedad y procuraci\u00f3n de la salud.<\/p>\n\n\n\n<p>El terminar con la corrupci\u00f3n hacia dentro de las instituciones, el fortalecimiento para que los instrumentos necesarios lleguen a los h\u00e9roes de bata blanca, nuestros m\u00e9dicos, y den vida a una poblaci\u00f3n\u00a0pobre en salud que cada vez la necesita m\u00e1s\u2026<\/p>\n\n\n\n<p>As\u00ed el Quehacer Pol\u00edtico Desde 1980, inquiriendo en la pol\u00edtica de M\u00e9xico, cuestionando, exponiendo, revelando y razonando.Es cuanto.<\/p>\n","protected":false},"excerpt":{"rendered":"<p>Por Jos\u00e9 Alberto Prado Angeles Director General y Editor La corrupci\u00f3n en M\u00e9xico est\u00e1 m\u00e1s&#8230;<\/p>\n","protected":false},"author":2,"featured_media":103565,"comment_status":"open","ping_status":"open","sticky":false,"template":"","format":"standard","meta":{"_monsterinsights_skip_tracking":false,"_monsterinsights_sitenote_active":false,"_monsterinsights_sitenote_note":"","_monsterinsights_sitenote_category":0,"footnotes":""},"categories":[2],"tags":[],"class_list":["post-103564","post","type-post","status-publish","format-standard","has-post-thumbnail","hentry","category-noticias"],"yoast_head":"<!-- This site is optimized with the Yoast SEO plugin v27.3 - https:\/\/yoast.com\/product\/yoast-seo-wordpress\/ -->\n<title>El Quehacer Pol\u00edtico\/\/\/Jos\u00e9 Alberto Prado Angeles\/\/\/MEXICO VIVE CON UN SECTOR SALUD ENFERMO -<\/title>\n<meta name=\"robots\" content=\"index, follow, max-snippet:-1, max-image-preview:large, max-video-preview:-1\" \/>\n<link rel=\"canonical\" href=\"https:\/\/quehacerpolitico.mx\/?p=103564\" \/>\n<meta property=\"og:locale\" content=\"es_MX\" \/>\n<meta property=\"og:type\" content=\"article\" \/>\n<meta property=\"og:title\" content=\"El Quehacer Pol\u00edtico\/\/\/Jos\u00e9 Alberto Prado Angeles\/\/\/MEXICO VIVE CON UN SECTOR SALUD ENFERMO -\" \/>\n<meta property=\"og:description\" content=\"Por Jos\u00e9 Alberto Prado Angeles Director General y Editor La corrupci\u00f3n en M\u00e9xico est\u00e1 m\u00e1s...\" \/>\n<meta property=\"og:url\" content=\"https:\/\/quehacerpolitico.mx\/?p=103564\" \/>\n<meta property=\"article:published_time\" content=\"2023-08-07T14:01:52+00:00\" \/>\n<meta property=\"article:modified_time\" content=\"2023-08-07T14:01:56+00:00\" \/>\n<meta property=\"og:image\" content=\"https:\/\/quehacerpolitico.mx\/wp-content\/uploads\/2023\/08\/511bc7b1-f34b-4418-b917-5120714f846d.jpeg\" \/>\n\t<meta property=\"og:image:width\" content=\"963\" \/>\n\t<meta property=\"og:image:height\" content=\"493\" \/>\n\t<meta property=\"og:image:type\" content=\"image\/jpeg\" \/>\n<meta name=\"author\" content=\"Redacci\u00f3n QP\" \/>\n<meta name=\"twitter:card\" content=\"summary_large_image\" \/>\n<meta name=\"twitter:label1\" content=\"Escrito por\" \/>\n\t<meta name=\"twitter:data1\" content=\"Redacci\u00f3n QP\" \/>\n\t<meta name=\"twitter:label2\" content=\"Tiempo de lectura\" \/>\n\t<meta name=\"twitter:data2\" content=\"2 minutos\" \/>\n<script type=\"application\/ld+json\" class=\"yoast-schema-graph\">{\"@context\":\"https:\\\/\\\/schema.org\",\"@graph\":[{\"@type\":\"Article\",\"@id\":\"https:\\\/\\\/quehacerpolitico.mx\\\/?p=103564#article\",\"isPartOf\":{\"@id\":\"https:\\\/\\\/quehacerpolitico.mx\\\/?p=103564\"},\"author\":{\"name\":\"Redacci\u00f3n QP\",\"@id\":\"https:\\\/\\\/quehacerpolitico.mx\\\/#\\\/schema\\\/person\\\/496d8ad2d1d3f8036101dca7ee39e585\"},\"headline\":\"El Quehacer Pol\u00edtico\\\/\\\/\\\/Jos\u00e9 Alberto Prado Angeles\\\/\\\/\\\/MEXICO VIVE CON UN SECTOR SALUD ENFERMO\",\"datePublished\":\"2023-08-07T14:01:52+00:00\",\"dateModified\":\"2023-08-07T14:01:56+00:00\",\"mainEntityOfPage\":{\"@id\":\"https:\\\/\\\/quehacerpolitico.mx\\\/?p=103564\"},\"wordCount\":376,\"commentCount\":0,\"image\":{\"@id\":\"https:\\\/\\\/quehacerpolitico.mx\\\/?p=103564#primaryimage\"},\"thumbnailUrl\":\"https:\\\/\\\/quehacerpolitico.mx\\\/wp-content\\\/uploads\\\/2023\\\/08\\\/511bc7b1-f34b-4418-b917-5120714f846d.jpeg\",\"articleSection\":[\"Noticias\"],\"inLanguage\":\"es\",\"potentialAction\":[{\"@type\":\"CommentAction\",\"name\":\"Comment\",\"target\":[\"https:\\\/\\\/quehacerpolitico.mx\\\/?p=103564#respond\"]}]},{\"@type\":\"WebPage\",\"@id\":\"https:\\\/\\\/quehacerpolitico.mx\\\/?p=103564\",\"url\":\"https:\\\/\\\/quehacerpolitico.mx\\\/?p=103564\",\"name\":\"El Quehacer Pol\u00edtico\\\/\\\/\\\/Jos\u00e9 Alberto Prado Angeles\\\/\\\/\\\/MEXICO VIVE CON UN SECTOR SALUD ENFERMO -\",\"isPartOf\":{\"@id\":\"https:\\\/\\\/quehacerpolitico.mx\\\/#website\"},\"primaryImageOfPage\":{\"@id\":\"https:\\\/\\\/quehacerpolitico.mx\\\/?p=103564#primaryimage\"},\"image\":{\"@id\":\"https:\\\/\\\/quehacerpolitico.mx\\\/?p=103564#primaryimage\"},\"thumbnailUrl\":\"https:\\\/\\\/quehacerpolitico.mx\\\/wp-content\\\/uploads\\\/2023\\\/08\\\/511bc7b1-f34b-4418-b917-5120714f846d.jpeg\",\"datePublished\":\"2023-08-07T14:01:52+00:00\",\"dateModified\":\"2023-08-07T14:01:56+00:00\",\"author\":{\"@id\":\"https:\\\/\\\/quehacerpolitico.mx\\\/#\\\/schema\\\/person\\\/496d8ad2d1d3f8036101dca7ee39e585\"},\"breadcrumb\":{\"@id\":\"https:\\\/\\\/quehacerpolitico.mx\\\/?p=103564#breadcrumb\"},\"inLanguage\":\"es\",\"potentialAction\":[{\"@type\":\"ReadAction\",\"target\":[\"https:\\\/\\\/quehacerpolitico.mx\\\/?p=103564\"]}]},{\"@type\":\"ImageObject\",\"inLanguage\":\"es\",\"@id\":\"https:\\\/\\\/quehacerpolitico.mx\\\/?p=103564#primaryimage\",\"url\":\"https:\\\/\\\/quehacerpolitico.mx\\\/wp-content\\\/uploads\\\/2023\\\/08\\\/511bc7b1-f34b-4418-b917-5120714f846d.jpeg\",\"contentUrl\":\"https:\\\/\\\/quehacerpolitico.mx\\\/wp-content\\\/uploads\\\/2023\\\/08\\\/511bc7b1-f34b-4418-b917-5120714f846d.jpeg\",\"width\":963,\"height\":493},{\"@type\":\"BreadcrumbList\",\"@id\":\"https:\\\/\\\/quehacerpolitico.mx\\\/?p=103564#breadcrumb\",\"itemListElement\":[{\"@type\":\"ListItem\",\"position\":1,\"name\":\"Inicio\",\"item\":\"https:\\\/\\\/quehacerpolitico.mx\\\/\"},{\"@type\":\"ListItem\",\"position\":2,\"name\":\"El Quehacer Pol\u00edtico\\\/\\\/\\\/Jos\u00e9 Alberto Prado Angeles\\\/\\\/\\\/MEXICO VIVE CON UN SECTOR SALUD ENFERMO\"}]},{\"@type\":\"WebSite\",\"@id\":\"https:\\\/\\\/quehacerpolitico.mx\\\/#website\",\"url\":\"https:\\\/\\\/quehacerpolitico.mx\\\/\",\"name\":\"\",\"description\":\"\",\"potentialAction\":[{\"@type\":\"SearchAction\",\"target\":{\"@type\":\"EntryPoint\",\"urlTemplate\":\"https:\\\/\\\/quehacerpolitico.mx\\\/?s={search_term_string}\"},\"query-input\":{\"@type\":\"PropertyValueSpecification\",\"valueRequired\":true,\"valueName\":\"search_term_string\"}}],\"inLanguage\":\"es\"},{\"@type\":\"Person\",\"@id\":\"https:\\\/\\\/quehacerpolitico.mx\\\/#\\\/schema\\\/person\\\/496d8ad2d1d3f8036101dca7ee39e585\",\"name\":\"Redacci\u00f3n QP\",\"image\":{\"@type\":\"ImageObject\",\"inLanguage\":\"es\",\"@id\":\"https:\\\/\\\/secure.gravatar.com\\\/avatar\\\/c7164ed6fdec453195284ad24a5ae5b6e1eed2b848477fa2a4787ba9adf39a41?s=96&d=mm&r=g\",\"url\":\"https:\\\/\\\/secure.gravatar.com\\\/avatar\\\/c7164ed6fdec453195284ad24a5ae5b6e1eed2b848477fa2a4787ba9adf39a41?s=96&d=mm&r=g\",\"contentUrl\":\"https:\\\/\\\/secure.gravatar.com\\\/avatar\\\/c7164ed6fdec453195284ad24a5ae5b6e1eed2b848477fa2a4787ba9adf39a41?s=96&d=mm&r=g\",\"caption\":\"Redacci\u00f3n QP\"},\"url\":\"https:\\\/\\\/quehacerpolitico.mx\\\/?author=2\"}]}<\/script>\n<!-- \/ Yoast SEO plugin. -->","yoast_head_json":{"title":"El Quehacer Pol\u00edtico\/\/\/Jos\u00e9 Alberto Prado Angeles\/\/\/MEXICO VIVE CON UN SECTOR SALUD ENFERMO -","robots":{"index":"index","follow":"follow","max-snippet":"max-snippet:-1","max-image-preview":"max-image-preview:large","max-video-preview":"max-video-preview:-1"},"canonical":"https:\/\/quehacerpolitico.mx\/?p=103564","og_locale":"es_MX","og_type":"article","og_title":"El Quehacer Pol\u00edtico\/\/\/Jos\u00e9 Alberto Prado Angeles\/\/\/MEXICO VIVE CON UN SECTOR SALUD ENFERMO -","og_description":"Por Jos\u00e9 Alberto Prado Angeles Director General y Editor La corrupci\u00f3n en M\u00e9xico est\u00e1 m\u00e1s...","og_url":"https:\/\/quehacerpolitico.mx\/?p=103564","article_published_time":"2023-08-07T14:01:52+00:00","article_modified_time":"2023-08-07T14:01:56+00:00","og_image":[{"width":963,"height":493,"url":"https:\/\/quehacerpolitico.mx\/wp-content\/uploads\/2023\/08\/511bc7b1-f34b-4418-b917-5120714f846d.jpeg","type":"image\/jpeg"}],"author":"Redacci\u00f3n QP","twitter_card":"summary_large_image","twitter_misc":{"Escrito por":"Redacci\u00f3n QP","Tiempo de lectura":"2 minutos"},"schema":{"@context":"https:\/\/schema.org","@graph":[{"@type":"Article","@id":"https:\/\/quehacerpolitico.mx\/?p=103564#article","isPartOf":{"@id":"https:\/\/quehacerpolitico.mx\/?p=103564"},"author":{"name":"Redacci\u00f3n QP","@id":"https:\/\/quehacerpolitico.mx\/#\/schema\/person\/496d8ad2d1d3f8036101dca7ee39e585"},"headline":"El Quehacer Pol\u00edtico\/\/\/Jos\u00e9 Alberto Prado Angeles\/\/\/MEXICO VIVE CON UN SECTOR SALUD ENFERMO","datePublished":"2023-08-07T14:01:52+00:00","dateModified":"2023-08-07T14:01:56+00:00","mainEntityOfPage":{"@id":"https:\/\/quehacerpolitico.mx\/?p=103564"},"wordCount":376,"commentCount":0,"image":{"@id":"https:\/\/quehacerpolitico.mx\/?p=103564#primaryimage"},"thumbnailUrl":"https:\/\/quehacerpolitico.mx\/wp-content\/uploads\/2023\/08\/511bc7b1-f34b-4418-b917-5120714f846d.jpeg","articleSection":["Noticias"],"inLanguage":"es","potentialAction":[{"@type":"CommentAction","name":"Comment","target":["https:\/\/quehacerpolitico.mx\/?p=103564#respond"]}]},{"@type":"WebPage","@id":"https:\/\/quehacerpolitico.mx\/?p=103564","url":"https:\/\/quehacerpolitico.mx\/?p=103564","name":"El Quehacer Pol\u00edtico\/\/\/Jos\u00e9 Alberto Prado Angeles\/\/\/MEXICO VIVE CON UN SECTOR SALUD ENFERMO -","isPartOf":{"@id":"https:\/\/quehacerpolitico.mx\/#website"},"primaryImageOfPage":{"@id":"https:\/\/quehacerpolitico.mx\/?p=103564#primaryimage"},"image":{"@id":"https:\/\/quehacerpolitico.mx\/?p=103564#primaryimage"},"thumbnailUrl":"https:\/\/quehacerpolitico.mx\/wp-content\/uploads\/2023\/08\/511bc7b1-f34b-4418-b917-5120714f846d.jpeg","datePublished":"2023-08-07T14:01:52+00:00","dateModified":"2023-08-07T14:01:56+00:00","author":{"@id":"https:\/\/quehacerpolitico.mx\/#\/schema\/person\/496d8ad2d1d3f8036101dca7ee39e585"},"breadcrumb":{"@id":"https:\/\/quehacerpolitico.mx\/?p=103564#breadcrumb"},"inLanguage":"es","potentialAction":[{"@type":"ReadAction","target":["https:\/\/quehacerpolitico.mx\/?p=103564"]}]},{"@type":"ImageObject","inLanguage":"es","@id":"https:\/\/quehacerpolitico.mx\/?p=103564#primaryimage","url":"https:\/\/quehacerpolitico.mx\/wp-content\/uploads\/2023\/08\/511bc7b1-f34b-4418-b917-5120714f846d.jpeg","contentUrl":"https:\/\/quehacerpolitico.mx\/wp-content\/uploads\/2023\/08\/511bc7b1-f34b-4418-b917-5120714f846d.jpeg","width":963,"height":493},{"@type":"BreadcrumbList","@id":"https:\/\/quehacerpolitico.mx\/?p=103564#breadcrumb","itemListElement":[{"@type":"ListItem","position":1,"name":"Inicio","item":"https:\/\/quehacerpolitico.mx\/"},{"@type":"ListItem","position":2,"name":"El Quehacer Pol\u00edtico\/\/\/Jos\u00e9 Alberto Prado Angeles\/\/\/MEXICO VIVE CON UN SECTOR SALUD ENFERMO"}]},{"@type":"WebSite","@id":"https:\/\/quehacerpolitico.mx\/#website","url":"https:\/\/quehacerpolitico.mx\/","name":"","description":"","potentialAction":[{"@type":"SearchAction","target":{"@type":"EntryPoint","urlTemplate":"https:\/\/quehacerpolitico.mx\/?s={search_term_string}"},"query-input":{"@type":"PropertyValueSpecification","valueRequired":true,"valueName":"search_term_string"}}],"inLanguage":"es"},{"@type":"Person","@id":"https:\/\/quehacerpolitico.mx\/#\/schema\/person\/496d8ad2d1d3f8036101dca7ee39e585","name":"Redacci\u00f3n QP","image":{"@type":"ImageObject","inLanguage":"es","@id":"https:\/\/secure.gravatar.com\/avatar\/c7164ed6fdec453195284ad24a5ae5b6e1eed2b848477fa2a4787ba9adf39a41?s=96&d=mm&r=g","url":"https:\/\/secure.gravatar.com\/avatar\/c7164ed6fdec453195284ad24a5ae5b6e1eed2b848477fa2a4787ba9adf39a41?s=96&d=mm&r=g","contentUrl":"https:\/\/secure.gravatar.com\/avatar\/c7164ed6fdec453195284ad24a5ae5b6e1eed2b848477fa2a4787ba9adf39a41?s=96&d=mm&r=g","caption":"Redacci\u00f3n QP"},"url":"https:\/\/quehacerpolitico.mx\/?author=2"}]}},"featured_image_urls":{"full":["https:\/\/quehacerpolitico.mx\/wp-content\/uploads\/2023\/08\/511bc7b1-f34b-4418-b917-5120714f846d.jpeg",963,493,false],"thumbnail":["https:\/\/quehacerpolitico.mx\/wp-content\/uploads\/2023\/08\/511bc7b1-f34b-4418-b917-5120714f846d-150x150.jpeg",150,150,true],"medium":["https:\/\/quehacerpolitico.mx\/wp-content\/uploads\/2023\/08\/511bc7b1-f34b-4418-b917-5120714f846d-300x154.jpeg",300,154,true],"medium_large":["https:\/\/quehacerpolitico.mx\/wp-content\/uploads\/2023\/08\/511bc7b1-f34b-4418-b917-5120714f846d-768x393.jpeg",640,328,true],"large":["https:\/\/quehacerpolitico.mx\/wp-content\/uploads\/2023\/08\/511bc7b1-f34b-4418-b917-5120714f846d.jpeg",640,328,false],"1536x1536":["https:\/\/quehacerpolitico.mx\/wp-content\/uploads\/2023\/08\/511bc7b1-f34b-4418-b917-5120714f846d.jpeg",963,493,false],"2048x2048":["https:\/\/quehacerpolitico.mx\/wp-content\/uploads\/2023\/08\/511bc7b1-f34b-4418-b917-5120714f846d.jpeg",963,493,false],"covernews-featured":["https:\/\/quehacerpolitico.mx\/wp-content\/uploads\/2023\/08\/511bc7b1-f34b-4418-b917-5120714f846d.jpeg",963,493,false],"covernews-medium":["https:\/\/quehacerpolitico.mx\/wp-content\/uploads\/2023\/08\/511bc7b1-f34b-4418-b917-5120714f846d.jpeg",540,276,false]},"author_info":{"display_name":"Redacci\u00f3n QP","author_link":"https:\/\/quehacerpolitico.mx\/?author=2"},"category_info":"<a href=\"https:\/\/quehacerpolitico.mx\/?cat=2\" rel=\"category\">Noticias<\/a>","tag_info":"Noticias","comment_count":"0","_links":{"self":[{"href":"https:\/\/quehacerpolitico.mx\/index.php?rest_route=\/wp\/v2\/posts\/103564","targetHints":{"allow":["GET"]}}],"collection":[{"href":"https:\/\/quehacerpolitico.mx\/index.php?rest_route=\/wp\/v2\/posts"}],"about":[{"href":"https:\/\/quehacerpolitico.mx\/index.php?rest_route=\/wp\/v2\/types\/post"}],"author":[{"embeddable":true,"href":"https:\/\/quehacerpolitico.mx\/index.php?rest_route=\/wp\/v2\/users\/2"}],"replies":[{"embeddable":true,"href":"https:\/\/quehacerpolitico.mx\/index.php?rest_route=%2Fwp%2Fv2%2Fcomments&post=103564"}],"version-history":[{"count":1,"href":"https:\/\/quehacerpolitico.mx\/index.php?rest_route=\/wp\/v2\/posts\/103564\/revisions"}],"predecessor-version":[{"id":103566,"href":"https:\/\/quehacerpolitico.mx\/index.php?rest_route=\/wp\/v2\/posts\/103564\/revisions\/103566"}],"wp:featuredmedia":[{"embeddable":true,"href":"https:\/\/quehacerpolitico.mx\/index.php?rest_route=\/wp\/v2\/media\/103565"}],"wp:attachment":[{"href":"https:\/\/quehacerpolitico.mx\/index.php?rest_route=%2Fwp%2Fv2%2Fmedia&parent=103564"}],"wp:term":[{"taxonomy":"category","embeddable":true,"href":"https:\/\/quehacerpolitico.mx\/index.php?rest_route=%2Fwp%2Fv2%2Fcategories&post=103564"},{"taxonomy":"post_tag","embeddable":true,"href":"https:\/\/quehacerpolitico.mx\/index.php?rest_route=%2Fwp%2Fv2%2Ftags&post=103564"}],"curies":[{"name":"wp","href":"https:\/\/api.w.org\/{rel}","templated":true}]}}