{"id":103558,"date":"2023-08-06T18:20:47","date_gmt":"2023-08-06T18:20:47","guid":{"rendered":"https:\/\/quehacerpolitico.mx\/?p=103558"},"modified":"2023-08-06T18:20:50","modified_gmt":"2023-08-06T18:20:50","slug":"el-cantautor-victor-manuel-se-presentara-en-mexico-con-la-vida-en-canciones-este-octubre-proximo-para-dar-una-noche-inolvidable-a-su-publico","status":"publish","type":"post","link":"https:\/\/quehacerpolitico.mx\/?p=103558","title":{"rendered":"El cantautor V\u00edctor Manuel, se presentar\u00e1 en M\u00e9xico con \u201cLa Vida en Canciones\u201d este octubre pr\u00f3ximo para dar una noche inolvidable a su p\u00fablico"},"content":{"rendered":"\n<p>Por Redacci\u00f3n QP<\/p>\n\n\n\n<p>El cantautor espa\u00f1ol llegar\u00e1 el pr\u00f3ximo 19 de octubre al Teatro Diana<\/p>\n\n\n\n<p>El cantautor espa\u00f1ol, V\u00edctor Manuel, quien el pasado 7 de julio celebr\u00f3 76 a\u00f1os de vida, est\u00e1 de manteles largos con su gira por M\u00e9xico,\u00a0<strong>\u201cLa Vida en Canciones\u201d, la cual le da nombre a un material discogr\u00e1fico de 59 \u00a0piezas que re\u00fanen parte de su m\u00e1s importante repertorio y el cual se public\u00f3 el 25 de noviembre del 2022.<\/strong><\/p>\n\n\n\n<p><strong>El pr\u00f3ximo 19 de octubre en punto de las 21:00 horas, llegar\u00e1 al Teatro Diana con su espect\u00e1culo que promete ser inolvidable.<\/strong><\/p>\n\n\n\n<p>En entrevista habla de su v\u00ednculo con M\u00e9xico y cu\u00e1l es la perspectiva que tiene de la m\u00fasica actual.<\/p>\n\n\n\n<p>\u201cM\u00e9xico ha sido muy importante en nuestro trabajo, tenemos una relaci\u00f3n largu\u00edsima desde los a\u00f1os 70, con muchas amistades y con gente muy querida. M\u00e9xico es el pa\u00eds donde m\u00e1s hemos cantado, adem\u00e1s de Espa\u00f1a. Y siempre la conexi\u00f3n con el p\u00fablico ha sido extraordinaria y maravillosa. La audiencia de este pa\u00eds no te premia por el \u00e9xito, sino por el recuerdo que tiene de otros trabajos que has hecho a lo largo de tu vida. Entonces, el premio que te da es global, no por un \u00e9xito puntual, que tambi\u00e9n es importante en un momento determinado\u201d.<\/p>\n\n\n\n<figure class=\"wp-block-embed is-type-video is-provider-youtube wp-block-embed-youtube wp-embed-aspect-16-9 wp-has-aspect-ratio\"><div class=\"wp-block-embed__wrapper\">\n<iframe loading=\"lazy\" title=\"Victor Manuel con Miguel Rios - Solo Pienso en Ti (En Directo)\" width=\"640\" height=\"360\" src=\"https:\/\/www.youtube.com\/embed\/xefDAUwh2E0?feature=oembed\" frameborder=\"0\" allow=\"accelerometer; autoplay; clipboard-write; encrypted-media; gyroscope; picture-in-picture; web-share\" referrerpolicy=\"strict-origin-when-cross-origin\" allowfullscreen><\/iframe>\n<\/div><\/figure>\n\n\n\n<p>Recuerda que\u00a0<strong>la \u00faltima vez que estuvo de tour por nuestro pa\u00eds fue en el 2017, hace seis a\u00f1os ya; esto fue a trav\u00e9s de la gira \u201cEl gusto es nuestro\u201d con Ana Bel\u00e9n, Miguel R\u00edos y Joan Manuel\u00a0Serrat,<\/strong>\u00a0as\u00ed que ya le deb\u00eda a sus seguidores una pr\u00f3xima velada, ahora en solitario.<\/p>\n\n\n\n<p>Se\u00f1ala que \u201cLa Vida en Canciones\u201d, que se lanz\u00f3 simult\u00e1neamente como gira y como disco, lo ha llevado a cantar por Espa\u00f1a y ahora es turno de pisar tierra azteca, \u201cha estado funcionando muy bien, la gente est\u00e1 muy receptiva, conoce un 90% de las canciones que estoy interpretando, y para m\u00ed en ese sentido es muy c\u00f3modo y muy f\u00e1cil,&nbsp;<strong>no estoy estrenando un \u00e1lbum nuevo, que siempre plantea m\u00e1s problemas de comunicaci\u00f3n, sino que estoy repitiendo cosas que llevo cantando desde hace muchos a\u00f1os\u201d.&nbsp;<\/strong>&nbsp;<\/p>\n\n\n\n<p>V\u00edctor Manuel llegar\u00e1 con seis m\u00fasicos, as\u00ed como con arreglos y una sonoridad renovada.<\/p>\n\n\n\n<p>En cuanto a hacer una retrospectiva musical como esta, que re\u00fane buena parte de su legado, responde:&nbsp;<strong>\u201cEn esta retrospectiva lo que hacemos es incluir canciones que yo llamo \u2018desgraciadas\u2019 porque no han tenido el \u00e9xito que yo pensaba que se merec\u00edan,<\/strong>&nbsp;finalmente el p\u00fablico es quien decide qu\u00e9 quiere y que no, porque por mucho que t\u00fa te empe\u00f1es, siempre hay una decisi\u00f3n final y eso como autor y como artista siempre lo lamentas. Pero yo quer\u00eda incluir canciones de ese apartado en el espect\u00e1culo.&nbsp;<strong>Y cuando presento&nbsp;estos temas en el escenario, contando su historia y sus peripecias, la verdad es que gustan mucho, pues es un trabajo manual el que se hace en el escenario y les damos ese sitio que yo creo, deber\u00edan tener\u201d<\/strong>.&nbsp;<\/p>\n\n\n\n<p>Eso s\u00ed, aclara que no reniega para nada de las canciones que se han convertido en un \u00e9xito, a todas las aprecia mucho.<\/p>\n\n\n\n<figure class=\"wp-block-embed is-type-video is-provider-youtube wp-block-embed-youtube wp-embed-aspect-16-9 wp-has-aspect-ratio\"><div class=\"wp-block-embed__wrapper\">\n<iframe loading=\"lazy\" title=\"Victor Manuel - Sube al Desv\u00e1n (En Directo)\" width=\"640\" height=\"360\" src=\"https:\/\/www.youtube.com\/embed\/czBGcX8rJ7A?feature=oembed\" frameborder=\"0\" allow=\"accelerometer; autoplay; clipboard-write; encrypted-media; gyroscope; picture-in-picture; web-share\" referrerpolicy=\"strict-origin-when-cross-origin\" allowfullscreen><\/iframe>\n<\/div><\/figure>\n\n\n\n<p>Cuando una figura tan entra\u00f1able como V\u00edctor Manuel ha logrado tanto, se puede pensar que ya no hay metas o sue\u00f1os, pero \u00e9l siempre ha tenido uno que nunca se desvanece,&nbsp;<strong>\u201ca m\u00ed lo \u00fanico que me gustar\u00eda ahora, es escribir otro mont\u00f3n de canciones, como la \u00faltima vez que lo hice, para el anterior trabajo \u2018Casi nada est\u00e1 en su sitio\u2019<\/strong>&nbsp;y ver qu\u00e9 cosas tengo que contar a esta altura del 2023 y el 2024. En ese sentido, soy un privilegiado que dependo de mi repertorio para bien y para mal, porque a veces aciertas y otras para nada, pero tratar\u00e9 de seguir escribiendo canciones, que para m\u00ed es lo que me mantiene dentro del espect\u00e1culo y la profesi\u00f3n\u201d. Resalta que para el pr\u00f3ximo a\u00f1o vendr\u00e1 m\u00fasica nueva, despu\u00e9s de que termine esta gira.<\/p>\n\n\n\n<p>Finalmente, habla de los ojos con los que mira a este mundo actual y cu\u00e1l es su perspectiva de la m\u00fasica que ahora se escucha. \u201cLo que trato de contar es c\u00f3mo est\u00e1 el mundo, la sociedad en la que vivimos\u201d, as\u00ed como lo hizo en su anterior \u00e1lbum \u201cCasi nada est\u00e1 en su sitio\u201d.&nbsp;<\/p>\n\n\n\n<p>&nbsp;\u201c(Con la m\u00fasica) me resulta muy dif\u00edcil dar una opini\u00f3n, escucho mucha que no me interesa para nada, pero lo hago porque me parece que tengo que hacerlo para saber lo que pasa. Entonces, hay tendencias que me resultan muy ajenas. Yo soy un tipo que lleva muchos a\u00f1os en esta profesi\u00f3n, que no ha podido pasarse de moda porque nunca estuvo de moda, as\u00ed que ver que la gente hace una manera de componer y que todo tiene la brevedad a la altura de TikTok, me llama la atenci\u00f3n y lo comprendo, y&nbsp;<strong>todo esto pasar\u00e1 como pasa todo, seguramente habr\u00e1 otra m\u00fasica y vendr\u00e1n otros m\u00fasicos que pasar\u00e1n de este proceso que vivimos ahora y que a m\u00ed me parece demasiado liviano y superficial\u201d.<\/strong><\/p>\n","protected":false},"excerpt":{"rendered":"<p>Por Redacci\u00f3n QP El cantautor espa\u00f1ol llegar\u00e1 el pr\u00f3ximo 19 de octubre al Teatro Diana&#8230;<\/p>\n","protected":false},"author":2,"featured_media":103559,"comment_status":"open","ping_status":"open","sticky":false,"template":"","format":"standard","meta":{"_monsterinsights_skip_tracking":false,"_monsterinsights_sitenote_active":false,"_monsterinsights_sitenote_note":"","_monsterinsights_sitenote_category":0,"footnotes":""},"categories":[58],"tags":[],"class_list":["post-103558","post","type-post","status-publish","format-standard","has-post-thumbnail","hentry","category-cultura"],"yoast_head":"<!-- This site is optimized with the Yoast SEO plugin v27.3 - https:\/\/yoast.com\/product\/yoast-seo-wordpress\/ -->\n<title>El cantautor V\u00edctor Manuel, se presentar\u00e1 en M\u00e9xico con \u201cLa Vida en Canciones\u201d este octubre pr\u00f3ximo para dar una noche inolvidable a su p\u00fablico -<\/title>\n<meta name=\"robots\" content=\"index, follow, max-snippet:-1, max-image-preview:large, max-video-preview:-1\" \/>\n<link rel=\"canonical\" href=\"https:\/\/quehacerpolitico.mx\/?p=103558\" \/>\n<meta property=\"og:locale\" content=\"es_MX\" \/>\n<meta property=\"og:type\" content=\"article\" \/>\n<meta property=\"og:title\" content=\"El cantautor V\u00edctor Manuel, se presentar\u00e1 en M\u00e9xico con \u201cLa Vida en Canciones\u201d este octubre pr\u00f3ximo para dar una noche inolvidable a su p\u00fablico -\" \/>\n<meta property=\"og:description\" content=\"Por Redacci\u00f3n QP El cantautor espa\u00f1ol llegar\u00e1 el pr\u00f3ximo 19 de octubre al Teatro Diana...\" \/>\n<meta property=\"og:url\" content=\"https:\/\/quehacerpolitico.mx\/?p=103558\" \/>\n<meta property=\"article:published_time\" content=\"2023-08-06T18:20:47+00:00\" \/>\n<meta property=\"article:modified_time\" content=\"2023-08-06T18:20:50+00:00\" \/>\n<meta property=\"og:image\" content=\"https:\/\/quehacerpolitico.mx\/wp-content\/uploads\/2023\/08\/IMG_9593.jpeg\" \/>\n\t<meta property=\"og:image:width\" content=\"1000\" \/>\n\t<meta property=\"og:image:height\" content=\"667\" \/>\n\t<meta property=\"og:image:type\" content=\"image\/jpeg\" \/>\n<meta name=\"author\" content=\"Redacci\u00f3n QP\" \/>\n<meta name=\"twitter:card\" content=\"summary_large_image\" \/>\n<meta name=\"twitter:label1\" content=\"Escrito por\" \/>\n\t<meta name=\"twitter:data1\" content=\"Redacci\u00f3n QP\" \/>\n\t<meta name=\"twitter:label2\" content=\"Tiempo de lectura\" \/>\n\t<meta name=\"twitter:data2\" content=\"5 minutos\" \/>\n<script type=\"application\/ld+json\" class=\"yoast-schema-graph\">{\"@context\":\"https:\\\/\\\/schema.org\",\"@graph\":[{\"@type\":\"Article\",\"@id\":\"https:\\\/\\\/quehacerpolitico.mx\\\/?p=103558#article\",\"isPartOf\":{\"@id\":\"https:\\\/\\\/quehacerpolitico.mx\\\/?p=103558\"},\"author\":{\"name\":\"Redacci\u00f3n QP\",\"@id\":\"https:\\\/\\\/quehacerpolitico.mx\\\/#\\\/schema\\\/person\\\/496d8ad2d1d3f8036101dca7ee39e585\"},\"headline\":\"El cantautor V\u00edctor Manuel, se presentar\u00e1 en M\u00e9xico con \u201cLa Vida en Canciones\u201d este octubre pr\u00f3ximo para dar una noche inolvidable a su p\u00fablico\",\"datePublished\":\"2023-08-06T18:20:47+00:00\",\"dateModified\":\"2023-08-06T18:20:50+00:00\",\"mainEntityOfPage\":{\"@id\":\"https:\\\/\\\/quehacerpolitico.mx\\\/?p=103558\"},\"wordCount\":952,\"commentCount\":0,\"image\":{\"@id\":\"https:\\\/\\\/quehacerpolitico.mx\\\/?p=103558#primaryimage\"},\"thumbnailUrl\":\"https:\\\/\\\/quehacerpolitico.mx\\\/wp-content\\\/uploads\\\/2023\\\/08\\\/IMG_9593.jpeg\",\"articleSection\":[\"Cultura y Entretenimiento\"],\"inLanguage\":\"es\",\"potentialAction\":[{\"@type\":\"CommentAction\",\"name\":\"Comment\",\"target\":[\"https:\\\/\\\/quehacerpolitico.mx\\\/?p=103558#respond\"]}]},{\"@type\":\"WebPage\",\"@id\":\"https:\\\/\\\/quehacerpolitico.mx\\\/?p=103558\",\"url\":\"https:\\\/\\\/quehacerpolitico.mx\\\/?p=103558\",\"name\":\"El cantautor V\u00edctor Manuel, se presentar\u00e1 en M\u00e9xico con \u201cLa Vida en Canciones\u201d este octubre pr\u00f3ximo para dar una noche inolvidable a su p\u00fablico -\",\"isPartOf\":{\"@id\":\"https:\\\/\\\/quehacerpolitico.mx\\\/#website\"},\"primaryImageOfPage\":{\"@id\":\"https:\\\/\\\/quehacerpolitico.mx\\\/?p=103558#primaryimage\"},\"image\":{\"@id\":\"https:\\\/\\\/quehacerpolitico.mx\\\/?p=103558#primaryimage\"},\"thumbnailUrl\":\"https:\\\/\\\/quehacerpolitico.mx\\\/wp-content\\\/uploads\\\/2023\\\/08\\\/IMG_9593.jpeg\",\"datePublished\":\"2023-08-06T18:20:47+00:00\",\"dateModified\":\"2023-08-06T18:20:50+00:00\",\"author\":{\"@id\":\"https:\\\/\\\/quehacerpolitico.mx\\\/#\\\/schema\\\/person\\\/496d8ad2d1d3f8036101dca7ee39e585\"},\"breadcrumb\":{\"@id\":\"https:\\\/\\\/quehacerpolitico.mx\\\/?p=103558#breadcrumb\"},\"inLanguage\":\"es\",\"potentialAction\":[{\"@type\":\"ReadAction\",\"target\":[\"https:\\\/\\\/quehacerpolitico.mx\\\/?p=103558\"]}]},{\"@type\":\"ImageObject\",\"inLanguage\":\"es\",\"@id\":\"https:\\\/\\\/quehacerpolitico.mx\\\/?p=103558#primaryimage\",\"url\":\"https:\\\/\\\/quehacerpolitico.mx\\\/wp-content\\\/uploads\\\/2023\\\/08\\\/IMG_9593.jpeg\",\"contentUrl\":\"https:\\\/\\\/quehacerpolitico.mx\\\/wp-content\\\/uploads\\\/2023\\\/08\\\/IMG_9593.jpeg\",\"width\":1000,\"height\":667},{\"@type\":\"BreadcrumbList\",\"@id\":\"https:\\\/\\\/quehacerpolitico.mx\\\/?p=103558#breadcrumb\",\"itemListElement\":[{\"@type\":\"ListItem\",\"position\":1,\"name\":\"Inicio\",\"item\":\"https:\\\/\\\/quehacerpolitico.mx\\\/\"},{\"@type\":\"ListItem\",\"position\":2,\"name\":\"El cantautor V\u00edctor Manuel, se presentar\u00e1 en M\u00e9xico con \u201cLa Vida en Canciones\u201d este octubre pr\u00f3ximo para dar una noche inolvidable a su p\u00fablico\"}]},{\"@type\":\"WebSite\",\"@id\":\"https:\\\/\\\/quehacerpolitico.mx\\\/#website\",\"url\":\"https:\\\/\\\/quehacerpolitico.mx\\\/\",\"name\":\"\",\"description\":\"\",\"potentialAction\":[{\"@type\":\"SearchAction\",\"target\":{\"@type\":\"EntryPoint\",\"urlTemplate\":\"https:\\\/\\\/quehacerpolitico.mx\\\/?s={search_term_string}\"},\"query-input\":{\"@type\":\"PropertyValueSpecification\",\"valueRequired\":true,\"valueName\":\"search_term_string\"}}],\"inLanguage\":\"es\"},{\"@type\":\"Person\",\"@id\":\"https:\\\/\\\/quehacerpolitico.mx\\\/#\\\/schema\\\/person\\\/496d8ad2d1d3f8036101dca7ee39e585\",\"name\":\"Redacci\u00f3n QP\",\"image\":{\"@type\":\"ImageObject\",\"inLanguage\":\"es\",\"@id\":\"https:\\\/\\\/secure.gravatar.com\\\/avatar\\\/c7164ed6fdec453195284ad24a5ae5b6e1eed2b848477fa2a4787ba9adf39a41?s=96&d=mm&r=g\",\"url\":\"https:\\\/\\\/secure.gravatar.com\\\/avatar\\\/c7164ed6fdec453195284ad24a5ae5b6e1eed2b848477fa2a4787ba9adf39a41?s=96&d=mm&r=g\",\"contentUrl\":\"https:\\\/\\\/secure.gravatar.com\\\/avatar\\\/c7164ed6fdec453195284ad24a5ae5b6e1eed2b848477fa2a4787ba9adf39a41?s=96&d=mm&r=g\",\"caption\":\"Redacci\u00f3n QP\"},\"url\":\"https:\\\/\\\/quehacerpolitico.mx\\\/?author=2\"}]}<\/script>\n<!-- \/ Yoast SEO plugin. -->","yoast_head_json":{"title":"El cantautor V\u00edctor Manuel, se presentar\u00e1 en M\u00e9xico con \u201cLa Vida en Canciones\u201d este octubre pr\u00f3ximo para dar una noche inolvidable a su p\u00fablico -","robots":{"index":"index","follow":"follow","max-snippet":"max-snippet:-1","max-image-preview":"max-image-preview:large","max-video-preview":"max-video-preview:-1"},"canonical":"https:\/\/quehacerpolitico.mx\/?p=103558","og_locale":"es_MX","og_type":"article","og_title":"El cantautor V\u00edctor Manuel, se presentar\u00e1 en M\u00e9xico con \u201cLa Vida en Canciones\u201d este octubre pr\u00f3ximo para dar una noche inolvidable a su p\u00fablico -","og_description":"Por Redacci\u00f3n QP El cantautor espa\u00f1ol llegar\u00e1 el pr\u00f3ximo 19 de octubre al Teatro Diana...","og_url":"https:\/\/quehacerpolitico.mx\/?p=103558","article_published_time":"2023-08-06T18:20:47+00:00","article_modified_time":"2023-08-06T18:20:50+00:00","og_image":[{"width":1000,"height":667,"url":"https:\/\/quehacerpolitico.mx\/wp-content\/uploads\/2023\/08\/IMG_9593.jpeg","type":"image\/jpeg"}],"author":"Redacci\u00f3n QP","twitter_card":"summary_large_image","twitter_misc":{"Escrito por":"Redacci\u00f3n QP","Tiempo de lectura":"5 minutos"},"schema":{"@context":"https:\/\/schema.org","@graph":[{"@type":"Article","@id":"https:\/\/quehacerpolitico.mx\/?p=103558#article","isPartOf":{"@id":"https:\/\/quehacerpolitico.mx\/?p=103558"},"author":{"name":"Redacci\u00f3n QP","@id":"https:\/\/quehacerpolitico.mx\/#\/schema\/person\/496d8ad2d1d3f8036101dca7ee39e585"},"headline":"El cantautor V\u00edctor Manuel, se presentar\u00e1 en M\u00e9xico con \u201cLa Vida en Canciones\u201d este octubre pr\u00f3ximo para dar una noche inolvidable a su p\u00fablico","datePublished":"2023-08-06T18:20:47+00:00","dateModified":"2023-08-06T18:20:50+00:00","mainEntityOfPage":{"@id":"https:\/\/quehacerpolitico.mx\/?p=103558"},"wordCount":952,"commentCount":0,"image":{"@id":"https:\/\/quehacerpolitico.mx\/?p=103558#primaryimage"},"thumbnailUrl":"https:\/\/quehacerpolitico.mx\/wp-content\/uploads\/2023\/08\/IMG_9593.jpeg","articleSection":["Cultura y Entretenimiento"],"inLanguage":"es","potentialAction":[{"@type":"CommentAction","name":"Comment","target":["https:\/\/quehacerpolitico.mx\/?p=103558#respond"]}]},{"@type":"WebPage","@id":"https:\/\/quehacerpolitico.mx\/?p=103558","url":"https:\/\/quehacerpolitico.mx\/?p=103558","name":"El cantautor V\u00edctor Manuel, se presentar\u00e1 en M\u00e9xico con \u201cLa Vida en Canciones\u201d este octubre pr\u00f3ximo para dar una noche inolvidable a su p\u00fablico -","isPartOf":{"@id":"https:\/\/quehacerpolitico.mx\/#website"},"primaryImageOfPage":{"@id":"https:\/\/quehacerpolitico.mx\/?p=103558#primaryimage"},"image":{"@id":"https:\/\/quehacerpolitico.mx\/?p=103558#primaryimage"},"thumbnailUrl":"https:\/\/quehacerpolitico.mx\/wp-content\/uploads\/2023\/08\/IMG_9593.jpeg","datePublished":"2023-08-06T18:20:47+00:00","dateModified":"2023-08-06T18:20:50+00:00","author":{"@id":"https:\/\/quehacerpolitico.mx\/#\/schema\/person\/496d8ad2d1d3f8036101dca7ee39e585"},"breadcrumb":{"@id":"https:\/\/quehacerpolitico.mx\/?p=103558#breadcrumb"},"inLanguage":"es","potentialAction":[{"@type":"ReadAction","target":["https:\/\/quehacerpolitico.mx\/?p=103558"]}]},{"@type":"ImageObject","inLanguage":"es","@id":"https:\/\/quehacerpolitico.mx\/?p=103558#primaryimage","url":"https:\/\/quehacerpolitico.mx\/wp-content\/uploads\/2023\/08\/IMG_9593.jpeg","contentUrl":"https:\/\/quehacerpolitico.mx\/wp-content\/uploads\/2023\/08\/IMG_9593.jpeg","width":1000,"height":667},{"@type":"BreadcrumbList","@id":"https:\/\/quehacerpolitico.mx\/?p=103558#breadcrumb","itemListElement":[{"@type":"ListItem","position":1,"name":"Inicio","item":"https:\/\/quehacerpolitico.mx\/"},{"@type":"ListItem","position":2,"name":"El cantautor V\u00edctor Manuel, se presentar\u00e1 en M\u00e9xico con \u201cLa Vida en Canciones\u201d este octubre pr\u00f3ximo para dar una noche inolvidable a su p\u00fablico"}]},{"@type":"WebSite","@id":"https:\/\/quehacerpolitico.mx\/#website","url":"https:\/\/quehacerpolitico.mx\/","name":"","description":"","potentialAction":[{"@type":"SearchAction","target":{"@type":"EntryPoint","urlTemplate":"https:\/\/quehacerpolitico.mx\/?s={search_term_string}"},"query-input":{"@type":"PropertyValueSpecification","valueRequired":true,"valueName":"search_term_string"}}],"inLanguage":"es"},{"@type":"Person","@id":"https:\/\/quehacerpolitico.mx\/#\/schema\/person\/496d8ad2d1d3f8036101dca7ee39e585","name":"Redacci\u00f3n QP","image":{"@type":"ImageObject","inLanguage":"es","@id":"https:\/\/secure.gravatar.com\/avatar\/c7164ed6fdec453195284ad24a5ae5b6e1eed2b848477fa2a4787ba9adf39a41?s=96&d=mm&r=g","url":"https:\/\/secure.gravatar.com\/avatar\/c7164ed6fdec453195284ad24a5ae5b6e1eed2b848477fa2a4787ba9adf39a41?s=96&d=mm&r=g","contentUrl":"https:\/\/secure.gravatar.com\/avatar\/c7164ed6fdec453195284ad24a5ae5b6e1eed2b848477fa2a4787ba9adf39a41?s=96&d=mm&r=g","caption":"Redacci\u00f3n QP"},"url":"https:\/\/quehacerpolitico.mx\/?author=2"}]}},"featured_image_urls":{"full":["https:\/\/quehacerpolitico.mx\/wp-content\/uploads\/2023\/08\/IMG_9593.jpeg",1000,667,false],"thumbnail":["https:\/\/quehacerpolitico.mx\/wp-content\/uploads\/2023\/08\/IMG_9593-150x150.jpeg",150,150,true],"medium":["https:\/\/quehacerpolitico.mx\/wp-content\/uploads\/2023\/08\/IMG_9593-300x200.jpeg",300,200,true],"medium_large":["https:\/\/quehacerpolitico.mx\/wp-content\/uploads\/2023\/08\/IMG_9593-768x512.jpeg",640,427,true],"large":["https:\/\/quehacerpolitico.mx\/wp-content\/uploads\/2023\/08\/IMG_9593.jpeg",640,427,false],"1536x1536":["https:\/\/quehacerpolitico.mx\/wp-content\/uploads\/2023\/08\/IMG_9593.jpeg",1000,667,false],"2048x2048":["https:\/\/quehacerpolitico.mx\/wp-content\/uploads\/2023\/08\/IMG_9593.jpeg",1000,667,false],"covernews-featured":["https:\/\/quehacerpolitico.mx\/wp-content\/uploads\/2023\/08\/IMG_9593.jpeg",1000,667,false],"covernews-medium":["https:\/\/quehacerpolitico.mx\/wp-content\/uploads\/2023\/08\/IMG_9593.jpeg",510,340,false]},"author_info":{"display_name":"Redacci\u00f3n QP","author_link":"https:\/\/quehacerpolitico.mx\/?author=2"},"category_info":"<a href=\"https:\/\/quehacerpolitico.mx\/?cat=58\" rel=\"category\">Cultura y Entretenimiento<\/a>","tag_info":"Cultura y Entretenimiento","comment_count":"0","_links":{"self":[{"href":"https:\/\/quehacerpolitico.mx\/index.php?rest_route=\/wp\/v2\/posts\/103558","targetHints":{"allow":["GET"]}}],"collection":[{"href":"https:\/\/quehacerpolitico.mx\/index.php?rest_route=\/wp\/v2\/posts"}],"about":[{"href":"https:\/\/quehacerpolitico.mx\/index.php?rest_route=\/wp\/v2\/types\/post"}],"author":[{"embeddable":true,"href":"https:\/\/quehacerpolitico.mx\/index.php?rest_route=\/wp\/v2\/users\/2"}],"replies":[{"embeddable":true,"href":"https:\/\/quehacerpolitico.mx\/index.php?rest_route=%2Fwp%2Fv2%2Fcomments&post=103558"}],"version-history":[{"count":1,"href":"https:\/\/quehacerpolitico.mx\/index.php?rest_route=\/wp\/v2\/posts\/103558\/revisions"}],"predecessor-version":[{"id":103560,"href":"https:\/\/quehacerpolitico.mx\/index.php?rest_route=\/wp\/v2\/posts\/103558\/revisions\/103560"}],"wp:featuredmedia":[{"embeddable":true,"href":"https:\/\/quehacerpolitico.mx\/index.php?rest_route=\/wp\/v2\/media\/103559"}],"wp:attachment":[{"href":"https:\/\/quehacerpolitico.mx\/index.php?rest_route=%2Fwp%2Fv2%2Fmedia&parent=103558"}],"wp:term":[{"taxonomy":"category","embeddable":true,"href":"https:\/\/quehacerpolitico.mx\/index.php?rest_route=%2Fwp%2Fv2%2Fcategories&post=103558"},{"taxonomy":"post_tag","embeddable":true,"href":"https:\/\/quehacerpolitico.mx\/index.php?rest_route=%2Fwp%2Fv2%2Ftags&post=103558"}],"curies":[{"name":"wp","href":"https:\/\/api.w.org\/{rel}","templated":true}]}}