{"id":103555,"date":"2023-08-06T16:46:38","date_gmt":"2023-08-06T16:46:38","guid":{"rendered":"https:\/\/quehacerpolitico.mx\/?p=103555"},"modified":"2023-08-06T16:46:41","modified_gmt":"2023-08-06T16:46:41","slug":"incendia-las-redes-risa-de-el-tiburon-tras-ser-detenido-por-golpiza-a-empleado-de-subway","status":"publish","type":"post","link":"https:\/\/quehacerpolitico.mx\/?p=103555","title":{"rendered":"Incendia las redes risa de &#8216;El Tibur\u00f3n&#8217; tras ser detenido por golpiza a empleado de Subway"},"content":{"rendered":"\n<p>Por Redacci\u00f3n QP<\/p>\n\n\n\n<p>Este s\u00e1bado autoridades estatales confirmaron la detenci\u00f3n de Fernando Medina<\/p>\n\n\n\n<p><strong>Fernando &#8220;El Tibur\u00f3n&#8221; Medina<\/strong>, quien agredi\u00f3 brutalmente a Santiago, un menor de 15 a\u00f1os que trabajaba en una\u00a0<strong>sucursal de Subway\u00a0<\/strong>en San Luis Potos\u00ed,\u00a0<strong>fue detenido<\/strong>\u00a0por agentes de la Fiscal\u00eda estatal.<\/p>\n\n\n\n<p>La imagen donde\u00a0<strong>se le ve sonriendo\u00a0<\/strong>mientras es custodiado por dos hombres\u00a0<strong>se volvi\u00f3 viral<\/strong>.<\/p>\n\n\n\n<figure class=\"wp-block-embed is-type-video is-provider-youtube wp-block-embed-youtube wp-embed-aspect-16-9 wp-has-aspect-ratio\"><div class=\"wp-block-embed__wrapper\">\n<iframe loading=\"lazy\" title=\"Esto es lo que ha pasado en el caso de Fernando &quot;El Tibur\u00f3n&quot; Medina, agresor de empleado de Subway\" width=\"640\" height=\"360\" src=\"https:\/\/www.youtube.com\/embed\/aRf6YRxLKjk?feature=oembed\" frameborder=\"0\" allow=\"accelerometer; autoplay; clipboard-write; encrypted-media; gyroscope; picture-in-picture; web-share\" referrerpolicy=\"strict-origin-when-cross-origin\" allowfullscreen><\/iframe>\n<\/div><\/figure>\n\n\n\n<p><strong>Esto desat\u00f3\u00a0comentarios en redes sociales<\/strong>, donde los usuarios se\u00f1alaron que se debe a que se\u00a0<strong>siente impune<\/strong>\u00a0y que si su detenci\u00f3n es una farsa.<\/p>\n\n\n\n<p><strong>&#8220;\u00bfEst\u00e1s seguro? \u00bfYa viste la foto completa?&nbsp;<\/strong>\u00bfSu detenci\u00f3n marca patito?&#8221;, &#8220;Y se r\u00ede el imb\u00e9cil. Se siente impune&#8221;, &#8220;Parece foto de compas&#8221; y &#8220;Se ve muy sonriente,&nbsp;<strong>\u00bfcreer\u00e1 que en la c\u00e1rcel podr\u00e1 hacer lo mismo con los internos?&#8221;<\/strong>, fueron algunos de los comentarios.<\/p>\n\n\n\n<p><strong>La imagen tambi\u00e9n caus\u00f3 burlas<\/strong>\u00a0y memes por uno de los hombres que custodiaban a &#8220;El Tibur\u00f3n&#8221; debido a que\u00a0<strong>usa unos crocs<\/strong>\u00a0negros.<\/p>\n\n\n\n<p>&#8220;<strong>\u00bfDe cu\u00e1ndo a ac\u00e1 los Polic\u00edas de Investigaci\u00f3n andan en CROCS, se\u00f1or Gobernador?<\/strong>&#8220;, &#8220;Los crocs t\u00e1cticos&#8221; y &#8220;V\u00e1monos al operativo. Esp\u00e9rame tantito me voy a poner el&nbsp;<strong>disfraz de chef para pasar desapercibido<\/strong>&#8220;, fueron algunas de las reacciones.<\/p>\n\n\n\n<p><strong>La aprehensi\u00f3n de Fernando fue confirmada<\/strong>&nbsp;por el gobernador Ricardo Gallardo Cardona, quien acompa\u00f1\u00f3 la fotograf\u00eda en donde se muestra al &#8220;Tibur\u00f3n&#8221; esposado.<\/p>\n\n\n\n<p><strong>&#8220;En San Luis Potos\u00ed no cabe la impunidad.<\/strong>&nbsp;Siempre habremos de cumplir con la sociedad. Se har\u00e1 justicia para Santiago.&nbsp;<strong>Acaba de ser detenido Fernando Medina<\/strong>&nbsp;(el Tibur\u00f3n). \u00a1En San Luis Potos\u00ed nadie por encima de la Ley!&#8221;, escribi\u00f3 el mandatario potosino.<\/p>\n\n\n\n<p><strong>El 1 de julio se viraliz\u00f3&nbsp;<\/strong>en redes sociales el video en el que&nbsp;<strong>se ve a un sujeto corpulento golpear a un joven&nbsp;<\/strong>trabajador de la cadena de Subway.<\/p>\n\n\n\n<p><strong>Amigos y familiares exigieron justicia<\/strong>\u00a0por el joven que ingres\u00f3 al hospital por lesiones, con inflamaci\u00f3n en el cerebro, fractura de nariz y de p\u00f3mulo.<\/p>\n\n\n\n<p>Con informaci\u00f3n de SUN <\/p>\n","protected":false},"excerpt":{"rendered":"<p>Por Redacci\u00f3n QP Este s\u00e1bado autoridades estatales confirmaron la detenci\u00f3n de Fernando Medina Fernando &#8220;El&#8230;<\/p>\n","protected":false},"author":2,"featured_media":103556,"comment_status":"open","ping_status":"open","sticky":false,"template":"","format":"standard","meta":{"_monsterinsights_skip_tracking":false,"_monsterinsights_sitenote_active":false,"_monsterinsights_sitenote_note":"","_monsterinsights_sitenote_category":0,"footnotes":""},"categories":[2],"tags":[],"class_list":["post-103555","post","type-post","status-publish","format-standard","has-post-thumbnail","hentry","category-noticias"],"yoast_head":"<!-- This site is optimized with the Yoast SEO plugin v27.3 - https:\/\/yoast.com\/product\/yoast-seo-wordpress\/ -->\n<title>Incendia las redes risa de &#039;El Tibur\u00f3n&#039; tras ser detenido por golpiza a empleado de Subway -<\/title>\n<meta name=\"robots\" content=\"index, follow, max-snippet:-1, max-image-preview:large, max-video-preview:-1\" \/>\n<link rel=\"canonical\" href=\"https:\/\/quehacerpolitico.mx\/?p=103555\" \/>\n<meta property=\"og:locale\" content=\"es_MX\" \/>\n<meta property=\"og:type\" content=\"article\" \/>\n<meta property=\"og:title\" content=\"Incendia las redes risa de &#039;El Tibur\u00f3n&#039; tras ser detenido por golpiza a empleado de Subway -\" \/>\n<meta property=\"og:description\" content=\"Por Redacci\u00f3n QP Este s\u00e1bado autoridades estatales confirmaron la detenci\u00f3n de Fernando Medina Fernando &#8220;El...\" \/>\n<meta property=\"og:url\" content=\"https:\/\/quehacerpolitico.mx\/?p=103555\" \/>\n<meta property=\"article:published_time\" content=\"2023-08-06T16:46:38+00:00\" \/>\n<meta property=\"article:modified_time\" content=\"2023-08-06T16:46:41+00:00\" \/>\n<meta property=\"og:image\" content=\"https:\/\/quehacerpolitico.mx\/wp-content\/uploads\/2023\/08\/IMG_9590.png\" \/>\n\t<meta property=\"og:image:width\" content=\"526\" \/>\n\t<meta property=\"og:image:height\" content=\"701\" \/>\n\t<meta property=\"og:image:type\" content=\"image\/png\" \/>\n<meta name=\"author\" content=\"Redacci\u00f3n QP\" \/>\n<meta name=\"twitter:card\" content=\"summary_large_image\" \/>\n<meta name=\"twitter:label1\" content=\"Escrito por\" \/>\n\t<meta name=\"twitter:data1\" content=\"Redacci\u00f3n QP\" \/>\n\t<meta name=\"twitter:label2\" content=\"Tiempo de lectura\" \/>\n\t<meta name=\"twitter:data2\" content=\"2 minutos\" \/>\n<script type=\"application\/ld+json\" class=\"yoast-schema-graph\">{\"@context\":\"https:\\\/\\\/schema.org\",\"@graph\":[{\"@type\":\"Article\",\"@id\":\"https:\\\/\\\/quehacerpolitico.mx\\\/?p=103555#article\",\"isPartOf\":{\"@id\":\"https:\\\/\\\/quehacerpolitico.mx\\\/?p=103555\"},\"author\":{\"name\":\"Redacci\u00f3n QP\",\"@id\":\"https:\\\/\\\/quehacerpolitico.mx\\\/#\\\/schema\\\/person\\\/496d8ad2d1d3f8036101dca7ee39e585\"},\"headline\":\"Incendia las redes risa de &#8216;El Tibur\u00f3n&#8217; tras ser detenido por golpiza a empleado de Subway\",\"datePublished\":\"2023-08-06T16:46:38+00:00\",\"dateModified\":\"2023-08-06T16:46:41+00:00\",\"mainEntityOfPage\":{\"@id\":\"https:\\\/\\\/quehacerpolitico.mx\\\/?p=103555\"},\"wordCount\":378,\"commentCount\":0,\"image\":{\"@id\":\"https:\\\/\\\/quehacerpolitico.mx\\\/?p=103555#primaryimage\"},\"thumbnailUrl\":\"https:\\\/\\\/quehacerpolitico.mx\\\/wp-content\\\/uploads\\\/2023\\\/08\\\/IMG_9590.png\",\"articleSection\":[\"Noticias\"],\"inLanguage\":\"es\",\"potentialAction\":[{\"@type\":\"CommentAction\",\"name\":\"Comment\",\"target\":[\"https:\\\/\\\/quehacerpolitico.mx\\\/?p=103555#respond\"]}]},{\"@type\":\"WebPage\",\"@id\":\"https:\\\/\\\/quehacerpolitico.mx\\\/?p=103555\",\"url\":\"https:\\\/\\\/quehacerpolitico.mx\\\/?p=103555\",\"name\":\"Incendia las redes risa de 'El Tibur\u00f3n' tras ser detenido por golpiza a empleado de Subway -\",\"isPartOf\":{\"@id\":\"https:\\\/\\\/quehacerpolitico.mx\\\/#website\"},\"primaryImageOfPage\":{\"@id\":\"https:\\\/\\\/quehacerpolitico.mx\\\/?p=103555#primaryimage\"},\"image\":{\"@id\":\"https:\\\/\\\/quehacerpolitico.mx\\\/?p=103555#primaryimage\"},\"thumbnailUrl\":\"https:\\\/\\\/quehacerpolitico.mx\\\/wp-content\\\/uploads\\\/2023\\\/08\\\/IMG_9590.png\",\"datePublished\":\"2023-08-06T16:46:38+00:00\",\"dateModified\":\"2023-08-06T16:46:41+00:00\",\"author\":{\"@id\":\"https:\\\/\\\/quehacerpolitico.mx\\\/#\\\/schema\\\/person\\\/496d8ad2d1d3f8036101dca7ee39e585\"},\"breadcrumb\":{\"@id\":\"https:\\\/\\\/quehacerpolitico.mx\\\/?p=103555#breadcrumb\"},\"inLanguage\":\"es\",\"potentialAction\":[{\"@type\":\"ReadAction\",\"target\":[\"https:\\\/\\\/quehacerpolitico.mx\\\/?p=103555\"]}]},{\"@type\":\"ImageObject\",\"inLanguage\":\"es\",\"@id\":\"https:\\\/\\\/quehacerpolitico.mx\\\/?p=103555#primaryimage\",\"url\":\"https:\\\/\\\/quehacerpolitico.mx\\\/wp-content\\\/uploads\\\/2023\\\/08\\\/IMG_9590.png\",\"contentUrl\":\"https:\\\/\\\/quehacerpolitico.mx\\\/wp-content\\\/uploads\\\/2023\\\/08\\\/IMG_9590.png\",\"width\":526,\"height\":701},{\"@type\":\"BreadcrumbList\",\"@id\":\"https:\\\/\\\/quehacerpolitico.mx\\\/?p=103555#breadcrumb\",\"itemListElement\":[{\"@type\":\"ListItem\",\"position\":1,\"name\":\"Inicio\",\"item\":\"https:\\\/\\\/quehacerpolitico.mx\\\/\"},{\"@type\":\"ListItem\",\"position\":2,\"name\":\"Incendia las redes risa de &#8216;El Tibur\u00f3n&#8217; tras ser detenido por golpiza a empleado de Subway\"}]},{\"@type\":\"WebSite\",\"@id\":\"https:\\\/\\\/quehacerpolitico.mx\\\/#website\",\"url\":\"https:\\\/\\\/quehacerpolitico.mx\\\/\",\"name\":\"\",\"description\":\"\",\"potentialAction\":[{\"@type\":\"SearchAction\",\"target\":{\"@type\":\"EntryPoint\",\"urlTemplate\":\"https:\\\/\\\/quehacerpolitico.mx\\\/?s={search_term_string}\"},\"query-input\":{\"@type\":\"PropertyValueSpecification\",\"valueRequired\":true,\"valueName\":\"search_term_string\"}}],\"inLanguage\":\"es\"},{\"@type\":\"Person\",\"@id\":\"https:\\\/\\\/quehacerpolitico.mx\\\/#\\\/schema\\\/person\\\/496d8ad2d1d3f8036101dca7ee39e585\",\"name\":\"Redacci\u00f3n QP\",\"image\":{\"@type\":\"ImageObject\",\"inLanguage\":\"es\",\"@id\":\"https:\\\/\\\/secure.gravatar.com\\\/avatar\\\/c7164ed6fdec453195284ad24a5ae5b6e1eed2b848477fa2a4787ba9adf39a41?s=96&d=mm&r=g\",\"url\":\"https:\\\/\\\/secure.gravatar.com\\\/avatar\\\/c7164ed6fdec453195284ad24a5ae5b6e1eed2b848477fa2a4787ba9adf39a41?s=96&d=mm&r=g\",\"contentUrl\":\"https:\\\/\\\/secure.gravatar.com\\\/avatar\\\/c7164ed6fdec453195284ad24a5ae5b6e1eed2b848477fa2a4787ba9adf39a41?s=96&d=mm&r=g\",\"caption\":\"Redacci\u00f3n QP\"},\"url\":\"https:\\\/\\\/quehacerpolitico.mx\\\/?author=2\"}]}<\/script>\n<!-- \/ Yoast SEO plugin. -->","yoast_head_json":{"title":"Incendia las redes risa de 'El Tibur\u00f3n' tras ser detenido por golpiza a empleado de Subway -","robots":{"index":"index","follow":"follow","max-snippet":"max-snippet:-1","max-image-preview":"max-image-preview:large","max-video-preview":"max-video-preview:-1"},"canonical":"https:\/\/quehacerpolitico.mx\/?p=103555","og_locale":"es_MX","og_type":"article","og_title":"Incendia las redes risa de 'El Tibur\u00f3n' tras ser detenido por golpiza a empleado de Subway -","og_description":"Por Redacci\u00f3n QP Este s\u00e1bado autoridades estatales confirmaron la detenci\u00f3n de Fernando Medina Fernando &#8220;El...","og_url":"https:\/\/quehacerpolitico.mx\/?p=103555","article_published_time":"2023-08-06T16:46:38+00:00","article_modified_time":"2023-08-06T16:46:41+00:00","og_image":[{"width":526,"height":701,"url":"https:\/\/quehacerpolitico.mx\/wp-content\/uploads\/2023\/08\/IMG_9590.png","type":"image\/png"}],"author":"Redacci\u00f3n QP","twitter_card":"summary_large_image","twitter_misc":{"Escrito por":"Redacci\u00f3n QP","Tiempo de lectura":"2 minutos"},"schema":{"@context":"https:\/\/schema.org","@graph":[{"@type":"Article","@id":"https:\/\/quehacerpolitico.mx\/?p=103555#article","isPartOf":{"@id":"https:\/\/quehacerpolitico.mx\/?p=103555"},"author":{"name":"Redacci\u00f3n QP","@id":"https:\/\/quehacerpolitico.mx\/#\/schema\/person\/496d8ad2d1d3f8036101dca7ee39e585"},"headline":"Incendia las redes risa de &#8216;El Tibur\u00f3n&#8217; tras ser detenido por golpiza a empleado de Subway","datePublished":"2023-08-06T16:46:38+00:00","dateModified":"2023-08-06T16:46:41+00:00","mainEntityOfPage":{"@id":"https:\/\/quehacerpolitico.mx\/?p=103555"},"wordCount":378,"commentCount":0,"image":{"@id":"https:\/\/quehacerpolitico.mx\/?p=103555#primaryimage"},"thumbnailUrl":"https:\/\/quehacerpolitico.mx\/wp-content\/uploads\/2023\/08\/IMG_9590.png","articleSection":["Noticias"],"inLanguage":"es","potentialAction":[{"@type":"CommentAction","name":"Comment","target":["https:\/\/quehacerpolitico.mx\/?p=103555#respond"]}]},{"@type":"WebPage","@id":"https:\/\/quehacerpolitico.mx\/?p=103555","url":"https:\/\/quehacerpolitico.mx\/?p=103555","name":"Incendia las redes risa de 'El Tibur\u00f3n' tras ser detenido por golpiza a empleado de Subway -","isPartOf":{"@id":"https:\/\/quehacerpolitico.mx\/#website"},"primaryImageOfPage":{"@id":"https:\/\/quehacerpolitico.mx\/?p=103555#primaryimage"},"image":{"@id":"https:\/\/quehacerpolitico.mx\/?p=103555#primaryimage"},"thumbnailUrl":"https:\/\/quehacerpolitico.mx\/wp-content\/uploads\/2023\/08\/IMG_9590.png","datePublished":"2023-08-06T16:46:38+00:00","dateModified":"2023-08-06T16:46:41+00:00","author":{"@id":"https:\/\/quehacerpolitico.mx\/#\/schema\/person\/496d8ad2d1d3f8036101dca7ee39e585"},"breadcrumb":{"@id":"https:\/\/quehacerpolitico.mx\/?p=103555#breadcrumb"},"inLanguage":"es","potentialAction":[{"@type":"ReadAction","target":["https:\/\/quehacerpolitico.mx\/?p=103555"]}]},{"@type":"ImageObject","inLanguage":"es","@id":"https:\/\/quehacerpolitico.mx\/?p=103555#primaryimage","url":"https:\/\/quehacerpolitico.mx\/wp-content\/uploads\/2023\/08\/IMG_9590.png","contentUrl":"https:\/\/quehacerpolitico.mx\/wp-content\/uploads\/2023\/08\/IMG_9590.png","width":526,"height":701},{"@type":"BreadcrumbList","@id":"https:\/\/quehacerpolitico.mx\/?p=103555#breadcrumb","itemListElement":[{"@type":"ListItem","position":1,"name":"Inicio","item":"https:\/\/quehacerpolitico.mx\/"},{"@type":"ListItem","position":2,"name":"Incendia las redes risa de &#8216;El Tibur\u00f3n&#8217; tras ser detenido por golpiza a empleado de Subway"}]},{"@type":"WebSite","@id":"https:\/\/quehacerpolitico.mx\/#website","url":"https:\/\/quehacerpolitico.mx\/","name":"","description":"","potentialAction":[{"@type":"SearchAction","target":{"@type":"EntryPoint","urlTemplate":"https:\/\/quehacerpolitico.mx\/?s={search_term_string}"},"query-input":{"@type":"PropertyValueSpecification","valueRequired":true,"valueName":"search_term_string"}}],"inLanguage":"es"},{"@type":"Person","@id":"https:\/\/quehacerpolitico.mx\/#\/schema\/person\/496d8ad2d1d3f8036101dca7ee39e585","name":"Redacci\u00f3n QP","image":{"@type":"ImageObject","inLanguage":"es","@id":"https:\/\/secure.gravatar.com\/avatar\/c7164ed6fdec453195284ad24a5ae5b6e1eed2b848477fa2a4787ba9adf39a41?s=96&d=mm&r=g","url":"https:\/\/secure.gravatar.com\/avatar\/c7164ed6fdec453195284ad24a5ae5b6e1eed2b848477fa2a4787ba9adf39a41?s=96&d=mm&r=g","contentUrl":"https:\/\/secure.gravatar.com\/avatar\/c7164ed6fdec453195284ad24a5ae5b6e1eed2b848477fa2a4787ba9adf39a41?s=96&d=mm&r=g","caption":"Redacci\u00f3n QP"},"url":"https:\/\/quehacerpolitico.mx\/?author=2"}]}},"featured_image_urls":{"full":["https:\/\/quehacerpolitico.mx\/wp-content\/uploads\/2023\/08\/IMG_9590.png",526,701,false],"thumbnail":["https:\/\/quehacerpolitico.mx\/wp-content\/uploads\/2023\/08\/IMG_9590-150x150.png",150,150,true],"medium":["https:\/\/quehacerpolitico.mx\/wp-content\/uploads\/2023\/08\/IMG_9590-225x300.png",225,300,true],"medium_large":["https:\/\/quehacerpolitico.mx\/wp-content\/uploads\/2023\/08\/IMG_9590.png",526,701,false],"large":["https:\/\/quehacerpolitico.mx\/wp-content\/uploads\/2023\/08\/IMG_9590.png",526,701,false],"1536x1536":["https:\/\/quehacerpolitico.mx\/wp-content\/uploads\/2023\/08\/IMG_9590.png",526,701,false],"2048x2048":["https:\/\/quehacerpolitico.mx\/wp-content\/uploads\/2023\/08\/IMG_9590.png",526,701,false],"covernews-featured":["https:\/\/quehacerpolitico.mx\/wp-content\/uploads\/2023\/08\/IMG_9590.png",526,701,false],"covernews-medium":["https:\/\/quehacerpolitico.mx\/wp-content\/uploads\/2023\/08\/IMG_9590.png",255,340,false]},"author_info":{"display_name":"Redacci\u00f3n QP","author_link":"https:\/\/quehacerpolitico.mx\/?author=2"},"category_info":"<a href=\"https:\/\/quehacerpolitico.mx\/?cat=2\" rel=\"category\">Noticias<\/a>","tag_info":"Noticias","comment_count":"0","_links":{"self":[{"href":"https:\/\/quehacerpolitico.mx\/index.php?rest_route=\/wp\/v2\/posts\/103555","targetHints":{"allow":["GET"]}}],"collection":[{"href":"https:\/\/quehacerpolitico.mx\/index.php?rest_route=\/wp\/v2\/posts"}],"about":[{"href":"https:\/\/quehacerpolitico.mx\/index.php?rest_route=\/wp\/v2\/types\/post"}],"author":[{"embeddable":true,"href":"https:\/\/quehacerpolitico.mx\/index.php?rest_route=\/wp\/v2\/users\/2"}],"replies":[{"embeddable":true,"href":"https:\/\/quehacerpolitico.mx\/index.php?rest_route=%2Fwp%2Fv2%2Fcomments&post=103555"}],"version-history":[{"count":1,"href":"https:\/\/quehacerpolitico.mx\/index.php?rest_route=\/wp\/v2\/posts\/103555\/revisions"}],"predecessor-version":[{"id":103557,"href":"https:\/\/quehacerpolitico.mx\/index.php?rest_route=\/wp\/v2\/posts\/103555\/revisions\/103557"}],"wp:featuredmedia":[{"embeddable":true,"href":"https:\/\/quehacerpolitico.mx\/index.php?rest_route=\/wp\/v2\/media\/103556"}],"wp:attachment":[{"href":"https:\/\/quehacerpolitico.mx\/index.php?rest_route=%2Fwp%2Fv2%2Fmedia&parent=103555"}],"wp:term":[{"taxonomy":"category","embeddable":true,"href":"https:\/\/quehacerpolitico.mx\/index.php?rest_route=%2Fwp%2Fv2%2Fcategories&post=103555"},{"taxonomy":"post_tag","embeddable":true,"href":"https:\/\/quehacerpolitico.mx\/index.php?rest_route=%2Fwp%2Fv2%2Ftags&post=103555"}],"curies":[{"name":"wp","href":"https:\/\/api.w.org\/{rel}","templated":true}]}}