{"id":103551,"date":"2023-08-05T19:01:03","date_gmt":"2023-08-05T19:01:03","guid":{"rendered":"https:\/\/quehacerpolitico.mx\/?p=103551"},"modified":"2023-08-05T19:01:05","modified_gmt":"2023-08-05T19:01:05","slug":"cae-fiscal-de-morelos-uriel-carmona-gandara-en-medio-de-fuerte-despliegue-policial","status":"publish","type":"post","link":"https:\/\/quehacerpolitico.mx\/?p=103551","title":{"rendered":"Cae fiscal de Morelos Uriel Carmona G\u00e1ndara en medio de fuerte despliegue policial"},"content":{"rendered":"\n<p>Por Redacci\u00f3n QP<\/p>\n\n\n\n<p>El aprehendido intent\u00f3 evitar la ejecuci\u00f3n de una orden de aprehensi\u00f3n en su contra y busc\u00f3 el amparo de un juzgado federal en la Ciudad de M\u00e9xico, pero nunca lleg\u00f3<\/p>\n\n\n\n<p>Al fiscal de\u00a0Morelos,\u00a0<strong>Uriel Carmona G\u00e1ndara<\/strong>, lo sitiaron desde las 06:30 horas de ayer viernes. Su casa, la universidad de su hermana y la calle que lleva el nombre de su abuelo, Manuel G\u00e1ndara, fueron cerrados por elementos de la Fiscal\u00eda General de Justicia de la Ciudad de M\u00e9xico, apoyados por infantes de la Marina y elementos de la Comisi\u00f3n Estatal de Seguridad.<\/p>\n\n\n\n<figure class=\"wp-block-embed is-type-video is-provider-youtube wp-block-embed-youtube wp-embed-aspect-16-9 wp-has-aspect-ratio\"><div class=\"wp-block-embed__wrapper\">\n<iframe loading=\"lazy\" title=\"Reporta fiscal Uriel Carmona operativo afuera de su casa\" width=\"640\" height=\"360\" src=\"https:\/\/www.youtube.com\/embed\/9v8MzY2cs08?feature=oembed\" frameborder=\"0\" allow=\"accelerometer; autoplay; clipboard-write; encrypted-media; gyroscope; picture-in-picture; web-share\" referrerpolicy=\"strict-origin-when-cross-origin\" allowfullscreen><\/iframe>\n<\/div><\/figure>\n\n\n\n<p><strong>El cerco policial fue establecido en un radio de 300 metros en el barrio emblem\u00e1tico de Amatitl\u00e1n, a unos 200 metros del Palacio de Gobierno<\/strong>\u00a0y del Tribunal Superior de Justicia, con cuyos titulares manten\u00eda diferencias y los acus\u00f3 de torcer la ley. Ambos poderes lo se\u00f1alaban de irregularidades en la integraci\u00f3n de las carpetas de investigaci\u00f3n y de permitir la impunidad en 95% de los casos.<\/p>\n\n\n\n<figure class=\"wp-block-embed is-type-rich is-provider-twitter wp-block-embed-twitter\"><div class=\"wp-block-embed__wrapper\">\n<blockquote class=\"twitter-tweet\" data-width=\"550\" data-dnt=\"true\"><p lang=\"es\" dir=\"ltr\">\ud83d\udd34 Se registra operativo al exterior del domicilio del fiscal de Morelos, Uriel Carmona, quien se\u00f1al\u00f3 al diario Reforma que podr\u00eda tratarse de un acto intimidatorio en su contra.<br>\ud83d\udcf9<a href=\"https:\/\/twitter.com\/regionalmorelos?ref_src=twsrc%5Etfw\">@regionalmorelos<\/a><a href=\"https:\/\/t.co\/5gk8tBjikt\">pic.twitter.com\/5gk8tBjikt<\/a><\/p>&mdash; LupitaJuarez (@LupitaJuarezH) <a href=\"https:\/\/twitter.com\/LupitaJuarezH\/status\/1687533358698397704?ref_src=twsrc%5Etfw\">August 4, 2023<\/a><\/blockquote><script async src=\"https:\/\/platform.twitter.com\/widgets.js\" charset=\"utf-8\"><\/script>\n<\/div><\/figure>\n\n\n\n<p>Durante su atrincheramiento de casi ocho horas, el fiscal expuso su caso ante la opini\u00f3n p\u00fablica a trav\u00e9s de los medios, en cuyas entrevistas acus\u00f3 que su inminente detenci\u00f3n ten\u00eda un trasfondo pol\u00edtico por proteger al gobernador\u00a0Cuauht\u00e9moc Blanco de las carpetas de investigaci\u00f3n que tiene el Ministerio P\u00fablico, entre ellas, la indagatoria sobre la fotograf\u00eda donde aparece con tres l\u00edderes criminales.<\/p>\n\n\n\n<figure class=\"wp-block-image size-full\"><img loading=\"lazy\" decoding=\"async\" width=\"640\" height=\"480\" src=\"https:\/\/quehacerpolitico.mx\/wp-content\/uploads\/2023\/08\/image-10.jpeg\" alt=\"\" class=\"wp-image-103552\" srcset=\"https:\/\/quehacerpolitico.mx\/wp-content\/uploads\/2023\/08\/image-10.jpeg 640w, https:\/\/quehacerpolitico.mx\/wp-content\/uploads\/2023\/08\/image-10-300x225.jpeg 300w, https:\/\/quehacerpolitico.mx\/wp-content\/uploads\/2023\/08\/image-10-195x146.jpeg 195w, https:\/\/quehacerpolitico.mx\/wp-content\/uploads\/2023\/08\/image-10-50x38.jpeg 50w, https:\/\/quehacerpolitico.mx\/wp-content\/uploads\/2023\/08\/image-10-100x75.jpeg 100w\" sizes=\"auto, (max-width: 640px) 100vw, 640px\" \/><\/figure>\n\n\n\n<p><strong>Carmona intent\u00f3 evitar la ejecuci\u00f3n de una orden de aprehensi\u00f3n en su contra y busc\u00f3 el amparo de un juzgado federal en la Ciudad de M\u00e9xico para hacer valer su fuero constitucional, pero nunca lleg\u00f3.<\/strong><\/p>\n\n\n\n<p>Mientras sus abogados tramitaban el amparo,\u00a0<strong>el fiscal acus\u00f3 a la exjefa de Gobierno de la Ciudad, Claudia Sheinbaum, y la fiscal capitalina Ernestina Godoy de orquestar la detenci\u00f3n, seguramente, dijo, con el respaldo de la Presidencia de la Rep\u00fablica para quitarlo.<\/strong><\/p>\n\n\n\n<p><strong>&#8220;Nunca imagin\u00e9 este desenlace. No s\u00e9 qu\u00e9 me fabricaron. Puedo ser objeto de tortura para obligarme a renunciar a la fiscal\u00eda, porque se trata de quitarme. Temo por mi vida&#8221;,<\/strong>\u00a0declar\u00f3 el fiscal al periodista Joaqu\u00edn L\u00f3pez D\u00f3riga y agreg\u00f3 que es &#8220;v\u00edctima de lo que ya es pr\u00e1cticamente una dictadura&#8221;.<\/p>\n\n\n\n<figure class=\"wp-block-embed is-type-video is-provider-youtube wp-block-embed-youtube wp-embed-aspect-16-9 wp-has-aspect-ratio\"><div class=\"wp-block-embed__wrapper\">\n<iframe loading=\"lazy\" title=\"Revela Uriel Carmona expedientes contra el gobernador de Morelos, Cuauht\u00e9moc Blanco\" width=\"640\" height=\"360\" src=\"https:\/\/www.youtube.com\/embed\/0llk1HUfWeg?feature=oembed\" frameborder=\"0\" allow=\"accelerometer; autoplay; clipboard-write; encrypted-media; gyroscope; picture-in-picture; web-share\" referrerpolicy=\"strict-origin-when-cross-origin\" allowfullscreen><\/iframe>\n<\/div><\/figure>\n\n\n\n<p>M\u00e1s tarde,\u00a0Sheinbaum Pardo\u00a0neg\u00f3 alg\u00fan asunto pol\u00edtico detr\u00e1s de la detenci\u00f3n del fiscal morelense. &#8220;No es un asunto pol\u00edtico, es un asunto de justicia. La fiscal\u00eda de la CDMX vuelve a dar un ejemplo de cero impunidad en delitos contra las mujeres&#8221;, declar\u00f3.<\/p>\n\n\n\n<figure class=\"wp-block-embed is-type-rich is-provider-twitter wp-block-embed-twitter\"><div class=\"wp-block-embed__wrapper\">\n<blockquote class=\"twitter-tweet\" data-width=\"550\" data-dnt=\"true\"><p lang=\"es\" dir=\"ltr\">&quot;No es asunto pol\u00edtico, es de justicia&quot;<br><br>Dice Claudia Sheinbaum (<a href=\"https:\/\/twitter.com\/Claudiashein?ref_src=twsrc%5Etfw\">@Claudiashein<\/a>) respecto a la detenci\u00f3n del fiscal de Morelos, Uriel Carmona. <a href=\"https:\/\/t.co\/3V5qGibozi\">pic.twitter.com\/3V5qGibozi<\/a><\/p>&mdash; Ruido en la Red (@RuidoEnLaRed) <a href=\"https:\/\/twitter.com\/RuidoEnLaRed\/status\/1687596699831705602?ref_src=twsrc%5Etfw\">August 4, 2023<\/a><\/blockquote><script async src=\"https:\/\/platform.twitter.com\/widgets.js\" charset=\"utf-8\"><\/script>\n<\/div><\/figure>\n\n\n\n<h2 class=\"wp-block-heading\">Uriel Carmona G\u00e1ndara se entrega<\/h2>\n\n\n\n<p>Pasadas las 14:30 horas, los infantes de la\u00a0 Marina relajaron el cerco y movilizaron sus unidades. El dron comenz\u00f3 a girar con mayor intensidad porque el fiscal hab\u00eda decidido entregarse de manera voluntaria a cambio de que no catearan su domicilio. Orden\u00f3 a su equipo videograbar la entrega y permiti\u00f3 el ingreso del agente del Ministerio P\u00fablico de la FGJ-CDMX.<\/p>\n\n\n\n<figure class=\"wp-block-embed is-type-rich is-provider-twitter wp-block-embed-twitter\"><div class=\"wp-block-embed__wrapper\">\n<blockquote class=\"twitter-tweet\" data-width=\"550\" data-dnt=\"true\"><p lang=\"es\" dir=\"ltr\">\ud83d\udd34 As\u00ed fue el momento de la detenci\u00f3n del fiscal de Morelos, Uriel Carmona, quien dijo que se entregaba de manera voluntaria.<br>\ud83d\udcf9<a href=\"https:\/\/twitter.com\/eolopacheco?ref_src=twsrc%5Etfw\">@eolopacheco<\/a><a href=\"https:\/\/t.co\/NZpArcCwIq\">pic.twitter.com\/NZpArcCwIq<\/a><\/p>&mdash; LupitaJuarez (@LupitaJuarezH) <a href=\"https:\/\/twitter.com\/LupitaJuarezH\/status\/1687587804513984512?ref_src=twsrc%5Etfw\">August 4, 2023<\/a><\/blockquote><script async src=\"https:\/\/platform.twitter.com\/widgets.js\" charset=\"utf-8\"><\/script>\n<\/div><\/figure>\n\n\n\n<p>El agente ministerial atraves\u00f3 la puerta y ley\u00f3 la orden de aprehensi\u00f3n, as\u00ed como sus t\u00e9rminos, mientras el dron sobrevolaba m\u00e1s bajo la casa del fiscal. El ministerial tambi\u00e9n le mostr\u00f3 la orden de cateo que no ejecutaron por cortes\u00eda a la investidura del fiscal.<\/p>\n\n\n\n<figure class=\"wp-block-embed is-type-video is-provider-youtube wp-block-embed-youtube wp-embed-aspect-16-9 wp-has-aspect-ratio\"><div class=\"wp-block-embed__wrapper\">\n<iframe loading=\"lazy\" title=\"Detienen a Uriel Carmona G\u00e1ndara, fiscal de Morelos\" width=\"640\" height=\"360\" src=\"https:\/\/www.youtube.com\/embed\/Vhgqoth0epo?feature=oembed\" frameborder=\"0\" allow=\"accelerometer; autoplay; clipboard-write; encrypted-media; gyroscope; picture-in-picture; web-share\" referrerpolicy=\"strict-origin-when-cross-origin\" allowfullscreen><\/iframe>\n<\/div><\/figure>\n\n\n\n<p>Enseguida,\u00a0<strong>Carmona G\u00e1ndara pidi\u00f3 garant\u00edas para su familia, entre ellos tres menores de edad, y el comandante Tacuba, conocido por el fiscal, le prometi\u00f3 que no le pasar\u00eda nada.<\/strong><\/p>\n\n\n\n<figure class=\"wp-block-embed is-type-video is-provider-youtube wp-block-embed-youtube wp-embed-aspect-16-9 wp-has-aspect-ratio\"><div class=\"wp-block-embed__wrapper\">\n<iframe loading=\"lazy\" title=\"Mensaje a medios Ulises Lara sobre aprehensi\u00f3n de servidor p\u00fablico en Morelos\" width=\"640\" height=\"360\" src=\"https:\/\/www.youtube.com\/embed\/tbOohqDh5sM?feature=oembed\" frameborder=\"0\" allow=\"accelerometer; autoplay; clipboard-write; encrypted-media; gyroscope; picture-in-picture; web-share\" referrerpolicy=\"strict-origin-when-cross-origin\" allowfullscreen><\/iframe>\n<\/div><\/figure>\n\n\n\n<p>&#8220;Acu\u00e9rdese que somos compa\u00f1eros, a cualquiera le puede pasar esto, \u00bfno?&#8221;, esgrimi\u00f3 el fiscal.<\/p>\n\n\n\n<figure class=\"wp-block-embed is-type-video is-provider-youtube wp-block-embed-youtube wp-embed-aspect-16-9 wp-has-aspect-ratio\"><div class=\"wp-block-embed__wrapper\">\n<iframe loading=\"lazy\" title=\"\u201cA cualquiera nos puede pasar\u201d. As\u00ed fue como se entreg\u00f3 Uriel Carmona, fiscal de Morelos\" width=\"640\" height=\"360\" src=\"https:\/\/www.youtube.com\/embed\/r-TMncA18KU?feature=oembed\" frameborder=\"0\" allow=\"accelerometer; autoplay; clipboard-write; encrypted-media; gyroscope; picture-in-picture; web-share\" referrerpolicy=\"strict-origin-when-cross-origin\" allowfullscreen><\/iframe>\n<\/div><\/figure>\n\n\n\n<p>Antes de subir al rinoceronte de la Comisi\u00f3n Estatal de Seguridad (CES) y ser llevado a esa dependencia para su certificaci\u00f3n m\u00e9dica, el fiscal se quit\u00f3 el saco, lo entreg\u00f3 a sus colaboradores y empez\u00f3 su traves\u00eda. M\u00e1s tarde aterriz\u00f3 un helic\u00f3ptero de la Marina en ese mismo sitio para trasladar al fiscal a la Ciudad de M\u00e9xico.<\/p>\n\n\n\n<figure class=\"wp-block-embed is-type-rich is-provider-twitter wp-block-embed-twitter\"><div class=\"wp-block-embed__wrapper\">\n<blockquote class=\"twitter-tweet\" data-width=\"550\" data-dnt=\"true\"><p lang=\"es\" dir=\"ltr\">El fiscal de <a href=\"https:\/\/twitter.com\/hashtag\/Morelos?src=hash&amp;ref_src=twsrc%5Etfw\">#Morelos<\/a>, Uriel Carmona, fue trasladado en un helic\u00f3ptero de la <a href=\"https:\/\/twitter.com\/SEMAR_mx?ref_src=twsrc%5Etfw\">@SEMAR_mx<\/a> a la <a href=\"https:\/\/twitter.com\/hashtag\/CDMX?src=hash&amp;ref_src=twsrc%5Etfw\">#CDMX<\/a><br><br>Quedar\u00e1 a disposici\u00f3n del un juez en el Reclusorio Sur por el delito contra la administraci\u00f3n y procuraci\u00f3n de justicia en la investigaci\u00f3n del feminicidio de Ariadna Fernanda. <a href=\"https:\/\/t.co\/ywl5AaJyM5\">pic.twitter.com\/ywl5AaJyM5<\/a><\/p>&mdash; Manuel Lopez San Martin (@MLopezSanMartin) <a href=\"https:\/\/twitter.com\/MLopezSanMartin\/status\/1687613685546483712?ref_src=twsrc%5Etfw\">August 4, 2023<\/a><\/blockquote><script async src=\"https:\/\/platform.twitter.com\/widgets.js\" charset=\"utf-8\"><\/script>\n<\/div><\/figure>\n\n\n\n<figure class=\"wp-block-embed is-type-video is-provider-youtube wp-block-embed-youtube wp-embed-aspect-16-9 wp-has-aspect-ratio\"><div class=\"wp-block-embed__wrapper\">\n<iframe loading=\"lazy\" title=\"Con chaleco antibalas, fiscal de Morelos ingresa a Reclusorio Sur por caso Ariadna Fernanda\" width=\"640\" height=\"360\" src=\"https:\/\/www.youtube.com\/embed\/eX_pSZACy-M?feature=oembed\" frameborder=\"0\" allow=\"accelerometer; autoplay; clipboard-write; encrypted-media; gyroscope; picture-in-picture; web-share\" referrerpolicy=\"strict-origin-when-cross-origin\" allowfullscreen><\/iframe>\n<\/div><\/figure>\n\n\n\n<h2 class=\"wp-block-heading\">Asesinato de Ariadna Fernanda, clave en caso de fiscal de Morelos<\/h2>\n\n\n\n<p>El caso que tiene al fiscal de Morelos, Uriel Carmona G\u00e1ndara, detenido,&nbsp;<strong>se remonta al 30 octubre de 2022, cuando la joven Ariadna Fernanda L\u00f3pez fue asesinada al interior de un departamento en la colonia Condesa y su cuerpo fue abandonado en la carretera a Tepoztl\u00e1n.<\/strong><\/p>\n\n\n\n<p>Ariadna se hab\u00eda reunido en un restaurante en la colonia Roma, junto a los presuntos culpables de su muerte: Rautel y Vanessa. En los videos de seguridad difundidos por la Secretar\u00eda de Seguridad Ciudadana (SSC) se pudo ver que los implicados y la v\u00edctima salen del restaurante y se dirigen al departamento de Rautel. Al d\u00eda siguiente, Rautel es captado cargando el cuerpo inerte de Ariadna.<\/p>\n\n\n\n<p>Rautel &#8220;N&#8221; y Vanessa &#8220;N&#8221; fueron detenidos por la polic\u00eda capitalina y esperan el inicio del juicio oral. Rautel dijo ser un empresario que ten\u00eda buena relaci\u00f3n con las autoridades de Morelos e incluso, horas antes de que abandonaran el cuerpo de la v\u00edctima, sostuvo comunicaci\u00f3n con personas de aquella entidad.<\/p>\n\n\n\n<figure class=\"wp-block-embed is-type-video is-provider-youtube wp-block-embed-youtube wp-embed-aspect-16-9 wp-has-aspect-ratio\"><div class=\"wp-block-embed__wrapper\">\n<iframe loading=\"lazy\" title=\"As\u00ed fue el caso Ariadna Fernanda, el feminicidio por el que el fiscal de Morelos fue detenido\" width=\"640\" height=\"360\" src=\"https:\/\/www.youtube.com\/embed\/MLhTD37PF1s?feature=oembed\" frameborder=\"0\" allow=\"accelerometer; autoplay; clipboard-write; encrypted-media; gyroscope; picture-in-picture; web-share\" referrerpolicy=\"strict-origin-when-cross-origin\" allowfullscreen><\/iframe>\n<\/div><\/figure>\n\n\n\n<p><strong>Carmona G\u00e1ndara intent\u00f3 encubrir<\/strong>\u00a0el\u00a0feminicidio de la joven de 27 a\u00f1os. En esa ocasi\u00f3n, el funcionario asegur\u00f3 que la muerte de Ariadna se deb\u00eda a una broncoaspiraci\u00f3n producto de la ingesta de alcohol y neg\u00f3 que la joven presentara huellas de violencia que indicaran que se tratara de un feminicidio.<\/p>\n\n\n\n<p>Claudia Sheinbaum, en ese entonces jefa de Gobierno de la\u00a0Ciudad de M\u00e9xico, pidi\u00f3 que la fiscal\u00eda capitalina investigara y se\u00f1al\u00f3 al funcionario morelense de encubrir a los responsables.<\/p>\n\n\n\n<figure class=\"wp-block-embed is-type-video is-provider-youtube wp-block-embed-youtube wp-embed-aspect-16-9 wp-has-aspect-ratio\"><div class=\"wp-block-embed__wrapper\">\n<iframe loading=\"lazy\" title=\"Conferencia de prensa 18\/01\/2023\" width=\"640\" height=\"360\" src=\"https:\/\/www.youtube.com\/embed\/LkdLIHZt7UU?feature=oembed\" frameborder=\"0\" allow=\"accelerometer; autoplay; clipboard-write; encrypted-media; gyroscope; picture-in-picture; web-share\" referrerpolicy=\"strict-origin-when-cross-origin\" allowfullscreen><\/iframe>\n<\/div><\/figure>\n\n\n\n<p>Con Informaci\u00f3n de SUN <\/p>\n","protected":false},"excerpt":{"rendered":"<p>Por Redacci\u00f3n QP El aprehendido intent\u00f3 evitar la ejecuci\u00f3n de una orden de aprehensi\u00f3n en&#8230;<\/p>\n","protected":false},"author":2,"featured_media":103553,"comment_status":"open","ping_status":"open","sticky":false,"template":"","format":"standard","meta":{"_monsterinsights_skip_tracking":false,"_monsterinsights_sitenote_active":false,"_monsterinsights_sitenote_note":"","_monsterinsights_sitenote_category":0,"footnotes":""},"categories":[2],"tags":[],"class_list":["post-103551","post","type-post","status-publish","format-standard","has-post-thumbnail","hentry","category-noticias"],"yoast_head":"<!-- This site is optimized with the Yoast SEO plugin v27.3 - https:\/\/yoast.com\/product\/yoast-seo-wordpress\/ -->\n<title>Cae fiscal de Morelos Uriel Carmona G\u00e1ndara en medio de fuerte despliegue policial -<\/title>\n<meta name=\"robots\" content=\"index, follow, max-snippet:-1, max-image-preview:large, max-video-preview:-1\" \/>\n<link rel=\"canonical\" href=\"https:\/\/quehacerpolitico.mx\/?p=103551\" \/>\n<meta property=\"og:locale\" content=\"es_MX\" \/>\n<meta property=\"og:type\" content=\"article\" \/>\n<meta property=\"og:title\" content=\"Cae fiscal de Morelos Uriel Carmona G\u00e1ndara en medio de fuerte despliegue policial -\" \/>\n<meta property=\"og:description\" content=\"Por Redacci\u00f3n QP El aprehendido intent\u00f3 evitar la ejecuci\u00f3n de una orden de aprehensi\u00f3n en...\" \/>\n<meta property=\"og:url\" content=\"https:\/\/quehacerpolitico.mx\/?p=103551\" \/>\n<meta property=\"article:published_time\" content=\"2023-08-05T19:01:03+00:00\" \/>\n<meta property=\"article:modified_time\" content=\"2023-08-05T19:01:05+00:00\" \/>\n<meta property=\"og:image\" content=\"https:\/\/quehacerpolitico.mx\/wp-content\/uploads\/2023\/08\/IMG_9587.jpeg\" \/>\n\t<meta property=\"og:image:width\" content=\"934\" \/>\n\t<meta property=\"og:image:height\" content=\"738\" \/>\n\t<meta property=\"og:image:type\" content=\"image\/jpeg\" \/>\n<meta name=\"author\" content=\"Redacci\u00f3n QP\" \/>\n<meta name=\"twitter:card\" content=\"summary_large_image\" \/>\n<meta name=\"twitter:label1\" content=\"Escrito por\" \/>\n\t<meta name=\"twitter:data1\" content=\"Redacci\u00f3n QP\" \/>\n\t<meta name=\"twitter:label2\" content=\"Tiempo de lectura\" \/>\n\t<meta name=\"twitter:data2\" content=\"5 minutos\" \/>\n<script type=\"application\/ld+json\" class=\"yoast-schema-graph\">{\"@context\":\"https:\\\/\\\/schema.org\",\"@graph\":[{\"@type\":\"Article\",\"@id\":\"https:\\\/\\\/quehacerpolitico.mx\\\/?p=103551#article\",\"isPartOf\":{\"@id\":\"https:\\\/\\\/quehacerpolitico.mx\\\/?p=103551\"},\"author\":{\"name\":\"Redacci\u00f3n QP\",\"@id\":\"https:\\\/\\\/quehacerpolitico.mx\\\/#\\\/schema\\\/person\\\/496d8ad2d1d3f8036101dca7ee39e585\"},\"headline\":\"Cae fiscal de Morelos Uriel Carmona G\u00e1ndara en medio de fuerte despliegue policial\",\"datePublished\":\"2023-08-05T19:01:03+00:00\",\"dateModified\":\"2023-08-05T19:01:05+00:00\",\"mainEntityOfPage\":{\"@id\":\"https:\\\/\\\/quehacerpolitico.mx\\\/?p=103551\"},\"wordCount\":1053,\"commentCount\":0,\"image\":{\"@id\":\"https:\\\/\\\/quehacerpolitico.mx\\\/?p=103551#primaryimage\"},\"thumbnailUrl\":\"https:\\\/\\\/quehacerpolitico.mx\\\/wp-content\\\/uploads\\\/2023\\\/08\\\/IMG_9587.jpeg\",\"articleSection\":[\"Noticias\"],\"inLanguage\":\"es\",\"potentialAction\":[{\"@type\":\"CommentAction\",\"name\":\"Comment\",\"target\":[\"https:\\\/\\\/quehacerpolitico.mx\\\/?p=103551#respond\"]}]},{\"@type\":\"WebPage\",\"@id\":\"https:\\\/\\\/quehacerpolitico.mx\\\/?p=103551\",\"url\":\"https:\\\/\\\/quehacerpolitico.mx\\\/?p=103551\",\"name\":\"Cae fiscal de Morelos Uriel Carmona G\u00e1ndara en medio de fuerte despliegue policial -\",\"isPartOf\":{\"@id\":\"https:\\\/\\\/quehacerpolitico.mx\\\/#website\"},\"primaryImageOfPage\":{\"@id\":\"https:\\\/\\\/quehacerpolitico.mx\\\/?p=103551#primaryimage\"},\"image\":{\"@id\":\"https:\\\/\\\/quehacerpolitico.mx\\\/?p=103551#primaryimage\"},\"thumbnailUrl\":\"https:\\\/\\\/quehacerpolitico.mx\\\/wp-content\\\/uploads\\\/2023\\\/08\\\/IMG_9587.jpeg\",\"datePublished\":\"2023-08-05T19:01:03+00:00\",\"dateModified\":\"2023-08-05T19:01:05+00:00\",\"author\":{\"@id\":\"https:\\\/\\\/quehacerpolitico.mx\\\/#\\\/schema\\\/person\\\/496d8ad2d1d3f8036101dca7ee39e585\"},\"breadcrumb\":{\"@id\":\"https:\\\/\\\/quehacerpolitico.mx\\\/?p=103551#breadcrumb\"},\"inLanguage\":\"es\",\"potentialAction\":[{\"@type\":\"ReadAction\",\"target\":[\"https:\\\/\\\/quehacerpolitico.mx\\\/?p=103551\"]}]},{\"@type\":\"ImageObject\",\"inLanguage\":\"es\",\"@id\":\"https:\\\/\\\/quehacerpolitico.mx\\\/?p=103551#primaryimage\",\"url\":\"https:\\\/\\\/quehacerpolitico.mx\\\/wp-content\\\/uploads\\\/2023\\\/08\\\/IMG_9587.jpeg\",\"contentUrl\":\"https:\\\/\\\/quehacerpolitico.mx\\\/wp-content\\\/uploads\\\/2023\\\/08\\\/IMG_9587.jpeg\",\"width\":934,\"height\":738},{\"@type\":\"BreadcrumbList\",\"@id\":\"https:\\\/\\\/quehacerpolitico.mx\\\/?p=103551#breadcrumb\",\"itemListElement\":[{\"@type\":\"ListItem\",\"position\":1,\"name\":\"Inicio\",\"item\":\"https:\\\/\\\/quehacerpolitico.mx\\\/\"},{\"@type\":\"ListItem\",\"position\":2,\"name\":\"Cae fiscal de Morelos Uriel Carmona G\u00e1ndara en medio de fuerte despliegue policial\"}]},{\"@type\":\"WebSite\",\"@id\":\"https:\\\/\\\/quehacerpolitico.mx\\\/#website\",\"url\":\"https:\\\/\\\/quehacerpolitico.mx\\\/\",\"name\":\"\",\"description\":\"\",\"potentialAction\":[{\"@type\":\"SearchAction\",\"target\":{\"@type\":\"EntryPoint\",\"urlTemplate\":\"https:\\\/\\\/quehacerpolitico.mx\\\/?s={search_term_string}\"},\"query-input\":{\"@type\":\"PropertyValueSpecification\",\"valueRequired\":true,\"valueName\":\"search_term_string\"}}],\"inLanguage\":\"es\"},{\"@type\":\"Person\",\"@id\":\"https:\\\/\\\/quehacerpolitico.mx\\\/#\\\/schema\\\/person\\\/496d8ad2d1d3f8036101dca7ee39e585\",\"name\":\"Redacci\u00f3n QP\",\"image\":{\"@type\":\"ImageObject\",\"inLanguage\":\"es\",\"@id\":\"https:\\\/\\\/secure.gravatar.com\\\/avatar\\\/c7164ed6fdec453195284ad24a5ae5b6e1eed2b848477fa2a4787ba9adf39a41?s=96&d=mm&r=g\",\"url\":\"https:\\\/\\\/secure.gravatar.com\\\/avatar\\\/c7164ed6fdec453195284ad24a5ae5b6e1eed2b848477fa2a4787ba9adf39a41?s=96&d=mm&r=g\",\"contentUrl\":\"https:\\\/\\\/secure.gravatar.com\\\/avatar\\\/c7164ed6fdec453195284ad24a5ae5b6e1eed2b848477fa2a4787ba9adf39a41?s=96&d=mm&r=g\",\"caption\":\"Redacci\u00f3n QP\"},\"url\":\"https:\\\/\\\/quehacerpolitico.mx\\\/?author=2\"}]}<\/script>\n<!-- \/ Yoast SEO plugin. -->","yoast_head_json":{"title":"Cae fiscal de Morelos Uriel Carmona G\u00e1ndara en medio de fuerte despliegue policial -","robots":{"index":"index","follow":"follow","max-snippet":"max-snippet:-1","max-image-preview":"max-image-preview:large","max-video-preview":"max-video-preview:-1"},"canonical":"https:\/\/quehacerpolitico.mx\/?p=103551","og_locale":"es_MX","og_type":"article","og_title":"Cae fiscal de Morelos Uriel Carmona G\u00e1ndara en medio de fuerte despliegue policial -","og_description":"Por Redacci\u00f3n QP El aprehendido intent\u00f3 evitar la ejecuci\u00f3n de una orden de aprehensi\u00f3n en...","og_url":"https:\/\/quehacerpolitico.mx\/?p=103551","article_published_time":"2023-08-05T19:01:03+00:00","article_modified_time":"2023-08-05T19:01:05+00:00","og_image":[{"width":934,"height":738,"url":"https:\/\/quehacerpolitico.mx\/wp-content\/uploads\/2023\/08\/IMG_9587.jpeg","type":"image\/jpeg"}],"author":"Redacci\u00f3n QP","twitter_card":"summary_large_image","twitter_misc":{"Escrito por":"Redacci\u00f3n QP","Tiempo de lectura":"5 minutos"},"schema":{"@context":"https:\/\/schema.org","@graph":[{"@type":"Article","@id":"https:\/\/quehacerpolitico.mx\/?p=103551#article","isPartOf":{"@id":"https:\/\/quehacerpolitico.mx\/?p=103551"},"author":{"name":"Redacci\u00f3n QP","@id":"https:\/\/quehacerpolitico.mx\/#\/schema\/person\/496d8ad2d1d3f8036101dca7ee39e585"},"headline":"Cae fiscal de Morelos Uriel Carmona G\u00e1ndara en medio de fuerte despliegue policial","datePublished":"2023-08-05T19:01:03+00:00","dateModified":"2023-08-05T19:01:05+00:00","mainEntityOfPage":{"@id":"https:\/\/quehacerpolitico.mx\/?p=103551"},"wordCount":1053,"commentCount":0,"image":{"@id":"https:\/\/quehacerpolitico.mx\/?p=103551#primaryimage"},"thumbnailUrl":"https:\/\/quehacerpolitico.mx\/wp-content\/uploads\/2023\/08\/IMG_9587.jpeg","articleSection":["Noticias"],"inLanguage":"es","potentialAction":[{"@type":"CommentAction","name":"Comment","target":["https:\/\/quehacerpolitico.mx\/?p=103551#respond"]}]},{"@type":"WebPage","@id":"https:\/\/quehacerpolitico.mx\/?p=103551","url":"https:\/\/quehacerpolitico.mx\/?p=103551","name":"Cae fiscal de Morelos Uriel Carmona G\u00e1ndara en medio de fuerte despliegue policial -","isPartOf":{"@id":"https:\/\/quehacerpolitico.mx\/#website"},"primaryImageOfPage":{"@id":"https:\/\/quehacerpolitico.mx\/?p=103551#primaryimage"},"image":{"@id":"https:\/\/quehacerpolitico.mx\/?p=103551#primaryimage"},"thumbnailUrl":"https:\/\/quehacerpolitico.mx\/wp-content\/uploads\/2023\/08\/IMG_9587.jpeg","datePublished":"2023-08-05T19:01:03+00:00","dateModified":"2023-08-05T19:01:05+00:00","author":{"@id":"https:\/\/quehacerpolitico.mx\/#\/schema\/person\/496d8ad2d1d3f8036101dca7ee39e585"},"breadcrumb":{"@id":"https:\/\/quehacerpolitico.mx\/?p=103551#breadcrumb"},"inLanguage":"es","potentialAction":[{"@type":"ReadAction","target":["https:\/\/quehacerpolitico.mx\/?p=103551"]}]},{"@type":"ImageObject","inLanguage":"es","@id":"https:\/\/quehacerpolitico.mx\/?p=103551#primaryimage","url":"https:\/\/quehacerpolitico.mx\/wp-content\/uploads\/2023\/08\/IMG_9587.jpeg","contentUrl":"https:\/\/quehacerpolitico.mx\/wp-content\/uploads\/2023\/08\/IMG_9587.jpeg","width":934,"height":738},{"@type":"BreadcrumbList","@id":"https:\/\/quehacerpolitico.mx\/?p=103551#breadcrumb","itemListElement":[{"@type":"ListItem","position":1,"name":"Inicio","item":"https:\/\/quehacerpolitico.mx\/"},{"@type":"ListItem","position":2,"name":"Cae fiscal de Morelos Uriel Carmona G\u00e1ndara en medio de fuerte despliegue policial"}]},{"@type":"WebSite","@id":"https:\/\/quehacerpolitico.mx\/#website","url":"https:\/\/quehacerpolitico.mx\/","name":"","description":"","potentialAction":[{"@type":"SearchAction","target":{"@type":"EntryPoint","urlTemplate":"https:\/\/quehacerpolitico.mx\/?s={search_term_string}"},"query-input":{"@type":"PropertyValueSpecification","valueRequired":true,"valueName":"search_term_string"}}],"inLanguage":"es"},{"@type":"Person","@id":"https:\/\/quehacerpolitico.mx\/#\/schema\/person\/496d8ad2d1d3f8036101dca7ee39e585","name":"Redacci\u00f3n QP","image":{"@type":"ImageObject","inLanguage":"es","@id":"https:\/\/secure.gravatar.com\/avatar\/c7164ed6fdec453195284ad24a5ae5b6e1eed2b848477fa2a4787ba9adf39a41?s=96&d=mm&r=g","url":"https:\/\/secure.gravatar.com\/avatar\/c7164ed6fdec453195284ad24a5ae5b6e1eed2b848477fa2a4787ba9adf39a41?s=96&d=mm&r=g","contentUrl":"https:\/\/secure.gravatar.com\/avatar\/c7164ed6fdec453195284ad24a5ae5b6e1eed2b848477fa2a4787ba9adf39a41?s=96&d=mm&r=g","caption":"Redacci\u00f3n QP"},"url":"https:\/\/quehacerpolitico.mx\/?author=2"}]}},"featured_image_urls":{"full":["https:\/\/quehacerpolitico.mx\/wp-content\/uploads\/2023\/08\/IMG_9587.jpeg",934,738,false],"thumbnail":["https:\/\/quehacerpolitico.mx\/wp-content\/uploads\/2023\/08\/IMG_9587-150x150.jpeg",150,150,true],"medium":["https:\/\/quehacerpolitico.mx\/wp-content\/uploads\/2023\/08\/IMG_9587-300x237.jpeg",300,237,true],"medium_large":["https:\/\/quehacerpolitico.mx\/wp-content\/uploads\/2023\/08\/IMG_9587-768x607.jpeg",640,506,true],"large":["https:\/\/quehacerpolitico.mx\/wp-content\/uploads\/2023\/08\/IMG_9587.jpeg",640,506,false],"1536x1536":["https:\/\/quehacerpolitico.mx\/wp-content\/uploads\/2023\/08\/IMG_9587.jpeg",934,738,false],"2048x2048":["https:\/\/quehacerpolitico.mx\/wp-content\/uploads\/2023\/08\/IMG_9587.jpeg",934,738,false],"covernews-featured":["https:\/\/quehacerpolitico.mx\/wp-content\/uploads\/2023\/08\/IMG_9587.jpeg",934,738,false],"covernews-medium":["https:\/\/quehacerpolitico.mx\/wp-content\/uploads\/2023\/08\/IMG_9587.jpeg",430,340,false]},"author_info":{"display_name":"Redacci\u00f3n QP","author_link":"https:\/\/quehacerpolitico.mx\/?author=2"},"category_info":"<a href=\"https:\/\/quehacerpolitico.mx\/?cat=2\" rel=\"category\">Noticias<\/a>","tag_info":"Noticias","comment_count":"0","_links":{"self":[{"href":"https:\/\/quehacerpolitico.mx\/index.php?rest_route=\/wp\/v2\/posts\/103551","targetHints":{"allow":["GET"]}}],"collection":[{"href":"https:\/\/quehacerpolitico.mx\/index.php?rest_route=\/wp\/v2\/posts"}],"about":[{"href":"https:\/\/quehacerpolitico.mx\/index.php?rest_route=\/wp\/v2\/types\/post"}],"author":[{"embeddable":true,"href":"https:\/\/quehacerpolitico.mx\/index.php?rest_route=\/wp\/v2\/users\/2"}],"replies":[{"embeddable":true,"href":"https:\/\/quehacerpolitico.mx\/index.php?rest_route=%2Fwp%2Fv2%2Fcomments&post=103551"}],"version-history":[{"count":1,"href":"https:\/\/quehacerpolitico.mx\/index.php?rest_route=\/wp\/v2\/posts\/103551\/revisions"}],"predecessor-version":[{"id":103554,"href":"https:\/\/quehacerpolitico.mx\/index.php?rest_route=\/wp\/v2\/posts\/103551\/revisions\/103554"}],"wp:featuredmedia":[{"embeddable":true,"href":"https:\/\/quehacerpolitico.mx\/index.php?rest_route=\/wp\/v2\/media\/103553"}],"wp:attachment":[{"href":"https:\/\/quehacerpolitico.mx\/index.php?rest_route=%2Fwp%2Fv2%2Fmedia&parent=103551"}],"wp:term":[{"taxonomy":"category","embeddable":true,"href":"https:\/\/quehacerpolitico.mx\/index.php?rest_route=%2Fwp%2Fv2%2Fcategories&post=103551"},{"taxonomy":"post_tag","embeddable":true,"href":"https:\/\/quehacerpolitico.mx\/index.php?rest_route=%2Fwp%2Fv2%2Ftags&post=103551"}],"curies":[{"name":"wp","href":"https:\/\/api.w.org\/{rel}","templated":true}]}}