{"id":103529,"date":"2023-08-04T19:17:06","date_gmt":"2023-08-04T19:17:06","guid":{"rendered":"https:\/\/quehacerpolitico.mx\/?p=103529"},"modified":"2023-08-04T19:38:42","modified_gmt":"2023-08-04T19:38:42","slug":"fuerte-operativo-del-ejercito-y-marina-al-rededor-de-la-casa-del-fiscal-de-morelos-uriel-carmona","status":"publish","type":"post","link":"https:\/\/quehacerpolitico.mx\/?p=103529","title":{"rendered":"Fuerte operativo del Ej\u00e9rcito y Marina al rededor de la casa del fiscal de M\u00f3relos Uriel Carmona"},"content":{"rendered":"\n<p>Por Redacci\u00f3n QP<\/p>\n\n\n\n<p>El fiscal de Morelos, Uriel Carmona, denunci\u00f3 que fuerzas capitalinas y federales rodearon su casa, aparentemente para detenerlo<\/p>\n\n\n\n<p>El fiscal general de Morelos,&nbsp;<strong>Uriel<\/strong>&nbsp;<strong>Carmona<\/strong>, denunci\u00f3 un&nbsp;<strong>operativo<\/strong>&nbsp;en las inmediaciones de su&nbsp;<strong>casa<\/strong>, que tendr\u00eda por objetivo su&nbsp;<strong>detenci\u00f3n<\/strong>.<\/p>\n\n\n\n<p><strong>Uriel Carmona<\/strong>&nbsp;detall\u00f3 que elementos de la Fiscal\u00eda General de Justicia (FGJ) de la Ciudad de M\u00e9xico y de la Marina se agruparon en la manzana donde se ubica su domicilio.<\/p>\n\n\n\n<figure class=\"wp-block-embed is-type-rich is-provider-twitter wp-block-embed-twitter\"><div class=\"wp-block-embed__wrapper\">\n<blockquote class=\"twitter-tweet\" data-width=\"550\" data-dnt=\"true\"><p lang=\"es\" dir=\"ltr\">\ud83d\udea8 <a href=\"https:\/\/twitter.com\/hashtag\/%C3%9AltimaHora?src=hash&amp;ref_src=twsrc%5Etfw\">#\u00daltimaHora<\/a> La Marina y Polic\u00eda de Morelos realizan un operativo en Amatitl\u00e1n, Cuernavaca, cerca del domicilio del fiscal estatal Uriel Carmona<a href=\"https:\/\/t.co\/frqSAMPVC6\">pic.twitter.com\/frqSAMPVC6<\/a><\/p>&mdash; Manuel Lopez San Martin (@MLopezSanMartin) <a href=\"https:\/\/twitter.com\/MLopezSanMartin\/status\/1687507624063852544?ref_src=twsrc%5Etfw\">August 4, 2023<\/a><\/blockquote><script async src=\"https:\/\/platform.twitter.com\/widgets.js\" charset=\"utf-8\"><\/script>\n<\/div><\/figure>\n\n\n\n<figure class=\"wp-block-embed is-type-rich is-provider-twitter wp-block-embed-twitter\"><div class=\"wp-block-embed__wrapper\">\n<blockquote class=\"twitter-tweet\" data-width=\"550\" data-dnt=\"true\"><p lang=\"es\" dir=\"ltr\">\ud83d\udd34 Se registra operativo al exterior del domicilio del fiscal de Morelos, Uriel Carmona, quien se\u00f1al\u00f3 al diario Reforma que podr\u00eda tratarse de un acto intimidatorio en su contra.<br>\ud83d\udcf9<a href=\"https:\/\/twitter.com\/regionalmorelos?ref_src=twsrc%5Etfw\">@regionalmorelos<\/a><a href=\"https:\/\/t.co\/5gk8tBjikt\">pic.twitter.com\/5gk8tBjikt<\/a><\/p>&mdash; LupitaJuarez (@LupitaJuarezH) <a href=\"https:\/\/twitter.com\/LupitaJuarezH\/status\/1687533358698397704?ref_src=twsrc%5Etfw\">August 4, 2023<\/a><\/blockquote><script async src=\"https:\/\/platform.twitter.com\/widgets.js\" charset=\"utf-8\"><\/script>\n<\/div><\/figure>\n\n\n\n<p>Yo asumo que vienen a detenerme o a violar mi domicilio\u201d, se\u00f1al\u00f3 en entrevista para&nbsp;<em>Milenio Televisi\u00f3n<\/em>.<\/p>\n\n\n\n<p>El fiscal morelense confirm\u00f3 que se encuentra en su casa junto a sus hijos y esposa.<\/p>\n\n\n\n<p>Fuentes federales citadas por&nbsp;<em>El Universal<\/em>&nbsp;apuntan a que se efectuar\u00e1 una&nbsp;<strong>orden de aprehensi\u00f3n<\/strong>&nbsp;contra Uriel Carmona por diversos delitos.<\/p>\n\n\n\n<figure class=\"wp-block-embed is-type-rich is-provider-twitter wp-block-embed-twitter\"><div class=\"wp-block-embed__wrapper\">\n<blockquote class=\"twitter-tweet\" data-width=\"550\" data-dnt=\"true\"><p lang=\"es\" dir=\"ltr\">Fuerzas federales realizan fuerte operativo en Cuernavaca, en inmediaciones de una propiedad del fiscal de Morelos, Uriel Carmona. \u00c9l sostiene que es un acto de intimidaci\u00f3n<br><br>(Video: Dominio P\u00fablico Morelos) <a href=\"https:\/\/t.co\/U7U1zRdpE8\">pic.twitter.com\/U7U1zRdpE8<\/a><\/p>&mdash; Joaqu\u00edn L\u00f3pez-D\u00f3riga (@lopezdoriga) <a href=\"https:\/\/twitter.com\/lopezdoriga\/status\/1687526420111642644?ref_src=twsrc%5Etfw\">August 4, 2023<\/a><\/blockquote><script async src=\"https:\/\/platform.twitter.com\/widgets.js\" charset=\"utf-8\"><\/script>\n<\/div><\/figure>\n\n\n\n<figure class=\"wp-block-embed is-type-rich is-provider-twitter wp-block-embed-twitter\"><div class=\"wp-block-embed__wrapper\">\n<blockquote class=\"twitter-tweet\" data-width=\"550\" data-dnt=\"true\"><p lang=\"es\" dir=\"ltr\">As\u00ed el operativo en la casa del fiscal de Morelos <a href=\"https:\/\/t.co\/PFsVGHGg3A\">pic.twitter.com\/PFsVGHGg3A<\/a><\/p>&mdash; Joaqu\u00edn L\u00f3pez-D\u00f3riga (@lopezdoriga) <a href=\"https:\/\/twitter.com\/lopezdoriga\/status\/1687530955525783552?ref_src=twsrc%5Etfw\">August 4, 2023<\/a><\/blockquote><script async src=\"https:\/\/platform.twitter.com\/widgets.js\" charset=\"utf-8\"><\/script>\n<\/div><\/figure>\n\n\n\n<p>Desde su casa, el Fiscal de Morelos, Uriel Carmona, se dice sorprendido por la orden de aprehensi\u00f3n en su contra anunciada por la Fiscal\u00eda General de la Rep\u00fablica (FGR) por la que hay un operativo desde las 6 de la ma\u00f1ana afuera de su domicilio.<\/p>\n\n\n\n<figure class=\"wp-block-embed is-type-rich is-provider-twitter wp-block-embed-twitter\"><div class=\"wp-block-embed__wrapper\">\n<blockquote class=\"twitter-tweet\" data-width=\"550\" data-dnt=\"true\"><p lang=\"es\" dir=\"ltr\"><a href=\"https:\/\/twitter.com\/hashtag\/ExclusivaREFORMA?src=hash&amp;ref_src=twsrc%5Etfw\">#ExclusivaREFORMA<\/a> | Desde su casa, el Fiscal de Morelos, Uriel Carmona, se dice sorprendido por la orden de aprehensi\u00f3n en su contra anunciada por la <a href=\"https:\/\/twitter.com\/FGRMexico?ref_src=twsrc%5Etfw\">@FGRMexico<\/a>, por la que hay un operativo desde las 6 de la ma\u00f1ana afuera de su domicilio.<br><br>\ud83d\udcf9Benito Jim\u00e9nez <a href=\"https:\/\/t.co\/tUcSXjw774\">pic.twitter.com\/tUcSXjw774<\/a><\/p>&mdash; REFORMA (@Reforma) <a href=\"https:\/\/twitter.com\/Reforma\/status\/1687544227813617665?ref_src=twsrc%5Etfw\">August 4, 2023<\/a><\/blockquote><script async src=\"https:\/\/platform.twitter.com\/widgets.js\" charset=\"utf-8\"><\/script>\n<\/div><figcaption class=\"wp-element-caption\">En entrevista con Joaquin L\u00f3pez D\u00f3riga el Fiscal argumenta que ha sido blanco de amenazas para que entregue la fiscal\u00eda a su cargo<\/figcaption><\/figure>\n\n\n\n<figure class=\"wp-block-embed is-type-rich is-provider-twitter wp-block-embed-twitter\"><div class=\"wp-block-embed__wrapper\">\n<blockquote class=\"twitter-tweet\" data-width=\"550\" data-dnt=\"true\"><p lang=\"es\" dir=\"ltr\">EXCLUSIVA El fiscal de Morelos, Uriel Carmona, acusa a <a href=\"https:\/\/twitter.com\/Claudiashein?ref_src=twsrc%5Etfw\">@Claudiashein<\/a> y a la 4T del operativo que se lleva a fuera de su casa con elementos de la Marina y la polic\u00eda estatal para detenerlo: &quot;Es un operativo para proteger a Cuauht\u00e9moc Blanco&quot;. <a href=\"https:\/\/twitter.com\/hashtag\/F%C3%B3rmulaNoticias?src=hash&amp;ref_src=twsrc%5Etfw\">#F\u00f3rmulaNoticias<\/a> con\u00a0<a href=\"https:\/\/twitter.com\/lopezdoriga?ref_src=twsrc%5Etfw\">@lopezdoriga<\/a> <a href=\"https:\/\/t.co\/TaQDvCRK5h\">pic.twitter.com\/TaQDvCRK5h<\/a><\/p>&mdash; Grupo F\u00f3rmula (@Radio_Formula) <a href=\"https:\/\/twitter.com\/Radio_Formula\/status\/1687545199210176512?ref_src=twsrc%5Etfw\">August 4, 2023<\/a><\/blockquote><script async src=\"https:\/\/platform.twitter.com\/widgets.js\" charset=\"utf-8\"><\/script>\n<\/div><\/figure>\n\n\n\n<p>Con informaci\u00f3n de Milenio y El Universal<\/p>\n","protected":false},"excerpt":{"rendered":"<p>Por Redacci\u00f3n QP El fiscal de Morelos, Uriel Carmona, denunci\u00f3 que fuerzas capitalinas y federales&#8230;<\/p>\n","protected":false},"author":2,"featured_media":103530,"comment_status":"open","ping_status":"open","sticky":false,"template":"","format":"standard","meta":{"_monsterinsights_skip_tracking":false,"_monsterinsights_sitenote_active":false,"_monsterinsights_sitenote_note":"","_monsterinsights_sitenote_category":0,"footnotes":""},"categories":[2],"tags":[],"class_list":["post-103529","post","type-post","status-publish","format-standard","has-post-thumbnail","hentry","category-noticias"],"yoast_head":"<!-- This site is optimized with the Yoast SEO plugin v27.3 - https:\/\/yoast.com\/product\/yoast-seo-wordpress\/ -->\n<title>Fuerte operativo del Ej\u00e9rcito y Marina al rededor de la casa del fiscal de M\u00f3relos Uriel Carmona -<\/title>\n<meta name=\"robots\" content=\"index, follow, max-snippet:-1, max-image-preview:large, max-video-preview:-1\" \/>\n<link rel=\"canonical\" href=\"https:\/\/quehacerpolitico.mx\/?p=103529\" \/>\n<meta property=\"og:locale\" content=\"es_MX\" \/>\n<meta property=\"og:type\" content=\"article\" \/>\n<meta property=\"og:title\" content=\"Fuerte operativo del Ej\u00e9rcito y Marina al rededor de la casa del fiscal de M\u00f3relos Uriel Carmona -\" \/>\n<meta property=\"og:description\" content=\"Por Redacci\u00f3n QP El fiscal de Morelos, Uriel Carmona, denunci\u00f3 que fuerzas capitalinas y federales...\" \/>\n<meta property=\"og:url\" content=\"https:\/\/quehacerpolitico.mx\/?p=103529\" \/>\n<meta property=\"article:published_time\" content=\"2023-08-04T19:17:06+00:00\" \/>\n<meta property=\"article:modified_time\" content=\"2023-08-04T19:38:42+00:00\" \/>\n<meta property=\"og:image\" content=\"https:\/\/quehacerpolitico.mx\/wp-content\/uploads\/2023\/08\/IMG_9574.jpeg\" \/>\n\t<meta property=\"og:image:width\" content=\"1284\" \/>\n\t<meta property=\"og:image:height\" content=\"701\" \/>\n\t<meta property=\"og:image:type\" content=\"image\/jpeg\" \/>\n<meta name=\"author\" content=\"Redacci\u00f3n QP\" \/>\n<meta name=\"twitter:card\" content=\"summary_large_image\" \/>\n<meta name=\"twitter:label1\" content=\"Escrito por\" \/>\n\t<meta name=\"twitter:data1\" content=\"Redacci\u00f3n QP\" \/>\n\t<meta name=\"twitter:label2\" content=\"Tiempo de lectura\" \/>\n\t<meta name=\"twitter:data2\" content=\"1 minuto\" \/>\n<script type=\"application\/ld+json\" class=\"yoast-schema-graph\">{\"@context\":\"https:\\\/\\\/schema.org\",\"@graph\":[{\"@type\":\"Article\",\"@id\":\"https:\\\/\\\/quehacerpolitico.mx\\\/?p=103529#article\",\"isPartOf\":{\"@id\":\"https:\\\/\\\/quehacerpolitico.mx\\\/?p=103529\"},\"author\":{\"name\":\"Redacci\u00f3n QP\",\"@id\":\"https:\\\/\\\/quehacerpolitico.mx\\\/#\\\/schema\\\/person\\\/496d8ad2d1d3f8036101dca7ee39e585\"},\"headline\":\"Fuerte operativo del Ej\u00e9rcito y Marina al rededor de la casa del fiscal de M\u00f3relos Uriel Carmona\",\"datePublished\":\"2023-08-04T19:17:06+00:00\",\"dateModified\":\"2023-08-04T19:38:42+00:00\",\"mainEntityOfPage\":{\"@id\":\"https:\\\/\\\/quehacerpolitico.mx\\\/?p=103529\"},\"wordCount\":316,\"commentCount\":0,\"image\":{\"@id\":\"https:\\\/\\\/quehacerpolitico.mx\\\/?p=103529#primaryimage\"},\"thumbnailUrl\":\"https:\\\/\\\/quehacerpolitico.mx\\\/wp-content\\\/uploads\\\/2023\\\/08\\\/IMG_9574.jpeg\",\"articleSection\":[\"Noticias\"],\"inLanguage\":\"es\",\"potentialAction\":[{\"@type\":\"CommentAction\",\"name\":\"Comment\",\"target\":[\"https:\\\/\\\/quehacerpolitico.mx\\\/?p=103529#respond\"]}]},{\"@type\":\"WebPage\",\"@id\":\"https:\\\/\\\/quehacerpolitico.mx\\\/?p=103529\",\"url\":\"https:\\\/\\\/quehacerpolitico.mx\\\/?p=103529\",\"name\":\"Fuerte operativo del Ej\u00e9rcito y Marina al rededor de la casa del fiscal de M\u00f3relos Uriel Carmona -\",\"isPartOf\":{\"@id\":\"https:\\\/\\\/quehacerpolitico.mx\\\/#website\"},\"primaryImageOfPage\":{\"@id\":\"https:\\\/\\\/quehacerpolitico.mx\\\/?p=103529#primaryimage\"},\"image\":{\"@id\":\"https:\\\/\\\/quehacerpolitico.mx\\\/?p=103529#primaryimage\"},\"thumbnailUrl\":\"https:\\\/\\\/quehacerpolitico.mx\\\/wp-content\\\/uploads\\\/2023\\\/08\\\/IMG_9574.jpeg\",\"datePublished\":\"2023-08-04T19:17:06+00:00\",\"dateModified\":\"2023-08-04T19:38:42+00:00\",\"author\":{\"@id\":\"https:\\\/\\\/quehacerpolitico.mx\\\/#\\\/schema\\\/person\\\/496d8ad2d1d3f8036101dca7ee39e585\"},\"breadcrumb\":{\"@id\":\"https:\\\/\\\/quehacerpolitico.mx\\\/?p=103529#breadcrumb\"},\"inLanguage\":\"es\",\"potentialAction\":[{\"@type\":\"ReadAction\",\"target\":[\"https:\\\/\\\/quehacerpolitico.mx\\\/?p=103529\"]}]},{\"@type\":\"ImageObject\",\"inLanguage\":\"es\",\"@id\":\"https:\\\/\\\/quehacerpolitico.mx\\\/?p=103529#primaryimage\",\"url\":\"https:\\\/\\\/quehacerpolitico.mx\\\/wp-content\\\/uploads\\\/2023\\\/08\\\/IMG_9574.jpeg\",\"contentUrl\":\"https:\\\/\\\/quehacerpolitico.mx\\\/wp-content\\\/uploads\\\/2023\\\/08\\\/IMG_9574.jpeg\",\"width\":1284,\"height\":701},{\"@type\":\"BreadcrumbList\",\"@id\":\"https:\\\/\\\/quehacerpolitico.mx\\\/?p=103529#breadcrumb\",\"itemListElement\":[{\"@type\":\"ListItem\",\"position\":1,\"name\":\"Inicio\",\"item\":\"https:\\\/\\\/quehacerpolitico.mx\\\/\"},{\"@type\":\"ListItem\",\"position\":2,\"name\":\"Fuerte operativo del Ej\u00e9rcito y Marina al rededor de la casa del fiscal de M\u00f3relos Uriel Carmona\"}]},{\"@type\":\"WebSite\",\"@id\":\"https:\\\/\\\/quehacerpolitico.mx\\\/#website\",\"url\":\"https:\\\/\\\/quehacerpolitico.mx\\\/\",\"name\":\"\",\"description\":\"\",\"potentialAction\":[{\"@type\":\"SearchAction\",\"target\":{\"@type\":\"EntryPoint\",\"urlTemplate\":\"https:\\\/\\\/quehacerpolitico.mx\\\/?s={search_term_string}\"},\"query-input\":{\"@type\":\"PropertyValueSpecification\",\"valueRequired\":true,\"valueName\":\"search_term_string\"}}],\"inLanguage\":\"es\"},{\"@type\":\"Person\",\"@id\":\"https:\\\/\\\/quehacerpolitico.mx\\\/#\\\/schema\\\/person\\\/496d8ad2d1d3f8036101dca7ee39e585\",\"name\":\"Redacci\u00f3n QP\",\"image\":{\"@type\":\"ImageObject\",\"inLanguage\":\"es\",\"@id\":\"https:\\\/\\\/secure.gravatar.com\\\/avatar\\\/c7164ed6fdec453195284ad24a5ae5b6e1eed2b848477fa2a4787ba9adf39a41?s=96&d=mm&r=g\",\"url\":\"https:\\\/\\\/secure.gravatar.com\\\/avatar\\\/c7164ed6fdec453195284ad24a5ae5b6e1eed2b848477fa2a4787ba9adf39a41?s=96&d=mm&r=g\",\"contentUrl\":\"https:\\\/\\\/secure.gravatar.com\\\/avatar\\\/c7164ed6fdec453195284ad24a5ae5b6e1eed2b848477fa2a4787ba9adf39a41?s=96&d=mm&r=g\",\"caption\":\"Redacci\u00f3n QP\"},\"url\":\"https:\\\/\\\/quehacerpolitico.mx\\\/?author=2\"}]}<\/script>\n<!-- \/ Yoast SEO plugin. -->","yoast_head_json":{"title":"Fuerte operativo del Ej\u00e9rcito y Marina al rededor de la casa del fiscal de M\u00f3relos Uriel Carmona -","robots":{"index":"index","follow":"follow","max-snippet":"max-snippet:-1","max-image-preview":"max-image-preview:large","max-video-preview":"max-video-preview:-1"},"canonical":"https:\/\/quehacerpolitico.mx\/?p=103529","og_locale":"es_MX","og_type":"article","og_title":"Fuerte operativo del Ej\u00e9rcito y Marina al rededor de la casa del fiscal de M\u00f3relos Uriel Carmona -","og_description":"Por Redacci\u00f3n QP El fiscal de Morelos, Uriel Carmona, denunci\u00f3 que fuerzas capitalinas y federales...","og_url":"https:\/\/quehacerpolitico.mx\/?p=103529","article_published_time":"2023-08-04T19:17:06+00:00","article_modified_time":"2023-08-04T19:38:42+00:00","og_image":[{"width":1284,"height":701,"url":"https:\/\/quehacerpolitico.mx\/wp-content\/uploads\/2023\/08\/IMG_9574.jpeg","type":"image\/jpeg"}],"author":"Redacci\u00f3n QP","twitter_card":"summary_large_image","twitter_misc":{"Escrito por":"Redacci\u00f3n QP","Tiempo de lectura":"1 minuto"},"schema":{"@context":"https:\/\/schema.org","@graph":[{"@type":"Article","@id":"https:\/\/quehacerpolitico.mx\/?p=103529#article","isPartOf":{"@id":"https:\/\/quehacerpolitico.mx\/?p=103529"},"author":{"name":"Redacci\u00f3n QP","@id":"https:\/\/quehacerpolitico.mx\/#\/schema\/person\/496d8ad2d1d3f8036101dca7ee39e585"},"headline":"Fuerte operativo del Ej\u00e9rcito y Marina al rededor de la casa del fiscal de M\u00f3relos Uriel Carmona","datePublished":"2023-08-04T19:17:06+00:00","dateModified":"2023-08-04T19:38:42+00:00","mainEntityOfPage":{"@id":"https:\/\/quehacerpolitico.mx\/?p=103529"},"wordCount":316,"commentCount":0,"image":{"@id":"https:\/\/quehacerpolitico.mx\/?p=103529#primaryimage"},"thumbnailUrl":"https:\/\/quehacerpolitico.mx\/wp-content\/uploads\/2023\/08\/IMG_9574.jpeg","articleSection":["Noticias"],"inLanguage":"es","potentialAction":[{"@type":"CommentAction","name":"Comment","target":["https:\/\/quehacerpolitico.mx\/?p=103529#respond"]}]},{"@type":"WebPage","@id":"https:\/\/quehacerpolitico.mx\/?p=103529","url":"https:\/\/quehacerpolitico.mx\/?p=103529","name":"Fuerte operativo del Ej\u00e9rcito y Marina al rededor de la casa del fiscal de M\u00f3relos Uriel Carmona -","isPartOf":{"@id":"https:\/\/quehacerpolitico.mx\/#website"},"primaryImageOfPage":{"@id":"https:\/\/quehacerpolitico.mx\/?p=103529#primaryimage"},"image":{"@id":"https:\/\/quehacerpolitico.mx\/?p=103529#primaryimage"},"thumbnailUrl":"https:\/\/quehacerpolitico.mx\/wp-content\/uploads\/2023\/08\/IMG_9574.jpeg","datePublished":"2023-08-04T19:17:06+00:00","dateModified":"2023-08-04T19:38:42+00:00","author":{"@id":"https:\/\/quehacerpolitico.mx\/#\/schema\/person\/496d8ad2d1d3f8036101dca7ee39e585"},"breadcrumb":{"@id":"https:\/\/quehacerpolitico.mx\/?p=103529#breadcrumb"},"inLanguage":"es","potentialAction":[{"@type":"ReadAction","target":["https:\/\/quehacerpolitico.mx\/?p=103529"]}]},{"@type":"ImageObject","inLanguage":"es","@id":"https:\/\/quehacerpolitico.mx\/?p=103529#primaryimage","url":"https:\/\/quehacerpolitico.mx\/wp-content\/uploads\/2023\/08\/IMG_9574.jpeg","contentUrl":"https:\/\/quehacerpolitico.mx\/wp-content\/uploads\/2023\/08\/IMG_9574.jpeg","width":1284,"height":701},{"@type":"BreadcrumbList","@id":"https:\/\/quehacerpolitico.mx\/?p=103529#breadcrumb","itemListElement":[{"@type":"ListItem","position":1,"name":"Inicio","item":"https:\/\/quehacerpolitico.mx\/"},{"@type":"ListItem","position":2,"name":"Fuerte operativo del Ej\u00e9rcito y Marina al rededor de la casa del fiscal de M\u00f3relos Uriel Carmona"}]},{"@type":"WebSite","@id":"https:\/\/quehacerpolitico.mx\/#website","url":"https:\/\/quehacerpolitico.mx\/","name":"","description":"","potentialAction":[{"@type":"SearchAction","target":{"@type":"EntryPoint","urlTemplate":"https:\/\/quehacerpolitico.mx\/?s={search_term_string}"},"query-input":{"@type":"PropertyValueSpecification","valueRequired":true,"valueName":"search_term_string"}}],"inLanguage":"es"},{"@type":"Person","@id":"https:\/\/quehacerpolitico.mx\/#\/schema\/person\/496d8ad2d1d3f8036101dca7ee39e585","name":"Redacci\u00f3n QP","image":{"@type":"ImageObject","inLanguage":"es","@id":"https:\/\/secure.gravatar.com\/avatar\/c7164ed6fdec453195284ad24a5ae5b6e1eed2b848477fa2a4787ba9adf39a41?s=96&d=mm&r=g","url":"https:\/\/secure.gravatar.com\/avatar\/c7164ed6fdec453195284ad24a5ae5b6e1eed2b848477fa2a4787ba9adf39a41?s=96&d=mm&r=g","contentUrl":"https:\/\/secure.gravatar.com\/avatar\/c7164ed6fdec453195284ad24a5ae5b6e1eed2b848477fa2a4787ba9adf39a41?s=96&d=mm&r=g","caption":"Redacci\u00f3n QP"},"url":"https:\/\/quehacerpolitico.mx\/?author=2"}]}},"featured_image_urls":{"full":["https:\/\/quehacerpolitico.mx\/wp-content\/uploads\/2023\/08\/IMG_9574.jpeg",1284,701,false],"thumbnail":["https:\/\/quehacerpolitico.mx\/wp-content\/uploads\/2023\/08\/IMG_9574-150x150.jpeg",150,150,true],"medium":["https:\/\/quehacerpolitico.mx\/wp-content\/uploads\/2023\/08\/IMG_9574-300x164.jpeg",300,164,true],"medium_large":["https:\/\/quehacerpolitico.mx\/wp-content\/uploads\/2023\/08\/IMG_9574-768x419.jpeg",640,349,true],"large":["https:\/\/quehacerpolitico.mx\/wp-content\/uploads\/2023\/08\/IMG_9574-1024x559.jpeg",640,349,true],"1536x1536":["https:\/\/quehacerpolitico.mx\/wp-content\/uploads\/2023\/08\/IMG_9574.jpeg",1284,701,false],"2048x2048":["https:\/\/quehacerpolitico.mx\/wp-content\/uploads\/2023\/08\/IMG_9574.jpeg",1284,701,false],"covernews-featured":["https:\/\/quehacerpolitico.mx\/wp-content\/uploads\/2023\/08\/IMG_9574.jpeg",1024,559,false],"covernews-medium":["https:\/\/quehacerpolitico.mx\/wp-content\/uploads\/2023\/08\/IMG_9574.jpeg",540,295,false]},"author_info":{"display_name":"Redacci\u00f3n QP","author_link":"https:\/\/quehacerpolitico.mx\/?author=2"},"category_info":"<a href=\"https:\/\/quehacerpolitico.mx\/?cat=2\" rel=\"category\">Noticias<\/a>","tag_info":"Noticias","comment_count":"0","_links":{"self":[{"href":"https:\/\/quehacerpolitico.mx\/index.php?rest_route=\/wp\/v2\/posts\/103529","targetHints":{"allow":["GET"]}}],"collection":[{"href":"https:\/\/quehacerpolitico.mx\/index.php?rest_route=\/wp\/v2\/posts"}],"about":[{"href":"https:\/\/quehacerpolitico.mx\/index.php?rest_route=\/wp\/v2\/types\/post"}],"author":[{"embeddable":true,"href":"https:\/\/quehacerpolitico.mx\/index.php?rest_route=\/wp\/v2\/users\/2"}],"replies":[{"embeddable":true,"href":"https:\/\/quehacerpolitico.mx\/index.php?rest_route=%2Fwp%2Fv2%2Fcomments&post=103529"}],"version-history":[{"count":3,"href":"https:\/\/quehacerpolitico.mx\/index.php?rest_route=\/wp\/v2\/posts\/103529\/revisions"}],"predecessor-version":[{"id":103535,"href":"https:\/\/quehacerpolitico.mx\/index.php?rest_route=\/wp\/v2\/posts\/103529\/revisions\/103535"}],"wp:featuredmedia":[{"embeddable":true,"href":"https:\/\/quehacerpolitico.mx\/index.php?rest_route=\/wp\/v2\/media\/103530"}],"wp:attachment":[{"href":"https:\/\/quehacerpolitico.mx\/index.php?rest_route=%2Fwp%2Fv2%2Fmedia&parent=103529"}],"wp:term":[{"taxonomy":"category","embeddable":true,"href":"https:\/\/quehacerpolitico.mx\/index.php?rest_route=%2Fwp%2Fv2%2Fcategories&post=103529"},{"taxonomy":"post_tag","embeddable":true,"href":"https:\/\/quehacerpolitico.mx\/index.php?rest_route=%2Fwp%2Fv2%2Ftags&post=103529"}],"curies":[{"name":"wp","href":"https:\/\/api.w.org\/{rel}","templated":true}]}}