{"id":103526,"date":"2023-08-04T18:56:28","date_gmt":"2023-08-04T18:56:28","guid":{"rendered":"https:\/\/quehacerpolitico.mx\/?p=103526"},"modified":"2023-08-04T18:56:32","modified_gmt":"2023-08-04T18:56:32","slug":"esta-es-la-razon-por-la-que-greta-thunberg-se-marcho-del-festival-del-libro-de-edimburgo","status":"publish","type":"post","link":"https:\/\/quehacerpolitico.mx\/?p=103526","title":{"rendered":"Esta es la raz\u00f3n por la que Greta Thunberg se march\u00f3 del Festival del Libro de Edimburgo"},"content":{"rendered":"\n<p>Por Redacci\u00f3n QP<\/p>\n\n\n\n<p>Los organizadores respetaron la decisi\u00f3n de la activista; sin embargo est\u00e1n disgustados; aqu\u00ed te lo contamos<\/p>\n\n\n\n<p>La activista y l\u00edder ecologista,\u00a0Greta Thunberg\u00a0<strong>ha decidido cancelar su presencia en el Festival Internacional del Libro de Edimburgo<\/strong>\u00a0(Escocia) por la &#8220;ecoimpostura&#8221; de su patrocinador, la firma escocesa de gesti\u00f3n de fondos Baillie Gifford, ha anunciado este viernes la organizaci\u00f3n.<\/p>\n\n\n\n<p>&#8220;Como activista del clima, no puedo asistir a un evento que recibe el patrocinio de Baillie Gifford, que invierte mucho en el sector de los combustibles f\u00f3siles&#8221;, ha confirmado la joven sueca, que estaba invitada a un evento el 13 de agosto.<\/p>\n\n\n\n<p>&#8220;Los esfuerzos de lavado de imagen verde por parte de la industria de los combustibles f\u00f3siles, incluido el patrocinio de eventos culturales, le permite mantener la licencia social para continuar operando.\u00a0<strong>No puedo y no quiero estar asociada con eventos que acepten este tipo de patrocinio<\/strong>&#8220;, expresa en un comunicado difundido por el festival literario.<\/p>\n\n\n\n<p>El director de la cita,\u00a0Nick Barley,\u00a0<strong>que se incluye en el Festival Internacional de Edimburgo de m\u00fasica y artes esc\u00e9nicas, por su parte ha dicho que &#8220;respeta&#8221; la decisi\u00f3n de la joven activista, aunque se sienta &#8220;desilusionado<\/strong>&#8220;.<\/p>\n\n\n\n<p>Barley defiende no obstante la oportunidad que, con su patrocinio desde hace 19 a\u00f1os, Baillie Gifford les ofrece para &#8220;brindar una plataforma de debate y discusi\u00f3n sobre temas clave que afectan a la humanidad, incluida la crisis clim\u00e1tica&#8221;.<\/p>\n\n\n\n<p>&#8220;Como organizaci\u00f3n sin \u00e1nimo de lucro, no estar\u00edamos en posici\u00f3n de hacerlo sin el apoyo a largo plazo de organizaciones como Baillie Gifford&#8221;, dice en la nota, donde promete reembolsar a los afectados.<\/p>\n\n\n\n<p>Por otro lado,\u00a0<strong>el director del Festival del Libro mantiene que la empresa es &#8220;parte de la soluci\u00f3n&#8221;<\/strong>al ser pionera en la inversi\u00f3n en compa\u00f1\u00edas &#8220;clim\u00e1ticamente positivas, proporcionando fondos para ayudarlas a crecer&#8221;.<\/p>\n\n\n\n<p>En el mismo comunicado, la gestora de fondos afirma que\u00a0<strong>no es &#8220;un inversor valioso en combustibles f\u00f3siles&#8221;<\/strong>, pues solo &#8220;el 2 % del dinero&#8221; de sus clientes est\u00e1 en empresas con alg\u00fan negocio vinculado al sector.<\/p>\n\n\n\n<p>Con informaci\u00f3n de EFE<\/p>\n","protected":false},"excerpt":{"rendered":"<p>Por Redacci\u00f3n QP Los organizadores respetaron la decisi\u00f3n de la activista; sin embargo est\u00e1n disgustados;&#8230;<\/p>\n","protected":false},"author":2,"featured_media":103527,"comment_status":"open","ping_status":"open","sticky":false,"template":"","format":"standard","meta":{"_monsterinsights_skip_tracking":false,"_monsterinsights_sitenote_active":false,"_monsterinsights_sitenote_note":"","_monsterinsights_sitenote_category":0,"footnotes":""},"categories":[58],"tags":[],"class_list":["post-103526","post","type-post","status-publish","format-standard","has-post-thumbnail","hentry","category-cultura"],"yoast_head":"<!-- This site is optimized with the Yoast SEO plugin v27.3 - https:\/\/yoast.com\/product\/yoast-seo-wordpress\/ -->\n<title>Esta es la raz\u00f3n por la que Greta Thunberg se march\u00f3 del Festival del Libro de Edimburgo -<\/title>\n<meta name=\"robots\" content=\"index, follow, max-snippet:-1, max-image-preview:large, max-video-preview:-1\" \/>\n<link rel=\"canonical\" href=\"https:\/\/quehacerpolitico.mx\/?p=103526\" \/>\n<meta property=\"og:locale\" content=\"es_MX\" \/>\n<meta property=\"og:type\" content=\"article\" \/>\n<meta property=\"og:title\" content=\"Esta es la raz\u00f3n por la que Greta Thunberg se march\u00f3 del Festival del Libro de Edimburgo -\" \/>\n<meta property=\"og:description\" content=\"Por Redacci\u00f3n QP Los organizadores respetaron la decisi\u00f3n de la activista; sin embargo est\u00e1n disgustados;...\" \/>\n<meta property=\"og:url\" content=\"https:\/\/quehacerpolitico.mx\/?p=103526\" \/>\n<meta property=\"article:published_time\" content=\"2023-08-04T18:56:28+00:00\" \/>\n<meta property=\"article:modified_time\" content=\"2023-08-04T18:56:32+00:00\" \/>\n<meta property=\"og:image\" content=\"https:\/\/quehacerpolitico.mx\/wp-content\/uploads\/2023\/08\/IMG_9571.jpeg\" \/>\n\t<meta property=\"og:image:width\" content=\"679\" \/>\n\t<meta property=\"og:image:height\" content=\"452\" \/>\n\t<meta property=\"og:image:type\" content=\"image\/jpeg\" \/>\n<meta name=\"author\" content=\"Redacci\u00f3n QP\" \/>\n<meta name=\"twitter:card\" content=\"summary_large_image\" \/>\n<meta name=\"twitter:label1\" content=\"Escrito por\" \/>\n\t<meta name=\"twitter:data1\" content=\"Redacci\u00f3n QP\" \/>\n\t<meta name=\"twitter:label2\" content=\"Tiempo de lectura\" \/>\n\t<meta name=\"twitter:data2\" content=\"2 minutos\" \/>\n<script type=\"application\/ld+json\" class=\"yoast-schema-graph\">{\"@context\":\"https:\\\/\\\/schema.org\",\"@graph\":[{\"@type\":\"Article\",\"@id\":\"https:\\\/\\\/quehacerpolitico.mx\\\/?p=103526#article\",\"isPartOf\":{\"@id\":\"https:\\\/\\\/quehacerpolitico.mx\\\/?p=103526\"},\"author\":{\"name\":\"Redacci\u00f3n QP\",\"@id\":\"https:\\\/\\\/quehacerpolitico.mx\\\/#\\\/schema\\\/person\\\/496d8ad2d1d3f8036101dca7ee39e585\"},\"headline\":\"Esta es la raz\u00f3n por la que Greta Thunberg se march\u00f3 del Festival del Libro de Edimburgo\",\"datePublished\":\"2023-08-04T18:56:28+00:00\",\"dateModified\":\"2023-08-04T18:56:32+00:00\",\"mainEntityOfPage\":{\"@id\":\"https:\\\/\\\/quehacerpolitico.mx\\\/?p=103526\"},\"wordCount\":380,\"commentCount\":0,\"image\":{\"@id\":\"https:\\\/\\\/quehacerpolitico.mx\\\/?p=103526#primaryimage\"},\"thumbnailUrl\":\"https:\\\/\\\/quehacerpolitico.mx\\\/wp-content\\\/uploads\\\/2023\\\/08\\\/IMG_9571.jpeg\",\"articleSection\":[\"Cultura y Entretenimiento\"],\"inLanguage\":\"es\",\"potentialAction\":[{\"@type\":\"CommentAction\",\"name\":\"Comment\",\"target\":[\"https:\\\/\\\/quehacerpolitico.mx\\\/?p=103526#respond\"]}]},{\"@type\":\"WebPage\",\"@id\":\"https:\\\/\\\/quehacerpolitico.mx\\\/?p=103526\",\"url\":\"https:\\\/\\\/quehacerpolitico.mx\\\/?p=103526\",\"name\":\"Esta es la raz\u00f3n por la que Greta Thunberg se march\u00f3 del Festival del Libro de Edimburgo -\",\"isPartOf\":{\"@id\":\"https:\\\/\\\/quehacerpolitico.mx\\\/#website\"},\"primaryImageOfPage\":{\"@id\":\"https:\\\/\\\/quehacerpolitico.mx\\\/?p=103526#primaryimage\"},\"image\":{\"@id\":\"https:\\\/\\\/quehacerpolitico.mx\\\/?p=103526#primaryimage\"},\"thumbnailUrl\":\"https:\\\/\\\/quehacerpolitico.mx\\\/wp-content\\\/uploads\\\/2023\\\/08\\\/IMG_9571.jpeg\",\"datePublished\":\"2023-08-04T18:56:28+00:00\",\"dateModified\":\"2023-08-04T18:56:32+00:00\",\"author\":{\"@id\":\"https:\\\/\\\/quehacerpolitico.mx\\\/#\\\/schema\\\/person\\\/496d8ad2d1d3f8036101dca7ee39e585\"},\"breadcrumb\":{\"@id\":\"https:\\\/\\\/quehacerpolitico.mx\\\/?p=103526#breadcrumb\"},\"inLanguage\":\"es\",\"potentialAction\":[{\"@type\":\"ReadAction\",\"target\":[\"https:\\\/\\\/quehacerpolitico.mx\\\/?p=103526\"]}]},{\"@type\":\"ImageObject\",\"inLanguage\":\"es\",\"@id\":\"https:\\\/\\\/quehacerpolitico.mx\\\/?p=103526#primaryimage\",\"url\":\"https:\\\/\\\/quehacerpolitico.mx\\\/wp-content\\\/uploads\\\/2023\\\/08\\\/IMG_9571.jpeg\",\"contentUrl\":\"https:\\\/\\\/quehacerpolitico.mx\\\/wp-content\\\/uploads\\\/2023\\\/08\\\/IMG_9571.jpeg\",\"width\":679,\"height\":452},{\"@type\":\"BreadcrumbList\",\"@id\":\"https:\\\/\\\/quehacerpolitico.mx\\\/?p=103526#breadcrumb\",\"itemListElement\":[{\"@type\":\"ListItem\",\"position\":1,\"name\":\"Inicio\",\"item\":\"https:\\\/\\\/quehacerpolitico.mx\\\/\"},{\"@type\":\"ListItem\",\"position\":2,\"name\":\"Esta es la raz\u00f3n por la que Greta Thunberg se march\u00f3 del Festival del Libro de Edimburgo\"}]},{\"@type\":\"WebSite\",\"@id\":\"https:\\\/\\\/quehacerpolitico.mx\\\/#website\",\"url\":\"https:\\\/\\\/quehacerpolitico.mx\\\/\",\"name\":\"\",\"description\":\"\",\"potentialAction\":[{\"@type\":\"SearchAction\",\"target\":{\"@type\":\"EntryPoint\",\"urlTemplate\":\"https:\\\/\\\/quehacerpolitico.mx\\\/?s={search_term_string}\"},\"query-input\":{\"@type\":\"PropertyValueSpecification\",\"valueRequired\":true,\"valueName\":\"search_term_string\"}}],\"inLanguage\":\"es\"},{\"@type\":\"Person\",\"@id\":\"https:\\\/\\\/quehacerpolitico.mx\\\/#\\\/schema\\\/person\\\/496d8ad2d1d3f8036101dca7ee39e585\",\"name\":\"Redacci\u00f3n QP\",\"image\":{\"@type\":\"ImageObject\",\"inLanguage\":\"es\",\"@id\":\"https:\\\/\\\/secure.gravatar.com\\\/avatar\\\/c7164ed6fdec453195284ad24a5ae5b6e1eed2b848477fa2a4787ba9adf39a41?s=96&d=mm&r=g\",\"url\":\"https:\\\/\\\/secure.gravatar.com\\\/avatar\\\/c7164ed6fdec453195284ad24a5ae5b6e1eed2b848477fa2a4787ba9adf39a41?s=96&d=mm&r=g\",\"contentUrl\":\"https:\\\/\\\/secure.gravatar.com\\\/avatar\\\/c7164ed6fdec453195284ad24a5ae5b6e1eed2b848477fa2a4787ba9adf39a41?s=96&d=mm&r=g\",\"caption\":\"Redacci\u00f3n QP\"},\"url\":\"https:\\\/\\\/quehacerpolitico.mx\\\/?author=2\"}]}<\/script>\n<!-- \/ Yoast SEO plugin. -->","yoast_head_json":{"title":"Esta es la raz\u00f3n por la que Greta Thunberg se march\u00f3 del Festival del Libro de Edimburgo -","robots":{"index":"index","follow":"follow","max-snippet":"max-snippet:-1","max-image-preview":"max-image-preview:large","max-video-preview":"max-video-preview:-1"},"canonical":"https:\/\/quehacerpolitico.mx\/?p=103526","og_locale":"es_MX","og_type":"article","og_title":"Esta es la raz\u00f3n por la que Greta Thunberg se march\u00f3 del Festival del Libro de Edimburgo -","og_description":"Por Redacci\u00f3n QP Los organizadores respetaron la decisi\u00f3n de la activista; sin embargo est\u00e1n disgustados;...","og_url":"https:\/\/quehacerpolitico.mx\/?p=103526","article_published_time":"2023-08-04T18:56:28+00:00","article_modified_time":"2023-08-04T18:56:32+00:00","og_image":[{"width":679,"height":452,"url":"https:\/\/quehacerpolitico.mx\/wp-content\/uploads\/2023\/08\/IMG_9571.jpeg","type":"image\/jpeg"}],"author":"Redacci\u00f3n QP","twitter_card":"summary_large_image","twitter_misc":{"Escrito por":"Redacci\u00f3n QP","Tiempo de lectura":"2 minutos"},"schema":{"@context":"https:\/\/schema.org","@graph":[{"@type":"Article","@id":"https:\/\/quehacerpolitico.mx\/?p=103526#article","isPartOf":{"@id":"https:\/\/quehacerpolitico.mx\/?p=103526"},"author":{"name":"Redacci\u00f3n QP","@id":"https:\/\/quehacerpolitico.mx\/#\/schema\/person\/496d8ad2d1d3f8036101dca7ee39e585"},"headline":"Esta es la raz\u00f3n por la que Greta Thunberg se march\u00f3 del Festival del Libro de Edimburgo","datePublished":"2023-08-04T18:56:28+00:00","dateModified":"2023-08-04T18:56:32+00:00","mainEntityOfPage":{"@id":"https:\/\/quehacerpolitico.mx\/?p=103526"},"wordCount":380,"commentCount":0,"image":{"@id":"https:\/\/quehacerpolitico.mx\/?p=103526#primaryimage"},"thumbnailUrl":"https:\/\/quehacerpolitico.mx\/wp-content\/uploads\/2023\/08\/IMG_9571.jpeg","articleSection":["Cultura y Entretenimiento"],"inLanguage":"es","potentialAction":[{"@type":"CommentAction","name":"Comment","target":["https:\/\/quehacerpolitico.mx\/?p=103526#respond"]}]},{"@type":"WebPage","@id":"https:\/\/quehacerpolitico.mx\/?p=103526","url":"https:\/\/quehacerpolitico.mx\/?p=103526","name":"Esta es la raz\u00f3n por la que Greta Thunberg se march\u00f3 del Festival del Libro de Edimburgo -","isPartOf":{"@id":"https:\/\/quehacerpolitico.mx\/#website"},"primaryImageOfPage":{"@id":"https:\/\/quehacerpolitico.mx\/?p=103526#primaryimage"},"image":{"@id":"https:\/\/quehacerpolitico.mx\/?p=103526#primaryimage"},"thumbnailUrl":"https:\/\/quehacerpolitico.mx\/wp-content\/uploads\/2023\/08\/IMG_9571.jpeg","datePublished":"2023-08-04T18:56:28+00:00","dateModified":"2023-08-04T18:56:32+00:00","author":{"@id":"https:\/\/quehacerpolitico.mx\/#\/schema\/person\/496d8ad2d1d3f8036101dca7ee39e585"},"breadcrumb":{"@id":"https:\/\/quehacerpolitico.mx\/?p=103526#breadcrumb"},"inLanguage":"es","potentialAction":[{"@type":"ReadAction","target":["https:\/\/quehacerpolitico.mx\/?p=103526"]}]},{"@type":"ImageObject","inLanguage":"es","@id":"https:\/\/quehacerpolitico.mx\/?p=103526#primaryimage","url":"https:\/\/quehacerpolitico.mx\/wp-content\/uploads\/2023\/08\/IMG_9571.jpeg","contentUrl":"https:\/\/quehacerpolitico.mx\/wp-content\/uploads\/2023\/08\/IMG_9571.jpeg","width":679,"height":452},{"@type":"BreadcrumbList","@id":"https:\/\/quehacerpolitico.mx\/?p=103526#breadcrumb","itemListElement":[{"@type":"ListItem","position":1,"name":"Inicio","item":"https:\/\/quehacerpolitico.mx\/"},{"@type":"ListItem","position":2,"name":"Esta es la raz\u00f3n por la que Greta Thunberg se march\u00f3 del Festival del Libro de Edimburgo"}]},{"@type":"WebSite","@id":"https:\/\/quehacerpolitico.mx\/#website","url":"https:\/\/quehacerpolitico.mx\/","name":"","description":"","potentialAction":[{"@type":"SearchAction","target":{"@type":"EntryPoint","urlTemplate":"https:\/\/quehacerpolitico.mx\/?s={search_term_string}"},"query-input":{"@type":"PropertyValueSpecification","valueRequired":true,"valueName":"search_term_string"}}],"inLanguage":"es"},{"@type":"Person","@id":"https:\/\/quehacerpolitico.mx\/#\/schema\/person\/496d8ad2d1d3f8036101dca7ee39e585","name":"Redacci\u00f3n QP","image":{"@type":"ImageObject","inLanguage":"es","@id":"https:\/\/secure.gravatar.com\/avatar\/c7164ed6fdec453195284ad24a5ae5b6e1eed2b848477fa2a4787ba9adf39a41?s=96&d=mm&r=g","url":"https:\/\/secure.gravatar.com\/avatar\/c7164ed6fdec453195284ad24a5ae5b6e1eed2b848477fa2a4787ba9adf39a41?s=96&d=mm&r=g","contentUrl":"https:\/\/secure.gravatar.com\/avatar\/c7164ed6fdec453195284ad24a5ae5b6e1eed2b848477fa2a4787ba9adf39a41?s=96&d=mm&r=g","caption":"Redacci\u00f3n QP"},"url":"https:\/\/quehacerpolitico.mx\/?author=2"}]}},"featured_image_urls":{"full":["https:\/\/quehacerpolitico.mx\/wp-content\/uploads\/2023\/08\/IMG_9571.jpeg",679,452,false],"thumbnail":["https:\/\/quehacerpolitico.mx\/wp-content\/uploads\/2023\/08\/IMG_9571-150x150.jpeg",150,150,true],"medium":["https:\/\/quehacerpolitico.mx\/wp-content\/uploads\/2023\/08\/IMG_9571-300x200.jpeg",300,200,true],"medium_large":["https:\/\/quehacerpolitico.mx\/wp-content\/uploads\/2023\/08\/IMG_9571.jpeg",640,426,false],"large":["https:\/\/quehacerpolitico.mx\/wp-content\/uploads\/2023\/08\/IMG_9571.jpeg",640,426,false],"1536x1536":["https:\/\/quehacerpolitico.mx\/wp-content\/uploads\/2023\/08\/IMG_9571.jpeg",679,452,false],"2048x2048":["https:\/\/quehacerpolitico.mx\/wp-content\/uploads\/2023\/08\/IMG_9571.jpeg",679,452,false],"covernews-featured":["https:\/\/quehacerpolitico.mx\/wp-content\/uploads\/2023\/08\/IMG_9571.jpeg",679,452,false],"covernews-medium":["https:\/\/quehacerpolitico.mx\/wp-content\/uploads\/2023\/08\/IMG_9571.jpeg",511,340,false]},"author_info":{"display_name":"Redacci\u00f3n QP","author_link":"https:\/\/quehacerpolitico.mx\/?author=2"},"category_info":"<a href=\"https:\/\/quehacerpolitico.mx\/?cat=58\" rel=\"category\">Cultura y Entretenimiento<\/a>","tag_info":"Cultura y Entretenimiento","comment_count":"0","_links":{"self":[{"href":"https:\/\/quehacerpolitico.mx\/index.php?rest_route=\/wp\/v2\/posts\/103526","targetHints":{"allow":["GET"]}}],"collection":[{"href":"https:\/\/quehacerpolitico.mx\/index.php?rest_route=\/wp\/v2\/posts"}],"about":[{"href":"https:\/\/quehacerpolitico.mx\/index.php?rest_route=\/wp\/v2\/types\/post"}],"author":[{"embeddable":true,"href":"https:\/\/quehacerpolitico.mx\/index.php?rest_route=\/wp\/v2\/users\/2"}],"replies":[{"embeddable":true,"href":"https:\/\/quehacerpolitico.mx\/index.php?rest_route=%2Fwp%2Fv2%2Fcomments&post=103526"}],"version-history":[{"count":1,"href":"https:\/\/quehacerpolitico.mx\/index.php?rest_route=\/wp\/v2\/posts\/103526\/revisions"}],"predecessor-version":[{"id":103528,"href":"https:\/\/quehacerpolitico.mx\/index.php?rest_route=\/wp\/v2\/posts\/103526\/revisions\/103528"}],"wp:featuredmedia":[{"embeddable":true,"href":"https:\/\/quehacerpolitico.mx\/index.php?rest_route=\/wp\/v2\/media\/103527"}],"wp:attachment":[{"href":"https:\/\/quehacerpolitico.mx\/index.php?rest_route=%2Fwp%2Fv2%2Fmedia&parent=103526"}],"wp:term":[{"taxonomy":"category","embeddable":true,"href":"https:\/\/quehacerpolitico.mx\/index.php?rest_route=%2Fwp%2Fv2%2Fcategories&post=103526"},{"taxonomy":"post_tag","embeddable":true,"href":"https:\/\/quehacerpolitico.mx\/index.php?rest_route=%2Fwp%2Fv2%2Ftags&post=103526"}],"curies":[{"name":"wp","href":"https:\/\/api.w.org\/{rel}","templated":true}]}}