{"id":103523,"date":"2023-08-04T18:36:03","date_gmt":"2023-08-04T18:36:03","guid":{"rendered":"https:\/\/quehacerpolitico.mx\/?p=103523"},"modified":"2023-08-04T18:36:08","modified_gmt":"2023-08-04T18:36:08","slug":"el-equipo-femenil-de-mexico-logro-este-viernes-la-medalla-de-plata-en-la-modalidad-de-compuesto-de-los-mundiales-de-tiro-con-arco","status":"publish","type":"post","link":"https:\/\/quehacerpolitico.mx\/?p=103523","title":{"rendered":"El equipo femenil de\u00a0M\u00e9xico logr\u00f3 este viernes la\u00a0medalla de plata\u00a0en la modalidad de\u00a0compuesto\u00a0de los\u00a0Mundiales de tiro con arco"},"content":{"rendered":"\n<p>Por Redacci\u00f3n QP<\/p>\n\n\n\n<p>Ana Hern\u00e1ndez, Andrea Becerra y Dafne Quintero lograron la medalla de plata para M\u00e9xico el Mundial de Tiro con Arco<\/p>\n\n\n\n<p>El equipo femenil de\u00a0M\u00e9xico logr\u00f3 este viernes la<strong>\u00a0medalla de plata<\/strong>\u00a0en la modalidad de\u00a0<strong>compuesto<\/strong>\u00a0de los\u00a0<strong>Mundiales de tiro con arco<\/strong>\u00a0que se celebran en\u00a0<strong>Berl\u00edn<\/strong>, tras caer en la final ante el de\u00a0<strong>India<\/strong>\u00a0por 235-229.<\/p>\n\n\n\n<figure class=\"wp-block-embed is-type-rich is-provider-twitter wp-block-embed-twitter\"><div class=\"wp-block-embed__wrapper\">\n<blockquote class=\"twitter-tweet\" data-width=\"550\" data-dnt=\"true\"><p lang=\"es\" dir=\"ltr\">\u00a1\ud835\uddd9\ud835\udddf\ud835\uddd8\ud835\uddd6\ud835\udddb\ud835\uddd4\ud835\udde6 \ud835\uddd7\ud835\uddd8 \ud835\udde3\ud835\udddf\ud835\uddd4\ud835\udde7\ud835\uddd4! \ud83e\udd48<br><br>Ana Hern\u00e1ndez, Andrea Becerra y Dafne Quintero \ud83c\uddf2\ud83c\uddfd logran el subcampeonato por equipos compuesto del Mundial de Tiro con Arco <a href=\"https:\/\/twitter.com\/worldarchery?ref_src=twsrc%5Etfw\">@worldarchery<\/a> 2023 \ud83c\udff9.<br><br>\ud83d\udd39\ufe0fCaen 229-235 ante India \ud83c\uddee\ud83c\uddf3, en la gran final. <a href=\"https:\/\/t.co\/cBy90AWD56\">pic.twitter.com\/cBy90AWD56<\/a><\/p>&mdash; CONADE (@CONADE) <a href=\"https:\/\/twitter.com\/CONADE\/status\/1687471808969052160?ref_src=twsrc%5Etfw\">August 4, 2023<\/a><\/blockquote><script async src=\"https:\/\/platform.twitter.com\/widgets.js\" charset=\"utf-8\"><\/script>\n<\/div><\/figure>\n\n\n\n<p><strong>Dafne Quintero, Ana Sof\u00eda Hern\u00e1ndez\u00a0<\/strong>y<strong>\u00a0Andrea Becerra<\/strong>\u00a0no pudieron superar a las indias\u00a0<strong>Jyothi Surekha Vennam, Aditi Gopichand Swami\u00a0<\/strong>y<strong>\u00a0Parneet Kaur<\/strong>, que se hicieron con el oro tras acabar por delante en los 4 sets (57-59, 58-59, 57-59 y 57-58).<\/p>\n\n\n\n<p>Las mexicanas llegaron a la final de dicha modalidad de tiro con arco despu\u00e9s de vencer en segunda ronda a Tailandia (231-227) y de derrootar a Alemania en cuartos (233-227) y a Corea del Sur en semifinales (224-222).<\/p>\n\n\n\n<figure class=\"wp-block-embed is-type-rich is-provider-twitter wp-block-embed-twitter\"><div class=\"wp-block-embed__wrapper\">\n<blockquote class=\"twitter-tweet\" data-width=\"550\" data-dnt=\"true\"><p lang=\"en\" dir=\"ltr\">HISTORIC win for India \ud83c\uddee\ud83c\uddf3\ud83e\udd47<br>New world champions at the Hyundai <a href=\"https:\/\/twitter.com\/worldarchery?ref_src=twsrc%5Etfw\">@worldarchery<\/a>  Championships.<a href=\"https:\/\/twitter.com\/hashtag\/WorldArchery?src=hash&amp;ref_src=twsrc%5Etfw\">#WorldArchery<\/a> <a href=\"https:\/\/t.co\/8dNHLZJkCR\">pic.twitter.com\/8dNHLZJkCR<\/a><\/p>&mdash; World Archery (@worldarchery) <a href=\"https:\/\/twitter.com\/worldarchery\/status\/1687389934401753088?ref_src=twsrc%5Etfw\">August 4, 2023<\/a><\/blockquote><script async src=\"https:\/\/platform.twitter.com\/widgets.js\" charset=\"utf-8\"><\/script>\n<\/div><\/figure>\n\n\n\n<p>En la jornada de este viernes, la cuarta de los Mundiales que se disputan en la ciudad alemana, M\u00e9xico volver\u00e1 a tener otra oportunidad de luchar por la medalla en la semifinales de recurvo femenino por equipos, donde se enfrentar\u00e1 a Alemania.<\/p>\n\n\n\n<p><strong>\u00c1ngela Ruiz, Alejandra Valencia&nbsp;<\/strong>y<strong>&nbsp;A\u00edda Rom\u00e1n<\/strong>&nbsp;se jugar\u00e1n entrar en la final, en la que estar\u00e1 presente el ganador de la otra semifinal entre Francia y Pa\u00edses Bajos en busca del t\u00edtulo y la plaza para los juegos de Par\u00eds 2024.<\/p>\n\n\n\n<p>Con informaci\u00f3n de EFE<\/p>\n","protected":false},"excerpt":{"rendered":"<p>Por Redacci\u00f3n QP Ana Hern\u00e1ndez, Andrea Becerra y Dafne Quintero lograron la medalla de plata&#8230;<\/p>\n","protected":false},"author":2,"featured_media":103524,"comment_status":"open","ping_status":"open","sticky":false,"template":"","format":"standard","meta":{"_monsterinsights_skip_tracking":false,"_monsterinsights_sitenote_active":false,"_monsterinsights_sitenote_note":"","_monsterinsights_sitenote_category":0,"footnotes":""},"categories":[54],"tags":[],"class_list":["post-103523","post","type-post","status-publish","format-standard","has-post-thumbnail","hentry","category-deportes"],"yoast_head":"<!-- This site is optimized with the Yoast SEO plugin v27.3 - https:\/\/yoast.com\/product\/yoast-seo-wordpress\/ -->\n<title>El equipo femenil de\u00a0M\u00e9xico logr\u00f3 este viernes la\u00a0medalla de plata\u00a0en la modalidad de\u00a0compuesto\u00a0de los\u00a0Mundiales de tiro con arco -<\/title>\n<meta name=\"robots\" content=\"index, follow, max-snippet:-1, max-image-preview:large, max-video-preview:-1\" \/>\n<link rel=\"canonical\" href=\"https:\/\/quehacerpolitico.mx\/?p=103523\" \/>\n<meta property=\"og:locale\" content=\"es_MX\" \/>\n<meta property=\"og:type\" content=\"article\" \/>\n<meta property=\"og:title\" content=\"El equipo femenil de\u00a0M\u00e9xico logr\u00f3 este viernes la\u00a0medalla de plata\u00a0en la modalidad de\u00a0compuesto\u00a0de los\u00a0Mundiales de tiro con arco -\" \/>\n<meta property=\"og:description\" content=\"Por Redacci\u00f3n QP Ana Hern\u00e1ndez, Andrea Becerra y Dafne Quintero lograron la medalla de plata...\" \/>\n<meta property=\"og:url\" content=\"https:\/\/quehacerpolitico.mx\/?p=103523\" \/>\n<meta property=\"article:published_time\" content=\"2023-08-04T18:36:03+00:00\" \/>\n<meta property=\"article:modified_time\" content=\"2023-08-04T18:36:08+00:00\" \/>\n<meta property=\"og:image\" content=\"https:\/\/quehacerpolitico.mx\/wp-content\/uploads\/2023\/08\/IMG_9570.jpeg\" \/>\n\t<meta property=\"og:image:width\" content=\"1164\" \/>\n\t<meta property=\"og:image:height\" content=\"763\" \/>\n\t<meta property=\"og:image:type\" content=\"image\/jpeg\" \/>\n<meta name=\"author\" content=\"Redacci\u00f3n QP\" \/>\n<meta name=\"twitter:card\" content=\"summary_large_image\" \/>\n<meta name=\"twitter:label1\" content=\"Escrito por\" \/>\n\t<meta name=\"twitter:data1\" content=\"Redacci\u00f3n QP\" \/>\n\t<meta name=\"twitter:label2\" content=\"Tiempo de lectura\" \/>\n\t<meta name=\"twitter:data2\" content=\"1 minuto\" \/>\n<script type=\"application\/ld+json\" class=\"yoast-schema-graph\">{\"@context\":\"https:\\\/\\\/schema.org\",\"@graph\":[{\"@type\":\"Article\",\"@id\":\"https:\\\/\\\/quehacerpolitico.mx\\\/?p=103523#article\",\"isPartOf\":{\"@id\":\"https:\\\/\\\/quehacerpolitico.mx\\\/?p=103523\"},\"author\":{\"name\":\"Redacci\u00f3n QP\",\"@id\":\"https:\\\/\\\/quehacerpolitico.mx\\\/#\\\/schema\\\/person\\\/496d8ad2d1d3f8036101dca7ee39e585\"},\"headline\":\"El equipo femenil de\u00a0M\u00e9xico logr\u00f3 este viernes la\u00a0medalla de plata\u00a0en la modalidad de\u00a0compuesto\u00a0de los\u00a0Mundiales de tiro con arco\",\"datePublished\":\"2023-08-04T18:36:03+00:00\",\"dateModified\":\"2023-08-04T18:36:08+00:00\",\"mainEntityOfPage\":{\"@id\":\"https:\\\/\\\/quehacerpolitico.mx\\\/?p=103523\"},\"wordCount\":295,\"commentCount\":0,\"image\":{\"@id\":\"https:\\\/\\\/quehacerpolitico.mx\\\/?p=103523#primaryimage\"},\"thumbnailUrl\":\"https:\\\/\\\/quehacerpolitico.mx\\\/wp-content\\\/uploads\\\/2023\\\/08\\\/IMG_9570.jpeg\",\"articleSection\":[\"Deportes\"],\"inLanguage\":\"es\",\"potentialAction\":[{\"@type\":\"CommentAction\",\"name\":\"Comment\",\"target\":[\"https:\\\/\\\/quehacerpolitico.mx\\\/?p=103523#respond\"]}]},{\"@type\":\"WebPage\",\"@id\":\"https:\\\/\\\/quehacerpolitico.mx\\\/?p=103523\",\"url\":\"https:\\\/\\\/quehacerpolitico.mx\\\/?p=103523\",\"name\":\"El equipo femenil de\u00a0M\u00e9xico logr\u00f3 este viernes la\u00a0medalla de plata\u00a0en la modalidad de\u00a0compuesto\u00a0de los\u00a0Mundiales de tiro con arco -\",\"isPartOf\":{\"@id\":\"https:\\\/\\\/quehacerpolitico.mx\\\/#website\"},\"primaryImageOfPage\":{\"@id\":\"https:\\\/\\\/quehacerpolitico.mx\\\/?p=103523#primaryimage\"},\"image\":{\"@id\":\"https:\\\/\\\/quehacerpolitico.mx\\\/?p=103523#primaryimage\"},\"thumbnailUrl\":\"https:\\\/\\\/quehacerpolitico.mx\\\/wp-content\\\/uploads\\\/2023\\\/08\\\/IMG_9570.jpeg\",\"datePublished\":\"2023-08-04T18:36:03+00:00\",\"dateModified\":\"2023-08-04T18:36:08+00:00\",\"author\":{\"@id\":\"https:\\\/\\\/quehacerpolitico.mx\\\/#\\\/schema\\\/person\\\/496d8ad2d1d3f8036101dca7ee39e585\"},\"breadcrumb\":{\"@id\":\"https:\\\/\\\/quehacerpolitico.mx\\\/?p=103523#breadcrumb\"},\"inLanguage\":\"es\",\"potentialAction\":[{\"@type\":\"ReadAction\",\"target\":[\"https:\\\/\\\/quehacerpolitico.mx\\\/?p=103523\"]}]},{\"@type\":\"ImageObject\",\"inLanguage\":\"es\",\"@id\":\"https:\\\/\\\/quehacerpolitico.mx\\\/?p=103523#primaryimage\",\"url\":\"https:\\\/\\\/quehacerpolitico.mx\\\/wp-content\\\/uploads\\\/2023\\\/08\\\/IMG_9570.jpeg\",\"contentUrl\":\"https:\\\/\\\/quehacerpolitico.mx\\\/wp-content\\\/uploads\\\/2023\\\/08\\\/IMG_9570.jpeg\",\"width\":1164,\"height\":763},{\"@type\":\"BreadcrumbList\",\"@id\":\"https:\\\/\\\/quehacerpolitico.mx\\\/?p=103523#breadcrumb\",\"itemListElement\":[{\"@type\":\"ListItem\",\"position\":1,\"name\":\"Inicio\",\"item\":\"https:\\\/\\\/quehacerpolitico.mx\\\/\"},{\"@type\":\"ListItem\",\"position\":2,\"name\":\"El equipo femenil de\u00a0M\u00e9xico logr\u00f3 este viernes la\u00a0medalla de plata\u00a0en la modalidad de\u00a0compuesto\u00a0de los\u00a0Mundiales de tiro con arco\"}]},{\"@type\":\"WebSite\",\"@id\":\"https:\\\/\\\/quehacerpolitico.mx\\\/#website\",\"url\":\"https:\\\/\\\/quehacerpolitico.mx\\\/\",\"name\":\"\",\"description\":\"\",\"potentialAction\":[{\"@type\":\"SearchAction\",\"target\":{\"@type\":\"EntryPoint\",\"urlTemplate\":\"https:\\\/\\\/quehacerpolitico.mx\\\/?s={search_term_string}\"},\"query-input\":{\"@type\":\"PropertyValueSpecification\",\"valueRequired\":true,\"valueName\":\"search_term_string\"}}],\"inLanguage\":\"es\"},{\"@type\":\"Person\",\"@id\":\"https:\\\/\\\/quehacerpolitico.mx\\\/#\\\/schema\\\/person\\\/496d8ad2d1d3f8036101dca7ee39e585\",\"name\":\"Redacci\u00f3n QP\",\"image\":{\"@type\":\"ImageObject\",\"inLanguage\":\"es\",\"@id\":\"https:\\\/\\\/secure.gravatar.com\\\/avatar\\\/c7164ed6fdec453195284ad24a5ae5b6e1eed2b848477fa2a4787ba9adf39a41?s=96&d=mm&r=g\",\"url\":\"https:\\\/\\\/secure.gravatar.com\\\/avatar\\\/c7164ed6fdec453195284ad24a5ae5b6e1eed2b848477fa2a4787ba9adf39a41?s=96&d=mm&r=g\",\"contentUrl\":\"https:\\\/\\\/secure.gravatar.com\\\/avatar\\\/c7164ed6fdec453195284ad24a5ae5b6e1eed2b848477fa2a4787ba9adf39a41?s=96&d=mm&r=g\",\"caption\":\"Redacci\u00f3n QP\"},\"url\":\"https:\\\/\\\/quehacerpolitico.mx\\\/?author=2\"}]}<\/script>\n<!-- \/ Yoast SEO plugin. -->","yoast_head_json":{"title":"El equipo femenil de\u00a0M\u00e9xico logr\u00f3 este viernes la\u00a0medalla de plata\u00a0en la modalidad de\u00a0compuesto\u00a0de los\u00a0Mundiales de tiro con arco -","robots":{"index":"index","follow":"follow","max-snippet":"max-snippet:-1","max-image-preview":"max-image-preview:large","max-video-preview":"max-video-preview:-1"},"canonical":"https:\/\/quehacerpolitico.mx\/?p=103523","og_locale":"es_MX","og_type":"article","og_title":"El equipo femenil de\u00a0M\u00e9xico logr\u00f3 este viernes la\u00a0medalla de plata\u00a0en la modalidad de\u00a0compuesto\u00a0de los\u00a0Mundiales de tiro con arco -","og_description":"Por Redacci\u00f3n QP Ana Hern\u00e1ndez, Andrea Becerra y Dafne Quintero lograron la medalla de plata...","og_url":"https:\/\/quehacerpolitico.mx\/?p=103523","article_published_time":"2023-08-04T18:36:03+00:00","article_modified_time":"2023-08-04T18:36:08+00:00","og_image":[{"width":1164,"height":763,"url":"https:\/\/quehacerpolitico.mx\/wp-content\/uploads\/2023\/08\/IMG_9570.jpeg","type":"image\/jpeg"}],"author":"Redacci\u00f3n QP","twitter_card":"summary_large_image","twitter_misc":{"Escrito por":"Redacci\u00f3n QP","Tiempo de lectura":"1 minuto"},"schema":{"@context":"https:\/\/schema.org","@graph":[{"@type":"Article","@id":"https:\/\/quehacerpolitico.mx\/?p=103523#article","isPartOf":{"@id":"https:\/\/quehacerpolitico.mx\/?p=103523"},"author":{"name":"Redacci\u00f3n QP","@id":"https:\/\/quehacerpolitico.mx\/#\/schema\/person\/496d8ad2d1d3f8036101dca7ee39e585"},"headline":"El equipo femenil de\u00a0M\u00e9xico logr\u00f3 este viernes la\u00a0medalla de plata\u00a0en la modalidad de\u00a0compuesto\u00a0de los\u00a0Mundiales de tiro con arco","datePublished":"2023-08-04T18:36:03+00:00","dateModified":"2023-08-04T18:36:08+00:00","mainEntityOfPage":{"@id":"https:\/\/quehacerpolitico.mx\/?p=103523"},"wordCount":295,"commentCount":0,"image":{"@id":"https:\/\/quehacerpolitico.mx\/?p=103523#primaryimage"},"thumbnailUrl":"https:\/\/quehacerpolitico.mx\/wp-content\/uploads\/2023\/08\/IMG_9570.jpeg","articleSection":["Deportes"],"inLanguage":"es","potentialAction":[{"@type":"CommentAction","name":"Comment","target":["https:\/\/quehacerpolitico.mx\/?p=103523#respond"]}]},{"@type":"WebPage","@id":"https:\/\/quehacerpolitico.mx\/?p=103523","url":"https:\/\/quehacerpolitico.mx\/?p=103523","name":"El equipo femenil de\u00a0M\u00e9xico logr\u00f3 este viernes la\u00a0medalla de plata\u00a0en la modalidad de\u00a0compuesto\u00a0de los\u00a0Mundiales de tiro con arco -","isPartOf":{"@id":"https:\/\/quehacerpolitico.mx\/#website"},"primaryImageOfPage":{"@id":"https:\/\/quehacerpolitico.mx\/?p=103523#primaryimage"},"image":{"@id":"https:\/\/quehacerpolitico.mx\/?p=103523#primaryimage"},"thumbnailUrl":"https:\/\/quehacerpolitico.mx\/wp-content\/uploads\/2023\/08\/IMG_9570.jpeg","datePublished":"2023-08-04T18:36:03+00:00","dateModified":"2023-08-04T18:36:08+00:00","author":{"@id":"https:\/\/quehacerpolitico.mx\/#\/schema\/person\/496d8ad2d1d3f8036101dca7ee39e585"},"breadcrumb":{"@id":"https:\/\/quehacerpolitico.mx\/?p=103523#breadcrumb"},"inLanguage":"es","potentialAction":[{"@type":"ReadAction","target":["https:\/\/quehacerpolitico.mx\/?p=103523"]}]},{"@type":"ImageObject","inLanguage":"es","@id":"https:\/\/quehacerpolitico.mx\/?p=103523#primaryimage","url":"https:\/\/quehacerpolitico.mx\/wp-content\/uploads\/2023\/08\/IMG_9570.jpeg","contentUrl":"https:\/\/quehacerpolitico.mx\/wp-content\/uploads\/2023\/08\/IMG_9570.jpeg","width":1164,"height":763},{"@type":"BreadcrumbList","@id":"https:\/\/quehacerpolitico.mx\/?p=103523#breadcrumb","itemListElement":[{"@type":"ListItem","position":1,"name":"Inicio","item":"https:\/\/quehacerpolitico.mx\/"},{"@type":"ListItem","position":2,"name":"El equipo femenil de\u00a0M\u00e9xico logr\u00f3 este viernes la\u00a0medalla de plata\u00a0en la modalidad de\u00a0compuesto\u00a0de los\u00a0Mundiales de tiro con arco"}]},{"@type":"WebSite","@id":"https:\/\/quehacerpolitico.mx\/#website","url":"https:\/\/quehacerpolitico.mx\/","name":"","description":"","potentialAction":[{"@type":"SearchAction","target":{"@type":"EntryPoint","urlTemplate":"https:\/\/quehacerpolitico.mx\/?s={search_term_string}"},"query-input":{"@type":"PropertyValueSpecification","valueRequired":true,"valueName":"search_term_string"}}],"inLanguage":"es"},{"@type":"Person","@id":"https:\/\/quehacerpolitico.mx\/#\/schema\/person\/496d8ad2d1d3f8036101dca7ee39e585","name":"Redacci\u00f3n QP","image":{"@type":"ImageObject","inLanguage":"es","@id":"https:\/\/secure.gravatar.com\/avatar\/c7164ed6fdec453195284ad24a5ae5b6e1eed2b848477fa2a4787ba9adf39a41?s=96&d=mm&r=g","url":"https:\/\/secure.gravatar.com\/avatar\/c7164ed6fdec453195284ad24a5ae5b6e1eed2b848477fa2a4787ba9adf39a41?s=96&d=mm&r=g","contentUrl":"https:\/\/secure.gravatar.com\/avatar\/c7164ed6fdec453195284ad24a5ae5b6e1eed2b848477fa2a4787ba9adf39a41?s=96&d=mm&r=g","caption":"Redacci\u00f3n QP"},"url":"https:\/\/quehacerpolitico.mx\/?author=2"}]}},"featured_image_urls":{"full":["https:\/\/quehacerpolitico.mx\/wp-content\/uploads\/2023\/08\/IMG_9570.jpeg",1164,763,false],"thumbnail":["https:\/\/quehacerpolitico.mx\/wp-content\/uploads\/2023\/08\/IMG_9570-150x150.jpeg",150,150,true],"medium":["https:\/\/quehacerpolitico.mx\/wp-content\/uploads\/2023\/08\/IMG_9570-300x197.jpeg",300,197,true],"medium_large":["https:\/\/quehacerpolitico.mx\/wp-content\/uploads\/2023\/08\/IMG_9570-768x503.jpeg",640,419,true],"large":["https:\/\/quehacerpolitico.mx\/wp-content\/uploads\/2023\/08\/IMG_9570-1024x671.jpeg",640,419,true],"1536x1536":["https:\/\/quehacerpolitico.mx\/wp-content\/uploads\/2023\/08\/IMG_9570.jpeg",1164,763,false],"2048x2048":["https:\/\/quehacerpolitico.mx\/wp-content\/uploads\/2023\/08\/IMG_9570.jpeg",1164,763,false],"covernews-featured":["https:\/\/quehacerpolitico.mx\/wp-content\/uploads\/2023\/08\/IMG_9570.jpeg",1024,671,false],"covernews-medium":["https:\/\/quehacerpolitico.mx\/wp-content\/uploads\/2023\/08\/IMG_9570.jpeg",519,340,false]},"author_info":{"display_name":"Redacci\u00f3n QP","author_link":"https:\/\/quehacerpolitico.mx\/?author=2"},"category_info":"<a href=\"https:\/\/quehacerpolitico.mx\/?cat=54\" rel=\"category\">Deportes<\/a>","tag_info":"Deportes","comment_count":"0","_links":{"self":[{"href":"https:\/\/quehacerpolitico.mx\/index.php?rest_route=\/wp\/v2\/posts\/103523","targetHints":{"allow":["GET"]}}],"collection":[{"href":"https:\/\/quehacerpolitico.mx\/index.php?rest_route=\/wp\/v2\/posts"}],"about":[{"href":"https:\/\/quehacerpolitico.mx\/index.php?rest_route=\/wp\/v2\/types\/post"}],"author":[{"embeddable":true,"href":"https:\/\/quehacerpolitico.mx\/index.php?rest_route=\/wp\/v2\/users\/2"}],"replies":[{"embeddable":true,"href":"https:\/\/quehacerpolitico.mx\/index.php?rest_route=%2Fwp%2Fv2%2Fcomments&post=103523"}],"version-history":[{"count":1,"href":"https:\/\/quehacerpolitico.mx\/index.php?rest_route=\/wp\/v2\/posts\/103523\/revisions"}],"predecessor-version":[{"id":103525,"href":"https:\/\/quehacerpolitico.mx\/index.php?rest_route=\/wp\/v2\/posts\/103523\/revisions\/103525"}],"wp:featuredmedia":[{"embeddable":true,"href":"https:\/\/quehacerpolitico.mx\/index.php?rest_route=\/wp\/v2\/media\/103524"}],"wp:attachment":[{"href":"https:\/\/quehacerpolitico.mx\/index.php?rest_route=%2Fwp%2Fv2%2Fmedia&parent=103523"}],"wp:term":[{"taxonomy":"category","embeddable":true,"href":"https:\/\/quehacerpolitico.mx\/index.php?rest_route=%2Fwp%2Fv2%2Fcategories&post=103523"},{"taxonomy":"post_tag","embeddable":true,"href":"https:\/\/quehacerpolitico.mx\/index.php?rest_route=%2Fwp%2Fv2%2Ftags&post=103523"}],"curies":[{"name":"wp","href":"https:\/\/api.w.org\/{rel}","templated":true}]}}