{"id":103520,"date":"2023-08-04T18:11:46","date_gmt":"2023-08-04T18:11:46","guid":{"rendered":"https:\/\/quehacerpolitico.mx\/?p=103520"},"modified":"2023-08-04T18:11:49","modified_gmt":"2023-08-04T18:11:49","slug":"la-comision-de-quejas-y-denuncias-del-ine-aprueba-medidas-cautelares-contra-amlo-para-que-no-hable-de-xochitl-galvez-por-posible-violencia-politica-en-razon-de-genero","status":"publish","type":"post","link":"https:\/\/quehacerpolitico.mx\/?p=103520","title":{"rendered":"La Comisi\u00f3n de Quejas y Denuncias del INE aprueba medidas cautelares contra AMLO para que no hable de X\u00f3chitl G\u00e1lvez por posible violencia pol\u00edtica en raz\u00f3n de g\u00e9nero"},"content":{"rendered":"\n<p>Por Redacci\u00f3n QP<\/p>\n\n\n\n<p><em>Por unanimidad, el INE aprob\u00f3 las medidas por violencia de g\u00e9nero contra AMLO por lo dicho en sus ma\u00f1aneras contra X\u00f3chitl G\u00e1lvez.<\/em><\/p>\n\n\n\n<p>Una vez m\u00e1s&nbsp;<strong>la Comisi\u00f3n de Quejas y Denuncias del Instituto Nacional Electoral<\/strong>&nbsp;(INE),&nbsp;<strong>aprob\u00f3 la imposici\u00f3n de medidas cautelares contra el presidente Andr\u00e9s Manuel L\u00f3pez Obrador<\/strong>(AMLO)&nbsp;<strong>por sus comentarios emitidos contra la senadora X\u00f3chitl G\u00e1lvez<\/strong>, los cuales se han catalogado como posible violencia pol\u00edtica en raz\u00f3n de g\u00e9nero.<\/p>\n\n\n\n<p><strong>El INE orden\u00f3 que se eliminen o modifiquen las conferencias matutinas<\/strong>, as\u00ed como sus versiones estenogr\u00e1ficas&nbsp;<strong>de los d\u00edas 10, 11, 14 y 17 de julio<\/strong>; pues estas ma\u00f1aneras contienen las expresiones denunciadas.<\/p>\n\n\n\n<p>Adem\u00e1s de estas medidas cautelares,\u00a0<strong>el INE tambi\u00e9n aprob\u00f3 una tutela preventiva<\/strong>, esto con el fin de que AMLO\u00a0<em>\u201cse abstenga bajo cualquier modalidad o formato, de realizar manifestaciones, emitir comentarios, opiniones o se\u00f1alamientos sobre temas relacionados con los derechos pol\u00edtico-electorales de la quejosa y de las mujeres, ya sea de forma positiva o negativa\u201d<\/em>, inform\u00f3 este organismo.<\/p>\n\n\n\n<h2 class=\"wp-block-heading\"><strong>AMLO acusa al INE y al TEPJF de estar vendidos<\/strong><\/h2>\n\n\n\n<p><strong>Despu\u00e9s de que el Tribunal Electoral (TEPJF) determinara que diversas manifestaciones hechas por AMLO durante sus ma\u00f1aneras constitu\u00edan violencia pol\u00edtica en raz\u00f3n de g\u00e9nero<\/strong>&nbsp;contra X\u00f3chitl G\u00e1lvez, el mandatario acuso a este organismo y al propio INE de estar vendidos o alquilados.<\/p>\n\n\n\n<p>Durante su conferencia ma\u00f1anera de este viernes en Palacio Nacional,&nbsp;<strong>el presidente asegur\u00f3 que estas nuevas determinaciones son una violaci\u00f3n flagrante a la libertad de expresi\u00f3n<\/strong>, pues ahora no se le permitir\u00e1 \u201cdenunciar los abusos de la oposici\u00f3n\u201d.<\/p>\n\n\n\n<p>AMLO asegur\u00f3 que \u00e9l no habla de X\u00f3chitl si lo proh\u00edben, sin embargo,&nbsp;<strong>se\u00f1al\u00f3 que esta determinaci\u00f3n dej\u00f3 en evidencia que el Tribunal est\u00e1 vendido<\/strong>, pues lo est\u00e1n silenciando.<\/p>\n","protected":false},"excerpt":{"rendered":"<p>Por Redacci\u00f3n QP Por unanimidad, el INE aprob\u00f3 las medidas por violencia de g\u00e9nero contra&#8230;<\/p>\n","protected":false},"author":2,"featured_media":103521,"comment_status":"open","ping_status":"open","sticky":false,"template":"","format":"standard","meta":{"_monsterinsights_skip_tracking":false,"_monsterinsights_sitenote_active":false,"_monsterinsights_sitenote_note":"","_monsterinsights_sitenote_category":0,"footnotes":""},"categories":[2],"tags":[],"class_list":["post-103520","post","type-post","status-publish","format-standard","has-post-thumbnail","hentry","category-noticias"],"yoast_head":"<!-- This site is optimized with the Yoast SEO plugin v27.3 - https:\/\/yoast.com\/product\/yoast-seo-wordpress\/ -->\n<title>La Comisi\u00f3n de Quejas y Denuncias del INE aprueba medidas cautelares contra AMLO para que no hable de X\u00f3chitl G\u00e1lvez por posible violencia pol\u00edtica en raz\u00f3n de g\u00e9nero -<\/title>\n<meta name=\"robots\" content=\"index, follow, max-snippet:-1, max-image-preview:large, max-video-preview:-1\" \/>\n<link rel=\"canonical\" href=\"https:\/\/quehacerpolitico.mx\/?p=103520\" \/>\n<meta property=\"og:locale\" content=\"es_MX\" \/>\n<meta property=\"og:type\" content=\"article\" \/>\n<meta property=\"og:title\" content=\"La Comisi\u00f3n de Quejas y Denuncias del INE aprueba medidas cautelares contra AMLO para que no hable de X\u00f3chitl G\u00e1lvez por posible violencia pol\u00edtica en raz\u00f3n de g\u00e9nero -\" \/>\n<meta property=\"og:description\" content=\"Por Redacci\u00f3n QP Por unanimidad, el INE aprob\u00f3 las medidas por violencia de g\u00e9nero contra...\" \/>\n<meta property=\"og:url\" content=\"https:\/\/quehacerpolitico.mx\/?p=103520\" \/>\n<meta property=\"article:published_time\" content=\"2023-08-04T18:11:46+00:00\" \/>\n<meta property=\"article:modified_time\" content=\"2023-08-04T18:11:49+00:00\" \/>\n<meta property=\"og:image\" content=\"https:\/\/quehacerpolitico.mx\/wp-content\/uploads\/2023\/08\/IMG_9569.png\" \/>\n\t<meta property=\"og:image:width\" content=\"736\" \/>\n\t<meta property=\"og:image:height\" content=\"488\" \/>\n\t<meta property=\"og:image:type\" content=\"image\/png\" \/>\n<meta name=\"author\" content=\"Redacci\u00f3n QP\" \/>\n<meta name=\"twitter:card\" content=\"summary_large_image\" \/>\n<meta name=\"twitter:label1\" content=\"Escrito por\" \/>\n\t<meta name=\"twitter:data1\" content=\"Redacci\u00f3n QP\" \/>\n\t<meta name=\"twitter:label2\" content=\"Tiempo de lectura\" \/>\n\t<meta name=\"twitter:data2\" content=\"2 minutos\" \/>\n<script type=\"application\/ld+json\" class=\"yoast-schema-graph\">{\"@context\":\"https:\\\/\\\/schema.org\",\"@graph\":[{\"@type\":\"Article\",\"@id\":\"https:\\\/\\\/quehacerpolitico.mx\\\/?p=103520#article\",\"isPartOf\":{\"@id\":\"https:\\\/\\\/quehacerpolitico.mx\\\/?p=103520\"},\"author\":{\"name\":\"Redacci\u00f3n QP\",\"@id\":\"https:\\\/\\\/quehacerpolitico.mx\\\/#\\\/schema\\\/person\\\/496d8ad2d1d3f8036101dca7ee39e585\"},\"headline\":\"La Comisi\u00f3n de Quejas y Denuncias del INE aprueba medidas cautelares contra AMLO para que no hable de X\u00f3chitl G\u00e1lvez por posible violencia pol\u00edtica en raz\u00f3n de g\u00e9nero\",\"datePublished\":\"2023-08-04T18:11:46+00:00\",\"dateModified\":\"2023-08-04T18:11:49+00:00\",\"mainEntityOfPage\":{\"@id\":\"https:\\\/\\\/quehacerpolitico.mx\\\/?p=103520\"},\"wordCount\":362,\"commentCount\":0,\"image\":{\"@id\":\"https:\\\/\\\/quehacerpolitico.mx\\\/?p=103520#primaryimage\"},\"thumbnailUrl\":\"https:\\\/\\\/quehacerpolitico.mx\\\/wp-content\\\/uploads\\\/2023\\\/08\\\/IMG_9569.png\",\"articleSection\":[\"Noticias\"],\"inLanguage\":\"es\",\"potentialAction\":[{\"@type\":\"CommentAction\",\"name\":\"Comment\",\"target\":[\"https:\\\/\\\/quehacerpolitico.mx\\\/?p=103520#respond\"]}]},{\"@type\":\"WebPage\",\"@id\":\"https:\\\/\\\/quehacerpolitico.mx\\\/?p=103520\",\"url\":\"https:\\\/\\\/quehacerpolitico.mx\\\/?p=103520\",\"name\":\"La Comisi\u00f3n de Quejas y Denuncias del INE aprueba medidas cautelares contra AMLO para que no hable de X\u00f3chitl G\u00e1lvez por posible violencia pol\u00edtica en raz\u00f3n de g\u00e9nero -\",\"isPartOf\":{\"@id\":\"https:\\\/\\\/quehacerpolitico.mx\\\/#website\"},\"primaryImageOfPage\":{\"@id\":\"https:\\\/\\\/quehacerpolitico.mx\\\/?p=103520#primaryimage\"},\"image\":{\"@id\":\"https:\\\/\\\/quehacerpolitico.mx\\\/?p=103520#primaryimage\"},\"thumbnailUrl\":\"https:\\\/\\\/quehacerpolitico.mx\\\/wp-content\\\/uploads\\\/2023\\\/08\\\/IMG_9569.png\",\"datePublished\":\"2023-08-04T18:11:46+00:00\",\"dateModified\":\"2023-08-04T18:11:49+00:00\",\"author\":{\"@id\":\"https:\\\/\\\/quehacerpolitico.mx\\\/#\\\/schema\\\/person\\\/496d8ad2d1d3f8036101dca7ee39e585\"},\"breadcrumb\":{\"@id\":\"https:\\\/\\\/quehacerpolitico.mx\\\/?p=103520#breadcrumb\"},\"inLanguage\":\"es\",\"potentialAction\":[{\"@type\":\"ReadAction\",\"target\":[\"https:\\\/\\\/quehacerpolitico.mx\\\/?p=103520\"]}]},{\"@type\":\"ImageObject\",\"inLanguage\":\"es\",\"@id\":\"https:\\\/\\\/quehacerpolitico.mx\\\/?p=103520#primaryimage\",\"url\":\"https:\\\/\\\/quehacerpolitico.mx\\\/wp-content\\\/uploads\\\/2023\\\/08\\\/IMG_9569.png\",\"contentUrl\":\"https:\\\/\\\/quehacerpolitico.mx\\\/wp-content\\\/uploads\\\/2023\\\/08\\\/IMG_9569.png\",\"width\":736,\"height\":488},{\"@type\":\"BreadcrumbList\",\"@id\":\"https:\\\/\\\/quehacerpolitico.mx\\\/?p=103520#breadcrumb\",\"itemListElement\":[{\"@type\":\"ListItem\",\"position\":1,\"name\":\"Inicio\",\"item\":\"https:\\\/\\\/quehacerpolitico.mx\\\/\"},{\"@type\":\"ListItem\",\"position\":2,\"name\":\"La Comisi\u00f3n de Quejas y Denuncias del INE aprueba medidas cautelares contra AMLO para que no hable de X\u00f3chitl G\u00e1lvez por posible violencia pol\u00edtica en raz\u00f3n de g\u00e9nero\"}]},{\"@type\":\"WebSite\",\"@id\":\"https:\\\/\\\/quehacerpolitico.mx\\\/#website\",\"url\":\"https:\\\/\\\/quehacerpolitico.mx\\\/\",\"name\":\"\",\"description\":\"\",\"potentialAction\":[{\"@type\":\"SearchAction\",\"target\":{\"@type\":\"EntryPoint\",\"urlTemplate\":\"https:\\\/\\\/quehacerpolitico.mx\\\/?s={search_term_string}\"},\"query-input\":{\"@type\":\"PropertyValueSpecification\",\"valueRequired\":true,\"valueName\":\"search_term_string\"}}],\"inLanguage\":\"es\"},{\"@type\":\"Person\",\"@id\":\"https:\\\/\\\/quehacerpolitico.mx\\\/#\\\/schema\\\/person\\\/496d8ad2d1d3f8036101dca7ee39e585\",\"name\":\"Redacci\u00f3n QP\",\"image\":{\"@type\":\"ImageObject\",\"inLanguage\":\"es\",\"@id\":\"https:\\\/\\\/secure.gravatar.com\\\/avatar\\\/c7164ed6fdec453195284ad24a5ae5b6e1eed2b848477fa2a4787ba9adf39a41?s=96&d=mm&r=g\",\"url\":\"https:\\\/\\\/secure.gravatar.com\\\/avatar\\\/c7164ed6fdec453195284ad24a5ae5b6e1eed2b848477fa2a4787ba9adf39a41?s=96&d=mm&r=g\",\"contentUrl\":\"https:\\\/\\\/secure.gravatar.com\\\/avatar\\\/c7164ed6fdec453195284ad24a5ae5b6e1eed2b848477fa2a4787ba9adf39a41?s=96&d=mm&r=g\",\"caption\":\"Redacci\u00f3n QP\"},\"url\":\"https:\\\/\\\/quehacerpolitico.mx\\\/?author=2\"}]}<\/script>\n<!-- \/ Yoast SEO plugin. -->","yoast_head_json":{"title":"La Comisi\u00f3n de Quejas y Denuncias del INE aprueba medidas cautelares contra AMLO para que no hable de X\u00f3chitl G\u00e1lvez por posible violencia pol\u00edtica en raz\u00f3n de g\u00e9nero -","robots":{"index":"index","follow":"follow","max-snippet":"max-snippet:-1","max-image-preview":"max-image-preview:large","max-video-preview":"max-video-preview:-1"},"canonical":"https:\/\/quehacerpolitico.mx\/?p=103520","og_locale":"es_MX","og_type":"article","og_title":"La Comisi\u00f3n de Quejas y Denuncias del INE aprueba medidas cautelares contra AMLO para que no hable de X\u00f3chitl G\u00e1lvez por posible violencia pol\u00edtica en raz\u00f3n de g\u00e9nero -","og_description":"Por Redacci\u00f3n QP Por unanimidad, el INE aprob\u00f3 las medidas por violencia de g\u00e9nero contra...","og_url":"https:\/\/quehacerpolitico.mx\/?p=103520","article_published_time":"2023-08-04T18:11:46+00:00","article_modified_time":"2023-08-04T18:11:49+00:00","og_image":[{"width":736,"height":488,"url":"https:\/\/quehacerpolitico.mx\/wp-content\/uploads\/2023\/08\/IMG_9569.png","type":"image\/png"}],"author":"Redacci\u00f3n QP","twitter_card":"summary_large_image","twitter_misc":{"Escrito por":"Redacci\u00f3n QP","Tiempo de lectura":"2 minutos"},"schema":{"@context":"https:\/\/schema.org","@graph":[{"@type":"Article","@id":"https:\/\/quehacerpolitico.mx\/?p=103520#article","isPartOf":{"@id":"https:\/\/quehacerpolitico.mx\/?p=103520"},"author":{"name":"Redacci\u00f3n QP","@id":"https:\/\/quehacerpolitico.mx\/#\/schema\/person\/496d8ad2d1d3f8036101dca7ee39e585"},"headline":"La Comisi\u00f3n de Quejas y Denuncias del INE aprueba medidas cautelares contra AMLO para que no hable de X\u00f3chitl G\u00e1lvez por posible violencia pol\u00edtica en raz\u00f3n de g\u00e9nero","datePublished":"2023-08-04T18:11:46+00:00","dateModified":"2023-08-04T18:11:49+00:00","mainEntityOfPage":{"@id":"https:\/\/quehacerpolitico.mx\/?p=103520"},"wordCount":362,"commentCount":0,"image":{"@id":"https:\/\/quehacerpolitico.mx\/?p=103520#primaryimage"},"thumbnailUrl":"https:\/\/quehacerpolitico.mx\/wp-content\/uploads\/2023\/08\/IMG_9569.png","articleSection":["Noticias"],"inLanguage":"es","potentialAction":[{"@type":"CommentAction","name":"Comment","target":["https:\/\/quehacerpolitico.mx\/?p=103520#respond"]}]},{"@type":"WebPage","@id":"https:\/\/quehacerpolitico.mx\/?p=103520","url":"https:\/\/quehacerpolitico.mx\/?p=103520","name":"La Comisi\u00f3n de Quejas y Denuncias del INE aprueba medidas cautelares contra AMLO para que no hable de X\u00f3chitl G\u00e1lvez por posible violencia pol\u00edtica en raz\u00f3n de g\u00e9nero -","isPartOf":{"@id":"https:\/\/quehacerpolitico.mx\/#website"},"primaryImageOfPage":{"@id":"https:\/\/quehacerpolitico.mx\/?p=103520#primaryimage"},"image":{"@id":"https:\/\/quehacerpolitico.mx\/?p=103520#primaryimage"},"thumbnailUrl":"https:\/\/quehacerpolitico.mx\/wp-content\/uploads\/2023\/08\/IMG_9569.png","datePublished":"2023-08-04T18:11:46+00:00","dateModified":"2023-08-04T18:11:49+00:00","author":{"@id":"https:\/\/quehacerpolitico.mx\/#\/schema\/person\/496d8ad2d1d3f8036101dca7ee39e585"},"breadcrumb":{"@id":"https:\/\/quehacerpolitico.mx\/?p=103520#breadcrumb"},"inLanguage":"es","potentialAction":[{"@type":"ReadAction","target":["https:\/\/quehacerpolitico.mx\/?p=103520"]}]},{"@type":"ImageObject","inLanguage":"es","@id":"https:\/\/quehacerpolitico.mx\/?p=103520#primaryimage","url":"https:\/\/quehacerpolitico.mx\/wp-content\/uploads\/2023\/08\/IMG_9569.png","contentUrl":"https:\/\/quehacerpolitico.mx\/wp-content\/uploads\/2023\/08\/IMG_9569.png","width":736,"height":488},{"@type":"BreadcrumbList","@id":"https:\/\/quehacerpolitico.mx\/?p=103520#breadcrumb","itemListElement":[{"@type":"ListItem","position":1,"name":"Inicio","item":"https:\/\/quehacerpolitico.mx\/"},{"@type":"ListItem","position":2,"name":"La Comisi\u00f3n de Quejas y Denuncias del INE aprueba medidas cautelares contra AMLO para que no hable de X\u00f3chitl G\u00e1lvez por posible violencia pol\u00edtica en raz\u00f3n de g\u00e9nero"}]},{"@type":"WebSite","@id":"https:\/\/quehacerpolitico.mx\/#website","url":"https:\/\/quehacerpolitico.mx\/","name":"","description":"","potentialAction":[{"@type":"SearchAction","target":{"@type":"EntryPoint","urlTemplate":"https:\/\/quehacerpolitico.mx\/?s={search_term_string}"},"query-input":{"@type":"PropertyValueSpecification","valueRequired":true,"valueName":"search_term_string"}}],"inLanguage":"es"},{"@type":"Person","@id":"https:\/\/quehacerpolitico.mx\/#\/schema\/person\/496d8ad2d1d3f8036101dca7ee39e585","name":"Redacci\u00f3n QP","image":{"@type":"ImageObject","inLanguage":"es","@id":"https:\/\/secure.gravatar.com\/avatar\/c7164ed6fdec453195284ad24a5ae5b6e1eed2b848477fa2a4787ba9adf39a41?s=96&d=mm&r=g","url":"https:\/\/secure.gravatar.com\/avatar\/c7164ed6fdec453195284ad24a5ae5b6e1eed2b848477fa2a4787ba9adf39a41?s=96&d=mm&r=g","contentUrl":"https:\/\/secure.gravatar.com\/avatar\/c7164ed6fdec453195284ad24a5ae5b6e1eed2b848477fa2a4787ba9adf39a41?s=96&d=mm&r=g","caption":"Redacci\u00f3n QP"},"url":"https:\/\/quehacerpolitico.mx\/?author=2"}]}},"featured_image_urls":{"full":["https:\/\/quehacerpolitico.mx\/wp-content\/uploads\/2023\/08\/IMG_9569.png",736,488,false],"thumbnail":["https:\/\/quehacerpolitico.mx\/wp-content\/uploads\/2023\/08\/IMG_9569-150x150.png",150,150,true],"medium":["https:\/\/quehacerpolitico.mx\/wp-content\/uploads\/2023\/08\/IMG_9569-300x199.png",300,199,true],"medium_large":["https:\/\/quehacerpolitico.mx\/wp-content\/uploads\/2023\/08\/IMG_9569.png",640,424,false],"large":["https:\/\/quehacerpolitico.mx\/wp-content\/uploads\/2023\/08\/IMG_9569.png",640,424,false],"1536x1536":["https:\/\/quehacerpolitico.mx\/wp-content\/uploads\/2023\/08\/IMG_9569.png",736,488,false],"2048x2048":["https:\/\/quehacerpolitico.mx\/wp-content\/uploads\/2023\/08\/IMG_9569.png",736,488,false],"covernews-featured":["https:\/\/quehacerpolitico.mx\/wp-content\/uploads\/2023\/08\/IMG_9569.png",736,488,false],"covernews-medium":["https:\/\/quehacerpolitico.mx\/wp-content\/uploads\/2023\/08\/IMG_9569.png",513,340,false]},"author_info":{"display_name":"Redacci\u00f3n QP","author_link":"https:\/\/quehacerpolitico.mx\/?author=2"},"category_info":"<a href=\"https:\/\/quehacerpolitico.mx\/?cat=2\" rel=\"category\">Noticias<\/a>","tag_info":"Noticias","comment_count":"0","_links":{"self":[{"href":"https:\/\/quehacerpolitico.mx\/index.php?rest_route=\/wp\/v2\/posts\/103520","targetHints":{"allow":["GET"]}}],"collection":[{"href":"https:\/\/quehacerpolitico.mx\/index.php?rest_route=\/wp\/v2\/posts"}],"about":[{"href":"https:\/\/quehacerpolitico.mx\/index.php?rest_route=\/wp\/v2\/types\/post"}],"author":[{"embeddable":true,"href":"https:\/\/quehacerpolitico.mx\/index.php?rest_route=\/wp\/v2\/users\/2"}],"replies":[{"embeddable":true,"href":"https:\/\/quehacerpolitico.mx\/index.php?rest_route=%2Fwp%2Fv2%2Fcomments&post=103520"}],"version-history":[{"count":1,"href":"https:\/\/quehacerpolitico.mx\/index.php?rest_route=\/wp\/v2\/posts\/103520\/revisions"}],"predecessor-version":[{"id":103522,"href":"https:\/\/quehacerpolitico.mx\/index.php?rest_route=\/wp\/v2\/posts\/103520\/revisions\/103522"}],"wp:featuredmedia":[{"embeddable":true,"href":"https:\/\/quehacerpolitico.mx\/index.php?rest_route=\/wp\/v2\/media\/103521"}],"wp:attachment":[{"href":"https:\/\/quehacerpolitico.mx\/index.php?rest_route=%2Fwp%2Fv2%2Fmedia&parent=103520"}],"wp:term":[{"taxonomy":"category","embeddable":true,"href":"https:\/\/quehacerpolitico.mx\/index.php?rest_route=%2Fwp%2Fv2%2Fcategories&post=103520"},{"taxonomy":"post_tag","embeddable":true,"href":"https:\/\/quehacerpolitico.mx\/index.php?rest_route=%2Fwp%2Fv2%2Ftags&post=103520"}],"curies":[{"name":"wp","href":"https:\/\/api.w.org\/{rel}","templated":true}]}}