{"id":103514,"date":"2023-08-04T17:02:27","date_gmt":"2023-08-04T17:02:27","guid":{"rendered":"https:\/\/quehacerpolitico.mx\/?p=103514"},"modified":"2023-08-04T17:02:31","modified_gmt":"2023-08-04T17:02:31","slug":"habra-conferencia-vespertina-para-hablar-sobre-los-libros-de-la-sep-a-partir-del-martes-de-5-a-6","status":"publish","type":"post","link":"https:\/\/quehacerpolitico.mx\/?p=103514","title":{"rendered":"\u00a1Habr\u00e1 conferencia vespertina para hablar sobre los libros de la SEP! a partir del martes, de 5 a 6"},"content":{"rendered":"\n<p>Por Redacci\u00f3n QP<\/p>\n\n\n\n<p>L\u00f3pez Obrador dijo que con estas conferencias vespertinas se contestar\u00e1n todas las dudas sobre los pol\u00e9micos nuevos libros de texto<\/p>\n\n\n\n<p>El presidente de M\u00e9xico,\u00a0<strong>Andres Manuel L\u00f3pez Obrador<\/strong>, anunci\u00f3\u00a0<strong>conferencias vespertinas<\/strong>\u00a0desde el martes de la pr\u00f3xima semana para explicar el contenido de los pol\u00e9micos\u00a0nuevos libros de texto de la\u00a0<strong>Secretar\u00eda de Educaci\u00f3n P\u00fablica<\/strong>(<strong>SEP<\/strong>).<\/p>\n\n\n\n<p>En la conferencia matutina de Palacio Nacional, L\u00f3pez Obrador, L\u00f3pez Obrador instruy\u00f3 a quienes hicieron estos libros defender los contenidos de los mismos, tras las cr\u00edticas de especialistas en la materia.<\/p>\n\n\n\n<p>Vamos a revisar los libros y que nos informen los que lo hicieron, que con maestros pedagogos, especialistas d todas las materias, libro por libro, nada m\u00e1s que no nos vayan a censurar porque vamos a querer adoctrinar, vamos a difundir el virus del comunismo aqu\u00ed. S\u00ed lo vamos a hacer, pero en la tarde\u201d, indic\u00f3.<\/p>\n\n\n\n<figure class=\"wp-block-embed is-type-rich is-provider-twitter wp-block-embed-twitter\"><div class=\"wp-block-embed__wrapper\">\n<blockquote class=\"twitter-tweet\" data-width=\"550\" data-dnt=\"true\"><p lang=\"es\" dir=\"ltr\">\ud83d\udea8<a href=\"https:\/\/twitter.com\/hashtag\/%C3%9ALTIMAHORA?src=hash&amp;ref_src=twsrc%5Etfw\">#\u00daLTIMAHORA<\/a> | \u00a1Habr\u00e1 conferencia vespertina para hablar sobre los libros de la SEP!<br><br>El presidente <a href=\"https:\/\/twitter.com\/lopezobrador_?ref_src=twsrc%5Etfw\">@lopezobrador_<\/a> anunci\u00f3 que a partir del martes, de 5 a 6, habr\u00e1 conferencia para analizar el contenido de los libros de escuela p\u00fablica a los que llamaron comunistas <a href=\"https:\/\/t.co\/WKAyb6bK1b\">pic.twitter.com\/WKAyb6bK1b<\/a><\/p>&mdash; Ruido en la Red (@RuidoEnLaRed) <a href=\"https:\/\/twitter.com\/RuidoEnLaRed\/status\/1687477680763981824?ref_src=twsrc%5Etfw\">August 4, 2023<\/a><\/blockquote><script async src=\"https:\/\/platform.twitter.com\/widgets.js\" charset=\"utf-8\"><\/script>\n<\/div><\/figure>\n\n\n\n<p>\u201cYa el martes pr\u00f3ximo, para que se tenga toda la informaci\u00f3n, que los pap\u00e1s que quieran conocer sobre los libros y tambi\u00e9n se respondan todas sus preguntas que hay\u201d, puntualiz\u00f3.<\/p>\n\n\n\n<p>El mandatario mexicano detall\u00f3 que con estas conferencias vespertinas se revisar\u00e1n cada uno de los nuevos libros de texto para el ciclo escolar 2023-2024.<\/p>\n\n\n\n<p>\u201cLo importante es ver la esencia de libros libros, qu\u00e9 tiene, por qu\u00e9 distintos, c\u00f3mo eran los de antes, c\u00f3mo son estos, cu\u00e1l es la fundamentaci\u00f3n de los pedagogos de los que hicieron los libres que tardaron much\u00edsimo tiempo, participaron cientos de especialistas, t\u00e9cnicos cient\u00edficos, participaron genes del Conacyt, especialistas en filosof\u00eda, historia, de toda las materias, por eso va a ser muy importante que se conozca lo de los libros\u201d, expuso..<\/p>\n\n\n\n<p>L\u00f3pez Obrador record\u00f3 a sus adversarios que es \u201cfacultad del Ejecutivo la elaboraci\u00f3n de los libros de texto, est\u00e1 en la Constituci\u00f3n en el art\u00edculo 3, no es algo que no establece en este caso la ley de leyes que es la Constituci\u00f3n\u201d.<\/p>\n\n\n\n<p>Las declaraciones del gobernante mexicano ocurren tras la pol\u00e9mica que ha surgido luego de un amparo que obtuvo la Uni\u00f3n Nacional de Padres de Familia en mayo pasado, en el que el juzgado Tercero de Distrito en Materia Administrativa orden\u00f3 a la SEP revisar el contenido de los libros de texto y someter su redise\u00f1o a consultas previas.<\/p>\n\n\n\n<p>La organizaci\u00f3n conservadora ha cuestionado que los nuevos libros contengan educaci\u00f3n sobre diversidad sexual, familias diversas y ense\u00f1anzas sobre \u00f3rganos reproductivos en nivel primaria.<\/p>\n\n\n\n<p>Adem\u00e1s otros pol\u00edticos y expertos tambi\u00e9n han criticado que los materiales incluyen referencias en contra del \u201cneoliberalismo\u201d, una ideolog\u00eda que L\u00f3pez Obrador achaca a los Gobiernos anteriores al suyo, adem\u00e1s de contenido que se alinea a la ideolog\u00eda del mandatario.<\/p>\n","protected":false},"excerpt":{"rendered":"<p>Por Redacci\u00f3n QP L\u00f3pez Obrador dijo que con estas conferencias vespertinas se contestar\u00e1n todas las&#8230;<\/p>\n","protected":false},"author":2,"featured_media":103515,"comment_status":"open","ping_status":"open","sticky":false,"template":"","format":"standard","meta":{"_monsterinsights_skip_tracking":false,"_monsterinsights_sitenote_active":false,"_monsterinsights_sitenote_note":"","_monsterinsights_sitenote_category":0,"footnotes":""},"categories":[2],"tags":[],"class_list":["post-103514","post","type-post","status-publish","format-standard","has-post-thumbnail","hentry","category-noticias"],"yoast_head":"<!-- This site is optimized with the Yoast SEO plugin v27.3 - https:\/\/yoast.com\/product\/yoast-seo-wordpress\/ -->\n<title>\u00a1Habr\u00e1 conferencia vespertina para hablar sobre los libros de la SEP! a partir del martes, de 5 a 6 -<\/title>\n<meta name=\"robots\" content=\"index, follow, max-snippet:-1, max-image-preview:large, max-video-preview:-1\" \/>\n<link rel=\"canonical\" href=\"https:\/\/quehacerpolitico.mx\/?p=103514\" \/>\n<meta property=\"og:locale\" content=\"es_MX\" \/>\n<meta property=\"og:type\" content=\"article\" \/>\n<meta property=\"og:title\" content=\"\u00a1Habr\u00e1 conferencia vespertina para hablar sobre los libros de la SEP! a partir del martes, de 5 a 6 -\" \/>\n<meta property=\"og:description\" content=\"Por Redacci\u00f3n QP L\u00f3pez Obrador dijo que con estas conferencias vespertinas se contestar\u00e1n todas las...\" \/>\n<meta property=\"og:url\" content=\"https:\/\/quehacerpolitico.mx\/?p=103514\" \/>\n<meta property=\"article:published_time\" content=\"2023-08-04T17:02:27+00:00\" \/>\n<meta property=\"article:modified_time\" content=\"2023-08-04T17:02:31+00:00\" \/>\n<meta property=\"og:image\" content=\"https:\/\/quehacerpolitico.mx\/wp-content\/uploads\/2023\/08\/IMG_9567.jpeg\" \/>\n\t<meta property=\"og:image:width\" content=\"1284\" \/>\n\t<meta property=\"og:image:height\" content=\"694\" \/>\n\t<meta property=\"og:image:type\" content=\"image\/jpeg\" \/>\n<meta name=\"author\" content=\"Redacci\u00f3n QP\" \/>\n<meta name=\"twitter:card\" content=\"summary_large_image\" \/>\n<meta name=\"twitter:label1\" content=\"Escrito por\" \/>\n\t<meta name=\"twitter:data1\" content=\"Redacci\u00f3n QP\" \/>\n\t<meta name=\"twitter:label2\" content=\"Tiempo de lectura\" \/>\n\t<meta name=\"twitter:data2\" content=\"2 minutos\" \/>\n<script type=\"application\/ld+json\" class=\"yoast-schema-graph\">{\"@context\":\"https:\\\/\\\/schema.org\",\"@graph\":[{\"@type\":\"Article\",\"@id\":\"https:\\\/\\\/quehacerpolitico.mx\\\/?p=103514#article\",\"isPartOf\":{\"@id\":\"https:\\\/\\\/quehacerpolitico.mx\\\/?p=103514\"},\"author\":{\"name\":\"Redacci\u00f3n QP\",\"@id\":\"https:\\\/\\\/quehacerpolitico.mx\\\/#\\\/schema\\\/person\\\/496d8ad2d1d3f8036101dca7ee39e585\"},\"headline\":\"\u00a1Habr\u00e1 conferencia vespertina para hablar sobre los libros de la SEP! a partir del martes, de 5 a 6\",\"datePublished\":\"2023-08-04T17:02:27+00:00\",\"dateModified\":\"2023-08-04T17:02:31+00:00\",\"mainEntityOfPage\":{\"@id\":\"https:\\\/\\\/quehacerpolitico.mx\\\/?p=103514\"},\"wordCount\":510,\"commentCount\":0,\"image\":{\"@id\":\"https:\\\/\\\/quehacerpolitico.mx\\\/?p=103514#primaryimage\"},\"thumbnailUrl\":\"https:\\\/\\\/quehacerpolitico.mx\\\/wp-content\\\/uploads\\\/2023\\\/08\\\/IMG_9567.jpeg\",\"articleSection\":[\"Noticias\"],\"inLanguage\":\"es\",\"potentialAction\":[{\"@type\":\"CommentAction\",\"name\":\"Comment\",\"target\":[\"https:\\\/\\\/quehacerpolitico.mx\\\/?p=103514#respond\"]}]},{\"@type\":\"WebPage\",\"@id\":\"https:\\\/\\\/quehacerpolitico.mx\\\/?p=103514\",\"url\":\"https:\\\/\\\/quehacerpolitico.mx\\\/?p=103514\",\"name\":\"\u00a1Habr\u00e1 conferencia vespertina para hablar sobre los libros de la SEP! a partir del martes, de 5 a 6 -\",\"isPartOf\":{\"@id\":\"https:\\\/\\\/quehacerpolitico.mx\\\/#website\"},\"primaryImageOfPage\":{\"@id\":\"https:\\\/\\\/quehacerpolitico.mx\\\/?p=103514#primaryimage\"},\"image\":{\"@id\":\"https:\\\/\\\/quehacerpolitico.mx\\\/?p=103514#primaryimage\"},\"thumbnailUrl\":\"https:\\\/\\\/quehacerpolitico.mx\\\/wp-content\\\/uploads\\\/2023\\\/08\\\/IMG_9567.jpeg\",\"datePublished\":\"2023-08-04T17:02:27+00:00\",\"dateModified\":\"2023-08-04T17:02:31+00:00\",\"author\":{\"@id\":\"https:\\\/\\\/quehacerpolitico.mx\\\/#\\\/schema\\\/person\\\/496d8ad2d1d3f8036101dca7ee39e585\"},\"breadcrumb\":{\"@id\":\"https:\\\/\\\/quehacerpolitico.mx\\\/?p=103514#breadcrumb\"},\"inLanguage\":\"es\",\"potentialAction\":[{\"@type\":\"ReadAction\",\"target\":[\"https:\\\/\\\/quehacerpolitico.mx\\\/?p=103514\"]}]},{\"@type\":\"ImageObject\",\"inLanguage\":\"es\",\"@id\":\"https:\\\/\\\/quehacerpolitico.mx\\\/?p=103514#primaryimage\",\"url\":\"https:\\\/\\\/quehacerpolitico.mx\\\/wp-content\\\/uploads\\\/2023\\\/08\\\/IMG_9567.jpeg\",\"contentUrl\":\"https:\\\/\\\/quehacerpolitico.mx\\\/wp-content\\\/uploads\\\/2023\\\/08\\\/IMG_9567.jpeg\",\"width\":1284,\"height\":694},{\"@type\":\"BreadcrumbList\",\"@id\":\"https:\\\/\\\/quehacerpolitico.mx\\\/?p=103514#breadcrumb\",\"itemListElement\":[{\"@type\":\"ListItem\",\"position\":1,\"name\":\"Inicio\",\"item\":\"https:\\\/\\\/quehacerpolitico.mx\\\/\"},{\"@type\":\"ListItem\",\"position\":2,\"name\":\"\u00a1Habr\u00e1 conferencia vespertina para hablar sobre los libros de la SEP! a partir del martes, de 5 a 6\"}]},{\"@type\":\"WebSite\",\"@id\":\"https:\\\/\\\/quehacerpolitico.mx\\\/#website\",\"url\":\"https:\\\/\\\/quehacerpolitico.mx\\\/\",\"name\":\"\",\"description\":\"\",\"potentialAction\":[{\"@type\":\"SearchAction\",\"target\":{\"@type\":\"EntryPoint\",\"urlTemplate\":\"https:\\\/\\\/quehacerpolitico.mx\\\/?s={search_term_string}\"},\"query-input\":{\"@type\":\"PropertyValueSpecification\",\"valueRequired\":true,\"valueName\":\"search_term_string\"}}],\"inLanguage\":\"es\"},{\"@type\":\"Person\",\"@id\":\"https:\\\/\\\/quehacerpolitico.mx\\\/#\\\/schema\\\/person\\\/496d8ad2d1d3f8036101dca7ee39e585\",\"name\":\"Redacci\u00f3n QP\",\"image\":{\"@type\":\"ImageObject\",\"inLanguage\":\"es\",\"@id\":\"https:\\\/\\\/secure.gravatar.com\\\/avatar\\\/c7164ed6fdec453195284ad24a5ae5b6e1eed2b848477fa2a4787ba9adf39a41?s=96&d=mm&r=g\",\"url\":\"https:\\\/\\\/secure.gravatar.com\\\/avatar\\\/c7164ed6fdec453195284ad24a5ae5b6e1eed2b848477fa2a4787ba9adf39a41?s=96&d=mm&r=g\",\"contentUrl\":\"https:\\\/\\\/secure.gravatar.com\\\/avatar\\\/c7164ed6fdec453195284ad24a5ae5b6e1eed2b848477fa2a4787ba9adf39a41?s=96&d=mm&r=g\",\"caption\":\"Redacci\u00f3n QP\"},\"url\":\"https:\\\/\\\/quehacerpolitico.mx\\\/?author=2\"}]}<\/script>\n<!-- \/ Yoast SEO plugin. -->","yoast_head_json":{"title":"\u00a1Habr\u00e1 conferencia vespertina para hablar sobre los libros de la SEP! a partir del martes, de 5 a 6 -","robots":{"index":"index","follow":"follow","max-snippet":"max-snippet:-1","max-image-preview":"max-image-preview:large","max-video-preview":"max-video-preview:-1"},"canonical":"https:\/\/quehacerpolitico.mx\/?p=103514","og_locale":"es_MX","og_type":"article","og_title":"\u00a1Habr\u00e1 conferencia vespertina para hablar sobre los libros de la SEP! a partir del martes, de 5 a 6 -","og_description":"Por Redacci\u00f3n QP L\u00f3pez Obrador dijo que con estas conferencias vespertinas se contestar\u00e1n todas las...","og_url":"https:\/\/quehacerpolitico.mx\/?p=103514","article_published_time":"2023-08-04T17:02:27+00:00","article_modified_time":"2023-08-04T17:02:31+00:00","og_image":[{"width":1284,"height":694,"url":"https:\/\/quehacerpolitico.mx\/wp-content\/uploads\/2023\/08\/IMG_9567.jpeg","type":"image\/jpeg"}],"author":"Redacci\u00f3n QP","twitter_card":"summary_large_image","twitter_misc":{"Escrito por":"Redacci\u00f3n QP","Tiempo de lectura":"2 minutos"},"schema":{"@context":"https:\/\/schema.org","@graph":[{"@type":"Article","@id":"https:\/\/quehacerpolitico.mx\/?p=103514#article","isPartOf":{"@id":"https:\/\/quehacerpolitico.mx\/?p=103514"},"author":{"name":"Redacci\u00f3n QP","@id":"https:\/\/quehacerpolitico.mx\/#\/schema\/person\/496d8ad2d1d3f8036101dca7ee39e585"},"headline":"\u00a1Habr\u00e1 conferencia vespertina para hablar sobre los libros de la SEP! a partir del martes, de 5 a 6","datePublished":"2023-08-04T17:02:27+00:00","dateModified":"2023-08-04T17:02:31+00:00","mainEntityOfPage":{"@id":"https:\/\/quehacerpolitico.mx\/?p=103514"},"wordCount":510,"commentCount":0,"image":{"@id":"https:\/\/quehacerpolitico.mx\/?p=103514#primaryimage"},"thumbnailUrl":"https:\/\/quehacerpolitico.mx\/wp-content\/uploads\/2023\/08\/IMG_9567.jpeg","articleSection":["Noticias"],"inLanguage":"es","potentialAction":[{"@type":"CommentAction","name":"Comment","target":["https:\/\/quehacerpolitico.mx\/?p=103514#respond"]}]},{"@type":"WebPage","@id":"https:\/\/quehacerpolitico.mx\/?p=103514","url":"https:\/\/quehacerpolitico.mx\/?p=103514","name":"\u00a1Habr\u00e1 conferencia vespertina para hablar sobre los libros de la SEP! a partir del martes, de 5 a 6 -","isPartOf":{"@id":"https:\/\/quehacerpolitico.mx\/#website"},"primaryImageOfPage":{"@id":"https:\/\/quehacerpolitico.mx\/?p=103514#primaryimage"},"image":{"@id":"https:\/\/quehacerpolitico.mx\/?p=103514#primaryimage"},"thumbnailUrl":"https:\/\/quehacerpolitico.mx\/wp-content\/uploads\/2023\/08\/IMG_9567.jpeg","datePublished":"2023-08-04T17:02:27+00:00","dateModified":"2023-08-04T17:02:31+00:00","author":{"@id":"https:\/\/quehacerpolitico.mx\/#\/schema\/person\/496d8ad2d1d3f8036101dca7ee39e585"},"breadcrumb":{"@id":"https:\/\/quehacerpolitico.mx\/?p=103514#breadcrumb"},"inLanguage":"es","potentialAction":[{"@type":"ReadAction","target":["https:\/\/quehacerpolitico.mx\/?p=103514"]}]},{"@type":"ImageObject","inLanguage":"es","@id":"https:\/\/quehacerpolitico.mx\/?p=103514#primaryimage","url":"https:\/\/quehacerpolitico.mx\/wp-content\/uploads\/2023\/08\/IMG_9567.jpeg","contentUrl":"https:\/\/quehacerpolitico.mx\/wp-content\/uploads\/2023\/08\/IMG_9567.jpeg","width":1284,"height":694},{"@type":"BreadcrumbList","@id":"https:\/\/quehacerpolitico.mx\/?p=103514#breadcrumb","itemListElement":[{"@type":"ListItem","position":1,"name":"Inicio","item":"https:\/\/quehacerpolitico.mx\/"},{"@type":"ListItem","position":2,"name":"\u00a1Habr\u00e1 conferencia vespertina para hablar sobre los libros de la SEP! a partir del martes, de 5 a 6"}]},{"@type":"WebSite","@id":"https:\/\/quehacerpolitico.mx\/#website","url":"https:\/\/quehacerpolitico.mx\/","name":"","description":"","potentialAction":[{"@type":"SearchAction","target":{"@type":"EntryPoint","urlTemplate":"https:\/\/quehacerpolitico.mx\/?s={search_term_string}"},"query-input":{"@type":"PropertyValueSpecification","valueRequired":true,"valueName":"search_term_string"}}],"inLanguage":"es"},{"@type":"Person","@id":"https:\/\/quehacerpolitico.mx\/#\/schema\/person\/496d8ad2d1d3f8036101dca7ee39e585","name":"Redacci\u00f3n QP","image":{"@type":"ImageObject","inLanguage":"es","@id":"https:\/\/secure.gravatar.com\/avatar\/c7164ed6fdec453195284ad24a5ae5b6e1eed2b848477fa2a4787ba9adf39a41?s=96&d=mm&r=g","url":"https:\/\/secure.gravatar.com\/avatar\/c7164ed6fdec453195284ad24a5ae5b6e1eed2b848477fa2a4787ba9adf39a41?s=96&d=mm&r=g","contentUrl":"https:\/\/secure.gravatar.com\/avatar\/c7164ed6fdec453195284ad24a5ae5b6e1eed2b848477fa2a4787ba9adf39a41?s=96&d=mm&r=g","caption":"Redacci\u00f3n QP"},"url":"https:\/\/quehacerpolitico.mx\/?author=2"}]}},"featured_image_urls":{"full":["https:\/\/quehacerpolitico.mx\/wp-content\/uploads\/2023\/08\/IMG_9567.jpeg",1284,694,false],"thumbnail":["https:\/\/quehacerpolitico.mx\/wp-content\/uploads\/2023\/08\/IMG_9567-150x150.jpeg",150,150,true],"medium":["https:\/\/quehacerpolitico.mx\/wp-content\/uploads\/2023\/08\/IMG_9567-300x162.jpeg",300,162,true],"medium_large":["https:\/\/quehacerpolitico.mx\/wp-content\/uploads\/2023\/08\/IMG_9567-768x415.jpeg",640,346,true],"large":["https:\/\/quehacerpolitico.mx\/wp-content\/uploads\/2023\/08\/IMG_9567-1024x553.jpeg",640,346,true],"1536x1536":["https:\/\/quehacerpolitico.mx\/wp-content\/uploads\/2023\/08\/IMG_9567.jpeg",1284,694,false],"2048x2048":["https:\/\/quehacerpolitico.mx\/wp-content\/uploads\/2023\/08\/IMG_9567.jpeg",1284,694,false],"covernews-featured":["https:\/\/quehacerpolitico.mx\/wp-content\/uploads\/2023\/08\/IMG_9567.jpeg",1024,553,false],"covernews-medium":["https:\/\/quehacerpolitico.mx\/wp-content\/uploads\/2023\/08\/IMG_9567.jpeg",540,292,false]},"author_info":{"display_name":"Redacci\u00f3n QP","author_link":"https:\/\/quehacerpolitico.mx\/?author=2"},"category_info":"<a href=\"https:\/\/quehacerpolitico.mx\/?cat=2\" rel=\"category\">Noticias<\/a>","tag_info":"Noticias","comment_count":"0","_links":{"self":[{"href":"https:\/\/quehacerpolitico.mx\/index.php?rest_route=\/wp\/v2\/posts\/103514","targetHints":{"allow":["GET"]}}],"collection":[{"href":"https:\/\/quehacerpolitico.mx\/index.php?rest_route=\/wp\/v2\/posts"}],"about":[{"href":"https:\/\/quehacerpolitico.mx\/index.php?rest_route=\/wp\/v2\/types\/post"}],"author":[{"embeddable":true,"href":"https:\/\/quehacerpolitico.mx\/index.php?rest_route=\/wp\/v2\/users\/2"}],"replies":[{"embeddable":true,"href":"https:\/\/quehacerpolitico.mx\/index.php?rest_route=%2Fwp%2Fv2%2Fcomments&post=103514"}],"version-history":[{"count":1,"href":"https:\/\/quehacerpolitico.mx\/index.php?rest_route=\/wp\/v2\/posts\/103514\/revisions"}],"predecessor-version":[{"id":103516,"href":"https:\/\/quehacerpolitico.mx\/index.php?rest_route=\/wp\/v2\/posts\/103514\/revisions\/103516"}],"wp:featuredmedia":[{"embeddable":true,"href":"https:\/\/quehacerpolitico.mx\/index.php?rest_route=\/wp\/v2\/media\/103515"}],"wp:attachment":[{"href":"https:\/\/quehacerpolitico.mx\/index.php?rest_route=%2Fwp%2Fv2%2Fmedia&parent=103514"}],"wp:term":[{"taxonomy":"category","embeddable":true,"href":"https:\/\/quehacerpolitico.mx\/index.php?rest_route=%2Fwp%2Fv2%2Fcategories&post=103514"},{"taxonomy":"post_tag","embeddable":true,"href":"https:\/\/quehacerpolitico.mx\/index.php?rest_route=%2Fwp%2Fv2%2Ftags&post=103514"}],"curies":[{"name":"wp","href":"https:\/\/api.w.org\/{rel}","templated":true}]}}