{"id":103406,"date":"2023-08-01T16:48:08","date_gmt":"2023-08-01T16:48:08","guid":{"rendered":"https:\/\/quehacerpolitico.mx\/?p=103406"},"modified":"2023-08-01T16:48:12","modified_gmt":"2023-08-01T16:48:12","slug":"el-presidente-lopez-obrador-dejo-en-claro-que-el-nuevo-censo-que-realiza-su-gobierno-sobre-desaparecidos-en-el-pais-revela-una-disminucion","status":"publish","type":"post","link":"https:\/\/quehacerpolitico.mx\/?p=103406","title":{"rendered":"El presidente Lopez Obrador dej\u00f3 en claro que\u00a0 el\u00a0nuevo censo\u00a0que realiza su Gobierno sobre\u00a0desaparecidos\u00a0en el pa\u00eds revela una\u00a0disminuci\u00f3n"},"content":{"rendered":"\n<p>Por Redacci\u00f3n QP<\/p>\n\n\n\n<p>El presidente L\u00f3pez Obrador asever\u00f3 que este censo de desaparecidos en la Rep\u00fablica Mexicana se est\u00e1 realizando casa por casa<\/p>\n\n\n\n<p><strong>Andres Manuel L\u00f3pez Obrador<\/strong>, presidente de M\u00e9xico, dej\u00f3 en claro que\u00a0 el\u00a0<strong>nuevo censo<\/strong>\u00a0que realiza su Gobierno sobre\u00a0<strong>desaparecidos<\/strong>\u00a0en el pa\u00eds revela una\u00a0<strong>disminuci\u00f3n<\/strong>\u00a0de los casos en un \u201c<strong>porcentaje considerable<\/strong>\u201c.<\/p>\n\n\n\n<p>En la conferencia matutina de Palacio Nacional, L\u00f3pez Obrador asever\u00f3 que este censo de&nbsp;<strong>personas desaparecidas<\/strong>&nbsp;se est\u00e1 realizando casa por casa.<\/p>\n\n\n\n<p>\u201cQue los familiares nos ayuden, porque s\u00ed se est\u00e1n visitando las casas. Afortunadamente, cosa que no da mucho gusto, personas que se declaraban desaparecidas se est\u00e1n encontrando, en un porcentaje considerable, que es lo que queremos dar a conocer m\u00e1s adelante cuando terminemos de hace el censo, pero ese es el m\u00e9todo principal: la visita a las casas, hablar con los familiares. No se trata de hacer da\u00f1o a nadie a contrario\u201d, indic\u00f3.<\/p>\n\n\n\n<figure class=\"wp-block-embed is-type-rich is-provider-twitter wp-block-embed-twitter\"><div class=\"wp-block-embed__wrapper\">\n<blockquote class=\"twitter-tweet\" data-width=\"550\" data-dnt=\"true\"><p lang=\"es\" dir=\"ltr\">Insiste que las personas desaparecidas en su sexenio son menos a las que se dicen sus adversarios, por eso el censo casa por casa, reiter\u00f3 que la b\u00fasqueda sigue y que no hay l\u00edmite de presupuesto para todo lo que se necesite \ud83e\udd86 <a href=\"https:\/\/t.co\/oJBjV0D8H2\">pic.twitter.com\/oJBjV0D8H2<\/a><\/p>&mdash; Avi \ud83e\udd86 (@avieu) <a href=\"https:\/\/twitter.com\/avieu\/status\/1686392397478146049?ref_src=twsrc%5Etfw\">August 1, 2023<\/a><\/blockquote><script async src=\"https:\/\/platform.twitter.com\/widgets.js\" charset=\"utf-8\"><\/script>\n<\/div><\/figure>\n\n\n\n<p>Es que s\u00ed hay una disminuci\u00f3n (en el n\u00famero de personas desaparecidas), lo que sucedi\u00f3 es que no se actualizaban los datos\u201d, se\u00f1al\u00f3.<\/p>\n\n\n\n<p>Al mandatario mexicano le llam\u00f3 la atenci\u00f3n que hab\u00eda m\u00e1s desaparecidos en su Gobierno que en la Administraci\u00f3n de\u00a0<strong>Felipe Calder\u00f3n<\/strong>\u00a0(2006-2012), cuando se declar\u00f3 la guerra al crimen organizado.<\/p>\n\n\n\n<p>Se empezaron a dar cifras y nos llama la atenci\u00f3n que hab\u00eda m\u00e1s desaparecidos en tiempo nuestro que en todo el tiempo de los anteriores Gobiernos. Imag\u00ednense, nos comparaban y ten\u00edamos m\u00e1s desaparecidos que en la \u00e9poca de la guerra de (Felipe) Calder\u00f3n y lo estaban usando nuestros adversarios, ya ven que esos est\u00e1n al acecho y no les importa lucrar con el dolor ajeno, son tiempos de zopilotes\u201d, manifest\u00f3.<\/p>\n\n\n\n<p>\u201cEntonces ped\u00ed una informaci\u00f3n sobre esto y llegamos a la conclusi\u00f3n de que los censos no estaban actualizados y que ten\u00edamos que hacer un nuevo censo, una revisi\u00f3n casa por casa y lo estamos haciendo en todo el pa\u00eds, afortunadamente estamos encontrando a mucha gente que aparec\u00eda en los registros como ausente, desaparecida\u201d, subray\u00f3.<\/p>\n\n\n\n<p>\u201cEntonces a lo mejor eso no les gusta, como muchas otras cosas, a nuestros adversarios, pero les ofrecemos disculpas por las obras que estamos realizando, ya sabemos que no les gustan muchas cosas, casi nada de lo que hacemos, pero tenemos el derecho a la defensa, a la r\u00e9plica, a informar, y eso es lo que se est\u00e1 haciendo\u201d, agreg\u00f3.<\/p>\n\n\n\n<p><strong>Colectivos<\/strong>\u00a0que integran el\u00a0<strong>Movimiento por Nuestros Desaparecidos M\u00e9xico<\/strong>\u00a0(MNDM)\u00a0pidieron en un comunicado al presidente\u00a0<strong>Andr\u00e9s Manuel\u00a0<\/strong>Lopez Obrador <strong>suspender<\/strong>\u00a0el\u00a0<strong>censo<\/strong>\u00a0sobre\u00a0<strong>personas desaparecidas<\/strong>\u00a0en el pa\u00eds.<\/p>\n\n\n\n<p>Lo anterior hasta que se explique su metodolog\u00eda y se realicen consultas a las familias, adem\u00e1s de que consideraron que hasta ahora el m\u00e9todo para llevarlo a cabo es revictimizante.<\/p>\n\n\n\n<p>Seg\u00fan se apunt\u00f3 en el comunicado, la estrategia del Gobierno est\u00e1 dise\u00f1ada para confirmar solo aquellos casos en los que se presume localizaci\u00f3n con la intenci\u00f3n de disminuir la cifra de personas desaparecidas del&nbsp;<strong>Registro Nacional de Personas Desaparecidas y No Localizadas<\/strong>&nbsp;(<strong>RNPDNO<\/strong>).<\/p>\n\n\n\n<p>Con base en el registro de vacunaci\u00f3n y nombres de desaparecidos, familias han recibido visitas de las Comisiones de B\u00fasqueda y otros servidores p\u00fablicos para consultar si sus seres queridos han sido localizados.<\/p>\n","protected":false},"excerpt":{"rendered":"<p>Por Redacci\u00f3n QP El presidente L\u00f3pez Obrador asever\u00f3 que este censo de desaparecidos en la&#8230;<\/p>\n","protected":false},"author":2,"featured_media":103407,"comment_status":"open","ping_status":"open","sticky":false,"template":"","format":"standard","meta":{"_monsterinsights_skip_tracking":false,"_monsterinsights_sitenote_active":false,"_monsterinsights_sitenote_note":"","_monsterinsights_sitenote_category":0,"footnotes":""},"categories":[2],"tags":[],"class_list":["post-103406","post","type-post","status-publish","format-standard","has-post-thumbnail","hentry","category-noticias"],"yoast_head":"<!-- This site is optimized with the Yoast SEO plugin v27.3 - https:\/\/yoast.com\/product\/yoast-seo-wordpress\/ -->\n<title>El presidente Lopez Obrador dej\u00f3 en claro que\u00a0 el\u00a0nuevo censo\u00a0que realiza su Gobierno sobre\u00a0desaparecidos\u00a0en el pa\u00eds revela una\u00a0disminuci\u00f3n -<\/title>\n<meta name=\"robots\" content=\"index, follow, max-snippet:-1, max-image-preview:large, max-video-preview:-1\" \/>\n<link rel=\"canonical\" href=\"https:\/\/quehacerpolitico.mx\/?p=103406\" \/>\n<meta property=\"og:locale\" content=\"es_MX\" \/>\n<meta property=\"og:type\" content=\"article\" \/>\n<meta property=\"og:title\" content=\"El presidente Lopez Obrador dej\u00f3 en claro que\u00a0 el\u00a0nuevo censo\u00a0que realiza su Gobierno sobre\u00a0desaparecidos\u00a0en el pa\u00eds revela una\u00a0disminuci\u00f3n -\" \/>\n<meta property=\"og:description\" content=\"Por Redacci\u00f3n QP El presidente L\u00f3pez Obrador asever\u00f3 que este censo de desaparecidos en la...\" \/>\n<meta property=\"og:url\" content=\"https:\/\/quehacerpolitico.mx\/?p=103406\" \/>\n<meta property=\"article:published_time\" content=\"2023-08-01T16:48:08+00:00\" \/>\n<meta property=\"article:modified_time\" content=\"2023-08-01T16:48:12+00:00\" \/>\n<meta property=\"og:image\" content=\"https:\/\/quehacerpolitico.mx\/wp-content\/uploads\/2023\/08\/IMG_9473.jpeg\" \/>\n\t<meta property=\"og:image:width\" content=\"1284\" \/>\n\t<meta property=\"og:image:height\" content=\"694\" \/>\n\t<meta property=\"og:image:type\" content=\"image\/jpeg\" \/>\n<meta name=\"author\" content=\"Redacci\u00f3n QP\" \/>\n<meta name=\"twitter:card\" content=\"summary_large_image\" \/>\n<meta name=\"twitter:label1\" content=\"Escrito por\" \/>\n\t<meta name=\"twitter:data1\" content=\"Redacci\u00f3n QP\" \/>\n\t<meta name=\"twitter:label2\" content=\"Tiempo de lectura\" \/>\n\t<meta name=\"twitter:data2\" content=\"3 minutos\" \/>\n<script type=\"application\/ld+json\" class=\"yoast-schema-graph\">{\"@context\":\"https:\\\/\\\/schema.org\",\"@graph\":[{\"@type\":\"Article\",\"@id\":\"https:\\\/\\\/quehacerpolitico.mx\\\/?p=103406#article\",\"isPartOf\":{\"@id\":\"https:\\\/\\\/quehacerpolitico.mx\\\/?p=103406\"},\"author\":{\"name\":\"Redacci\u00f3n QP\",\"@id\":\"https:\\\/\\\/quehacerpolitico.mx\\\/#\\\/schema\\\/person\\\/496d8ad2d1d3f8036101dca7ee39e585\"},\"headline\":\"El presidente Lopez Obrador dej\u00f3 en claro que\u00a0 el\u00a0nuevo censo\u00a0que realiza su Gobierno sobre\u00a0desaparecidos\u00a0en el pa\u00eds revela una\u00a0disminuci\u00f3n\",\"datePublished\":\"2023-08-01T16:48:08+00:00\",\"dateModified\":\"2023-08-01T16:48:12+00:00\",\"mainEntityOfPage\":{\"@id\":\"https:\\\/\\\/quehacerpolitico.mx\\\/?p=103406\"},\"wordCount\":612,\"commentCount\":0,\"image\":{\"@id\":\"https:\\\/\\\/quehacerpolitico.mx\\\/?p=103406#primaryimage\"},\"thumbnailUrl\":\"https:\\\/\\\/quehacerpolitico.mx\\\/wp-content\\\/uploads\\\/2023\\\/08\\\/IMG_9473.jpeg\",\"articleSection\":[\"Noticias\"],\"inLanguage\":\"es\",\"potentialAction\":[{\"@type\":\"CommentAction\",\"name\":\"Comment\",\"target\":[\"https:\\\/\\\/quehacerpolitico.mx\\\/?p=103406#respond\"]}]},{\"@type\":\"WebPage\",\"@id\":\"https:\\\/\\\/quehacerpolitico.mx\\\/?p=103406\",\"url\":\"https:\\\/\\\/quehacerpolitico.mx\\\/?p=103406\",\"name\":\"El presidente Lopez Obrador dej\u00f3 en claro que\u00a0 el\u00a0nuevo censo\u00a0que realiza su Gobierno sobre\u00a0desaparecidos\u00a0en el pa\u00eds revela una\u00a0disminuci\u00f3n -\",\"isPartOf\":{\"@id\":\"https:\\\/\\\/quehacerpolitico.mx\\\/#website\"},\"primaryImageOfPage\":{\"@id\":\"https:\\\/\\\/quehacerpolitico.mx\\\/?p=103406#primaryimage\"},\"image\":{\"@id\":\"https:\\\/\\\/quehacerpolitico.mx\\\/?p=103406#primaryimage\"},\"thumbnailUrl\":\"https:\\\/\\\/quehacerpolitico.mx\\\/wp-content\\\/uploads\\\/2023\\\/08\\\/IMG_9473.jpeg\",\"datePublished\":\"2023-08-01T16:48:08+00:00\",\"dateModified\":\"2023-08-01T16:48:12+00:00\",\"author\":{\"@id\":\"https:\\\/\\\/quehacerpolitico.mx\\\/#\\\/schema\\\/person\\\/496d8ad2d1d3f8036101dca7ee39e585\"},\"breadcrumb\":{\"@id\":\"https:\\\/\\\/quehacerpolitico.mx\\\/?p=103406#breadcrumb\"},\"inLanguage\":\"es\",\"potentialAction\":[{\"@type\":\"ReadAction\",\"target\":[\"https:\\\/\\\/quehacerpolitico.mx\\\/?p=103406\"]}]},{\"@type\":\"ImageObject\",\"inLanguage\":\"es\",\"@id\":\"https:\\\/\\\/quehacerpolitico.mx\\\/?p=103406#primaryimage\",\"url\":\"https:\\\/\\\/quehacerpolitico.mx\\\/wp-content\\\/uploads\\\/2023\\\/08\\\/IMG_9473.jpeg\",\"contentUrl\":\"https:\\\/\\\/quehacerpolitico.mx\\\/wp-content\\\/uploads\\\/2023\\\/08\\\/IMG_9473.jpeg\",\"width\":1284,\"height\":694},{\"@type\":\"BreadcrumbList\",\"@id\":\"https:\\\/\\\/quehacerpolitico.mx\\\/?p=103406#breadcrumb\",\"itemListElement\":[{\"@type\":\"ListItem\",\"position\":1,\"name\":\"Inicio\",\"item\":\"https:\\\/\\\/quehacerpolitico.mx\\\/\"},{\"@type\":\"ListItem\",\"position\":2,\"name\":\"El presidente Lopez Obrador dej\u00f3 en claro que\u00a0 el\u00a0nuevo censo\u00a0que realiza su Gobierno sobre\u00a0desaparecidos\u00a0en el pa\u00eds revela una\u00a0disminuci\u00f3n\"}]},{\"@type\":\"WebSite\",\"@id\":\"https:\\\/\\\/quehacerpolitico.mx\\\/#website\",\"url\":\"https:\\\/\\\/quehacerpolitico.mx\\\/\",\"name\":\"\",\"description\":\"\",\"potentialAction\":[{\"@type\":\"SearchAction\",\"target\":{\"@type\":\"EntryPoint\",\"urlTemplate\":\"https:\\\/\\\/quehacerpolitico.mx\\\/?s={search_term_string}\"},\"query-input\":{\"@type\":\"PropertyValueSpecification\",\"valueRequired\":true,\"valueName\":\"search_term_string\"}}],\"inLanguage\":\"es\"},{\"@type\":\"Person\",\"@id\":\"https:\\\/\\\/quehacerpolitico.mx\\\/#\\\/schema\\\/person\\\/496d8ad2d1d3f8036101dca7ee39e585\",\"name\":\"Redacci\u00f3n QP\",\"image\":{\"@type\":\"ImageObject\",\"inLanguage\":\"es\",\"@id\":\"https:\\\/\\\/secure.gravatar.com\\\/avatar\\\/c7164ed6fdec453195284ad24a5ae5b6e1eed2b848477fa2a4787ba9adf39a41?s=96&d=mm&r=g\",\"url\":\"https:\\\/\\\/secure.gravatar.com\\\/avatar\\\/c7164ed6fdec453195284ad24a5ae5b6e1eed2b848477fa2a4787ba9adf39a41?s=96&d=mm&r=g\",\"contentUrl\":\"https:\\\/\\\/secure.gravatar.com\\\/avatar\\\/c7164ed6fdec453195284ad24a5ae5b6e1eed2b848477fa2a4787ba9adf39a41?s=96&d=mm&r=g\",\"caption\":\"Redacci\u00f3n QP\"},\"url\":\"https:\\\/\\\/quehacerpolitico.mx\\\/?author=2\"}]}<\/script>\n<!-- \/ Yoast SEO plugin. -->","yoast_head_json":{"title":"El presidente Lopez Obrador dej\u00f3 en claro que\u00a0 el\u00a0nuevo censo\u00a0que realiza su Gobierno sobre\u00a0desaparecidos\u00a0en el pa\u00eds revela una\u00a0disminuci\u00f3n -","robots":{"index":"index","follow":"follow","max-snippet":"max-snippet:-1","max-image-preview":"max-image-preview:large","max-video-preview":"max-video-preview:-1"},"canonical":"https:\/\/quehacerpolitico.mx\/?p=103406","og_locale":"es_MX","og_type":"article","og_title":"El presidente Lopez Obrador dej\u00f3 en claro que\u00a0 el\u00a0nuevo censo\u00a0que realiza su Gobierno sobre\u00a0desaparecidos\u00a0en el pa\u00eds revela una\u00a0disminuci\u00f3n -","og_description":"Por Redacci\u00f3n QP El presidente L\u00f3pez Obrador asever\u00f3 que este censo de desaparecidos en la...","og_url":"https:\/\/quehacerpolitico.mx\/?p=103406","article_published_time":"2023-08-01T16:48:08+00:00","article_modified_time":"2023-08-01T16:48:12+00:00","og_image":[{"width":1284,"height":694,"url":"https:\/\/quehacerpolitico.mx\/wp-content\/uploads\/2023\/08\/IMG_9473.jpeg","type":"image\/jpeg"}],"author":"Redacci\u00f3n QP","twitter_card":"summary_large_image","twitter_misc":{"Escrito por":"Redacci\u00f3n QP","Tiempo de lectura":"3 minutos"},"schema":{"@context":"https:\/\/schema.org","@graph":[{"@type":"Article","@id":"https:\/\/quehacerpolitico.mx\/?p=103406#article","isPartOf":{"@id":"https:\/\/quehacerpolitico.mx\/?p=103406"},"author":{"name":"Redacci\u00f3n QP","@id":"https:\/\/quehacerpolitico.mx\/#\/schema\/person\/496d8ad2d1d3f8036101dca7ee39e585"},"headline":"El presidente Lopez Obrador dej\u00f3 en claro que\u00a0 el\u00a0nuevo censo\u00a0que realiza su Gobierno sobre\u00a0desaparecidos\u00a0en el pa\u00eds revela una\u00a0disminuci\u00f3n","datePublished":"2023-08-01T16:48:08+00:00","dateModified":"2023-08-01T16:48:12+00:00","mainEntityOfPage":{"@id":"https:\/\/quehacerpolitico.mx\/?p=103406"},"wordCount":612,"commentCount":0,"image":{"@id":"https:\/\/quehacerpolitico.mx\/?p=103406#primaryimage"},"thumbnailUrl":"https:\/\/quehacerpolitico.mx\/wp-content\/uploads\/2023\/08\/IMG_9473.jpeg","articleSection":["Noticias"],"inLanguage":"es","potentialAction":[{"@type":"CommentAction","name":"Comment","target":["https:\/\/quehacerpolitico.mx\/?p=103406#respond"]}]},{"@type":"WebPage","@id":"https:\/\/quehacerpolitico.mx\/?p=103406","url":"https:\/\/quehacerpolitico.mx\/?p=103406","name":"El presidente Lopez Obrador dej\u00f3 en claro que\u00a0 el\u00a0nuevo censo\u00a0que realiza su Gobierno sobre\u00a0desaparecidos\u00a0en el pa\u00eds revela una\u00a0disminuci\u00f3n -","isPartOf":{"@id":"https:\/\/quehacerpolitico.mx\/#website"},"primaryImageOfPage":{"@id":"https:\/\/quehacerpolitico.mx\/?p=103406#primaryimage"},"image":{"@id":"https:\/\/quehacerpolitico.mx\/?p=103406#primaryimage"},"thumbnailUrl":"https:\/\/quehacerpolitico.mx\/wp-content\/uploads\/2023\/08\/IMG_9473.jpeg","datePublished":"2023-08-01T16:48:08+00:00","dateModified":"2023-08-01T16:48:12+00:00","author":{"@id":"https:\/\/quehacerpolitico.mx\/#\/schema\/person\/496d8ad2d1d3f8036101dca7ee39e585"},"breadcrumb":{"@id":"https:\/\/quehacerpolitico.mx\/?p=103406#breadcrumb"},"inLanguage":"es","potentialAction":[{"@type":"ReadAction","target":["https:\/\/quehacerpolitico.mx\/?p=103406"]}]},{"@type":"ImageObject","inLanguage":"es","@id":"https:\/\/quehacerpolitico.mx\/?p=103406#primaryimage","url":"https:\/\/quehacerpolitico.mx\/wp-content\/uploads\/2023\/08\/IMG_9473.jpeg","contentUrl":"https:\/\/quehacerpolitico.mx\/wp-content\/uploads\/2023\/08\/IMG_9473.jpeg","width":1284,"height":694},{"@type":"BreadcrumbList","@id":"https:\/\/quehacerpolitico.mx\/?p=103406#breadcrumb","itemListElement":[{"@type":"ListItem","position":1,"name":"Inicio","item":"https:\/\/quehacerpolitico.mx\/"},{"@type":"ListItem","position":2,"name":"El presidente Lopez Obrador dej\u00f3 en claro que\u00a0 el\u00a0nuevo censo\u00a0que realiza su Gobierno sobre\u00a0desaparecidos\u00a0en el pa\u00eds revela una\u00a0disminuci\u00f3n"}]},{"@type":"WebSite","@id":"https:\/\/quehacerpolitico.mx\/#website","url":"https:\/\/quehacerpolitico.mx\/","name":"","description":"","potentialAction":[{"@type":"SearchAction","target":{"@type":"EntryPoint","urlTemplate":"https:\/\/quehacerpolitico.mx\/?s={search_term_string}"},"query-input":{"@type":"PropertyValueSpecification","valueRequired":true,"valueName":"search_term_string"}}],"inLanguage":"es"},{"@type":"Person","@id":"https:\/\/quehacerpolitico.mx\/#\/schema\/person\/496d8ad2d1d3f8036101dca7ee39e585","name":"Redacci\u00f3n QP","image":{"@type":"ImageObject","inLanguage":"es","@id":"https:\/\/secure.gravatar.com\/avatar\/c7164ed6fdec453195284ad24a5ae5b6e1eed2b848477fa2a4787ba9adf39a41?s=96&d=mm&r=g","url":"https:\/\/secure.gravatar.com\/avatar\/c7164ed6fdec453195284ad24a5ae5b6e1eed2b848477fa2a4787ba9adf39a41?s=96&d=mm&r=g","contentUrl":"https:\/\/secure.gravatar.com\/avatar\/c7164ed6fdec453195284ad24a5ae5b6e1eed2b848477fa2a4787ba9adf39a41?s=96&d=mm&r=g","caption":"Redacci\u00f3n QP"},"url":"https:\/\/quehacerpolitico.mx\/?author=2"}]}},"featured_image_urls":{"full":["https:\/\/quehacerpolitico.mx\/wp-content\/uploads\/2023\/08\/IMG_9473.jpeg",1284,694,false],"thumbnail":["https:\/\/quehacerpolitico.mx\/wp-content\/uploads\/2023\/08\/IMG_9473-150x150.jpeg",150,150,true],"medium":["https:\/\/quehacerpolitico.mx\/wp-content\/uploads\/2023\/08\/IMG_9473-300x162.jpeg",300,162,true],"medium_large":["https:\/\/quehacerpolitico.mx\/wp-content\/uploads\/2023\/08\/IMG_9473-768x415.jpeg",640,346,true],"large":["https:\/\/quehacerpolitico.mx\/wp-content\/uploads\/2023\/08\/IMG_9473-1024x553.jpeg",640,346,true],"1536x1536":["https:\/\/quehacerpolitico.mx\/wp-content\/uploads\/2023\/08\/IMG_9473.jpeg",1284,694,false],"2048x2048":["https:\/\/quehacerpolitico.mx\/wp-content\/uploads\/2023\/08\/IMG_9473.jpeg",1284,694,false],"covernews-featured":["https:\/\/quehacerpolitico.mx\/wp-content\/uploads\/2023\/08\/IMG_9473.jpeg",1024,553,false],"covernews-medium":["https:\/\/quehacerpolitico.mx\/wp-content\/uploads\/2023\/08\/IMG_9473.jpeg",540,292,false]},"author_info":{"display_name":"Redacci\u00f3n QP","author_link":"https:\/\/quehacerpolitico.mx\/?author=2"},"category_info":"<a href=\"https:\/\/quehacerpolitico.mx\/?cat=2\" rel=\"category\">Noticias<\/a>","tag_info":"Noticias","comment_count":"0","_links":{"self":[{"href":"https:\/\/quehacerpolitico.mx\/index.php?rest_route=\/wp\/v2\/posts\/103406","targetHints":{"allow":["GET"]}}],"collection":[{"href":"https:\/\/quehacerpolitico.mx\/index.php?rest_route=\/wp\/v2\/posts"}],"about":[{"href":"https:\/\/quehacerpolitico.mx\/index.php?rest_route=\/wp\/v2\/types\/post"}],"author":[{"embeddable":true,"href":"https:\/\/quehacerpolitico.mx\/index.php?rest_route=\/wp\/v2\/users\/2"}],"replies":[{"embeddable":true,"href":"https:\/\/quehacerpolitico.mx\/index.php?rest_route=%2Fwp%2Fv2%2Fcomments&post=103406"}],"version-history":[{"count":1,"href":"https:\/\/quehacerpolitico.mx\/index.php?rest_route=\/wp\/v2\/posts\/103406\/revisions"}],"predecessor-version":[{"id":103408,"href":"https:\/\/quehacerpolitico.mx\/index.php?rest_route=\/wp\/v2\/posts\/103406\/revisions\/103408"}],"wp:featuredmedia":[{"embeddable":true,"href":"https:\/\/quehacerpolitico.mx\/index.php?rest_route=\/wp\/v2\/media\/103407"}],"wp:attachment":[{"href":"https:\/\/quehacerpolitico.mx\/index.php?rest_route=%2Fwp%2Fv2%2Fmedia&parent=103406"}],"wp:term":[{"taxonomy":"category","embeddable":true,"href":"https:\/\/quehacerpolitico.mx\/index.php?rest_route=%2Fwp%2Fv2%2Fcategories&post=103406"},{"taxonomy":"post_tag","embeddable":true,"href":"https:\/\/quehacerpolitico.mx\/index.php?rest_route=%2Fwp%2Fv2%2Ftags&post=103406"}],"curies":[{"name":"wp","href":"https:\/\/api.w.org\/{rel}","templated":true}]}}