{"id":103403,"date":"2023-08-01T16:12:30","date_gmt":"2023-08-01T16:12:30","guid":{"rendered":"https:\/\/quehacerpolitico.mx\/?p=103403"},"modified":"2023-08-01T16:12:33","modified_gmt":"2023-08-01T16:12:33","slug":"el-subsecretario-de-salud-hugo-lopez-gatell-afirma-que-no-hay-situacion-de-alerta-por-covid19","status":"publish","type":"post","link":"https:\/\/quehacerpolitico.mx\/?p=103403","title":{"rendered":"El subsecretario de Salud, Hugo L\u00f3pez-Gatell afirma que no hay situaci\u00f3n de alerta por #COVID19"},"content":{"rendered":"\n<p>Por Redacci\u00f3n QP<\/p>\n\n\n\n<p>Aclara que coincide con el comunicado de la UNAM y acepta que hay un incremento en el n\u00famero de casos estimados.<\/p>\n\n\n\n<p>Hugo L\u00f3pez-Gatell, subsecretario de Salud, pidi\u00f3 \u201cno sobredimensionar\u201d el anuncio de la UNAM sobre el COVID-19 en M\u00e9xico<\/p>\n\n\n\n<p><strong>Hugo L\u00f3pez-Gatell<\/strong>, subsecretario de Salud federal, dej\u00f3 en claro que\u00a0<strong>no hay una situaci\u00f3n de alerta<\/strong>\u00a0por<strong>\u00a0COVID-19<\/strong>\u00a0en el pa\u00eds,\u00a0tras el anuncio de la\u00a0<strong>Universidad Nacional Aut\u00f3noma de M\u00e9xico<\/strong>\u00a0(<strong>UNAM<\/strong>), donde advirti\u00f3 en la previa a la poblaci\u00f3n mexicana por cambios en el comportamiento del virus en las \u00faltimas semanas.<\/p>\n\n\n\n<p>En la conferencia matutina de\u00a0<strong>Palacio Nacional<\/strong>, el zar del\u00a0<strong>coronavirus<\/strong>\u00a0en M\u00e9xico pidi\u00f3\u00a0<strong>no sobredimensionar<\/strong>\u00a0el anuncio de la\u00a0<strong>UNAM<\/strong>.<\/p>\n\n\n\n<p>\u201cEl comunicado que producen ayer tiene como principal enfoque el considerar la protecci\u00f3n de la comunidad universitaria en antelaci\u00f3n al muy pr\u00f3ximo inicio del ciclo escolar universitario\u201d, dijo.<\/p>\n\n\n\n<figure class=\"wp-block-embed is-type-rich is-provider-twitter wp-block-embed-twitter\"><div class=\"wp-block-embed__wrapper\">\n<blockquote class=\"twitter-tweet\" data-width=\"550\" data-dnt=\"true\"><p lang=\"es\" dir=\"ltr\">\ud83d\udea8<a href=\"https:\/\/twitter.com\/hashtag\/%C3%9ALTIMAHORA?src=hash&amp;ref_src=twsrc%5Etfw\">#\u00daLTIMAHORA<\/a> | El subsecretario de Salud, Hugo L\u00f3pez-Gatell afirma que no hay situaci\u00f3n de alerta por <a href=\"https:\/\/twitter.com\/hashtag\/COVID19?src=hash&amp;ref_src=twsrc%5Etfw\">#COVID19<\/a> <br><br>Aclara que coincide con el comunicado de la <a href=\"https:\/\/twitter.com\/UNAM_MX?ref_src=twsrc%5Etfw\">@UNAM_MX<\/a> y acepta que hay un incremento en el n\u00famero de casos estimados. <a href=\"https:\/\/t.co\/vY0ejgcVFM\">pic.twitter.com\/vY0ejgcVFM<\/a><\/p>&mdash; Ruido en la Red (@RuidoEnLaRed) <a href=\"https:\/\/twitter.com\/RuidoEnLaRed\/status\/1686374739319906307?ref_src=twsrc%5Etfw\">August 1, 2023<\/a><\/blockquote><script async src=\"https:\/\/platform.twitter.com\/widgets.js\" charset=\"utf-8\"><\/script>\n<\/div><\/figure>\n\n\n\n<p>Es muy importante no sobredimensionar, no exagerar la preocupaci\u00f3n sobre algo que muy claramente\u00a0 y objetivamente presenta la universidad\u201d, subray\u00f3.<\/p>\n\n\n\n<p><strong>L\u00f3pez-Gatell Ram\u00edrez<\/strong>&nbsp;reconoci\u00f3 un aumento en el n\u00famero de casos estimados por&nbsp;<strong>COVID-19<\/strong>, sin embargo, refiri\u00f3 que no han requerido hospitalizaci\u00f3n.<\/p>\n\n\n\n<p>\u201cNosotros coincidimos con su apreciaci\u00f3n (de la UNAM) que la situaci\u00f3n est\u00e1 en calma, lo que observan es que ha habido en algunas semanas recientes un incremento en el n\u00famero de casos registrados, de casos estimados, qui\u00e9n ha hecho esa estimaci\u00f3n la Secretar\u00eda de Salud federal\u201d, subray\u00f3.<\/p>\n\n\n\n<p>\u201cHemos notado, estamos en la semana 30 de 2023, durante las semanas 25, 26 y 27 tuvimos un aumento en el n\u00famero de casos estimados, y estos casos son fundamental ente los casos que no han requerido hospitalizaci\u00f3n. Por hospitalizaci\u00f3n hemos notado que no no recibieron esquema de vacunaci\u00f3n son quienes pueden estar ocupando estas camas, pero la ocupaci\u00f3n es m\u00ednima\u201d, puntualiz\u00f3.<\/p>\n\n\n\n<p>El IMSS en todas sus unidades tiene 19 personas hospitalizadas en todo el pa\u00eds, el porcentaje de ocupaci\u00f3n es menor al 2 por ciento en todos el sisTema nacional de salud y menor a 0.5 por ciento para laS personas que pueden estar en terapias intensivas, no hay ninguna situaci\u00f3n de alerta\u201d, argument\u00f3.<\/p>\n\n\n\n<p>El subsecretario de Salud descart\u00f3 por el momento hacer un llamado a la poblaci\u00f3n para que use de forma masiva el\u00a0<strong>cubrebocas<\/strong>.<\/p>\n\n\n\n<p>\u201cNo est\u00e1 mal que lo usen, no hay un problema que lo use, pero tampoco estamos haciendo una recomendaci\u00f3n de uso masivo, intensivo\u201d, explic\u00f3.<\/p>\n\n\n\n<p>\u201cHay que tomar en cuenta que viene toda la temporada invernal y la tolerancia de las personas, la fatiga la que se pueden encontrar las personas por estar usando el cubrebocas podr\u00eda llevarles a que dejen de usarlo justo cuando es m\u00e1s necesario\u201d, declar\u00f3 en el Sal\u00f3. Tesorer\u00eda.<\/p>\n\n\n\n<p>La&nbsp;<strong>Universidad Nacional Aut\u00f3noma de M\u00e9xico<\/strong>&nbsp;(<strong>UNAM<\/strong>) alert\u00f3 a la poblaci\u00f3n mexicana por los&nbsp;<strong>cambios<\/strong>&nbsp;en el&nbsp;<strong>comportamiento<\/strong>&nbsp;del virus&nbsp;<strong>COVID-19<\/strong>.<\/p>\n\n\n\n<p>En un comunicado difundido en\u00a0redes sociales, la UNAM asegura que la situaci\u00f3n del COVID-19 en M\u00e9xico \u201cse encuentra en relativa calma y condiciones generales favorables\u201d, sin embargo, emiti\u00f3 una serie de recomendaciones para la prevenci\u00f3n de contagios y complicaciones derivadas del virus.<\/p>\n\n\n\n<p>Adem\u00e1s, la UNAM recomend\u00f3 que el cubrebocas debe usarse en las siguientes situaciones ante los cambios derivados de la propagaci\u00f3n del virus&nbsp;<strong>SARS-CoV-2<\/strong>:<\/p>\n\n\n\n<ul class=\"wp-block-list\">\n<li>Al permanecer con varias personas durante m\u00e1s de&nbsp;<strong>30 minutos en lugares cerrados con poca o nula ventilaci\u00f3n.<\/strong><\/li>\n\n\n\n<li>Incentivar el uso de cubrebocas de personas que laboren en lugares cerrados.<\/li>\n\n\n\n<li>Ante la presencia de s\u00edntomas o&nbsp;<strong>pruebas positivas de COVID-19<\/strong>&nbsp;avisar al responsable sanitario de la entidad o dependencia.<\/li>\n<\/ul>\n","protected":false},"excerpt":{"rendered":"<p>Por Redacci\u00f3n QP Aclara que coincide con el comunicado de la UNAM y acepta que&#8230;<\/p>\n","protected":false},"author":2,"featured_media":103404,"comment_status":"open","ping_status":"open","sticky":false,"template":"","format":"standard","meta":{"_monsterinsights_skip_tracking":false,"_monsterinsights_sitenote_active":false,"_monsterinsights_sitenote_note":"","_monsterinsights_sitenote_category":0,"footnotes":""},"categories":[2],"tags":[],"class_list":["post-103403","post","type-post","status-publish","format-standard","has-post-thumbnail","hentry","category-noticias"],"yoast_head":"<!-- This site is optimized with the Yoast SEO plugin v27.3 - https:\/\/yoast.com\/product\/yoast-seo-wordpress\/ -->\n<title>El subsecretario de Salud, Hugo L\u00f3pez-Gatell afirma que no hay situaci\u00f3n de alerta por #COVID19 -<\/title>\n<meta name=\"robots\" content=\"index, follow, max-snippet:-1, max-image-preview:large, max-video-preview:-1\" \/>\n<link rel=\"canonical\" href=\"https:\/\/quehacerpolitico.mx\/?p=103403\" \/>\n<meta property=\"og:locale\" content=\"es_MX\" \/>\n<meta property=\"og:type\" content=\"article\" \/>\n<meta property=\"og:title\" content=\"El subsecretario de Salud, Hugo L\u00f3pez-Gatell afirma que no hay situaci\u00f3n de alerta por #COVID19 -\" \/>\n<meta property=\"og:description\" content=\"Por Redacci\u00f3n QP Aclara que coincide con el comunicado de la UNAM y acepta que...\" \/>\n<meta property=\"og:url\" content=\"https:\/\/quehacerpolitico.mx\/?p=103403\" \/>\n<meta property=\"article:published_time\" content=\"2023-08-01T16:12:30+00:00\" \/>\n<meta property=\"article:modified_time\" content=\"2023-08-01T16:12:33+00:00\" \/>\n<meta property=\"og:image\" content=\"https:\/\/quehacerpolitico.mx\/wp-content\/uploads\/2023\/08\/IMG_9472.jpeg\" \/>\n\t<meta property=\"og:image:width\" content=\"1284\" \/>\n\t<meta property=\"og:image:height\" content=\"696\" \/>\n\t<meta property=\"og:image:type\" content=\"image\/jpeg\" \/>\n<meta name=\"author\" content=\"Redacci\u00f3n QP\" \/>\n<meta name=\"twitter:card\" content=\"summary_large_image\" \/>\n<meta name=\"twitter:label1\" content=\"Escrito por\" \/>\n\t<meta name=\"twitter:data1\" content=\"Redacci\u00f3n QP\" \/>\n\t<meta name=\"twitter:label2\" content=\"Tiempo de lectura\" \/>\n\t<meta name=\"twitter:data2\" content=\"3 minutos\" \/>\n<script type=\"application\/ld+json\" class=\"yoast-schema-graph\">{\"@context\":\"https:\\\/\\\/schema.org\",\"@graph\":[{\"@type\":\"Article\",\"@id\":\"https:\\\/\\\/quehacerpolitico.mx\\\/?p=103403#article\",\"isPartOf\":{\"@id\":\"https:\\\/\\\/quehacerpolitico.mx\\\/?p=103403\"},\"author\":{\"name\":\"Redacci\u00f3n QP\",\"@id\":\"https:\\\/\\\/quehacerpolitico.mx\\\/#\\\/schema\\\/person\\\/496d8ad2d1d3f8036101dca7ee39e585\"},\"headline\":\"El subsecretario de Salud, Hugo L\u00f3pez-Gatell afirma que no hay situaci\u00f3n de alerta por #COVID19\",\"datePublished\":\"2023-08-01T16:12:30+00:00\",\"dateModified\":\"2023-08-01T16:12:33+00:00\",\"mainEntityOfPage\":{\"@id\":\"https:\\\/\\\/quehacerpolitico.mx\\\/?p=103403\"},\"wordCount\":658,\"commentCount\":0,\"image\":{\"@id\":\"https:\\\/\\\/quehacerpolitico.mx\\\/?p=103403#primaryimage\"},\"thumbnailUrl\":\"https:\\\/\\\/quehacerpolitico.mx\\\/wp-content\\\/uploads\\\/2023\\\/08\\\/IMG_9472.jpeg\",\"articleSection\":[\"Noticias\"],\"inLanguage\":\"es\",\"potentialAction\":[{\"@type\":\"CommentAction\",\"name\":\"Comment\",\"target\":[\"https:\\\/\\\/quehacerpolitico.mx\\\/?p=103403#respond\"]}]},{\"@type\":\"WebPage\",\"@id\":\"https:\\\/\\\/quehacerpolitico.mx\\\/?p=103403\",\"url\":\"https:\\\/\\\/quehacerpolitico.mx\\\/?p=103403\",\"name\":\"El subsecretario de Salud, Hugo L\u00f3pez-Gatell afirma que no hay situaci\u00f3n de alerta por #COVID19 -\",\"isPartOf\":{\"@id\":\"https:\\\/\\\/quehacerpolitico.mx\\\/#website\"},\"primaryImageOfPage\":{\"@id\":\"https:\\\/\\\/quehacerpolitico.mx\\\/?p=103403#primaryimage\"},\"image\":{\"@id\":\"https:\\\/\\\/quehacerpolitico.mx\\\/?p=103403#primaryimage\"},\"thumbnailUrl\":\"https:\\\/\\\/quehacerpolitico.mx\\\/wp-content\\\/uploads\\\/2023\\\/08\\\/IMG_9472.jpeg\",\"datePublished\":\"2023-08-01T16:12:30+00:00\",\"dateModified\":\"2023-08-01T16:12:33+00:00\",\"author\":{\"@id\":\"https:\\\/\\\/quehacerpolitico.mx\\\/#\\\/schema\\\/person\\\/496d8ad2d1d3f8036101dca7ee39e585\"},\"breadcrumb\":{\"@id\":\"https:\\\/\\\/quehacerpolitico.mx\\\/?p=103403#breadcrumb\"},\"inLanguage\":\"es\",\"potentialAction\":[{\"@type\":\"ReadAction\",\"target\":[\"https:\\\/\\\/quehacerpolitico.mx\\\/?p=103403\"]}]},{\"@type\":\"ImageObject\",\"inLanguage\":\"es\",\"@id\":\"https:\\\/\\\/quehacerpolitico.mx\\\/?p=103403#primaryimage\",\"url\":\"https:\\\/\\\/quehacerpolitico.mx\\\/wp-content\\\/uploads\\\/2023\\\/08\\\/IMG_9472.jpeg\",\"contentUrl\":\"https:\\\/\\\/quehacerpolitico.mx\\\/wp-content\\\/uploads\\\/2023\\\/08\\\/IMG_9472.jpeg\",\"width\":1284,\"height\":696},{\"@type\":\"BreadcrumbList\",\"@id\":\"https:\\\/\\\/quehacerpolitico.mx\\\/?p=103403#breadcrumb\",\"itemListElement\":[{\"@type\":\"ListItem\",\"position\":1,\"name\":\"Inicio\",\"item\":\"https:\\\/\\\/quehacerpolitico.mx\\\/\"},{\"@type\":\"ListItem\",\"position\":2,\"name\":\"El subsecretario de Salud, Hugo L\u00f3pez-Gatell afirma que no hay situaci\u00f3n de alerta por #COVID19\"}]},{\"@type\":\"WebSite\",\"@id\":\"https:\\\/\\\/quehacerpolitico.mx\\\/#website\",\"url\":\"https:\\\/\\\/quehacerpolitico.mx\\\/\",\"name\":\"\",\"description\":\"\",\"potentialAction\":[{\"@type\":\"SearchAction\",\"target\":{\"@type\":\"EntryPoint\",\"urlTemplate\":\"https:\\\/\\\/quehacerpolitico.mx\\\/?s={search_term_string}\"},\"query-input\":{\"@type\":\"PropertyValueSpecification\",\"valueRequired\":true,\"valueName\":\"search_term_string\"}}],\"inLanguage\":\"es\"},{\"@type\":\"Person\",\"@id\":\"https:\\\/\\\/quehacerpolitico.mx\\\/#\\\/schema\\\/person\\\/496d8ad2d1d3f8036101dca7ee39e585\",\"name\":\"Redacci\u00f3n QP\",\"image\":{\"@type\":\"ImageObject\",\"inLanguage\":\"es\",\"@id\":\"https:\\\/\\\/secure.gravatar.com\\\/avatar\\\/c7164ed6fdec453195284ad24a5ae5b6e1eed2b848477fa2a4787ba9adf39a41?s=96&d=mm&r=g\",\"url\":\"https:\\\/\\\/secure.gravatar.com\\\/avatar\\\/c7164ed6fdec453195284ad24a5ae5b6e1eed2b848477fa2a4787ba9adf39a41?s=96&d=mm&r=g\",\"contentUrl\":\"https:\\\/\\\/secure.gravatar.com\\\/avatar\\\/c7164ed6fdec453195284ad24a5ae5b6e1eed2b848477fa2a4787ba9adf39a41?s=96&d=mm&r=g\",\"caption\":\"Redacci\u00f3n QP\"},\"url\":\"https:\\\/\\\/quehacerpolitico.mx\\\/?author=2\"}]}<\/script>\n<!-- \/ Yoast SEO plugin. -->","yoast_head_json":{"title":"El subsecretario de Salud, Hugo L\u00f3pez-Gatell afirma que no hay situaci\u00f3n de alerta por #COVID19 -","robots":{"index":"index","follow":"follow","max-snippet":"max-snippet:-1","max-image-preview":"max-image-preview:large","max-video-preview":"max-video-preview:-1"},"canonical":"https:\/\/quehacerpolitico.mx\/?p=103403","og_locale":"es_MX","og_type":"article","og_title":"El subsecretario de Salud, Hugo L\u00f3pez-Gatell afirma que no hay situaci\u00f3n de alerta por #COVID19 -","og_description":"Por Redacci\u00f3n QP Aclara que coincide con el comunicado de la UNAM y acepta que...","og_url":"https:\/\/quehacerpolitico.mx\/?p=103403","article_published_time":"2023-08-01T16:12:30+00:00","article_modified_time":"2023-08-01T16:12:33+00:00","og_image":[{"width":1284,"height":696,"url":"https:\/\/quehacerpolitico.mx\/wp-content\/uploads\/2023\/08\/IMG_9472.jpeg","type":"image\/jpeg"}],"author":"Redacci\u00f3n QP","twitter_card":"summary_large_image","twitter_misc":{"Escrito por":"Redacci\u00f3n QP","Tiempo de lectura":"3 minutos"},"schema":{"@context":"https:\/\/schema.org","@graph":[{"@type":"Article","@id":"https:\/\/quehacerpolitico.mx\/?p=103403#article","isPartOf":{"@id":"https:\/\/quehacerpolitico.mx\/?p=103403"},"author":{"name":"Redacci\u00f3n QP","@id":"https:\/\/quehacerpolitico.mx\/#\/schema\/person\/496d8ad2d1d3f8036101dca7ee39e585"},"headline":"El subsecretario de Salud, Hugo L\u00f3pez-Gatell afirma que no hay situaci\u00f3n de alerta por #COVID19","datePublished":"2023-08-01T16:12:30+00:00","dateModified":"2023-08-01T16:12:33+00:00","mainEntityOfPage":{"@id":"https:\/\/quehacerpolitico.mx\/?p=103403"},"wordCount":658,"commentCount":0,"image":{"@id":"https:\/\/quehacerpolitico.mx\/?p=103403#primaryimage"},"thumbnailUrl":"https:\/\/quehacerpolitico.mx\/wp-content\/uploads\/2023\/08\/IMG_9472.jpeg","articleSection":["Noticias"],"inLanguage":"es","potentialAction":[{"@type":"CommentAction","name":"Comment","target":["https:\/\/quehacerpolitico.mx\/?p=103403#respond"]}]},{"@type":"WebPage","@id":"https:\/\/quehacerpolitico.mx\/?p=103403","url":"https:\/\/quehacerpolitico.mx\/?p=103403","name":"El subsecretario de Salud, Hugo L\u00f3pez-Gatell afirma que no hay situaci\u00f3n de alerta por #COVID19 -","isPartOf":{"@id":"https:\/\/quehacerpolitico.mx\/#website"},"primaryImageOfPage":{"@id":"https:\/\/quehacerpolitico.mx\/?p=103403#primaryimage"},"image":{"@id":"https:\/\/quehacerpolitico.mx\/?p=103403#primaryimage"},"thumbnailUrl":"https:\/\/quehacerpolitico.mx\/wp-content\/uploads\/2023\/08\/IMG_9472.jpeg","datePublished":"2023-08-01T16:12:30+00:00","dateModified":"2023-08-01T16:12:33+00:00","author":{"@id":"https:\/\/quehacerpolitico.mx\/#\/schema\/person\/496d8ad2d1d3f8036101dca7ee39e585"},"breadcrumb":{"@id":"https:\/\/quehacerpolitico.mx\/?p=103403#breadcrumb"},"inLanguage":"es","potentialAction":[{"@type":"ReadAction","target":["https:\/\/quehacerpolitico.mx\/?p=103403"]}]},{"@type":"ImageObject","inLanguage":"es","@id":"https:\/\/quehacerpolitico.mx\/?p=103403#primaryimage","url":"https:\/\/quehacerpolitico.mx\/wp-content\/uploads\/2023\/08\/IMG_9472.jpeg","contentUrl":"https:\/\/quehacerpolitico.mx\/wp-content\/uploads\/2023\/08\/IMG_9472.jpeg","width":1284,"height":696},{"@type":"BreadcrumbList","@id":"https:\/\/quehacerpolitico.mx\/?p=103403#breadcrumb","itemListElement":[{"@type":"ListItem","position":1,"name":"Inicio","item":"https:\/\/quehacerpolitico.mx\/"},{"@type":"ListItem","position":2,"name":"El subsecretario de Salud, Hugo L\u00f3pez-Gatell afirma que no hay situaci\u00f3n de alerta por #COVID19"}]},{"@type":"WebSite","@id":"https:\/\/quehacerpolitico.mx\/#website","url":"https:\/\/quehacerpolitico.mx\/","name":"","description":"","potentialAction":[{"@type":"SearchAction","target":{"@type":"EntryPoint","urlTemplate":"https:\/\/quehacerpolitico.mx\/?s={search_term_string}"},"query-input":{"@type":"PropertyValueSpecification","valueRequired":true,"valueName":"search_term_string"}}],"inLanguage":"es"},{"@type":"Person","@id":"https:\/\/quehacerpolitico.mx\/#\/schema\/person\/496d8ad2d1d3f8036101dca7ee39e585","name":"Redacci\u00f3n QP","image":{"@type":"ImageObject","inLanguage":"es","@id":"https:\/\/secure.gravatar.com\/avatar\/c7164ed6fdec453195284ad24a5ae5b6e1eed2b848477fa2a4787ba9adf39a41?s=96&d=mm&r=g","url":"https:\/\/secure.gravatar.com\/avatar\/c7164ed6fdec453195284ad24a5ae5b6e1eed2b848477fa2a4787ba9adf39a41?s=96&d=mm&r=g","contentUrl":"https:\/\/secure.gravatar.com\/avatar\/c7164ed6fdec453195284ad24a5ae5b6e1eed2b848477fa2a4787ba9adf39a41?s=96&d=mm&r=g","caption":"Redacci\u00f3n QP"},"url":"https:\/\/quehacerpolitico.mx\/?author=2"}]}},"featured_image_urls":{"full":["https:\/\/quehacerpolitico.mx\/wp-content\/uploads\/2023\/08\/IMG_9472.jpeg",1284,696,false],"thumbnail":["https:\/\/quehacerpolitico.mx\/wp-content\/uploads\/2023\/08\/IMG_9472-150x150.jpeg",150,150,true],"medium":["https:\/\/quehacerpolitico.mx\/wp-content\/uploads\/2023\/08\/IMG_9472-300x163.jpeg",300,163,true],"medium_large":["https:\/\/quehacerpolitico.mx\/wp-content\/uploads\/2023\/08\/IMG_9472-768x416.jpeg",640,347,true],"large":["https:\/\/quehacerpolitico.mx\/wp-content\/uploads\/2023\/08\/IMG_9472-1024x555.jpeg",640,347,true],"1536x1536":["https:\/\/quehacerpolitico.mx\/wp-content\/uploads\/2023\/08\/IMG_9472.jpeg",1284,696,false],"2048x2048":["https:\/\/quehacerpolitico.mx\/wp-content\/uploads\/2023\/08\/IMG_9472.jpeg",1284,696,false],"covernews-featured":["https:\/\/quehacerpolitico.mx\/wp-content\/uploads\/2023\/08\/IMG_9472.jpeg",1024,555,false],"covernews-medium":["https:\/\/quehacerpolitico.mx\/wp-content\/uploads\/2023\/08\/IMG_9472.jpeg",540,293,false]},"author_info":{"display_name":"Redacci\u00f3n QP","author_link":"https:\/\/quehacerpolitico.mx\/?author=2"},"category_info":"<a href=\"https:\/\/quehacerpolitico.mx\/?cat=2\" rel=\"category\">Noticias<\/a>","tag_info":"Noticias","comment_count":"0","_links":{"self":[{"href":"https:\/\/quehacerpolitico.mx\/index.php?rest_route=\/wp\/v2\/posts\/103403","targetHints":{"allow":["GET"]}}],"collection":[{"href":"https:\/\/quehacerpolitico.mx\/index.php?rest_route=\/wp\/v2\/posts"}],"about":[{"href":"https:\/\/quehacerpolitico.mx\/index.php?rest_route=\/wp\/v2\/types\/post"}],"author":[{"embeddable":true,"href":"https:\/\/quehacerpolitico.mx\/index.php?rest_route=\/wp\/v2\/users\/2"}],"replies":[{"embeddable":true,"href":"https:\/\/quehacerpolitico.mx\/index.php?rest_route=%2Fwp%2Fv2%2Fcomments&post=103403"}],"version-history":[{"count":1,"href":"https:\/\/quehacerpolitico.mx\/index.php?rest_route=\/wp\/v2\/posts\/103403\/revisions"}],"predecessor-version":[{"id":103405,"href":"https:\/\/quehacerpolitico.mx\/index.php?rest_route=\/wp\/v2\/posts\/103403\/revisions\/103405"}],"wp:featuredmedia":[{"embeddable":true,"href":"https:\/\/quehacerpolitico.mx\/index.php?rest_route=\/wp\/v2\/media\/103404"}],"wp:attachment":[{"href":"https:\/\/quehacerpolitico.mx\/index.php?rest_route=%2Fwp%2Fv2%2Fmedia&parent=103403"}],"wp:term":[{"taxonomy":"category","embeddable":true,"href":"https:\/\/quehacerpolitico.mx\/index.php?rest_route=%2Fwp%2Fv2%2Fcategories&post=103403"},{"taxonomy":"post_tag","embeddable":true,"href":"https:\/\/quehacerpolitico.mx\/index.php?rest_route=%2Fwp%2Fv2%2Ftags&post=103403"}],"curies":[{"name":"wp","href":"https:\/\/api.w.org\/{rel}","templated":true}]}}